{"id":129,"date":"2017-10-05T23:38:33","date_gmt":"2017-10-05T21:38:33","guid":{"rendered":"http:\/\/recherche-action.fr\/emancipation-transformation\/?p=129"},"modified":"2017-10-05T23:38:33","modified_gmt":"2017-10-05T21:38:33","slug":"systeme-bulle-pour-une-pratique-architecturale-citoyenne-et-engagee","status":"publish","type":"post","link":"http:\/\/recherche-action.fr\/emancipation-transformation\/2017\/10\/05\/systeme-bulle-pour-une-pratique-architecturale-citoyenne-et-engagee\/","title":{"rendered":"Systeme Bulle, pour une pratique architecturale citoyenne et engag\u00e9e"},"content":{"rendered":"<p>Entre recherche et action, entre pratique active et d\u00e9marche collective, le projet Syst\u00e8me Bulle s\u2019appuie sur les potentiels des espaces publics confront\u00e9s aux situations d\u2019urgence.<\/p>\n<p>Son exp\u00e9rimentation consiste \u00e0 cr\u00e9er une structure gonflable auto-construite, \u00e9rig\u00e9e \u00e0 l\u2019\u00e9chelle 1\u00a0:1, et invite \u00e0 se saisir des enjeux politiques et urbains contemporains. La souplesse de la bulle gonflable r\u00e9pond alors \u00e0 l\u2019inertie des administrations \u00e9tatiques.<\/p>\n<p>Il s\u2019agit d\u2019un projet manifeste qui sensibilise au r\u00f4le politique que doit tenir l\u2019architecte tout en redonnant une possibilit\u00e9 d\u2019action aux citoyens. Sa d\u00e9marche s\u2019inscrit ainsi dans une dynamique de transmission, au moyen d\u2019un guide op\u00e9ratoire en libre acc\u00e8s, permettant \u00e0 tout un chacun de se saisir de ce protocole, afin de le r\u00e9pliquer, de le dupliquer.<\/p>\n<ol>\n<li>CONSTRUIRE \u00e0 l\u2019\u00e9chelle 1:1, pour cr\u00e9er un objet architectural qui permette un rapport direct \u00e0 la mati\u00e8re et \u00e0 la ville.<\/li>\n<li>AGIR l\u00e0 o\u00f9 l\u2019\u00c9tat Social manque \u00e0 ses devoirs. La conception du projet par l\u2019action est un excellent testeur de situations et un analyste des usages urbains hors-pair.<\/li>\n<li>OCCUPER l\u2019espace public, tester des potentiels et des usages, faire se rencontrer des populations voisines, afin de d\u00e9clencher une pratique concr\u00e8te du territoire de la ville.<\/li>\n<li>CONFRONTER ses id\u00e9es, les mettre \u00e0 l\u2019\u00e9preuve de la ville et des habitants. Augmenter l\u2019espace public, inviter, recevoir, \u00e9couter.<\/li>\n<li>D\u00c9TOURNER le mode op\u00e9ratoire classique et conventionnel du projet et le transposer dans des logiques d\u2019action directe et dans des temporalit\u00e9s de l\u2019urgence.<\/li>\n<li>TRANSGRESSER les normes, les r\u00e8gle, les lois, si elles vont \u00e0 l\u2019encontre de la n\u00e9cessit\u00e9 de faire.<\/li>\n<li>TRANSCENDER la lourdeur et la lenteur des institutions, des d\u00e9cideurs et des autorit\u00e9s.<\/li>\n<li>PROPOSER des alternatives aux r\u00e9ponses \u00e9conomiques et industrielles venant du haut.<\/li>\n<li>D\u00c9VELOPPER une d\u00e9marche incr\u00e9mentale effective, reproductible et appropriable, en mettant en puissance les ressources d\u2019un territoire, dans une logique de \u00ab bottom-up \u00bb<\/li>\n<li>TRANSMETTRE et communiquer, partager nos savoir-faire et nos comp\u00e9tences, d\u00e9cloisonner notre milieu professionnel en se rapprochant d\u2019une pratique citoyenne plut\u00f4t que technicienne.<\/li>\n<\/ol>\n<p>&nbsp;<\/p>\n<p>Contact\u00a0: Simon Cobigo &lt;cobigo.simon@gmail.com&gt;<\/p>\n","protected":false},"excerpt":{"rendered":"<p>Entre recherche et action, entre pratique active et d\u00e9marche collective, le projet Syst\u00e8me Bulle s\u2019appuie sur les potentiels des espaces publics confront\u00e9s aux situations d\u2019urgence. Son exp\u00e9rimentation consiste \u00e0 cr\u00e9er une structure gonflable auto-construite, \u00e9rig\u00e9e \u00e0 l\u2019\u00e9chelle 1\u00a0:1, et invite \u00e0 se saisir des enjeux politiques et urbains contemporains. La souplesse de la bulle gonflable [&hellip;]<\/p>\n","protected":false},"author":1,"featured_media":130,"comment_status":"open","ping_status":"open","sticky":false,"template":"","format":"standard","meta":{"jetpack_post_was_ever_published":false,"footnotes":""},"categories":[5],"tags":[],"class_list":["post-129","post","type-post","status-publish","format-standard","has-post-thumbnail","hentry","category-un-autre-rapport-a-lespace-qui-emancipe","debut-has-thumb"],"jetpack_featured_media_url":"http:\/\/recherche-action.fr\/emancipation-transformation\/wp-content\/uploads\/sites\/16\/2017\/10\/bulle.jpg","jetpack_sharing_enabled":true,"jetpack_shortlink":"https:\/\/wp.me\/p99TIZ-25","post_mailing_queue_ids":[],"_links":{"self":[{"href":"http:\/\/recherche-action.fr\/emancipation-transformation\/wp-json\/wp\/v2\/posts\/129","targetHints":{"allow":["GET"]}}],"collection":[{"href":"http:\/\/recherche-action.fr\/emancipation-transformation\/wp-json\/wp\/v2\/posts"}],"about":[{"href":"http:\/\/recherche-action.fr\/emancipation-transformation\/wp-json\/wp\/v2\/types\/post"}],"author":[{"embeddable":true,"href":"http:\/\/recherche-action.fr\/emancipation-transformation\/wp-json\/wp\/v2\/users\/1"}],"replies":[{"embeddable":true,"href":"http:\/\/recherche-action.fr\/emancipation-transformation\/wp-json\/wp\/v2\/comments?post=129"}],"version-history":[{"count":1,"href":"http:\/\/recherche-action.fr\/emancipation-transformation\/wp-json\/wp\/v2\/posts\/129\/revisions"}],"predecessor-version":[{"id":131,"href":"http:\/\/recherche-action.fr\/emancipation-transformation\/wp-json\/wp\/v2\/posts\/129\/revisions\/131"}],"wp:featuredmedia":[{"embeddable":true,"href":"http:\/\/recherche-action.fr\/emancipation-transformation\/wp-json\/wp\/v2\/media\/130"}],"wp:attachment":[{"href":"http:\/\/recherche-action.fr\/emancipation-transformation\/wp-json\/wp\/v2\/media?parent=129"}],"wp:term":[{"taxonomy":"category","embeddable":true,"href":"http:\/\/recherche-action.fr\/emancipation-transformation\/wp-json\/wp\/v2\/categories?post=129"},{"taxonomy":"post_tag","embeddable":true,"href":"http:\/\/recherche-action.fr\/emancipation-transformation\/wp-json\/wp\/v2\/tags?post=129"}],"curies":[{"name":"wp","href":"https:\/\/api.w.org\/{rel}","templated":true}]}}