{"id":2336,"date":"2013-06-29T22:46:59","date_gmt":"2013-06-29T21:46:59","guid":{"rendered":"http:\/\/recherche-action.fr\/intermedes\/?p=2336"},"modified":"2013-06-29T22:46:59","modified_gmt":"2013-06-29T21:46:59","slug":"tout-observer-et-ne-rien-voir","status":"publish","type":"post","link":"http:\/\/recherche-action.fr\/intermedes\/2013\/06\/29\/tout-observer-et-ne-rien-voir\/","title":{"rendered":"Tout observer et ne rien voir"},"content":{"rendered":"<p>&nbsp;<\/p>\n<p><a href=\"http:\/\/recherche-action.fr\/intermedes\/files\/2013\/06\/DSCN1365.jpg\"><img fetchpriority=\"high\" decoding=\"async\" class=\"alignnone size-full wp-image-2309\" alt=\"DSCN1365\" src=\"http:\/\/recherche-action.fr\/intermedes\/files\/2013\/06\/DSCN1365.jpg\" width=\"448\" height=\"336\" \/><\/a><\/p>\n<p><strong>Le r\u00eave panoptique d&rsquo;un J Bentham semble aujourd&rsquo;hui bien install\u00e9.<\/strong> Dans une soci\u00e9t\u00e9 de plus en marqu\u00e9e par l&rsquo;isolement et le\u00a0risque\u00a0de l&rsquo;autoenfermement, partout s&rsquo;est impos\u00e9e une curieuse transparence: la transparence d&rsquo;un seul c\u00f4t\u00e9.<\/p>\n<p>Son mod\u00e8le est bien connu, c&rsquo;ets celui du miroir sans teint. Etre vu d&rsquo;un \u00a0seul c\u00f4t\u00e9 et ne jamais voir qui nous observe. Tel est le pouvoir de la soci\u00e9t\u00e9 de contr\u00f4le telle que l&rsquo;avait th\u00e9oris\u00e9e Foucault.<\/p>\n<p><strong>Nous vivons donc cette premi\u00e8re violence, celle d&rsquo;\u00eatre \u00ab\u00a0transparents\u00a0\u00bb pour tous ceux qui contr\u00f4lent, codifient , limitent et monopolisent le pouvoir d&rsquo;agir ou d&rsquo;entreprendre.<\/strong><\/p>\n<p><span style=\"color: #3366ff\">Nous voyons bien ce que cela donne; autour de nous, ce sont\u00a0toujours\u00a0les plus pr\u00e9caires qui doivent tout d\u00e9clarer, tout dire et tout montrer,<\/span> depuis leurs papiers jusqu&rsquo;\u00e0 leurs \u00ab\u00a0projets de vie\u00a0\u00bb. En demande t on autant aux puissants?<\/p>\n<p>La transparence est violence comme le contr\u00f4le , mais elle n&rsquo;es pas la seule.<em><strong> \u00a0Car le pire peut \u00eatre est la v\u00e9rit\u00e9 suivante: celui qui observe tout ne voit, rien, celui qui contr\u00f4le ne peut rien cr\u00e9er.<\/strong><\/em><\/p>\n<p><span style=\"color: #3366ff\">Et c&rsquo;est ainsi que ceux qui sont sans arr\u00eat observ\u00e9s sont \u00e9galement ceux qui ne sont jamais vus pour eux m\u00eames, encore moins entendus<\/span> . A force d&rsquo;\u00eatre transparents , d&rsquo;\u00eatre per\u00e7us comme des vides, rien de nous n&rsquo;est retenu . Nous en\u00a0avons\u00a0tous rencontr\u00e9 des cam\u00e9ras aveugles de m\u00e9dias et journalistes qui ne pouvaient filmer non pas ce qui se passe, non pas ce qui arrive, mais ce qu&rsquo;il \u00e9tait pr\u00e9vu de voir, avant m\u00eame d&rsquo;arriver.<\/p>\n<p>A force de tout observer, on en finit par ne plus percevoir que ce que l&rsquo;on avait d\u00e9cid\u00e9, la vision du monde qu&rsquo;on avait d\u00e9j\u00e0 et dans laquelle on est enferm\u00e9s.<\/p>\n<p>Ce qui est inqui\u00e9tant \u00a0c&rsquo;est le renforcement de ce processus. Ainsi les images, les\u00a0surveillances\u00a0viennent elles conforter et valider la vision d&rsquo;une soci\u00e9t\u00e9 sans socialit\u00e9, dans lesquelles on s&rsquo;enfonce.<\/p>\n<p>A force de vouloir tout voir, tout savoir, il n&rsquo;y a plus rien \u00e0 voir et le risque est tout simplement, au bout du compte, de devenir aveugles.<\/p>\n<p>Pour pr\u00e9venir un tel \u00a0risque, en P\u00e9dagogie Sociale, on se met rarement en position d&rsquo;observateur et encore moins de contr\u00f4le. <span style=\"color: #ff0000\"><strong>Plut\u00f4t que de vouloir voir et tout savoir, on veut conna\u00eetre, plut\u00f4t que d&rsquo;\u00e9couter , on veut entendre , plut\u00f4t que de v\u00e9rifier , on veut \u00eatre surpris.<\/strong><\/span><\/p>\n<p>&nbsp;<\/p>\n<p><strong><span style=\"color: #3366ff\">Samedi et DIMANCHE : Week end ADOS, week end abeilles<\/span><\/strong><\/p>\n<p><strong><span style=\"color: #ff0000\">Samedi\u00a0<\/span><\/strong><\/p>\n<div lang=\"x-unicode\"><\/div>\n<div lang=\"x-unicode\"><span style=\"color: #ff0000\"><a href=\"http:\/\/recherche-action.fr\/intermedes\/files\/2013\/06\/Andreabeille.jpg\"><img decoding=\"async\" class=\"alignnone size-large wp-image-2341\" alt=\"Andreabeille\" src=\"http:\/\/recherche-action.fr\/intermedes\/files\/2013\/06\/Andreabeille-1024x768.jpg\" width=\"584\" height=\"438\" \/><\/a><\/span><\/div>\n<div lang=\"x-unicode\">Le matin, les ados se concertent pour \u00e9tablir le menu du repas de quartier qu&rsquo;on pr\u00e9parera le lendemain midi. On ach\u00e8te les ingr\u00e9dients n\u00e9cessaires, puis on va pique-niquer au terrain des abeilles. Les ruches y sont tr\u00e8s actives &#8211; on ajoute une hausse \u00e0 chacune &#8211; et on fait une belle r\u00e9colte de fruits rouges (cassis, groseilles, framboises), pendant que Sisyphe (la d\u00e9brousailleuse) d\u00e9gage le chemin.<br \/>\nSur le retour, on s&rsquo;arr\u00eate au terrain de l&rsquo;\u00e9querre pour r\u00e9colter des salades, cueillir des cerises et r\u00e9cup\u00e9rer quelques planches pour l&rsquo;atelier du lendemain.<\/div>\n<div lang=\"x-unicode\"><\/div>\n<div lang=\"x-unicode\"><strong><span style=\"color: #ff0000\">Dimanche :<\/span> <\/strong><\/div>\n<div lang=\"x-unicode\">On d\u00e9ploie la cuisine de rue \u00e0 la VSM. Au menu : salade du jardin au gomasio maison, spaghetti \u00e0 la bolognaise et crumble de pommes et fruits rouges. Avec en boisson, le sirop de sureau que nous avions pr\u00e9par\u00e9 la fois d&rsquo;avant.<\/div>\n<div lang=\"x-unicode\"><a href=\"http:\/\/recherche-action.fr\/intermedes\/files\/2013\/06\/Cuisinad.jpg\"><img decoding=\"async\" class=\"alignnone size-large wp-image-2342\" alt=\"Cuisinad\" src=\"http:\/\/recherche-action.fr\/intermedes\/files\/2013\/06\/Cuisinad-1024x768.jpg\" width=\"584\" height=\"438\" \/><\/a><\/div>\n<div lang=\"x-unicode\"><\/div>\n<div lang=\"x-unicode\">Tout le groupe s&rsquo;active pour cuisiner, installer les tables, afficher les menus, et servir plus de 40 couverts. Comme dit Allan, \u00ab\u00a0c&rsquo;est encore mieux qu&rsquo;au restaurant\u00a0\u00bb.<br \/>\nL&rsquo;apr\u00e8s-midi, on fabrique et installe deux nouveaux bacs \u00e0 plantations, dans lesquels on met de la menthe, de basilic, des fraisiers, des oeillets&#8230;<\/div>\n<div lang=\"x-unicode\"><\/div>\n<div lang=\"x-unicode\"><span style=\"color: #ff0000\"><strong>Dimanche\u00a0<\/strong><\/span>:<\/div>\n<div lang=\"x-unicode\">\n<p><span style=\"text-decoration: underline\">Jardin<\/span>\u00a0:<\/p>\n<p>Nous sommes nombreux \u00e0 partir au jardin en cette tr\u00e8s belle journ\u00e9e ensoleill\u00e9. Nous remplissons le camion et un autre v\u00e9hicule nous suit, tendit que Laurence et\u00a0 sa fille Ana\u00efs nous rejoignent en v\u00e9lo.<\/p>\n<p>Arriv\u00e9 au jardin, nous nous r\u00e9partissons tr\u00e8s rapidement en petits groupes. Des personnes pour le barbecue, d\u2019autres pour la cuisine.<\/p>\n<p>Au niveau du jardinage, un groupe s\u2019occupe d\u2019\u00e9claircir les carottes.<\/p>\n<p><a href=\"http:\/\/recherche-action.fr\/intermedes\/files\/2013\/06\/SAM_0951.jpg\"><img loading=\"lazy\" decoding=\"async\" class=\"alignnone size-thumbnail wp-image-2351\" alt=\"SAMSUNG CAMERA PICTURES\" src=\"http:\/\/recherche-action.fr\/intermedes\/files\/2013\/06\/SAM_0951-150x150.jpg\" width=\"150\" height=\"150\" \/><\/a>\u00a0 \u00a0 \u00a0 \u00a0 \u00a0 \u00a0 \u00a0 \u00a0 \u00a0 \u00a0 \u00a0 \u00a0 \u00a0 \u00a0 \u00a0 \u00a0 \u00a0 \u00a0 \u00a0 \u00a0 \u00a0 \u00a0 \u00a0 \u00a0 \u00a0 \u00a0<a href=\"http:\/\/recherche-action.fr\/intermedes\/files\/2013\/06\/SAM_0946.jpg\"><img loading=\"lazy\" decoding=\"async\" class=\"alignnone size-thumbnail wp-image-2350\" alt=\"SAMSUNG CAMERA PICTURES\" src=\"http:\/\/recherche-action.fr\/intermedes\/files\/2013\/06\/SAM_0946-150x150.jpg\" width=\"150\" height=\"150\" \/><\/a><\/p>\n<p>Un autre groupe compos\u00e9 uniquement d\u2019enfants a arros\u00e9 tout le terrain avec un adulte pour tirer l\u2019eau.<\/p>\n<p><a href=\"http:\/\/recherche-action.fr\/intermedes\/files\/2013\/06\/SAM_0940.jpg\"><img loading=\"lazy\" decoding=\"async\" class=\"alignleft size-thumbnail wp-image-2349\" alt=\"SAMSUNG CAMERA PICTURES\" src=\"http:\/\/recherche-action.fr\/intermedes\/files\/2013\/06\/SAM_0940-150x150.jpg\" width=\"150\" height=\"150\" \/><\/a><\/p>\n<p>&nbsp;<\/p>\n<p>Puis un dernier groupe pour d\u00e9sherber dans la serre. D\u2019autres personnes sont arrivent au jardin en fin de matin\u00e9e pour nous aider.<\/p>\n<p>&nbsp;<\/p>\n<p>&nbsp;<\/p>\n<p>Ce fut un travail bien efficace en cette matin\u00e9e, avant de faire une pause d\u00e9jeun\u00e9 bien m\u00e9rit\u00e9. Et quel d\u00e9jeun\u00e9\u00a0! Un v\u00e9ritable \u00ab\u00a0buffet de roi\u00a0\u00bb! Un papa a rachet\u00e9 des baguettes de pains, un autre des merguez pour ajouter \u00e0 celles que nous avions d\u00e9j\u00e0.<\/p>\n<p><a href=\"http:\/\/recherche-action.fr\/intermedes\/files\/2013\/06\/SAM_1002.jpg\"><img loading=\"lazy\" decoding=\"async\" class=\"aligncenter size-medium wp-image-2352\" alt=\"SAMSUNG CAMERA PICTURES\" src=\"http:\/\/recherche-action.fr\/intermedes\/files\/2013\/06\/SAM_1002-300x224.jpg\" width=\"300\" height=\"224\" \/><\/a><\/p>\n<p>Les mamans ont pr\u00e9par\u00e9s du riz au curry avec du poulet, de la salade aux fromages et de la salade avec des pattes. Il y avait aussi une pizza \u00e0 la dinde et aux niveaux des boissons il y avait de tout. Nous \u00e9tions bien nombreux autour de cette table, nous nous sommes retrouv\u00e9s en manque de chaises, mais de gros troncs d\u2019arbres on tr\u00e8s bien fait l\u2019affaire. Les moustiques nous ont bien emb\u00eat\u00e9s mais cela n\u2019a pas emp\u00eache un repas bien convivial et anim\u00e9.<\/p>\n<p><a href=\"http:\/\/recherche-action.fr\/intermedes\/files\/2013\/06\/SAM_1037.jpg\"><img loading=\"lazy\" decoding=\"async\" class=\"alignnone size-thumbnail wp-image-2354\" alt=\"SAMSUNG CAMERA PICTURES\" src=\"http:\/\/recherche-action.fr\/intermedes\/files\/2013\/06\/SAM_1037-150x150.jpg\" width=\"150\" height=\"150\" \/><\/a>\u00a0 \u00a0 \u00a0 \u00a0 \u00a0 \u00a0 \u00a0 \u00a0 \u00a0 \u00a0 \u00a0 \u00a0 \u00a0 \u00a0 \u00a0 \u00a0 \u00a0 \u00a0 \u00a0 \u00a0 \u00a0 \u00a0 \u00a0 \u00a0 \u00a0 \u00a0 \u00a0<a href=\"http:\/\/recherche-action.fr\/intermedes\/files\/2013\/06\/SAM_1030.jpg\"><img loading=\"lazy\" decoding=\"async\" class=\"alignnone size-thumbnail wp-image-2353\" alt=\"SAMSUNG CAMERA PICTURES\" src=\"http:\/\/recherche-action.fr\/intermedes\/files\/2013\/06\/SAM_1030-150x150.jpg\" width=\"150\" height=\"150\" \/><\/a><\/p>\n<p>Apr\u00e8s ce d\u00e9licieux repas, nous repartons \u00e0 nos petites affaires. Laurent et H\u00e9l\u00e8ne, accompagn\u00e9s de Jessica, sont venus nous retrouver pour nous aider. Des enfants ont fait des bouquets de marguerites pour leurs mamans, puis une petite excursion c\u2019est organis\u00e9 pour aller cueillir des cerises pr\u00e8s du jardin. Ils ont ramen\u00e9 un panier tout pleins qui s\u2019est vid\u00e9 en un rien de temps, il faut dire quelles \u00e9taient bonnes. Les mamans ont r\u00e9colt\u00e9s beaucoup de rhubarbe, de menthe et de la salade. Chacun est repartis avec un peu de tout. Mais avant de se quitt\u00e9 nous avons termin\u00e9 sur un bon go\u00fbter avec une bonne past\u00e8que bien rafra\u00eechissante.<\/p>\n<p>&nbsp;<\/p>\n<p><span style=\"text-decoration: underline\"><b>Samedi\u00a0:<\/b><\/span><\/p>\n<p><span style=\"text-decoration: underline\">VSM<\/span>\u00a0:<\/p>\n<p>Aujourd\u2019hui c\u2019est sous un grand soleil que nous arrivons au terrain de la Villa St Martin. Pour la derni\u00e8re de Gis\u00e9la ainsi que l\u2019anniversaire de K\u00e9liane, un g\u00e2teau au chocolat \u00e9tait pr\u00e9vu pour le gouter.<\/p>\n<p><a href=\"http:\/\/recherche-action.fr\/intermedes\/files\/2013\/06\/IMG_6355.jpg\"><img loading=\"lazy\" decoding=\"async\" class=\"aligncenter size-medium wp-image-2356\" alt=\"IMG_6355\" src=\"http:\/\/recherche-action.fr\/intermedes\/files\/2013\/06\/IMG_6355-300x224.jpg\" width=\"300\" height=\"224\" \/><\/a><\/p>\n<p>D\u00e9s l\u2019installation faite, un \u00ab\u00a0Loup garou\u00a0\u00bb s\u2019est organis\u00e9\u00a0avec les jeunes et Souad pendant que Johann et Madalin jouait au foot avec d\u2019autres enfants.<\/p>\n<p><a href=\"http:\/\/recherche-action.fr\/intermedes\/files\/2013\/06\/IMG_6383.jpg\"><img loading=\"lazy\" decoding=\"async\" class=\"alignnone size-thumbnail wp-image-2358\" alt=\"IMG_6383\" src=\"http:\/\/recherche-action.fr\/intermedes\/files\/2013\/06\/IMG_6383-150x150.jpg\" width=\"150\" height=\"150\" \/><\/a>\u00a0 \u00a0 \u00a0 \u00a0 \u00a0 \u00a0 \u00a0 \u00a0 \u00a0 \u00a0 \u00a0 \u00a0 \u00a0 \u00a0 \u00a0 \u00a0 \u00a0 \u00a0 \u00a0 \u00a0<a href=\"http:\/\/recherche-action.fr\/intermedes\/files\/2013\/06\/IMG_6321.jpg\"><img loading=\"lazy\" decoding=\"async\" class=\"alignnone size-thumbnail wp-image-2355\" alt=\"IMG_6321\" src=\"http:\/\/recherche-action.fr\/intermedes\/files\/2013\/06\/IMG_6321-150x150.jpg\" width=\"150\" height=\"150\" \/><\/a><\/p>\n<p>Maria et Ramona quant \u00e0 elles s\u2019occupaient des tentes petites enfance<\/p>\n<p><a href=\"http:\/\/recherche-action.fr\/intermedes\/files\/2013\/06\/IMG_6380.jpg\"><img loading=\"lazy\" decoding=\"async\" class=\"aligncenter size-medium wp-image-2357\" alt=\"IMG_6380\" src=\"http:\/\/recherche-action.fr\/intermedes\/files\/2013\/06\/IMG_6380-300x224.jpg\" width=\"300\" height=\"224\" \/><\/a><\/p>\n<p>Ce fut \u00a0une belle apr\u00e8s midi malgr\u00e9 l\u2019\u00e9v\u00e9nement organis\u00e9 au square d\u2019Auvergne.<\/p>\n<p><b><span style=\"text-decoration: underline\">VENDREDI<\/span><\/b><\/p>\n<p><span style=\"text-decoration: underline\">Au jardin de Saulx<\/span><\/p>\n<p>Nous nous rendons au terrain de Saulx en pr\u00e9paration du terrain pour la soir\u00e9e.<\/p>\n<p>On d\u00e9broussaille quelques endroits du jardin pour faire place nette, la pelouse ressemble \u00e0 un v\u00e9ritable tapis de billard.<\/p>\n<p><a href=\"http:\/\/recherche-action.fr\/intermedes\/files\/2013\/06\/DSCN1760.jpg\"><img loading=\"lazy\" decoding=\"async\" class=\"aligncenter size-medium wp-image-2361\" alt=\"DSCN1760\" src=\"http:\/\/recherche-action.fr\/intermedes\/files\/2013\/06\/DSCN1760-300x224.jpg\" width=\"300\" height=\"224\" \/><\/a><\/p>\n<p>Une grosse op\u00e9ration d\u00e9sherbage est men\u00e9e sous la serre. En l\u2019espace de quelques jours les mauvaises herbes ont consid\u00e9rablement envahi nos semis de poireaux ainsi que nos plants de tomates, basilic, poivrons et piments. Il faut alors faire preuve de dext\u00e9rit\u00e9 pour mener \u00e0 bien cette mission.<\/p>\n<p><a href=\"http:\/\/recherche-action.fr\/intermedes\/files\/2013\/06\/DSCN18001.jpg\"><img loading=\"lazy\" decoding=\"async\" class=\"aligncenter size-medium wp-image-2362\" alt=\"DSCN1800\" src=\"http:\/\/recherche-action.fr\/intermedes\/files\/2013\/06\/DSCN18001-300x224.jpg\" width=\"300\" height=\"224\" \/><\/a><\/p>\n<p>Nous assistons alors \u00e0 un incroyable embouteillage autour du jardin provoqu\u00e9 probablement par un accident. On se serait cru en p\u00e9riode de pointe sur le p\u00e9riph\u2019 parisien !<\/p>\n<div><span style=\"text-decoration: underline\">Soir\u00e9e conviviale \u00e0 la Salle Bretten :<\/span><\/div>\n<div><\/div>\n<div><strong>Il aura plu par intermittence plusieurs fois dans la journ\u00e9e. Nous avions donc d\u00e9cid\u00e9 de r\u00e9server notre d\u00e9cision de faire la soir\u00e9e au jardin ou pas pour 17h30, afin d&rsquo;avoir une m\u00e9t\u00e9o plus pr\u00e9cise. Nous avons tranch\u00e9 pour la salle car le ciel mena\u00e7ait de nous tomber \u00e0 nouveau sur la t\u00eate.<\/strong> Cette f\u00eate a eu lieu en petit comit\u00e9 car beaucoup de familles \u00e9taient aux f\u00eates des \u00e9coles. Nous avons pris notre temps pour manger les pizzas fa\u00eetes \u00e0 l&rsquo;atelier mais aussi les pastels de Sadio et Aline.<\/div>\n<div><\/div>\n<div><a href=\"http:\/\/recherche-action.fr\/intermedes\/files\/2013\/06\/DSCN1825.jpg\"><img loading=\"lazy\" decoding=\"async\" class=\"aligncenter size-medium wp-image-2400\" alt=\"DSCN1825\" src=\"http:\/\/recherche-action.fr\/intermedes\/files\/2013\/06\/DSCN1825-300x224.jpg\" width=\"300\" height=\"224\" \/><\/a><\/div>\n<div><\/div>\n<div>Aminata, elle a apport\u00e9 des g\u00e2teaux. Les discutions se multiplient autour des tables et nous ne voyons pas l&rsquo;heure pass\u00e9e. Franck, un des habitu\u00e9s du jardin est venu avec son fr\u00e8re Christian.<\/div>\n<div><\/div>\n<div><a href=\"http:\/\/recherche-action.fr\/intermedes\/files\/2013\/06\/DSCN1876.jpg\"><img loading=\"lazy\" decoding=\"async\" class=\"alignleft size-thumbnail wp-image-2402\" alt=\"DSCN1876\" src=\"http:\/\/recherche-action.fr\/intermedes\/files\/2013\/06\/DSCN1876-150x150.jpg\" width=\"150\" height=\"150\" \/><\/a><\/div>\n<div><strong>Myl\u00e8ne, qui n&rsquo;est pas venue depuis un an est revenue avec toute sa petite famille et m\u00eame sa petite derni\u00e8re, Calixa<\/strong>. \u00c7a nous fait tr\u00e8s plaisir et nous esp\u00e9rons pouvoir raccrocher cette famille qui a d\u00e9sert\u00e9 nos ateliers depuis un bon moment.<\/div>\n<div><\/div>\n<div><\/div>\n<div><\/div>\n<div><\/div>\n<div><span style=\"color: #3366ff\"><strong>Il est temps de passer au concert des Wolf Illusion avec Dylan et Luis,<\/strong> <\/span>qui nous font le plaisir \u00a0de nous chanter quelques chansons rock.<\/div>\n<div><\/div>\n<div><a href=\"http:\/\/recherche-action.fr\/intermedes\/files\/2013\/06\/DSCN1869.jpg\"><img loading=\"lazy\" decoding=\"async\" class=\"aligncenter size-medium wp-image-2401\" alt=\"DSCN1869\" src=\"http:\/\/recherche-action.fr\/intermedes\/files\/2013\/06\/DSCN1869-300x224.jpg\" width=\"300\" height=\"224\" \/><\/a><\/div>\n<div><\/div>\n<div><\/div>\n<div>On termine la soir\u00e9e en dansant un peu sur des musiques dans l&rsquo;air du temps en France mais aussi en Roumanie !<\/div>\n<div>Moins nombreux que d&rsquo;habitude, nous avons pass\u00e9 plus de temps autour des tables a discuter. Cela a permis de riches \u00e9changes avec les familles mais un peu au d\u00e9triment de la danse. Nous tacherons de r\u00e9\u00e9quilibrer cela la prochaine fois.<\/div>\n<div><\/div>\n<div><a href=\"http:\/\/recherche-action.fr\/intermedes\/files\/2013\/06\/DSCN1954.jpg\"><img loading=\"lazy\" decoding=\"async\" class=\"alignnone size-thumbnail wp-image-2403\" alt=\"DSCN1954\" src=\"http:\/\/recherche-action.fr\/intermedes\/files\/2013\/06\/DSCN1954-150x150.jpg\" width=\"150\" height=\"150\" \/><\/a>\u00a0 \u00a0 \u00a0 \u00a0 \u00a0 \u00a0 \u00a0 \u00a0 \u00a0 \u00a0 \u00a0 \u00a0 \u00a0 \u00a0 \u00a0 \u00a0 \u00a0 \u00a0\u00a0<a href=\"http:\/\/recherche-action.fr\/intermedes\/files\/2013\/06\/DSCN1804.jpg\"><img loading=\"lazy\" decoding=\"async\" class=\"alignnone size-thumbnail wp-image-2399\" alt=\"DSCN1804\" src=\"http:\/\/recherche-action.fr\/intermedes\/files\/2013\/06\/DSCN1804-150x150.jpg\" width=\"150\" height=\"150\" \/><\/a><\/div>\n<div><\/div>\n<div><\/div>\n<div>Il n&rsquo;a finalement pas plu mais nous ne devons pas regretter d&rsquo;avoir fait cette f\u00eate dans la salle, car nous avons gagn\u00e9 des moments privil\u00e9gi\u00e9s avec notre public.<\/div>\n<div><\/div>\n<div>\n<div><span style=\"text-decoration: underline\">A la Rocade :<\/span><\/div>\n<div><\/div>\n<div>D\u00e8s 14h30, pendant la permanence, <span style=\"color: #3366ff\"><strong>avant que l&rsquo;atelier ne commence vraiment, Ramona propose aux coll\u00e9giennes de pr\u00e9parer des pizzas pour la soir\u00e9e conviviale. C&rsquo;est d\u00e9j\u00e0 les vacances pour elles, et elles sont ravies de mettre la main \u00e0 la p\u00e2te.<\/strong><\/span><\/div>\n<div><a href=\"http:\/\/recherche-action.fr\/intermedes\/files\/2013\/06\/IMG-20130628-00427.jpg\"><img loading=\"lazy\" decoding=\"async\" class=\"aligncenter size-medium wp-image-2364\" alt=\"IMG-20130628-00427\" src=\"http:\/\/recherche-action.fr\/intermedes\/files\/2013\/06\/IMG-20130628-00427-300x224.jpg\" width=\"300\" height=\"224\" \/><\/a><\/div>\n<div><\/div>\n<div>Elles \u00e9talent d&rsquo;abord un peu de coulis de tomates sur la p\u00e2te \u00e0 pain, achet\u00e9e \u00e0 la boulangerie; avant de disposer fromage r\u00e2p\u00e9, mozzarella, jambon de dinde et olives noires. Quelques mamans gravitent aussi autour des tentes, pendant que les enfants s&rsquo;activent \u00e0 l&rsquo;int\u00e9rieur et que le ciel menace.<\/div>\n<div><\/div>\n<div><a href=\"http:\/\/recherche-action.fr\/intermedes\/files\/2013\/06\/IMG_6311.jpg\"><img loading=\"lazy\" decoding=\"async\" class=\"alignnone size-thumbnail wp-image-2365\" alt=\"IMG_6311\" src=\"http:\/\/recherche-action.fr\/intermedes\/files\/2013\/06\/IMG_6311-150x150.jpg\" width=\"150\" height=\"150\" \/><\/a>\u00a0 \u00a0 \u00a0 \u00a0 \u00a0 \u00a0 \u00a0 \u00a0 \u00a0 \u00a0 \u00a0 \u00a0 \u00a0 \u00a0 \u00a0 \u00a0 \u00a0 \u00a0 \u00a0 \u00a0 \u00a0 \u00a0 \u00a0 \u00a0 \u00a0 \u00a0\u00a0<a href=\"http:\/\/recherche-action.fr\/intermedes\/files\/2013\/06\/IMG-20130628-00424.jpg\"><img loading=\"lazy\" decoding=\"async\" class=\"alignnone size-thumbnail wp-image-2363\" alt=\"IMG-20130628-00424\" src=\"http:\/\/recherche-action.fr\/intermedes\/files\/2013\/06\/IMG-20130628-00424-150x150.jpg\" width=\"150\" height=\"150\" \/><\/a><\/div>\n<div><\/div>\n<div><\/div>\n<div>La fin de l&rsquo;atelier est un peu agit\u00e9. Des gamines se cr\u00eapent le chignon. \u00c7a commence gentillement : \u00ab\u00a0Machine est amoureuse de bidule !\u00a0\u00bb,\u00a0\u00ab\u00a0Machine est amoureuse de bidule !\u00a0\u00bb Et puis Machine en a assez et \u00e7a s&rsquo;envenime.<\/div>\n<div><\/div>\n<div><a href=\"http:\/\/recherche-action.fr\/intermedes\/files\/2013\/06\/IMG_6316.jpg\"><img loading=\"lazy\" decoding=\"async\" class=\"aligncenter size-medium wp-image-2366\" alt=\"IMG_6316\" src=\"http:\/\/recherche-action.fr\/intermedes\/files\/2013\/06\/IMG_6316-300x224.jpg\" width=\"300\" height=\"224\" \/><\/a><\/div>\n<div><\/div>\n<div>On sera oblig\u00e9 de reprendre la notion de respect entre les unes et les autres car les insultes fusent et m\u00eame s&rsquo;il n&rsquo;y a pas beaucoup de r\u00e8gles chez les Robinsons, nous ne pouvons accept\u00e9 \u00e7a.<\/div>\n<div><\/div>\n<div>\n<p><b><span style=\"text-decoration: underline\">JEUDI\u00a0:<\/span><\/b><\/p>\n<p><b><span style=\"text-decoration: underline\">Wissous\u00a0:<\/span><\/b><\/p>\n<p>Les nuages s\u2019\u00e9cartent lorsque nous arrivons sur le camp et les tentes que nous avion pr\u00e9vues d\u2019installer, resteront dans le camion\u00a0!<\/p>\n<p>Sur le tapis des touts petits, \u00e7a gambade\u00a0! En plus avec des papas\u00a0: Cosmin et Christian\u00a0!<\/p>\n<p><a href=\"http:\/\/recherche-action.fr\/intermedes\/files\/2013\/06\/SAM_0840.jpg\"><img loading=\"lazy\" decoding=\"async\" class=\"alignnone size-thumbnail wp-image-2367\" alt=\"SAMSUNG CAMERA PICTURES\" src=\"http:\/\/recherche-action.fr\/intermedes\/files\/2013\/06\/SAM_0840-150x150.jpg\" width=\"150\" height=\"150\" \/><\/a>\u00a0 \u00a0 \u00a0 \u00a0 \u00a0 \u00a0 \u00a0 \u00a0 \u00a0 \u00a0 \u00a0 \u00a0 \u00a0 \u00a0 \u00a0 \u00a0 \u00a0 \u00a0 \u00a0 \u00a0 \u00a0 \u00a0 \u00a0 \u00a0 \u00a0 \u00a0 \u00a0 \u00a0 \u00a0 \u00a0 \u00a0 \u00a0\u00a0<a href=\"http:\/\/recherche-action.fr\/intermedes\/files\/2013\/06\/SAM_0897.jpg\"><img loading=\"lazy\" decoding=\"async\" class=\"alignnone size-thumbnail wp-image-2370\" alt=\"SAMSUNG CAMERA PICTURES\" src=\"http:\/\/recherche-action.fr\/intermedes\/files\/2013\/06\/SAM_0897-150x150.jpg\" width=\"150\" height=\"150\" \/><\/a><\/p>\n<p>Autour, d\u2019autres messieurs discutent. Bianca passe avec son petit Luis. Ils reviennent de l\u2019h\u00f4pital car le b\u00e9b\u00e9 a une laryngite.<\/p>\n<p>Sur tables, Ramona et Jo\u00eblle proposent d\u00e9coupages et collages pour former des maisons, des voitures, des raquettes.<\/p>\n<p><a href=\"http:\/\/recherche-action.fr\/intermedes\/files\/2013\/06\/SAM_0898.jpg\"><img loading=\"lazy\" decoding=\"async\" class=\"aligncenter size-medium wp-image-2371\" alt=\"SAMSUNG CAMERA PICTURES\" src=\"http:\/\/recherche-action.fr\/intermedes\/files\/2013\/06\/SAM_0898-300x224.jpg\" width=\"300\" height=\"224\" \/><\/a><\/p>\n<p>Les grands confectionnent des papillons sur des papiers de couleurs pour les coller dans leur cahier et sur le panneau de fleurs confectionn\u00e9s la semaine pass\u00e9e. Le petit Ricardo boude le coin de son \u00e2ge et reste avec Aline et les grands. Il fera aussi son papillon et m\u00eame deux petites coccinelles\u00a0!<\/p>\n<p><a href=\"http:\/\/recherche-action.fr\/intermedes\/files\/2013\/06\/SAM_0854.jpg\"><img loading=\"lazy\" decoding=\"async\" class=\"aligncenter size-medium wp-image-2368\" alt=\"SAMSUNG CAMERA PICTURES\" src=\"http:\/\/recherche-action.fr\/intermedes\/files\/2013\/06\/SAM_0854-300x224.jpg\" width=\"300\" height=\"224\" \/><\/a><\/p>\n<p>LA semaine derni\u00e8re, nous avion d\u00e9cid\u00e9 de venir plus t\u00f4t sur le camp pour que l\u2019installation du DAEV ne nous mette pas en retard. <strong><span style=\"color: #3366ff\">C\u2019est une r\u00e9ussite\u00a0! Dor\u00e9navant nous arriverons sur le camp \u00e0 10h pour \u00eatre pr\u00eat \u00e0 10 h30, grand max. Poupic\u00a0!!<\/span><\/strong><\/p>\n<p><a href=\"http:\/\/recherche-action.fr\/intermedes\/files\/2013\/06\/SAM_0910.jpg\"><img loading=\"lazy\" decoding=\"async\" class=\"aligncenter size-medium wp-image-2372\" alt=\"SAMSUNG CAMERA PICTURES\" src=\"http:\/\/recherche-action.fr\/intermedes\/files\/2013\/06\/SAM_0910-300x168.jpg\" width=\"300\" height=\"168\" \/><\/a><\/p>\n<p><span style=\"text-decoration: underline\">Au jardin de Saulx<\/span><\/p>\n<p>Quel plaisir d\u2019enchainer de nouveau les jours de beau temps o\u00f9 le soleil est au rendez-vous. Aujourd\u2019hui apr\u00e8s un tour du terrain, nous commencer \u00e0 travailler.<\/p>\n<p>Nous allons planter des petits plants de tomates dans le jardin que nous avions fait pousser sous la serre.<\/p>\n<p><a href=\"http:\/\/recherche-action.fr\/intermedes\/files\/2013\/06\/IMG_6307.jpg\"><img loading=\"lazy\" decoding=\"async\" class=\"aligncenter size-medium wp-image-2375\" alt=\"IMG_6307\" src=\"http:\/\/recherche-action.fr\/intermedes\/files\/2013\/06\/IMG_6307-300x224.jpg\" width=\"300\" height=\"224\" \/><\/a><\/p>\n<p>On apprend ainsi les bases de la plantation, tout en d\u00e9sherbant au pr\u00e9alable la surface qui sera cultiv\u00e9e.<\/p>\n<p><a href=\"http:\/\/recherche-action.fr\/intermedes\/files\/2013\/06\/IMG_6303.jpg\"><img loading=\"lazy\" decoding=\"async\" class=\"aligncenter size-medium wp-image-2374\" alt=\"IMG_6303\" src=\"http:\/\/recherche-action.fr\/intermedes\/files\/2013\/06\/IMG_6303-300x224.jpg\" width=\"300\" height=\"224\" \/><\/a><\/p>\n<p>Nous nous occupons \u00e9galement des plants de tomates d\u00e9j\u00e0 install\u00e9s au terrain.<\/p>\n<p><a href=\"http:\/\/recherche-action.fr\/intermedes\/files\/2013\/06\/IMG_6301.jpg\"><img loading=\"lazy\" decoding=\"async\" class=\"alignleft size-thumbnail wp-image-2373\" alt=\"IMG_6301\" src=\"http:\/\/recherche-action.fr\/intermedes\/files\/2013\/06\/IMG_6301-150x150.jpg\" width=\"150\" height=\"150\" \/><\/a><\/p>\n<p>&nbsp;<\/p>\n<p>On retire les \u00ab\u00a0gourmands\u00a0\u00bb, des petites pousses qui font consommer de l\u2019\u00e9nergie inutile au pied de tomate, \u00e0 l\u2019aide de s\u00e9cateurs.<\/p>\n<p>&nbsp;<\/p>\n<p>Certains pieds commencent \u00e0 fleurir, cela annonce donc que nous pourrons r\u00e9cuperer bient\u00f4t tomates si le temps joue en notre faveur, que le soleil soit g\u00e9n\u00e9reux\u00a0!!<\/p>\n<p>On arrose aussi quelques plantes, les salades et sous la serre.<\/p>\n<p><a href=\"http:\/\/recherche-action.fr\/intermedes\/files\/2013\/06\/IMG_6310.jpg\"><img loading=\"lazy\" decoding=\"async\" class=\"aligncenter size-medium wp-image-2376\" alt=\"IMG_6310\" src=\"http:\/\/recherche-action.fr\/intermedes\/files\/2013\/06\/IMG_6310-300x224.jpg\" width=\"300\" height=\"224\" \/><\/a><\/p>\n<p>Une belle apr\u00e8s-midi pass\u00e9e au jardin sous le soleil.<\/p>\n<p><span style=\"text-decoration: underline\">La croix breton\u00a0:<\/span><\/p>\n<p>Malgr\u00e9 les moustiques et la chaleur, nous sommes tous aux rendez vous \u00e0 la croix breton cette apr\u00e8s midi . Au programme scoubidou, Uno, et dessin\u00a0! Chlo\u00e9 arrive en millieu d\u2019atelier avec \u00ab\u00a0Gato\u00a0\u00bb son chien, et une surprise pour nous\u00a0: Elle nous a apport\u00e9 des feutres et des crayons de couleurs dont elle n\u2019avait plus besoin\u00a0!<\/p>\n<p><a href=\"http:\/\/recherche-action.fr\/intermedes\/files\/2013\/06\/DSCN1708.jpg\"><img loading=\"lazy\" decoding=\"async\" class=\"alignnone size-thumbnail wp-image-2378\" alt=\"DSCN1708\" src=\"http:\/\/recherche-action.fr\/intermedes\/files\/2013\/06\/DSCN1708-150x150.jpg\" width=\"150\" height=\"150\" \/><\/a>\u00a0 \u00a0 \u00a0 \u00a0 \u00a0 \u00a0 \u00a0 \u00a0 \u00a0 \u00a0 \u00a0 \u00a0 \u00a0 \u00a0 \u00a0 \u00a0 \u00a0 \u00a0 \u00a0 \u00a0 \u00a0 \u00a0 \u00a0<a href=\"http:\/\/recherche-action.fr\/intermedes\/files\/2013\/06\/DSCN1702.jpg\"><img loading=\"lazy\" decoding=\"async\" class=\"alignnone size-thumbnail wp-image-2377\" alt=\"DSCN1702\" src=\"http:\/\/recherche-action.fr\/intermedes\/files\/2013\/06\/DSCN1702-150x150.jpg\" width=\"150\" height=\"150\" \/><\/a><\/p>\n<p>On la remercie chaudement\u00a0! Tandis que les uns jouent au foot, les autes parlent de la f\u00eate de l\u2019\u00e9cole qui aura lieux\u00a0 le lendemain. La maman de Sarah et Imane nous rejoint en fin d\u2019atelier accompagn\u00e9 de Mohamed-Amine et Khadija, et nous donne un coup de main pour ranger.<\/p>\n<\/div>\n<\/div>\n<div>\u00a0<a href=\"http:\/\/recherche-action.fr\/intermedes\/files\/2013\/06\/DSCN1729.jpg\"><img loading=\"lazy\" decoding=\"async\" class=\"aligncenter size-medium wp-image-2379\" alt=\"DSCN1729\" src=\"http:\/\/recherche-action.fr\/intermedes\/files\/2013\/06\/DSCN1729-300x224.jpg\" width=\"300\" height=\"224\" \/><\/a><\/div>\n<div>\n<p><span style=\"text-decoration: underline\">Au skate park\u00a0:<\/span><\/p>\n<p>Le temps nous sourit enfin\u00a0! Il fait beau, et nous sommes beaucoup sur nos traditionnels tapis\u00a0!<\/p>\n<p><a href=\"http:\/\/recherche-action.fr\/intermedes\/files\/2013\/06\/SAM_0923.jpg\"><img loading=\"lazy\" decoding=\"async\" class=\"alignleft size-thumbnail wp-image-2383\" alt=\"SAMSUNG CAMERA PICTURES\" src=\"http:\/\/recherche-action.fr\/intermedes\/files\/2013\/06\/SAM_0923-150x150.jpg\" width=\"150\" height=\"150\" \/><\/a><\/p>\n<p>Aline propose un atelier confection de broches et bagues en feutrine et broderie pour les mamans.<\/p>\n<p>&nbsp;<\/p>\n<p>&nbsp;<\/p>\n<p>&nbsp;<\/p>\n<p>Au m\u00eame moment Ramona est entour\u00e9\u00a0 par les touts petits. Elle leur raconte de jolies petites histoires autour de la dinette et des poup\u00e9es.<\/p>\n<p><a href=\"http:\/\/recherche-action.fr\/intermedes\/files\/2013\/06\/SAM_0920.jpg\"><img loading=\"lazy\" decoding=\"async\" class=\"aligncenter size-medium wp-image-2382\" alt=\"SAMSUNG CAMERA PICTURES\" src=\"http:\/\/recherche-action.fr\/intermedes\/files\/2013\/06\/SAM_0920-300x225.jpg\" width=\"300\" height=\"225\" \/><\/a><\/p>\n<p><span style=\"color: #3366ff\"><strong>Garance, Fati, Chek et Eloise s\u2019amusent \u00e0 lire une histoire le plus vite possible puis chantent des chansons<\/strong><\/span>. D\u2019autres enfants font des coloriages, jouent au \u00ab\u00a0Hali Galy\u00a0\u00bb, au jeu du pirate et des \u00e9p\u00e9es. Le moment de gouter se pr\u00e9sente vite, il faut donc tout ranger et les enfants nous ont beaucoup aid\u00e9s aujourd\u2019hui.<\/p>\n<p><a href=\"http:\/\/recherche-action.fr\/intermedes\/files\/2013\/06\/SAM_0932.jpg\"><img loading=\"lazy\" decoding=\"async\" class=\"aligncenter size-medium wp-image-2384\" alt=\"SAMSUNG CAMERA PICTURES\" src=\"http:\/\/recherche-action.fr\/intermedes\/files\/2013\/06\/SAM_0932-225x300.jpg\" width=\"225\" height=\"300\" \/><\/a><\/p>\n<p>Apr\u00e8s un bon verre de menthe \u00e0 l\u2019eau et un biscuit nous repartons en direction du local ravi du d\u00e9roulement de l\u2019atelier.<\/p>\n<p><b><span style=\"text-decoration: underline\">Mercredi\u00a0:<\/span><\/b><\/p>\n<p><span style=\"text-decoration: underline\">Parc nativelle<\/span>\u00a0:<\/p>\n<p>Aujourd\u2019hui c\u2019est le jour de la ludoth\u00e8que de rue.\u00a0 Au programme\u00a0: Molki, jeu de dames et morpion g\u00e9ant, sans oublier les traditionnels tapis petite enfance, et tapis lecture.<\/p>\n<p><a href=\"http:\/\/recherche-action.fr\/intermedes\/files\/2013\/06\/DSCN1652.jpg\"><img loading=\"lazy\" decoding=\"async\" class=\"aligncenter size-medium wp-image-2386\" alt=\"DSCN1652\" src=\"http:\/\/recherche-action.fr\/intermedes\/files\/2013\/06\/DSCN1652-300x224.jpg\" width=\"300\" height=\"224\" \/><\/a><\/p>\n<p>Une tomate (jeu de ballon) s\u2019est organis\u00e9e avec quelques enfants pendant que Abdel et les enfants apprenaient \u00e0 jouer au jeu de dame.<\/p>\n<p><a href=\"http:\/\/recherche-action.fr\/intermedes\/files\/2013\/06\/DSCN1656.jpg\"><img loading=\"lazy\" decoding=\"async\" class=\"aligncenter size-medium wp-image-2388\" alt=\"DSCN1656\" src=\"http:\/\/recherche-action.fr\/intermedes\/files\/2013\/06\/DSCN1656-300x224.jpg\" width=\"300\" height=\"224\" \/><\/a><\/p>\n<p>Nous avions \u00e9galement la visite de Charlotte, stagiaire \u00e9ducateur sp\u00e9cialis\u00e9 pour observer un peu quelles \u00e9taient nos actions.<\/p>\n<p><a href=\"http:\/\/recherche-action.fr\/intermedes\/files\/2013\/06\/DSCN1654.jpg\"><img loading=\"lazy\" decoding=\"async\" class=\"alignleft size-thumbnail wp-image-2387\" alt=\"DSCN1654\" src=\"http:\/\/recherche-action.fr\/intermedes\/files\/2013\/06\/DSCN1654-150x150.jpg\" width=\"150\" height=\"150\" \/><\/a><\/p>\n<p>&nbsp;<\/p>\n<p>&nbsp;<\/p>\n<p>&nbsp;<\/p>\n<p>&nbsp;<\/p>\n<p>Nous avons conclu cette belle apr\u00e8s midi par un go\u00fbter bien m\u00e9rit\u00e9.<\/p>\n<p><a href=\"http:\/\/recherche-action.fr\/intermedes\/files\/2013\/06\/DSCN1642.jpg\"><img loading=\"lazy\" decoding=\"async\" class=\"aligncenter size-medium wp-image-2385\" alt=\"DSCN1642\" src=\"http:\/\/recherche-action.fr\/intermedes\/files\/2013\/06\/DSCN1642-300x224.jpg\" width=\"300\" height=\"224\" \/><\/a><\/p>\n<p><span style=\"text-decoration: underline\">Jardin de Saulx\u00a0:<\/span><\/p>\n<p>Nous nous rendons avec un bon groupe au terrain de l\u2019\u00e9querre cet apr\u00e8s-midi. Nous accueillons aussi Delphine et sa cam\u00e9ra, nous en profitons pour luire faire un tour du jardin.<\/p>\n<p><a href=\"http:\/\/recherche-action.fr\/intermedes\/files\/2013\/06\/IMG_6236.jpg\"><img loading=\"lazy\" decoding=\"async\" class=\"aligncenter size-medium wp-image-2390\" alt=\"IMG_6236\" src=\"http:\/\/recherche-action.fr\/intermedes\/files\/2013\/06\/IMG_6236-300x224.jpg\" width=\"300\" height=\"224\" \/><\/a><\/p>\n<p>Les diff\u00e9rents l\u00e9gumes sont pr\u00e9sent\u00e9s puis nous passons aux choses s\u00e9rieuses<\/p>\n<p><a href=\"http:\/\/recherche-action.fr\/intermedes\/files\/2013\/06\/IMG_6237.jpg\"><img loading=\"lazy\" decoding=\"async\" class=\"alignleft size-thumbnail wp-image-2391\" alt=\"IMG_6237\" src=\"http:\/\/recherche-action.fr\/intermedes\/files\/2013\/06\/IMG_6237-150x150.jpg\" width=\"150\" height=\"150\" \/><\/a><\/p>\n<p>&nbsp;<\/p>\n<p>Tout d\u2019abord, un peu d\u2019arrosage est n\u00e9cessaire, surtout sous la serre o\u00f9 les plantes poussent tr\u00e8s rapidement en ce moment.<\/p>\n<p>&nbsp;<\/p>\n<p>Nous plantons \u00e9galement quelques jeunes plants de courges qui poussaient tranquillement \u00e0 l\u2019abri sous la serre.<\/p>\n<p>On en profite donc pour d\u00e9sherber au passage entre les pieds de tomates et on leur rajoute des tuteurs. Il faudra probablement bient\u00f4t les accrocher \u00e0 ces derniers.<\/p>\n<p><a href=\"http:\/\/recherche-action.fr\/intermedes\/files\/2013\/06\/IMG_6165.jpg\"><img loading=\"lazy\" decoding=\"async\" class=\"aligncenter size-medium wp-image-2389\" alt=\"IMG_6165\" src=\"http:\/\/recherche-action.fr\/intermedes\/files\/2013\/06\/IMG_6165-300x224.jpg\" width=\"300\" height=\"224\" \/><\/a><\/p>\n<p>Enfin des fraises, framboises et des cerises sont r\u00e9colt\u00e9es et partag\u00e9es durant le go\u00fbter, certains en ont r\u00e9cup\u00e9rer pour en ramener chez eux.<\/p>\n<p><a href=\"http:\/\/recherche-action.fr\/intermedes\/files\/2013\/06\/IMG_6245.jpg\"><img loading=\"lazy\" decoding=\"async\" class=\"aligncenter size-medium wp-image-2392\" alt=\"IMG_6245\" src=\"http:\/\/recherche-action.fr\/intermedes\/files\/2013\/06\/IMG_6245-300x224.jpg\" width=\"300\" height=\"224\" \/><\/a><\/p>\n<p>&nbsp;<\/p>\n<p><span style=\"text-decoration: underline\">A l&rsquo;Usine Galant<\/span><\/p>\n<p>La m\u00eame \u00e9quipe retourne sur le squat\u00a0: Ramona, Maria et Aline. Les enfants sont encore plus nombreux que la premi\u00e8re fois, peut-\u00eatre 50. Nous faisons deux rondes pour d\u00e9couvrir le jeu de la tomate. Les petits sont plut\u00f4t calmes\u2026pour l\u2019instant, mais les grands d\u00e9gomment le ballon.<\/p>\n<p><a href=\"http:\/\/recherche-action.fr\/intermedes\/files\/2013\/06\/SAM_0703.jpg\"><img loading=\"lazy\" decoding=\"async\" class=\"alignnone size-thumbnail wp-image-2394\" alt=\"SAMSUNG CAMERA PICTURES\" src=\"http:\/\/recherche-action.fr\/intermedes\/files\/2013\/06\/SAM_0703-150x150.jpg\" width=\"150\" height=\"150\" \/><\/a>\u00a0 \u00a0 \u00a0 \u00a0 \u00a0 \u00a0 \u00a0 \u00a0 \u00a0 \u00a0 \u00a0 \u00a0 \u00a0 \u00a0 \u00a0 \u00a0 \u00a0 \u00a0 \u00a0 \u00a0 \u00a0 \u00a0 \u00a0 \u00a0 \u00a0 \u00a0 \u00a0<a href=\"http:\/\/recherche-action.fr\/intermedes\/files\/2013\/06\/SAM_0699.jpg\"><img loading=\"lazy\" decoding=\"async\" class=\"alignnone size-thumbnail wp-image-2393\" alt=\"SAMSUNG CAMERA PICTURES\" src=\"http:\/\/recherche-action.fr\/intermedes\/files\/2013\/06\/SAM_0699-150x150.jpg\" width=\"150\" height=\"150\" \/><\/a><\/p>\n<p>Bon c\u2019est pas vraiment le but\u2026. <strong><span style=\"color: #3366ff\">Mais, petit \u00e0 petit, le principe est int\u00e9gr\u00e9 par quelques uns. Apr\u00e8s quoi, nous proposons aux enfants de s\u2019asseoir sur les nattes pour les grands et autour des petites tables pour les petits loulous\u00a0! 3 mamans donnent un coup de main \u00e0 Maria qui montrent aux enfants comment faire de la peinture au doigt.<\/span><\/strong><\/p>\n<p><a href=\"http:\/\/recherche-action.fr\/intermedes\/files\/2013\/06\/SAM_0734.jpg\"><img loading=\"lazy\" decoding=\"async\" class=\"aligncenter size-medium wp-image-2396\" alt=\"SAMSUNG CAMERA PICTURES\" src=\"http:\/\/recherche-action.fr\/intermedes\/files\/2013\/06\/SAM_0734-300x225.jpg\" width=\"300\" height=\"225\" \/><\/a><\/p>\n<p>V\u00eatus de sacs poubelles pour ne pas t\u00e2cher leurs v\u00eatements, ils d\u00e9couvrent la texture et forment de petites feuilles et des fruits sur le mod\u00e8le d\u2019arbres. Heureusement, que les mamans sont l\u00e0 car nous ne sommes pas assez d\u2019adultes, le DAEV, n\u2019ayant que 3 places. Alors c\u2019est un peu la zizanie.<\/p>\n<p><a href=\"http:\/\/recherche-action.fr\/intermedes\/files\/2013\/06\/SAM_0818.jpg\"><img loading=\"lazy\" decoding=\"async\" class=\"aligncenter size-medium wp-image-2397\" alt=\"SAMSUNG CAMERA PICTURES\" src=\"http:\/\/recherche-action.fr\/intermedes\/files\/2013\/06\/SAM_0818-300x225.jpg\" width=\"300\" height=\"225\" \/><\/a><\/p>\n<p><span style=\"color: #3366ff\"><em><strong>Les grands s\u2019essayent \u00e0 faire des fleurs et des ballons en cr\u00e9pon. Tous ont maintenant un dossier pour ranger\u00a0 leurs travaux<\/strong> <\/em><\/span>et ils en sont d\u00e9j\u00e0 tr\u00e8s fiers. Ils auront d\u2019ailleurs beaucoup de mal \u00e0 ranger.<\/p>\n<p>Le go\u00fbter sera lui aussi accueilli avec beaucoup d\u2019enthousiasme. Comme sur nos autres ateliers, nous nommons des responsables mais l\u2019excitation et le manque\u00a0 de rep\u00e8res feront de ce moment, un moment tout sauf calme.<\/p>\n<p><a href=\"http:\/\/recherche-action.fr\/intermedes\/files\/2013\/06\/SAM_0731.jpg\"><img loading=\"lazy\" decoding=\"async\" class=\"aligncenter size-medium wp-image-2395\" alt=\"SAMSUNG CAMERA PICTURES\" src=\"http:\/\/recherche-action.fr\/intermedes\/files\/2013\/06\/SAM_0731-300x225.jpg\" width=\"300\" height=\"225\" \/><\/a><\/p>\n<p>Nous nous ferons la r\u00e9flexion apr\u00e8s coup, qu\u2019il faut un peu de temps, que c\u2019est un peu trop t\u00f4t.<\/p>\n<p><span style=\"color: #3366ff\"><em><strong>Comme sur les autres camps, il faudra d\u2019abord que le cadre soit pos\u00e9 et assimil\u00e9 pour que les enfants se posent \u00e9galement et sachent\u00a0 qu\u2019il y en aura pour tout le monde.<\/strong> <\/em><\/span>En attendant et pour les prochaines s\u00e9ances, les adultes distribueront le go\u00fbter.<\/p>\n<p>&nbsp;<\/p>\n<div lang=\"x-unicode\"><strong>KroniKs des Robinsons de Grenoble: Madame RUETABAGA<\/strong><\/div>\n<div lang=\"x-unicode\"><\/div>\n<div lang=\"x-unicode\">Atelier de rue :Nous investissons de plus de plus d&rsquo;espace \u00e0 cultiver et c&rsquo;est bien ainsi . Des enfants jouent avec les caddies de carrefour comme si c&rsquo;\u00e9tait des voitures de courses.<br \/>\nNotre atelier, cet espace nous sont familiers. Des habitants me confient que c&rsquo;est agr\u00e9able de regarder par la fen\u00eatre la terrasse maintenant.<a href=\"http:\/\/recherche-action.fr\/intermedes\/files\/2013\/06\/JarGren.jpg\"><img loading=\"lazy\" decoding=\"async\" alt=\"JarGren\" src=\"http:\/\/recherche-action.fr\/intermedes\/files\/2013\/06\/JarGren-1024x767.jpg\" width=\"584\" height=\"437\" \/><\/a><\/div>\n<div lang=\"x-unicode\">Quelques filles habitu\u00e9es de l&rsquo;atelier ne sont pas l\u00e0 et\u00a0 je ressens un peu un vide.\u00a0\u00a0 Nous pr\u00e9parons pour le gouter de la citronnade rafraichissante car il fait bien chaud ce mercredi \u00e0 la Villeneuve.Cette semaine je n&rsquo;ai pas pu me rendre au camp roms et j&rsquo;en suis bien triste. La suite des aventures la semaine prochaine &#8230;.<\/div>\n<div lang=\"x-unicode\"><\/div>\n<div lang=\"x-unicode\"><\/div>\n<\/div>\n<\/div>\n","protected":false},"excerpt":{"rendered":"<p>&nbsp; Le r\u00eave panoptique d&rsquo;un J Bentham semble aujourd&rsquo;hui bien install\u00e9. Dans une soci\u00e9t\u00e9 de plus en marqu\u00e9e par l&rsquo;isolement et le\u00a0risque\u00a0de l&rsquo;autoenfermement, partout s&rsquo;est impos\u00e9e une curieuse transparence: la transparence d&rsquo;un seul c\u00f4t\u00e9. Son mod\u00e8le est bien connu, c&rsquo;ets celui du miroir sans teint. Etre vu d&rsquo;un \u00a0seul c\u00f4t\u00e9 et ne jamais voir qui &hellip; <a href=\"http:\/\/recherche-action.fr\/intermedes\/2013\/06\/29\/tout-observer-et-ne-rien-voir\/\" class=\"more-link\">Continuer la lecture<span class=\"screen-reader-text\"> de &laquo;&nbsp;Tout observer et ne rien voir&nbsp;&raquo;<\/span><\/a><\/p>\n","protected":false},"author":1,"featured_media":0,"comment_status":"open","ping_status":"open","sticky":false,"template":"","format":"standard","meta":{"footnotes":""},"categories":[1],"tags":[],"class_list":["post-2336","post","type-post","status-publish","format-standard","hentry","category-non-classe"],"jetpack_featured_media_url":"","_links":{"self":[{"href":"http:\/\/recherche-action.fr\/intermedes\/wp-json\/wp\/v2\/posts\/2336","targetHints":{"allow":["GET"]}}],"collection":[{"href":"http:\/\/recherche-action.fr\/intermedes\/wp-json\/wp\/v2\/posts"}],"about":[{"href":"http:\/\/recherche-action.fr\/intermedes\/wp-json\/wp\/v2\/types\/post"}],"author":[{"embeddable":true,"href":"http:\/\/recherche-action.fr\/intermedes\/wp-json\/wp\/v2\/users\/1"}],"replies":[{"embeddable":true,"href":"http:\/\/recherche-action.fr\/intermedes\/wp-json\/wp\/v2\/comments?post=2336"}],"version-history":[{"count":0,"href":"http:\/\/recherche-action.fr\/intermedes\/wp-json\/wp\/v2\/posts\/2336\/revisions"}],"wp:attachment":[{"href":"http:\/\/recherche-action.fr\/intermedes\/wp-json\/wp\/v2\/media?parent=2336"}],"wp:term":[{"taxonomy":"category","embeddable":true,"href":"http:\/\/recherche-action.fr\/intermedes\/wp-json\/wp\/v2\/categories?post=2336"},{"taxonomy":"post_tag","embeddable":true,"href":"http:\/\/recherche-action.fr\/intermedes\/wp-json\/wp\/v2\/tags?post=2336"}],"curies":[{"name":"wp","href":"https:\/\/api.w.org\/{rel}","templated":true}]}}