{"id":2413,"date":"2013-07-13T16:48:14","date_gmt":"2013-07-13T15:48:14","guid":{"rendered":"http:\/\/recherche-action.fr\/intermedes\/?p=2413"},"modified":"2013-07-13T16:48:14","modified_gmt":"2013-07-13T15:48:14","slug":"comprendre-la-precarite","status":"publish","type":"post","link":"http:\/\/recherche-action.fr\/intermedes\/2013\/07\/13\/comprendre-la-precarite\/","title":{"rendered":"Comprendre sa pr\u00e9carit\u00e9"},"content":{"rendered":"<p><strong>On ne peut comprendre la pr\u00e9carit\u00e9 si on en reste \u00e0 l&rsquo;image du manque. La pr\u00e9carit\u00e9 en effet n&rsquo;est pas un manque, mais un trop plein<\/strong>: un trop plein de freins, d&#8217;emp\u00eachements, \u00e0 vivre et \u00e0 penser, d&#8217;emp\u00eachements \u00e0 agir. C&rsquo;est une impuissance.<\/p>\n<p>Cette image du manque emprisonne aussi la pens\u00e9e \u00e0 son \u00e9gard qui elle aussi, reste d\u00e9ficitaire. Tout le monde attend, en effet, en ce qui concerne la pr\u00e9carit\u00e9, qu&rsquo;elle soit en quelque sorte supprim\u00e9e un jour ou l&rsquo;autre. On s&rsquo;imagine qu&rsquo;elle pourrait \u00a0facilement \u00eatre compens\u00e9e. Ce serait une anomalie \u00e0 redresser.<\/p>\n<p>Or ce n&rsquo;est pas cela. La pr\u00e9carit\u00e9, c&rsquo;est comme la question du handicap, ou de la diff\u00e9rence, \u00e7a ne peut pas se\u00a0normaliser.<\/p>\n<p>Il faut d&rsquo;abord la reconna\u00eetre&#8230;<\/p>\n<p><a href=\"http:\/\/recherche-action.fr\/intermedes\/files\/2013\/07\/Photo06871.jpg\"><img fetchpriority=\"high\" decoding=\"async\" class=\"alignright size-full wp-image-2542\" alt=\"SAMSUNG\" src=\"http:\/\/recherche-action.fr\/intermedes\/files\/2013\/07\/Photo06871.jpg\" width=\"336\" height=\"448\" \/><\/a><\/p>\n<p>Et la conna\u00eetre ce qui suppose de s&rsquo;ancrer dans la r\u00e9alit\u00e9. La pr\u00e9carit\u00e9 ne se laisse comprendre que par ceux qui sont en lutte, pied \u00e0 pied au quotidien contre elle. Ceux l\u00e0 seuls, peuvent avoir une image globale et suffisante du ph\u00e9nom\u00e8ne et d\u00e9couvrir toutes les r\u00e9alit\u00e9s qui se dissimulent derri\u00e8re.<\/p>\n<p>Prenons un exemple concret: une famille rom qui part \u00e0 la mer avec et au milieu des familles du quartier . Apparemment rien de plus simple, o\u00f9 est la difficult\u00e9? Et pourtant c&rsquo;est une performance. regardons plut\u00f4t.<\/p>\n<p>Notre association recevra du soutien de la CAF pour la journ\u00e9e \u00e0 la mer, &#8230;\u00a0des\u00a0familles allocataires. Rien pour les familles Rroms. Dans les deux cas, pour les 2 publics, le co\u00fbt salarial d&rsquo;une journ\u00e9e de plus de 12 : 00 est \u00e9norme. Pour une association comme la n\u00f4tre qui travaille avec ceux qui n&rsquo;ont pas acc\u00e8s aux structures\u00a0classiques, &#8230; ce co\u00fbt n&rsquo;ets pas compens\u00e9.<\/p>\n<p>Mais cette famille Rrom n&rsquo;est pas sur place; elle a \u00e9t\u00e9 expuls\u00e9e de son campement. H\u00e9berg\u00e9e par le 115 au titre d&rsquo;un dispositif dont elle est \u00ab\u00a0b\u00e9n\u00e9ficiaire\u00a0\u00bb, elle a \u00e9t\u00e9 envoy\u00e9e dans un h\u00f4tel du 95 . Donc comment \u00eatre \u00e0 Longjumeau, un dimanche \u00e0 06:00 du matin? \u00a0 Il faudra une chambre d&rsquo;h\u00f4tel, ou plut\u00f4t il en faudra 2 car la m\u00e8re est accompagn\u00e9e de 4 enfants (dont deux qu&rsquo;elle prend en charge car sans parents pr\u00e9sents)<\/p>\n<p>Et comment retourner le soir \u00e0 Saint Gratien, si on revient \u00e9puis\u00e9s, mais\u00a0joyeux\u00a0 \u00e0 00: 00? M\u00eame probl\u00e8me, m\u00eame r\u00e9sultat.<\/p>\n<p>Qui calculera les co\u00fbts directs et indirects qui ne profitent pas particuli\u00e8rement \u00e0 cette famille mais qui souligne plut\u00f4t les circonstances dont elle est victime?<\/p>\n<p>A priori rien ne diff\u00e9renciait cette famille d&rsquo;une autre du quartier, toutes venant au passage de l&rsquo;Essonne. A l&rsquo;arriv\u00e9e, le fait que la seconde ait pu partir est une performance, humaine, administrative, sociale. <strong>D&rsquo;o\u00f9 vient cette diff\u00e9rence? C&rsquo;est sans raison. C&rsquo;est cela, la pr\u00e9carit\u00e9. \u00a0<\/strong><\/p>\n<p>Ceci n&rsquo;est qu&rsquo;un exemple , la r\u00e9alit\u00e9 est omnipr\u00e9sente; \u00a0la pr\u00e9carit\u00e9 contre laquelle nous nous battons est dynamique et multiforme. Perp\u00e9tuellement en expansion (elle concerne de plus en plus de domaines de la vie) , perp\u00e9tuellement en contagion \u00a0(elle concerne de plus en plus de monde).<\/p>\n<p><strong>La seule mani\u00e8re d&rsquo;agir dessus est de constituer et de cr\u00e9er \u00e0 toute force, un petit coin de r\u00e9alit\u00e9 qui en sera exempt.<\/strong> Une relation \u00e9ducative de qualit\u00e9, qui ne sera pas pr\u00e9caire, une parole qui sera tenue, un int\u00e9r\u00eat pour quelqu&rsquo;un qui ne sera pas oubli\u00e9, \u00a0une volont\u00e9 mise en acte et suivie, malgr\u00e9 les p\u00e9rip\u00e9ties et le nomadisme impos\u00e9.<\/p>\n<p>La seule strat\u00e9gie estde cr\u00e9er du rep\u00e8re, du stable, du durable, de l&rsquo;inconditionnel: c&rsquo;est l&rsquo;objet des ateliers en particulier, de la P\u00e9dagogie Sociale, en g\u00e9n\u00e9ral.<\/p>\n<p>Un espace sain,m\u00eame minime \u00a0100% prot\u00e9g\u00e9 de la pr\u00e9carit\u00e9, voici ce qu&rsquo;il faut faire et inventer ; c&rsquo;est la seule possibilit\u00e9 de faire quelque chose qui ne soit pas du leurre (des histoires qu&rsquo;on se raconte: faisons d&rsquo;abord un dossier CMU, attendons 2014, etc.)&#8230; ou du vent (on a commenc\u00e9 quelque chose et puis on s&rsquo;\u00e9tait dit que c&rsquo;\u00e9tait trop dur, qu&rsquo;on essaierait plus tard, ailleurs, peut \u00eatre)<\/p>\n<p>Qu&rsquo;on ne\u00a0vienne\u00a0pas dire que la pr\u00e9carit\u00e9 serait Rrom ou des quartiers, qu&rsquo;elle aurait une culture ou une nationalit\u00e9. Qu&rsquo;elle aurait une rationalit\u00e9, une raison suffisante ou n\u00e9cessaire. Qu&rsquo;en bref elle serait born\u00e9e, s\u00e9curis\u00e9e, et qu&rsquo;on en serait pour la plupart, prot\u00e9g\u00e9s.<\/p>\n<p>Elle n&rsquo;a pas plus de nationalit\u00e9 ou de culture que le virus de la grippe.<\/p>\n<p>Les m\u00eames difficult\u00e9s concentr\u00e9es chez quelques uns, nous les voyons poindre chez de tous autres publics: le nomadisme impos\u00e9, n&rsquo;est pas que de logement: il concerne l&rsquo;\u00e9cole, le boulot, les loisirs, \u00a0les relations qui se brisent, les allocations qui s&rsquo;arr\u00eatent, les contrats qui se rompent, les situations administratives, l\u00e9gales inextricables.<\/p>\n<p>Lutter contre la pr\u00e9carit\u00e9 suppose d&rsquo;agir dans la r\u00e9alit\u00e9 , se fixer un objectif aussi petit soit-il (comme cette journ\u00e9e \u00e0 la mer) et ne pas le l\u00e2cher et pallier \u00e0 la quantit\u00e9 incroyable de blocages qui ne manqueront pas d&rsquo;intervenir.<\/p>\n<p>En les comprenant, en agissant dessus, on ouvre du possible pour tout le monde et m\u00eame pour le professionnel qui peut commencer \u00e0 croire de nouveau un petit peu dans ce qu&rsquo;il fait.<\/p>\n<p>DIMANCHE 14 JUILLET (si , si) : on soigne nos r\u00e9coltes<\/p>\n<p>Attention, avis de grosse r\u00e9colte en cours pour courgettes, salades (et plus si affinit\u00e9). \u00a0 Une grande distribution est pr\u00e9vue mercredi et jeudi prochain, mais en attendant, il faut d\u00e9j\u00e0 ramasser ce qui est pr\u00eat, arroser sous la serre quasiment tous les jours.<\/p>\n<p>Une petite \u00e9quipe est donc all\u00e9e au terrain , et on a fait tout cela plus une grande cueillette de cerises , m\u00fbres et autres fruits rouges.<\/p>\n<p><span style=\"color: #ff00ff\">\u00a0 Apr\u00e8s le travail, d\u00e9tente dans les arbres<\/span><\/p>\n<p><a href=\"http:\/\/recherche-action.fr\/intermedes\/files\/2013\/07\/dimarbre-e1373838357724.jpg\"><img decoding=\"async\" class=\"alignnone size-full wp-image-2481\" alt=\"dimarbre\" src=\"http:\/\/recherche-action.fr\/intermedes\/files\/2013\/07\/dimarbre-e1373838357724.jpg\" width=\"1142\" height=\"857\" \/><\/a><\/p>\n<p><!--[if gte mso 9]&gt;--><\/p>\n<p class=\"MsoNormal\"><strong><span style=\"text-decoration: underline\">SAMEDI\u00a0:<\/span><\/strong><\/p>\n<p class=\"MsoNormal\"><strong><span style=\"text-decoration: underline\">A la VSM<\/span>\u00a0: <\/strong><\/p>\n<p class=\"MsoNormal\"><a href=\"http:\/\/recherche-action.fr\/intermedes\/files\/2013\/07\/SAM_1755.jpg\"><img decoding=\"async\" class=\"alignleft size-medium wp-image-2507\" alt=\"SAMSUNG CAMERA PICTURES\" src=\"http:\/\/recherche-action.fr\/intermedes\/files\/2013\/07\/SAM_1755-300x224.jpg\" width=\"300\" height=\"224\" \/><\/a>A la VSM, cet aprem\u2019 on aime le soleil de plomb qui darde ces rayons. Les enfants ont pl\u00e9biscit\u00e9 une bataille d\u2019eau qui n\u2019est jamais arriv\u00e9e, tant absorb\u00e9s qu\u2019ils \u00e9taient<span>\u00a0 <\/span>par les couleurs de l\u2019atelier , de Simelia et Ramona qui les maquillent \u00e0 tour de bras\u00a0!<\/p>\n<p class=\"MsoNormal\"><a href=\"http:\/\/recherche-action.fr\/intermedes\/files\/2013\/07\/SAM_1747.jpg\"><img loading=\"lazy\" decoding=\"async\" class=\"alignright size-medium wp-image-2505\" alt=\"SAMSUNG CAMERA PICTURES\" src=\"http:\/\/recherche-action.fr\/intermedes\/files\/2013\/07\/SAM_1747-300x224.jpg\" width=\"300\" height=\"224\" \/><\/a><\/p>\n<p class=\"MsoNormal\">A la petite enfance c\u2019est Maria et Garance, qui anime, peu de petits aujourd\u2019hui, mais des plus grands oui\u00a0! Tant pis, tout ce beau monde migre dans la tente des grands\u00a0!<\/p>\n<p class=\"MsoNormal\"><a href=\"http:\/\/recherche-action.fr\/intermedes\/files\/2013\/07\/IMG_2380.jpg\"><img loading=\"lazy\" decoding=\"async\" class=\"alignleft size-thumbnail wp-image-2509\" alt=\"IMG_2380\" src=\"http:\/\/recherche-action.fr\/intermedes\/files\/2013\/07\/IMG_2380-150x150.jpg\" width=\"150\" height=\"150\" \/><\/a><\/p>\n<p class=\"MsoNormal\">\u00c7a boxe dur avec Rude, c\u2019est presque une habitude. Des coups de poing en rafales sur le punchingball qui encaisse sans broncher les coups r\u00e9p\u00e9ter des boxeurs enrager.<\/p>\n<p class=\"MsoNormal\">Aline non loin de l\u00e0 anime, la confection de bague en feutrines , Qui m\u00e9riterais leurs place en vitrine\u00a0! Au centre de l\u2019atelier tr\u00f4ne le magasin gratuit.\u00a0<a href=\"http:\/\/recherche-action.fr\/intermedes\/files\/2013\/07\/SAM_1748.jpg\"><img loading=\"lazy\" decoding=\"async\" class=\"alignright size-medium wp-image-2506\" alt=\"SAMSUNG CAMERA PICTURES\" src=\"http:\/\/recherche-action.fr\/intermedes\/files\/2013\/07\/SAM_1748-300x224.jpg\" width=\"300\" height=\"224\" \/><\/a><\/p>\n<p class=\"MsoNormal\"><a href=\"http:\/\/recherche-action.fr\/intermedes\/files\/2013\/07\/SAM_1756.jpg\"><img loading=\"lazy\" decoding=\"async\" class=\"alignleft size-thumbnail wp-image-2508\" alt=\"SAMSUNG CAMERA PICTURES\" src=\"http:\/\/recherche-action.fr\/intermedes\/files\/2013\/07\/SAM_1756-150x150.jpg\" width=\"150\" height=\"150\" \/><\/a>Les jeux sont pl\u00e9thores aujourd\u2019hui, ainsi que les salades, courgettes, et leurs fleurs.<\/p>\n<p>&nbsp;<\/p>\n<p class=\"MsoNormal\"><b>Au verger\u00a0:<\/b><\/p>\n<p class=\"MsoNormal\"><a href=\"http:\/\/recherche-action.fr\/intermedes\/files\/2013\/07\/DSCN2561.jpg\"><img loading=\"lazy\" decoding=\"async\" class=\"alignleft size-medium wp-image-2510\" alt=\"DSCN2561\" src=\"http:\/\/recherche-action.fr\/intermedes\/files\/2013\/07\/DSCN2561-300x224.jpg\" width=\"300\" height=\"224\" \/><\/a>Nous nous rendons a verger sous ce beau soleil avec un petit groupe.<\/p>\n<p class=\"MsoNormal\">L\u2019herbe a bien pouss\u00e9, nous commen\u00e7ons donc par d\u00e9broussailler les herbes avec des cisailles<a href=\"http:\/\/recherche-action.fr\/intermedes\/files\/2013\/07\/DSCN2504.jpg\"><img loading=\"lazy\" decoding=\"async\" class=\"alignright size-thumbnail wp-image-2511\" alt=\"DSCN2504\" src=\"http:\/\/recherche-action.fr\/intermedes\/files\/2013\/07\/DSCN2504-150x150.jpg\" width=\"150\" height=\"150\" \/><\/a>\u00a0 et une d\u00e9broussailleuse.\u00a0<a href=\"http:\/\/recherche-action.fr\/intermedes\/files\/2013\/07\/DSCN2571.jpg\"><img loading=\"lazy\" decoding=\"async\" class=\"alignleft size-thumbnail wp-image-2512\" alt=\"DSCN2571\" src=\"http:\/\/recherche-action.fr\/intermedes\/files\/2013\/07\/DSCN2571-150x150.jpg\" width=\"150\" height=\"150\" \/><\/a><\/p>\n<p class=\"MsoNormal\">\u00a0Le soleil tape nos nous hydratons r\u00e9guli\u00e8rement.<a href=\"http:\/\/recherche-action.fr\/intermedes\/files\/2013\/07\/DSCN2585.jpg\"><img loading=\"lazy\" decoding=\"async\" class=\"alignright size-thumbnail wp-image-2513\" alt=\"DSCN2585\" src=\"http:\/\/recherche-action.fr\/intermedes\/files\/2013\/07\/DSCN2585-150x150.jpg\" width=\"150\" height=\"150\" \/><\/a> Nous accueillons une famille qui connait bien le verger. Les petits <span>\u00a0<\/span>r\u00e9coltent de nombreuses framboises rouges et jaunes\u00a0! Certains ne connaissaient pas les cassis. Ce fut donc une d\u00e9couverte gustative et certains ont ramen\u00e9 de nombreux fruits chez eux.<\/p>\n<p class=\"MsoNormal\">Nous avons \u00e9galement accroch\u00e9s des branches de Kiwi au grillage \u00e0 l\u2019aide de fils de fer.<\/p>\n<p class=\"MsoNormal\">Enfin n bon go\u00fbter est partag\u00e9 \u00e0 l\u2019ombre des grands arbres.<\/p>\n<p class=\"MsoNormal\"><!--[if gte mso 9]&gt;--><\/p>\n<p class=\"MsoNormal\"><strong><span style=\"text-decoration: underline\">VENDREDI\u00a0:<\/span><\/strong><\/p>\n<p class=\"MsoNormal\"><strong><span style=\"text-decoration: underline\">Au jardin de Saulx\u00a0:<\/span><\/strong><\/p>\n<p class=\"MsoNormal\">Cet apr\u00e8s-midi, malgr\u00e9 un soleil de plomb, Jessica a r\u00e9pondu pr\u00e9sente au jardin. Au programme, d\u00e9broussaillage!<\/p>\n<p class=\"MsoNormal\">Nous avons principalement d\u00e9broussaill\u00e9 les all\u00e9es et quelques alentours des cultures. L&rsquo;atelier s&rsquo;est termin\u00e9 par un go\u00fbter.<\/p>\n<p class=\"MsoNormal\"><b><span style=\"text-decoration: underline\">A la Rocade\u00a0:<\/span><\/b><\/p>\n<p class=\"MsoNormal\"><b><a href=\"http:\/\/recherche-action.fr\/intermedes\/files\/2013\/07\/SAM_1668.jpg\"><img loading=\"lazy\" decoding=\"async\" class=\"alignleft size-medium wp-image-2514\" alt=\"SAMSUNG CAMERA PICTURES\" src=\"http:\/\/recherche-action.fr\/intermedes\/files\/2013\/07\/SAM_1668-300x224.jpg\" width=\"300\" height=\"224\" \/><\/a><\/b><strong>Le DAEV \u00e9tant toujours entre les bonnes mains d\u2019Antoine<\/strong>, nous installons des tapis \u00e0 l\u2019ombre d\u2019un arbre, comme nous faisions avant.<\/p>\n<p class=\"MsoNormal\">Anne est l\u00e0 pour son dernier atelier avant ses vacances et confectionne encore de jolies <a href=\"http:\/\/recherche-action.fr\/intermedes\/files\/2013\/07\/SAM_1672.jpg\"><img loading=\"lazy\" decoding=\"async\" class=\"alignright size-thumbnail wp-image-2516\" alt=\"SAMSUNG CAMERA PICTURES\" src=\"http:\/\/recherche-action.fr\/intermedes\/files\/2013\/07\/SAM_1672-150x150.jpg\" width=\"150\" height=\"150\" \/><\/a>fleurs avec les enfants.<\/p>\n<p class=\"MsoNormal\"><a href=\"http:\/\/recherche-action.fr\/intermedes\/files\/2013\/07\/SAM_1699.jpg\"><img loading=\"lazy\" decoding=\"async\" class=\"alignleft size-thumbnail wp-image-2518\" alt=\"SAMSUNG CAMERA PICTURES\" src=\"http:\/\/recherche-action.fr\/intermedes\/files\/2013\/07\/SAM_1699-150x150.jpg\" width=\"150\" height=\"150\" \/><\/a>Garance joue au double<span>\u00a0 <\/span>et Aline fait des bagues avec un groupe de petites filles.<\/p>\n<p class=\"MsoNormal\"><a href=\"http:\/\/recherche-action.fr\/intermedes\/files\/2013\/07\/SAM_1701.jpg\"><img loading=\"lazy\" decoding=\"async\" class=\"alignleft size-thumbnail wp-image-2519\" alt=\"SAMSUNG CAMERA PICTURES\" src=\"http:\/\/recherche-action.fr\/intermedes\/files\/2013\/07\/SAM_1701-150x150.jpg\" width=\"150\" height=\"150\" \/><\/a>Bah oui, il n\u2019y a pas de mamans aujourd\u2019hui, du coup c\u2019est le tour des filles de se confectionner de jolies bagues \u00e0 base de feutrine\u00a0!<\/p>\n<p class=\"MsoNormal\">Fofinho est l\u00e0 et des enfants le prennent en charge, lui trouvent un grand b\u00e2ton et jouent avec. <span>\u00a0<\/span>Il fait rire tout le monde car malgr\u00e9 sa petite gueule, il arrive \u00e0 attraper un ballon de foot, on ne sait pas comment\u00a0!<a href=\"http:\/\/recherche-action.fr\/intermedes\/files\/2013\/07\/SAM_1669.jpg\"><img loading=\"lazy\" decoding=\"async\" class=\"alignright size-medium wp-image-2515\" alt=\"SAMSUNG CAMERA PICTURES\" src=\"http:\/\/recherche-action.fr\/intermedes\/files\/2013\/07\/SAM_1669-300x224.jpg\" width=\"300\" height=\"224\" \/><\/a><\/p>\n<p class=\"MsoNormal\"><!--[if gte mso 9]&gt;--><\/p>\n<p>&nbsp;<\/p>\n<p class=\"MsoNormal\"><strong><span style=\"text-decoration: underline\">JEUDI\u00a0:<\/span><\/strong><\/p>\n<p class=\"MsoNormal\"><strong><span style=\"text-decoration: underline\">Wissous\u00a0:<\/span><\/strong><\/p>\n<p class=\"MsoNormal\">Aujourd\u2019hui et demain, le DAEV est entre les mains d\u2019Antoine, son constructeur, et Abdel et Souad pour une remise \u00e0 neuf du mobilier avec quelques am\u00e9liorations pratiques.<\/p>\n<p class=\"MsoNormal\"><a href=\"http:\/\/recherche-action.fr\/intermedes\/files\/2013\/07\/SAM_1579.jpg\"><img loading=\"lazy\" decoding=\"async\" class=\"alignleft size-medium wp-image-2522\" alt=\"SAMSUNG CAMERA PICTURES\" src=\"http:\/\/recherche-action.fr\/intermedes\/files\/2013\/07\/SAM_1579-300x224.jpg\" width=\"300\" height=\"224\" \/><\/a>Du coup, nous allons sur le camp avec le camion du jardin que nous avons charg\u00e9 de notre mat\u00e9riel p\u00e9dagogique. Nous profitons d\u2019\u00eatre plus \u00ab\u00a0l\u00e9gers\u00a0\u00bb pour nous installer \u00e0 l\u2019int\u00e9rieur du camp, au milieu des cabanes, comme nous faisions avant le DAEV. C\u2019est id\u00e9al car c\u2019est au c\u0153ur de tout et nous avions du abandonner cette position strat\u00e9gique, car avec les diables et les \u00e9tag\u00e8res, la butte qui d\u00e9limite le camp est infranchissable.<\/p>\n<p class=\"MsoNormal\">Donc, nous avons install\u00e9 deux grands tapis sur la \u00ab\u00a0plat,\u00a0\u00bb et y avons d\u00e9pos\u00e9 des craies grasses et des gros feutres pour faire un coloriage g\u00e9ant,<a href=\"http:\/\/recherche-action.fr\/intermedes\/files\/2013\/07\/SAM_15731.jpg\"><img loading=\"lazy\" decoding=\"async\" class=\"alignright size-medium wp-image-2520\" alt=\"SAMSUNG CAMERA PICTURES\" src=\"http:\/\/recherche-action.fr\/intermedes\/files\/2013\/07\/SAM_15731-300x224.jpg\" width=\"300\" height=\"224\" \/><\/a> r\u00e9cup\u00e9r\u00e9 aux encombrants. Plus loin, les loulous qui ont besoin de se d\u00e9penser, joue au ballon avec Madalin.<\/p>\n<p class=\"MsoNormal\">Assis, allong\u00e9s, \u00e0 quatre pattes, chacun a sa fa\u00e7on de colorier ou de gribouiller\u00a0; car on se fiche un peu des dessins. <a href=\"http:\/\/recherche-action.fr\/intermedes\/files\/2013\/07\/SAM_1576.jpg\"><img loading=\"lazy\" decoding=\"async\" class=\"alignleft size-thumbnail wp-image-2521\" alt=\"SAMSUNG CAMERA PICTURES\" src=\"http:\/\/recherche-action.fr\/intermedes\/files\/2013\/07\/SAM_1576-150x150.jpg\" width=\"150\" height=\"150\" \/><\/a>Pour les plus petits, l\u2019important est de participer, de tenir une craie ou un feutre dans sa main et de mettre de la couleur partout o\u00f9 l\u2019on veut\u00a0!<\/p>\n<p class=\"MsoNormal\"><a href=\"http:\/\/recherche-action.fr\/intermedes\/files\/2013\/07\/SAM_1596.jpg\"><img loading=\"lazy\" decoding=\"async\" class=\"alignleft size-thumbnail wp-image-2523\" alt=\"SAMSUNG CAMERA PICTURES\" src=\"http:\/\/recherche-action.fr\/intermedes\/files\/2013\/07\/SAM_1596-150x150.jpg\" width=\"150\" height=\"150\" \/><\/a>Les plus grands s\u2019appliquent, nous avons m\u00eame, une maman qui s\u2019appelle Mariana et Cosmin, le mari de Maria qui colorient avec les enfants.<\/p>\n<p class=\"MsoNormal\"><strong>Ramona gravite entre les tapis et les cabanes pour parler des s\u00e9jours ados dans les Alpes et CATS en Suisse, avec les parents des enfants vis\u00e9s.<\/strong><\/p>\n<p class=\"MsoNormal\">Franck Vibert, photographe, attach\u00e9 \u00e0 la cause des Roms en France, est venu rencontrer les familles et d\u00e9couvrir notre atelier pour ensuite prendre des photos avec leur accord, et <a href=\"http:\/\/recherche-action.fr\/intermedes\/files\/2013\/07\/SAM_16401.jpg\"><img loading=\"lazy\" decoding=\"async\" class=\"alignleft size-medium wp-image-2524\" alt=\"SAMSUNG CAMERA PICTURES\" src=\"http:\/\/recherche-action.fr\/intermedes\/files\/2013\/07\/SAM_16401-224x300.jpg\" width=\"224\" height=\"300\" \/><\/a>les diffuser pour rendre leur humanit\u00e9 \u00e0 ses familles que nous aimons tant. Il reviendra jeudi prochain pour rencontrer le chef du camp, et s\u2019il est d\u2019accord, passer la journ\u00e9e avec eux pour les photographier. Les clich\u00e9s seront distribu\u00e9s aux familles et \u00e0 notre association.<\/p>\n<p class=\"MsoNormal\">Nous terminons l\u2019atelier tous ensemble autour d\u2019une partie de tomate.<\/p>\n<p class=\"MsoNormal\"><b><span style=\"text-decoration: underline\">Au jardin de Saulx\u00a0:<\/span><\/b><\/p>\n<p class=\"MsoNormal\">Il y\u2019a du travail au jardin\u00a0! Au programme\u00a0: d\u00e9sherbage,<span>\u00a0 <\/span>arrosage, r\u00e9colte de courgettes.<span>\u00a0 <\/span>Nous ne sommes pas beaucoup, c\u2019est pourquoi nous d\u00e9cidons de d\u00e9sherber \u00ab\u00a0\u00e0 fond\u00a0\u00bb la parcelle d\u2019haricots verts qui peine tant \u00e0 pousser.<span>\u00a0 <\/span>Pendant que je continue, aid\u00e9 de<span>\u00a0 <\/span>Christian,<span>\u00a0 <\/span>Jessica commence \u00e0 arroser la serre ainsi que les parcelles les plus s\u00e8ches. Le soleil tape fort aujourd\u2019hui, c\u2019est pourquoi nous<span>\u00a0 <\/span>faisons r\u00e9guli\u00e8rement<span>\u00a0 <\/span>des pauses \u00ab\u00a0boissons\u00a0\u00bb.<span>\u00a0 <\/span>Le jardin est tr\u00e8s beau \u00e0 voir et c\u2019est tellement gratifiant d\u2019assister mais surtout de contribuer \u00e0 la pousse de tout ses fruits l\u00e9gumes. Nous finissons par r\u00e9colter de<span>\u00a0 <\/span>superbes courgettes<span>\u00a0 <\/span>pour aller en distribuer au skate Park<span>\u00a0 <\/span>a<span>\u00a0 <\/span>qui voudra.<\/p>\n<p class=\"MsoNormal\"><b><span style=\"text-decoration: underline\">La croix breton\u00a0:<\/span><\/b><\/p>\n<p class=\"MsoNormal\"><a href=\"http:\/\/recherche-action.fr\/intermedes\/files\/2013\/07\/Photo0752.jpg\"><img loading=\"lazy\" decoding=\"async\" class=\"alignleft size-medium wp-image-2525\" alt=\"SAMSUNG\" src=\"http:\/\/recherche-action.fr\/intermedes\/files\/2013\/07\/Photo0752-300x224.jpg\" width=\"300\" height=\"224\" \/><\/a><\/p>\n<p class=\"MsoNormal\">Etant en vacances, l\u2019atelier a commenc\u00e9 une heure plus t\u00f4t aujourd\u2019hui. Les premiers enfants sont arriv\u00e9s un peu retard, mais avec beaucoup d\u2019envie de jouer.<\/p>\n<p class=\"MsoNormal\">Tout de suite, les enfants se sont lanc\u00e9s dans deux activit\u00e9s\u00a0: le coloriage et le jeu de billes.<a href=\"http:\/\/recherche-action.fr\/intermedes\/files\/2013\/07\/Photo0761.jpg\"><img loading=\"lazy\" decoding=\"async\" class=\"alignright size-medium wp-image-2526\" alt=\"SAMSUNG\" src=\"http:\/\/recherche-action.fr\/intermedes\/files\/2013\/07\/Photo0761-300x224.jpg\" width=\"300\" height=\"224\" \/><\/a> En milieu d\u2019atelier tout le monde s\u2019est au dessin.<\/p>\n<p class=\"MsoNormal\"><a href=\"http:\/\/recherche-action.fr\/intermedes\/files\/2013\/07\/Photo0770.jpg\"><img loading=\"lazy\" decoding=\"async\" class=\"alignleft size-medium wp-image-2528\" alt=\"SAMSUNG\" src=\"http:\/\/recherche-action.fr\/intermedes\/files\/2013\/07\/Photo0770-300x224.jpg\" width=\"300\" height=\"224\" \/><\/a>\u00a0\u00a0\u00a0\u00a0\u00a0\u00a0\u00a0\u00a0\u00a0\u00a0\u00a0\u00a0\u00a0\u00a0\u00a0\u00a0\u00a0\u00a0\u00a0\u00a0\u00a0\u00a0\u00a0\u00a0\u00a0\u00a0\u00a0\u00a0\u00a0\u00a0\u00a0\u00a0\u00a0\u00a0\u00a0\u00a0\u00a0\u00a0\u00a0\u00a0\u00a0\u00a0\u00a0\u00a0\u00a0\u00a0\u00a0\u00a0\u00a0\u00a0\u00a0\u00a0\u00a0\u00a0\u00a0\u00a0 Puis nous avons une balle au prisonnier.<span>\u00a0 <\/span>Malgr\u00e9 la chaleur accablante, ils y \u00e9taient \u00e0 fond\u2026<\/p>\n<p class=\"MsoNormal\">Il a fallu les arr\u00eater pour prendre le go\u00fbter.<span>\u00a0<a href=\"http:\/\/recherche-action.fr\/intermedes\/files\/2013\/07\/Photo0779.jpg\"><img loading=\"lazy\" decoding=\"async\" class=\"alignright size-thumbnail wp-image-2529\" alt=\"SAMSUNG\" src=\"http:\/\/recherche-action.fr\/intermedes\/files\/2013\/07\/Photo0779-150x150.jpg\" width=\"150\" height=\"150\" \/><\/a> <\/span>Ousmane, Sanaba et Nana nous ont dit qu\u2019ils ne seront pas l\u00e0 semaine parce qu\u2019ils d\u00e9m\u00e9nagent.<\/p>\n<p class=\"MsoNormal\"><b><span style=\"text-decoration: underline\">Au skate park\u00a0:<\/span><\/b><\/p>\n<p class=\"MsoNormal\"><a href=\"http:\/\/recherche-action.fr\/intermedes\/files\/2013\/07\/SAM_1651.jpg\"><img loading=\"lazy\" decoding=\"async\" class=\"aligncenter size-medium wp-image-2532\" alt=\"SAMSUNG CAMERA PICTURES\" src=\"http:\/\/recherche-action.fr\/intermedes\/files\/2013\/07\/SAM_1651-300x224.jpg\" width=\"300\" height=\"224\" \/><\/a><\/p>\n<p class=\"MsoNormal\"><a href=\"http:\/\/recherche-action.fr\/intermedes\/files\/2013\/07\/SAM_1648.jpg\"><img loading=\"lazy\" decoding=\"async\" class=\"alignright size-thumbnail wp-image-2530\" alt=\"SAMSUNG CAMERA PICTURES\" src=\"http:\/\/recherche-action.fr\/intermedes\/files\/2013\/07\/SAM_1648-150x150.jpg\" width=\"150\" height=\"150\" \/><\/a>En petit comit\u00e9, nous avons commenc\u00e9 une partie de \u00ab\u00a0dessiner c\u2019est gagn\u00e9 !\u00a0\u00bb. Nous avons ainsi dessin\u00e9 des \u00e9pines, un marin, avoir faim, un acrobate, un \u0153il et des trucs plus dur encore\u00a0!<\/p>\n<p class=\"MsoNormal\"><a href=\"http:\/\/recherche-action.fr\/intermedes\/files\/2013\/07\/SAM_1661.jpg\"><img loading=\"lazy\" decoding=\"async\" class=\"alignleft size-thumbnail wp-image-2534\" alt=\"SAMSUNG CAMERA PICTURES\" src=\"http:\/\/recherche-action.fr\/intermedes\/files\/2013\/07\/SAM_1661-150x150.jpg\" width=\"150\" height=\"150\" \/><\/a><strong>La petite Nesrine, \u00e0 c\u00f4t\u00e9 invente des petites histoires pour la poup\u00e9e, qu\u2019elle dorlote et fait manger.<\/strong> <a href=\"http:\/\/recherche-action.fr\/intermedes\/files\/2013\/07\/SAM_1649.jpg\"><img loading=\"lazy\" decoding=\"async\" class=\"alignright size-thumbnail wp-image-2531\" alt=\"SAMSUNG CAMERA PICTURES\" src=\"http:\/\/recherche-action.fr\/intermedes\/files\/2013\/07\/SAM_1649-150x150.jpg\" width=\"150\" height=\"150\" \/><\/a>Une maman nous rejoint en milieu d\u2019atelier avec son fils. Nous parlons de la r\u00e9colte de salades pr\u00e9vues mercredi prochain.<\/p>\n<p class=\"MsoNormal\"><a href=\"http:\/\/recherche-action.fr\/intermedes\/files\/2013\/07\/SAM_1653.jpg\"><img loading=\"lazy\" decoding=\"async\" class=\"alignleft size-thumbnail wp-image-2533\" alt=\"SAMSUNG CAMERA PICTURES\" src=\"http:\/\/recherche-action.fr\/intermedes\/files\/2013\/07\/SAM_1653-150x150.jpg\" width=\"150\" height=\"150\" \/><\/a><strong>Nous recrutons car nous avons des centaines de salades \u00e0 ramasser puis \u00e0 distribuer au quartier.<\/strong><\/p>\n<p class=\"MsoNormal\"><!--[if gte mso 9]&gt;--><\/p>\n<p>&nbsp;<\/p>\n<p class=\"MsoNormal\"><b><span style=\"text-decoration: underline\"><span style=\"font-size: 12.0pt;line-height: 115%\">MERCREDI\u00a0:<\/span><\/span><\/b><\/p>\n<p class=\"MsoNormal\"><b><span style=\"text-decoration: underline\">Ludoth\u00e8que de rue \u00e0 Bel Air\u00a0:<\/span><\/b><\/p>\n<p class=\"MsoNormal\"><strong>C\u2019est un air de vacance qui souffle sur la ludoth\u00e8que de rue nouvellement install\u00e9 \u00e0 Bel Air II !<\/strong><\/p>\n<p class=\"MsoNormal\"><a href=\"http:\/\/recherche-action.fr\/intermedes\/files\/2013\/07\/SAM_15361.jpg\"><img loading=\"lazy\" decoding=\"async\" class=\"alignright size-thumbnail wp-image-2538\" alt=\"SAMSUNG CAMERA PICTURES\" src=\"http:\/\/recherche-action.fr\/intermedes\/files\/2013\/07\/SAM_15361-150x150.jpg\" width=\"150\" height=\"150\" \/><\/a><a href=\"http:\/\/recherche-action.fr\/intermedes\/files\/2013\/07\/SAM_15491.jpg\"><img loading=\"lazy\" decoding=\"async\" class=\"alignleft size-thumbnail wp-image-2540\" alt=\"SAMSUNG CAMERA PICTURES\" src=\"http:\/\/recherche-action.fr\/intermedes\/files\/2013\/07\/SAM_15491-150x150.jpg\" width=\"150\" height=\"150\" \/><\/a>Les filles nous pr\u00e9sentent leur planning de vacances, qu\u2019elles ont fait elles m\u00eame sur l\u2019ordinateur, et les enfants organisent eux-m\u00eames un jeu autour du mat\u00e9riel de<\/p>\n<p class=\"MsoNormal\"><i>Scratch-Ball. <a href=\"http:\/\/recherche-action.fr\/intermedes\/files\/2013\/07\/SAM_1516.jpg\"><img loading=\"lazy\" decoding=\"async\" class=\"alignleft size-thumbnail wp-image-2537\" alt=\"SAMSUNG CAMERA PICTURES\" src=\"http:\/\/recherche-action.fr\/intermedes\/files\/2013\/07\/SAM_1516-150x150.jpg\" width=\"150\" height=\"150\" \/><\/a><\/i>On joue ensuite aux dames (on confronte nos diff\u00e9rentes r\u00e8gles et strat\u00e9gies), On invente un jeu de labyrinthe aux r\u00e8gles\u2026 Fluctuantes\u00a0!<\/p>\n<p class=\"MsoNormal\"><a href=\"http:\/\/recherche-action.fr\/intermedes\/files\/2013\/07\/SAM_1547.jpg\"><img loading=\"lazy\" decoding=\"async\" class=\"alignright size-thumbnail wp-image-2539\" alt=\"SAMSUNG CAMERA PICTURES\" src=\"http:\/\/recherche-action.fr\/intermedes\/files\/2013\/07\/SAM_1547-150x150.jpg\" width=\"150\" height=\"150\" \/><\/a>On organise un concours de jeux de palet et c\u2019est nesrine qui s\u2019occupe de distribuer les m\u00e9dailles.<a href=\"http:\/\/recherche-action.fr\/intermedes\/files\/2013\/07\/SAM_15061.jpg\"><img loading=\"lazy\" decoding=\"async\" class=\"alignright size-thumbnail wp-image-2536\" alt=\"SAMSUNG CAMERA PICTURES\" src=\"http:\/\/recherche-action.fr\/intermedes\/files\/2013\/07\/SAM_15061-150x150.jpg\" width=\"150\" height=\"150\" \/><\/a> A l\u2019ombre des arbres, on discute de nos projets pour les vacances, de la rentr\u00e9, dans quel classe on est, toussa toussa\u00a0!<\/p>\n<p class=\"MsoNormal\"><span>\u00a0<\/span><\/p>\n<p class=\"MsoNormal\"><b><span style=\"text-decoration: underline\">A jardin de Saulx\u00a0:<\/span><\/b><\/p>\n<p class=\"MsoNormal\"><span>Aujourd\u2019hui, c\u2019est Aline qui emm\u00e8ne un petit groupe au jardin.<span>\u00a0 <\/span>Nous arrosons \u00e0 grandes eaux car le jardin a soif. Madalin sort l\u2019eau du puits et Aline arrose avec Yassin, Najamie et Jessica\u00a0: un peu pour les salades, un peu pour la serre et les tomates, pour terminer par les haricots. Le plus dur \u00e9tant fait, il ne nous reste plus que la r\u00e9colte. Au menu\u00a0: framboises, salades et courgettes. Yassin, qui ne s\u2019est pas encore familiaris\u00e9 avec le fonctionnement du jardin et n\u2019\u00e9tait pas emball\u00e9 par l\u2019arrosage, nous a finalement bien aid\u00e9 et se pr\u00eatera s\u00fbrement plus facilement \u00e0 la t\u00e2che la prochaine fois\u00a0!<\/span><\/p>\n<p class=\"MsoNormal\"><b><span style=\"text-decoration: underline\"><span>Au squat de Palaiseau\u00a0:<\/span><\/span><\/b><\/p>\n<p class=\"MsoNormal\" style=\"margin-bottom: .0001pt;line-height: normal;background: white\"><span style=\"color: black\"><a href=\"http:\/\/recherche-action.fr\/intermedes\/files\/2013\/07\/Photo06771.jpg\"><img loading=\"lazy\" decoding=\"async\" class=\"alignleft size-medium wp-image-2541\" alt=\"SAMSUNG\" src=\"http:\/\/recherche-action.fr\/intermedes\/files\/2013\/07\/Photo06771-300x224.jpg\" width=\"300\" height=\"224\" \/><\/a>\u00a0\u00a0\u00a0\u00a0 Apr\u00e8s midi ensoleill\u00e9! A notre arriv\u00e9e, certains adultes et enfants font une bataille d&rsquo;eau. <strong>Les enfants nous attendent, ils viennent tr\u00e8s vite nous aider \u00e0 d\u00e9charger le mat\u00e9riel.<\/strong><\/span><\/p>\n<p class=\"MsoNormal\" style=\"margin-bottom: .0001pt;line-height: normal\"><span style=\"color: black\">Assis en ronde, on commence par la pr\u00e9sentation de Gabriel qui est venu nous aider. Puis les enfants racontent ce qu&rsquo;ils ont fait depuis le dernier atelier.\u00a0<\/span><\/p>\n<p class=\"MsoNormal\" style=\"margin-bottom: .0001pt;line-height: normal\"><span style=\"color: black\">Ensuite, comme d&rsquo;habitude, on forme deux groupes: \u00ab\u00a0les plus petits et les pr\u00e9-ados\u00a0\u00bb.<\/span><\/p>\n<p class=\"MsoNormal\" style=\"margin-bottom: .0001pt;line-height: normal\"><span style=\"color: black\"><a href=\"http:\/\/recherche-action.fr\/intermedes\/files\/2013\/07\/Photo0695.jpg\"><img loading=\"lazy\" decoding=\"async\" class=\"alignright size-thumbnail wp-image-2543\" alt=\"SAMSUNG\" src=\"http:\/\/recherche-action.fr\/intermedes\/files\/2013\/07\/Photo0695-150x150.jpg\" width=\"150\" height=\"150\" \/><\/a><strong>Chez les pr\u00e9-ados, les filles commencent tout de suite par le dessin, tandis que les gar\u00e7ons jouent d&rsquo;abord au jeu du\u00a0b\u00e2tons<\/strong>\u00a0avant de rejoindre les filles au dessin.<\/span><\/p>\n<p class=\"MsoNormal\" style=\"margin-bottom: .0001pt;line-height: normal\"><span style=\"color: black\"><a href=\"http:\/\/recherche-action.fr\/intermedes\/files\/2013\/07\/Photo06871.jpg\"><img loading=\"lazy\" decoding=\"async\" class=\"alignleft size-thumbnail wp-image-2542\" alt=\"SAMSUNG\" src=\"http:\/\/recherche-action.fr\/intermedes\/files\/2013\/07\/Photo06871-150x150.jpg\" width=\"150\" height=\"150\" \/><\/a>Les plus petits ont fait du coloriage vari\u00e9 avec beaucoup d&rsquo;enthousiasme, b\u00e9n\u00e9ficiant de l&rsquo;accompagnement de certains parents. <a href=\"http:\/\/recherche-action.fr\/intermedes\/files\/2013\/07\/Photo07171.jpg\"><img loading=\"lazy\" decoding=\"async\" class=\"alignright size-thumbnail wp-image-2545\" alt=\"SAMSUNG\" src=\"http:\/\/recherche-action.fr\/intermedes\/files\/2013\/07\/Photo07171-150x150.jpg\" width=\"150\" height=\"150\" \/><\/a><br \/>\n<\/span><\/p>\n<p class=\"MsoNormal\" style=\"margin-bottom: .0001pt;line-height: normal\"><span style=\"color: black\">\u00a0<\/span><\/p>\n<p class=\"MsoNormal\" style=\"margin-bottom: .0001pt;line-height: normal\"><span style=\"color: black\">Apr\u00e8s un go\u00fbter \u00e0 l&rsquo;ombre, nous avons termin\u00e9 par la visite du site pour Gabriel, en pr\u00e9sence d&rsquo;H\u00e9l\u00e8ne qui nous a rejoint en fin d&rsquo;atelier. <\/span><\/p>\n<p class=\"MsoNormal\" style=\"margin-bottom: .0001pt;line-height: normal\"><span style=\"color: black\"><a href=\"http:\/\/recherche-action.fr\/intermedes\/files\/2013\/07\/Photo0704.jpg\"><img loading=\"lazy\" decoding=\"async\" class=\"alignleft size-thumbnail wp-image-2544\" alt=\"SAMSUNG\" src=\"http:\/\/recherche-action.fr\/intermedes\/files\/2013\/07\/Photo0704-150x150.jpg\" width=\"150\" height=\"150\" \/><\/a>Cette visite a permis \u00e0 Gabriel de d\u00e9couvrir et d&rsquo;appr\u00e9cier d&rsquo;excellents tags, Gabriel \u00e9tant un amateur de tags, \u00e7a lui a donn\u00e9 des id\u00e9es&#8230;<\/span><\/p>\n<p class=\"MsoNormal\" style=\"margin-bottom: .0001pt;line-height: normal\"><span style=\"color: black\"><a href=\"http:\/\/recherche-action.fr\/intermedes\/files\/2013\/07\/Photo07241.jpg\"><img loading=\"lazy\" decoding=\"async\" class=\"alignright size-medium wp-image-2546\" alt=\"SAMSUNG\" src=\"http:\/\/recherche-action.fr\/intermedes\/files\/2013\/07\/Photo07241-300x224.jpg\" width=\"300\" height=\"224\" \/><\/a><\/span><\/p>\n","protected":false},"excerpt":{"rendered":"<p>On ne peut comprendre la pr\u00e9carit\u00e9 si on en reste \u00e0 l&rsquo;image du manque. La pr\u00e9carit\u00e9 en effet n&rsquo;est pas un manque, mais un trop plein: un trop plein de freins, d&#8217;emp\u00eachements, \u00e0 vivre et \u00e0 penser, d&#8217;emp\u00eachements \u00e0 agir. C&rsquo;est une impuissance. Cette image du manque emprisonne aussi la pens\u00e9e \u00e0 son \u00e9gard qui &hellip; <a href=\"http:\/\/recherche-action.fr\/intermedes\/2013\/07\/13\/comprendre-la-precarite\/\" class=\"more-link\">Continuer la lecture<span class=\"screen-reader-text\"> de &laquo;&nbsp;Comprendre sa pr\u00e9carit\u00e9&nbsp;&raquo;<\/span><\/a><\/p>\n","protected":false},"author":1,"featured_media":0,"comment_status":"open","ping_status":"open","sticky":false,"template":"","format":"standard","meta":{"footnotes":""},"categories":[1],"tags":[],"class_list":["post-2413","post","type-post","status-publish","format-standard","hentry","category-non-classe"],"jetpack_featured_media_url":"","_links":{"self":[{"href":"http:\/\/recherche-action.fr\/intermedes\/wp-json\/wp\/v2\/posts\/2413","targetHints":{"allow":["GET"]}}],"collection":[{"href":"http:\/\/recherche-action.fr\/intermedes\/wp-json\/wp\/v2\/posts"}],"about":[{"href":"http:\/\/recherche-action.fr\/intermedes\/wp-json\/wp\/v2\/types\/post"}],"author":[{"embeddable":true,"href":"http:\/\/recherche-action.fr\/intermedes\/wp-json\/wp\/v2\/users\/1"}],"replies":[{"embeddable":true,"href":"http:\/\/recherche-action.fr\/intermedes\/wp-json\/wp\/v2\/comments?post=2413"}],"version-history":[{"count":0,"href":"http:\/\/recherche-action.fr\/intermedes\/wp-json\/wp\/v2\/posts\/2413\/revisions"}],"wp:attachment":[{"href":"http:\/\/recherche-action.fr\/intermedes\/wp-json\/wp\/v2\/media?parent=2413"}],"wp:term":[{"taxonomy":"category","embeddable":true,"href":"http:\/\/recherche-action.fr\/intermedes\/wp-json\/wp\/v2\/categories?post=2413"},{"taxonomy":"post_tag","embeddable":true,"href":"http:\/\/recherche-action.fr\/intermedes\/wp-json\/wp\/v2\/tags?post=2413"}],"curies":[{"name":"wp","href":"https:\/\/api.w.org\/{rel}","templated":true}]}}