{"id":2864,"date":"2013-08-15T23:13:11","date_gmt":"2013-08-15T22:13:11","guid":{"rendered":"http:\/\/recherche-action.fr\/intermedes\/?p=2864"},"modified":"2013-08-15T23:13:11","modified_gmt":"2013-08-15T22:13:11","slug":"la-realite-aimez-la-ou-quittez-la","status":"publish","type":"post","link":"http:\/\/recherche-action.fr\/intermedes\/2013\/08\/15\/la-realite-aimez-la-ou-quittez-la\/","title":{"rendered":"La R\u00e9alit\u00e9: aimez la, ou quittez la!"},"content":{"rendered":"<p><strong>\u00a0\u00a0\u00a03 choses que la P\u00e9dagogie Sociale nous enseigne au sujet de la R\u00e9alit\u00e9, \u00e0 savoir qu\u2019il convient:<\/strong><\/p>\n<p>&#8211; de la voir comme elle est,<\/p>\n<p>&#8211; de s\u2019y confronter et de travailler a la transformer<\/p>\n<p>&#8211; ( c\u2019est le plus original) de l\u2019aimer<\/p>\n<p><strong>Voir la r\u00e9alit\u00e9 pour ce qu\u2019elle est et en ce qu\u2019elle est , contrevient \u00e0 sa repr\u00e9sentation officielle<\/strong><br \/>\n<a href=\"http:\/\/recherche-action.fr\/intermedes\/files\/2013\/08\/ClwnGren.jpg\"><img fetchpriority=\"high\" decoding=\"async\" class=\"alignnone size-full wp-image-2875\" alt=\"ClwnGren\" src=\"http:\/\/recherche-action.fr\/intermedes\/files\/2013\/08\/ClwnGren.jpg\" width=\"1613\" height=\"1210\" \/><\/a><\/p>\n<p>Nous sommes si prouvent \u00e9tonn\u00e9s de remarquer a quel point les solutions propos\u00e9es ou recherch\u00e9es pour r\u00e9pondre aux probl\u00e9matiques sociales et \u00e9ducatives, ressemblent aux probl\u00e8mes qui les causent et les renforcent.<\/p>\n<p>Les ph\u00e9nom\u00e8nes li\u00e9s aux nouvelles formes d\u2019isolement social, de solitude , de pr\u00e9carit\u00e9 donnent ainsi lieu \u00e0 des recherches de r\u00e9ponses, de traitements toujours plus individualis\u00e9s, pr\u00e9caires, et fragment\u00e9s. En bref, on cherche a soigner l\u2019alcoolisme avec du whisky<\/p>\n<p>R\u00e9cemment, nous lisions le rapport qui se penche sur le probl\u00e8me d\u00e9crit comme \u00e9tant une \u00ab d\u00e9saffection \u00bb des \u00ab\u00a0bonnes vieilles colonies de vacances \u00bb. Tout y passe dans les explications : le co\u00fbt , la complexit\u00e9 et m\u00eame l\u2019effet d\u2019une \u00e9nigmatique concurrence des autres formes d\u2019accueil de loisirs. Tout y passe sauf une \u00e9vidence: les s\u00e9jours hypersp\u00e9cialis\u00e9s, centr\u00e9s sur l\u2019activit\u00e9, l\u2019\u00e2ge et vendus \u00e0 la d\u00e9coupe aux municipalit\u00e9s, ne r\u00e9pondent en rien aux besoins \u00e9ducatifs et sociaux des milieux populaires. Ce secteur tout entier s\u2019est mis au service des familles ais\u00e9es, \u00e0 la recherche de loisirs pris\u00e9s et de consommation pour leur prog\u00e9niture. Pire , on masque cette r\u00e9alit\u00e9 en invoquant et projetant un \u00ab\u00a0esprit de consommation\u00a0\u00bb qui caract\u00e9riserait non pas les organisateurs, mais les publics exclus.<\/p>\n<p>Nous, qui savons envoyer des groupes d&rsquo;enfants et d\u2019ados tr\u00e8s pr\u00e9caires, exclus de tout , pour r\u00e9aliser avec eux des voyages de d\u00e9couverte, et des missions dans le cadre de notre association, nous le savons : <strong>il n\u2019y a pas de loisirs pour ceux qui en sont priv\u00e9s<\/strong> ;il n\u2019y a que la r\u00e9alit\u00e9 \u00e0 accepter, \u00e0 prendre en compte et \u00e0 faire bouger.<\/p>\n<p><strong>L\u2019id\u00e9ologie guide malheureusement la lecture des sympt\u00f4mes sociaux.<\/strong> On traite ainsi l\u2019exclusion par l&rsquo;isolement, la violence , par la p\u00e9nalisation , le manque d\u2019estime de soi par la stigmatisation, et le manque de liens par la rupture.<\/p>\n<p>Ceci est d\u00e9connect\u00e9 de la r\u00e9alit\u00e9 des choses. Encore et toujours, celle ci n&rsquo;est pas respect\u00e9e.<\/p>\n<p><strong>Prendre en compte la r\u00e9alit\u00e9 suppose d&rsquo;agir dans son cadre et de travailler \u00e0 la transformer <\/strong><\/p>\n<p>Parce que nous ne sommes pas sur terre pour nous adapter, mais pour cr\u00e9er , il ne peut y avoir de prise en compte de la r\u00e9alit\u00e9 sans n\u00e9cessit\u00e9 d&rsquo;agir \u00e0 son endroit . Parce qu&rsquo;il y a des situations inacceptables, parce qu&rsquo; il est absolument impossible quand on met a jour les processus , de se contenter de les observer et de ne rien y faire , la transformation s&rsquo;impose<\/p>\n<p><strong>Contribuer \u00e0 transformer la r\u00e9alit\u00e9 f\u00fbt ce \u00e0 sa marge, \u00e0 sa taille , n&rsquo;est pas une affaire de projets, de programmes et d&rsquo;objectifs. Ceux qui travaillent sur ce mode ont beaucoup de chance de faire du \u00ab\u00a0hors sol\u00a0\u00bb. <\/strong><\/p>\n<p>A cette impasse ( la r\u00e9alit\u00e9 ne se commande, ni ne se programme) la P\u00e9dagogie Sociale propose une alternative: le travail.<\/p>\n<p>Le travail quotidien r\u00e9gulier qu&rsquo;il soit de transformation ou de modification de l&rsquo;environnement, seul permet et r\u00e9clame la participation de tous . Le travail quotidien, r\u00e9gulier, r\u00e9v\u00e8le la difficult\u00e9 et la complexit\u00e9 des t\u00e2ches et permet une prise en compte globale de la situation . Former les acteurs sociaux et \u00e9ducatifs \u00e0 un tel travail, devient d\u00e9s lors un enjeu fondamental. Or, ce n&rsquo;est malheureusement pas ce qui se fait aujourd&rsquo;hui dans les centres de formations du secteur social.<\/p>\n<p><strong>Travailler la R\u00e9alit\u00e9 suppose de l&rsquo;aimer a minima.<\/strong><\/p>\n<p>C&rsquo;est peut \u00eatre le plus difficile \u00e0 r\u00e9aliser: on ne transforme, on ne r\u00e9forme, on ne modifie que ce qui pour nous a de la valeur Cette valeur est essentielle ; on ne peut travailler sur les r\u00e9alit\u00e9s sociales sans avoir des attaches profondes \u00e0 leur sujet, sans \u00eatre affect\u00e9es par elles<\/p>\n<p>A Robinson , nous sommes boulevers\u00e9s par les r\u00e9alit\u00e9s sur lesquelles nous travaillons. C&rsquo;est pour cela que nous pouvons esp\u00e9rer les bouleverser en retour Nous sommes sensibles \u00e0 la beaut\u00e9 et \u00e0 la gr\u00e2ce m\u00eame, des personnes et des situations . Nous connaissons la terrible beaut\u00e9 de ce qui d\u00e9range , de ce qui affole, et de tant d&rsquo;autres choses que les institutions, le plus souvent, pr\u00e9f\u00e8rent ne pas voir.<\/p>\n<p>Nous vivons une \u00e9poque difficile , d\u00e9routante, \u00e0 bien des \u00e9gards. il est devenu impossible de se projeter. La pr\u00e9carit\u00e9 s&rsquo;insinue dans tous les rapports humains et de travail . La machine a fabriquer de l&rsquo;exclusion s&rsquo;est emball\u00e9e.<\/p>\n<p>Mais nous ne pouvons agir dans cette p\u00e9riode que si nous savons aussi l&rsquo;aimer pour ce qu&rsquo;elle permet : rencontres extraordinaires, occasions de comprendre des m\u00e9canismes et des fonctionnements importants; l&rsquo;incertitude m\u00eame, qui s&rsquo;imposant \u00e0 tous, est porteuse d&rsquo;esp\u00e9rance.<\/p>\n<p>Or, combien d&rsquo;acteurs sociaux sont justement en difficult\u00e9 avec cet aspect l\u00e0 des choses, et combien de d\u00e9cideurs et plus encore d&rsquo;\u00e9lus ont ce genre de probl\u00e8me avec la R\u00e9alit\u00e9? Ne pouvant la voir, la transformer, ou simplement l&rsquo;aimer, ils sont dans le jugement, l&rsquo;id\u00e9ologie, la consigne, l&rsquo;objectif. Ils ont renonc\u00e9 au d\u00e9sir de voir et de conna\u00eetre ce \u00e0 quoi ils pr\u00e9tendent s&rsquo;affronter. Ils confondent les probl\u00e8mes et les gens qui les subissent; ils renoncent \u00e0 entrevoir et comprendre les causes et les dynamiques. Ils se condamnent ainsi a rester ext\u00e9rieurs et \u00e0 rejeter l&rsquo;objet m\u00eame de de leur travail, et \u00e0 d\u00e9serter &#8230;la r\u00e9alit\u00e9.<\/p>\n<p><strong>MERCREDI :<\/strong><\/p>\n<p><strong>Au jardin de Saulx :<\/strong><\/p>\n<p><a href=\"http:\/\/recherche-action.fr\/intermedes\/files\/2013\/08\/DSCN4035.jpg\"><img decoding=\"async\" class=\"alignnone size-medium wp-image-2884\" alt=\"DSCN4035\" src=\"http:\/\/recherche-action.fr\/intermedes\/files\/2013\/08\/DSCN4035-300x224.jpg\" width=\"300\" height=\"224\" \/><\/a><br \/>\nNous d\u00e9butons notre semaine sp\u00e9ciale \u00ab jardins \u00bb cet apr\u00e8s-midi au terrain de l\u2019\u00e9querre. Beaucoup de travail nous attend, la nature se d\u00e9veloppe rapidement en ce moment.<br \/>\nUne d\u00e9broussailleuse est d\u00e9marr\u00e9e pour nettoyer le terrain et faucher l\u2019herbe. Cette herbe, nous la r\u00e9cup\u00e9rons pour pailler entre les rangs de poireaux. Cela \u00e9vitera aux herbes folles de se d\u00e9velopper et le paillage, en se d\u00e9composant, enrichira le sol comme un engrais naturel et permettra au sol de garder de l\u2019humidit\u00e9 et un peu de fraicheur.<br \/>\nUne grande session d\u2019arrosage est \u00e9galement au programme : poireaux, tomates, haricots\u2026et la serre tout y passe !<\/p>\n<p style=\"text-align: center\"><img decoding=\"async\" class=\"alignnone  wp-image-2882\" style=\"color: #333333;font-style: normal\" alt=\"DSCN4015\" src=\"http:\/\/recherche-action.fr\/intermedes\/files\/2013\/08\/DSCN4015-300x224.jpg\" width=\"180\" height=\"134\" \/><img loading=\"lazy\" decoding=\"async\" class=\"alignnone  wp-image-2880\" style=\"color: #333333;font-style: normal\" alt=\"DSCN4002\" src=\"http:\/\/recherche-action.fr\/intermedes\/files\/2013\/08\/DSCN4002-300x224.jpg\" width=\"180\" height=\"134\" \/><img loading=\"lazy\" decoding=\"async\" class=\"size-medium wp-image-2883 aligncenter\" style=\"color: #333333;font-style: normal\" alt=\"DSCN4034\" src=\"http:\/\/recherche-action.fr\/intermedes\/files\/2013\/08\/DSCN4034-224x300.jpg\" width=\"224\" height=\"300\" \/><\/p>\n<p>On r\u00e9colte \u00e9galement de nombreuses courgettes, des haricots et des tomates et on d\u00e9sherbe aussi nos diff\u00e9rentes parcelles de l\u00e9gumes.<br \/>\nUn bon go\u00fbter est pris \u00e0 l\u2019ombre. Une belle journ\u00e9e de jardinage !<img loading=\"lazy\" decoding=\"async\" class=\"alignnone size-medium wp-image-2881\" style=\"color: #333333;font-style: normal\" alt=\"DSCN4009\" src=\"http:\/\/recherche-action.fr\/intermedes\/files\/2013\/08\/DSCN4009-224x300.jpg\" width=\"224\" height=\"300\" \/><\/p>\n<p><strong>VENDREDI :<\/strong><br \/>\n<strong>Au jardin :<\/strong><\/p>\n<p><strong><a href=\"http:\/\/recherche-action.fr\/intermedes\/files\/2013\/08\/DSCN4138.jpg\"><img loading=\"lazy\" decoding=\"async\" alt=\"DSCN4138\" src=\"http:\/\/recherche-action.fr\/intermedes\/files\/2013\/08\/DSCN4138-300x224.jpg\" width=\"300\" height=\"224\" \/><\/a><\/strong><br \/>\nJeudi \u00e9tait f\u00e9ri\u00e9 ! \u00a0Du coup, ce vendredi, on nous attendait de pied ferme pour partir au terrain cet apr\u00e8s-midi. Nous continuons de d\u00e9broussailler le terrain qui en \u00e0 bien besoin. L\u2019arrosage est de mise \u00e9galement, les l\u00e9gumes ont soif, nous avons le droit \u00e0 une bonne trentaine de degr\u00e9s aujourd\u2019hui sous le soleil de Saulx-les-Chartreux.<strong><a href=\"http:\/\/recherche-action.fr\/intermedes\/files\/2013\/08\/DSCN4046.jpg\"><img loading=\"lazy\" decoding=\"async\" alt=\"DSCN4046\" src=\"http:\/\/recherche-action.fr\/intermedes\/files\/2013\/08\/DSCN4046-300x224.jpg\" width=\"300\" height=\"224\" \/><\/a><\/strong><br \/>\nMais la gros chantier du jour sera de d\u00e9sherber entre les plants de courgettes et potirons. Pas \u00e9vident car les feuilles des plantes sont un peu \u00e9pineuses. Ce travail est tr\u00e8s physique mais n\u00e9cessaire pour que les l\u00e9gumes b\u00e9n\u00e9ficient d\u2019un peu plus de soleil.<br \/>\nNous prenons un go\u00fbter bien m\u00e9rit\u00e9 puis nous r\u00e9coltons quelques courgettes et carottes en conclusion de cette belle apr\u00e8s-midi.<\/p>\n<p><strong><strong><a href=\"http:\/\/recherche-action.fr\/intermedes\/files\/2013\/08\/DSCN4042.jpg\"><img loading=\"lazy\" decoding=\"async\" alt=\"DSCN4042\" src=\"http:\/\/recherche-action.fr\/intermedes\/files\/2013\/08\/DSCN4042-300x224.jpg\" width=\"180\" height=\"134\" \/><strong><\/strong><\/a><strong><a href=\"http:\/\/recherche-action.fr\/intermedes\/files\/2013\/08\/DSCN4126.jpg\"><img loading=\"lazy\" decoding=\"async\" alt=\"DSCN4126\" src=\"http:\/\/recherche-action.fr\/intermedes\/files\/2013\/08\/DSCN4126-300x224.jpg\" width=\"180\" height=\"134\" \/><\/a><\/strong><\/strong><\/strong><\/p>\n<p>&nbsp;<\/p>\n<p><strong>SAMEDI :<\/strong><br \/>\n<strong>Au terrain des abeilles :<\/strong><\/p>\n<p><a href=\"http:\/\/recherche-action.fr\/intermedes\/files\/2013\/08\/DSCN4146.jpg\"><img loading=\"lazy\" decoding=\"async\" class=\"alignnone size-medium wp-image-2891\" alt=\"DSCN4146\" src=\"http:\/\/recherche-action.fr\/intermedes\/files\/2013\/08\/DSCN4146-300x224.jpg\" width=\"300\" height=\"224\" \/><\/a><br \/>\nAujourd\u2019hui le temps est propice pour jeter un \u0153il \u00e0 nos ruches. Cela faisait un moment que nous n\u2019y \u00e9tions pas all\u00e9s. Il \u00e9tait temps de s\u2019occuper de notre r\u00e9colte de miel. Nous ne nous attendions pas \u00e0 en r\u00e9cup\u00e9rer beaucoup. Un bon groupe de robinsons apiculteurs d\u00e9barquent au jardin habill\u00e9s de leurs combinaisons blanches.<\/p>\n<p><img loading=\"lazy\" decoding=\"async\" class=\"alignnone  wp-image-2894\" alt=\"DSCN4155\" src=\"http:\/\/recherche-action.fr\/intermedes\/files\/2013\/08\/DSCN4155-300x224.jpg\" width=\"180\" height=\"134\" \/><img loading=\"lazy\" decoding=\"async\" class=\"alignnone  wp-image-2893\" alt=\"DSCN4153\" src=\"http:\/\/recherche-action.fr\/intermedes\/files\/2013\/08\/DSCN4153-300x224.jpg\" width=\"180\" height=\"134\" \/><br \/>\nEt l\u00e0, d\u00e8s la premi\u00e8re ruche ouverte, c\u2019est une belle surprise, les cadres sont remplis de miel, nos abeilles ont fait un super boulot ! Tout le monde participe, une personne s\u2019occupe de soulever les cadres avec un l\u00e8ve\u2026cadre, un petit passage de balayette pour enlever les abeilles fermement accroch\u00e9es au butin, une personne enfin tiens l\u2019enfumoir pour apais\u00e9 les abeilles.<br \/>\nNous r\u00e9cup\u00e9rons ainsi une vingtaine de cadres copieusement remplis de miel.<br \/>\nNous profitons du go\u00fbter pour d\u00e9guster notre pr\u00e9cieux miel qui est d\u00e9licieux, on l\u2019a bien m\u00e9rit\u00e9 ! Nous estimons en avoir r\u00e9colt\u00e9 entre 20 et 30 kg vu la difficult\u00e9 pour porter une hausse enti\u00e8re.<\/p>\n<p><a href=\"http:\/\/recherche-action.fr\/intermedes\/files\/2013\/08\/DSCN4147.jpg\"><img loading=\"lazy\" decoding=\"async\" class=\"alignnone size-medium wp-image-2892\" alt=\"DSCN4147\" src=\"http:\/\/recherche-action.fr\/intermedes\/files\/2013\/08\/DSCN4147-300x224.jpg\" width=\"300\" height=\"224\" \/><\/a><\/p>\n<p><strong>DIMANCHE :<\/strong><\/p>\n<p><a href=\"http:\/\/recherche-action.fr\/intermedes\/files\/2013\/08\/DSCN4169.jpg\"><img loading=\"lazy\" decoding=\"async\" class=\"alignnone size-medium wp-image-2896\" alt=\"DSCN4169\" src=\"http:\/\/recherche-action.fr\/intermedes\/files\/2013\/08\/DSCN4169-300x224.jpg\" width=\"300\" height=\"224\" \/><\/a><br \/>\nLa m\u00e9t\u00e9o nous annonce de la pluie pour toute la journ\u00e9e. Mais nous y \u00e9chapperons hormis une averse en d\u00e9but de journ\u00e9e. Nous sommes un bon groupe au d\u00e9part de Longjumeau ce matin. Certains vont faire le voyage \u00e0 pied, il n\u2019y a pas assez de place dans le camion. On commence par notre feu afin de pr\u00e9parer le barbecue.<br \/>\nOn \u00e0 aussi ramener la motobineuse aujourd\u2019hui. Les enfants encadr\u00e9s par les adultes vont se relayer derri\u00e8re la machine pour retourner une parcelle qui \u00e9tait envahie par les herbes.<\/p>\n<p><a style=\"font-style: normal;line-height: 24px;text-decoration: underline\" href=\"http:\/\/recherche-action.fr\/intermedes\/files\/2013\/08\/DSCN4182.jpg\"><img loading=\"lazy\" decoding=\"async\" class=\"alignnone size-medium wp-image-2898\" style=\"border-color: #bbbbbb;background-color: #eeeeee\" alt=\"DSCN4182\" src=\"http:\/\/recherche-action.fr\/intermedes\/files\/2013\/08\/DSCN4182-224x300.jpg\" width=\"224\" height=\"300\" \/><\/a><a style=\"font-style: normal;line-height: 24px;text-decoration: underline\" href=\"http:\/\/recherche-action.fr\/intermedes\/files\/2013\/08\/IMG-20130818-00550.jpg\"><img loading=\"lazy\" decoding=\"async\" class=\"alignnone size-medium wp-image-2900\" style=\"border-color: #bbbbbb;background-color: #eeeeee\" alt=\"IMG-20130818-00550\" src=\"http:\/\/recherche-action.fr\/intermedes\/files\/2013\/08\/IMG-20130818-00550-224x300.jpg\" width=\"224\" height=\"300\" \/><\/a><\/p>\n<p>Quelle efficacit\u00e9, la majorit\u00e9 de ce travail est effectu\u00e9 dans la matin\u00e9e. Les merguez cuisent vite donc nous nous mettons \u00e0 table assez rapidement. Pour certains le d\u00e9jeuner est vite englouti ! Daby nous \u00e0 ramener des pastels et on fait aussi griller du ma\u00efs sur le barbecue, d\u00e9licieux !<\/p>\n<p><img loading=\"lazy\" decoding=\"async\" class=\"alignnone size-medium wp-image-2899\" alt=\"DSCN4183\" src=\"http:\/\/recherche-action.fr\/intermedes\/files\/2013\/08\/DSCN4183-300x224.jpg\" width=\"300\" height=\"224\" \/><\/p>\n<p>On repart de plus belle l\u2019apr\u00e8s-midi. La motobineuse est remise en marche et on s\u2019attaque \u00e0 une autre parcelle. Ainsi on lib\u00e8re de l\u2019espace pour les futurs semis.<br \/>\nOn \u00e0 \u00e9galement apport\u00e9 une d\u00e9broussailleuse et on d\u00e9gage le pied de nos arbres fruitiers afin de mieux circuler. Certaines branches des pommiers craquent sous le poids des nombreuses pommes bient\u00f4t pr\u00eates \u00e0 cueillir.<br \/>\nUne super journ\u00e9e, o\u00f9 chaque participant repart du terrain avec des courgettes, des tomates, des carottes, du basilic, de la menthe, de la rhubarbe\u2026<\/p>\n<p><a style=\"font-style: normal;line-height: 24px;text-decoration: underline\" href=\"http:\/\/recherche-action.fr\/intermedes\/files\/2013\/08\/DSCN4172.jpg\"><img loading=\"lazy\" decoding=\"async\" class=\"alignnone size-medium wp-image-2897\" style=\"border-color: #bbbbbb;background-color: #eeeeee\" alt=\"DSCN4172\" src=\"http:\/\/recherche-action.fr\/intermedes\/files\/2013\/08\/DSCN4172-300x224.jpg\" width=\"300\" height=\"224\" \/><\/a><\/p>\n<p>&nbsp;<\/p>\n<p>KroniKs des Robinsons de GRENOBLE: Madame RUETABAGA<br \/>\n<a href=\"http:\/\/recherche-action.fr\/intermedes\/files\/2013\/08\/ClwnGren.jpg\"><img loading=\"lazy\" decoding=\"async\" alt=\"ClwnGren\" src=\"http:\/\/recherche-action.fr\/intermedes\/files\/2013\/08\/ClwnGren-300x225.jpg\" width=\"300\" height=\"225\" \/><\/a><\/p>\n<p><strong>Camps rroms :<br \/>\n<\/strong><br \/>\nUn ami m\u2019accompagne pour aujourd&rsquo;hui et je propose aux enfants de se d\u00e9guiser avec les costumes mis \u00e0 disposition.<br \/>\nPuis, une fois que chacun a rev\u00eatu son costume je leur propose de mettre un nez de clown et de marcher sur une ligne afin que chacun trouve la marche de son personnage.<br \/>\nTout le monde se pr\u00eate au jeu. Ils sont beaux \u00e0 voir tous ces clowns.<br \/>\nPuis , je leur propose une seconde consigne c&rsquo;est de nous montrer une \u00e9motion. Pas facile pour moi de canaliser les \u00e9nergies et d&rsquo;expliquer tout, car peux d&rsquo;entre eux, parlent le fran\u00e7ais.<\/p>\n<p>A c\u00f4t\u00e9, un petit groupe joue avec JC \u00e0 des jeux de ballons.<br \/>\nNous terminons par un gros go\u00fbter et les enfants nous raccompagnent \u00e0 la voiture avec du tout l&rsquo;envie de nous quitter.<\/p>\n<p>Atelier \u00e0 la Villeneuve :<\/p>\n<p>Dimanche 11 ao\u00fbt Enrick a organis\u00e9 un repas partag\u00e9 au jardin et pas mal de monde a r\u00e9pondu pr\u00e9sent \u00e0 l&rsquo;appel.<\/p>\n<p>Nous sommes nombreux et nous jouons pas mal avec de nouveaux jeux de soci\u00e9t\u00e9s. Il y a une bonne ambiance et c&rsquo;est agr\u00e9able de se retrouver. Un temps est consacr\u00e9 \u00e0 l&rsquo;arrossage et je distrubue nos petites r\u00e9coltes ( tomates, aubergines, piments) aux m\u00e8res et enfants du quartier. Les mamans se sont install\u00e9s sur les bancs pour papoter et prendre le go\u00fbter avec nous.<\/p>\n<p><strong>Des nouvelles de la ROULOTTE de Madame RUETABAGA:<\/strong><\/p>\n<p>Des nouvelles de notre roulotte :<\/p>\n<p>La structure en aluminium est finie.<\/p>\n<p>Nous venons de finir 4 jours de chantier pour construire le coffre, les caisses et d\u00e9buter les tiroirs.<\/p>\n<p>Il nous reste encore 4 jours de chantier pour peindre, poser le plan de travail en inox et les ptites finitions.<br \/>\n<a href=\"http:\/\/recherche-action.fr\/intermedes\/files\/2013\/08\/RoulTabaga1.jpg\"><img loading=\"lazy\" decoding=\"async\" alt=\"RoulTabaga1\" src=\"http:\/\/recherche-action.fr\/intermedes\/files\/2013\/08\/RoulTabaga1-300x224.jpg\" width=\"300\" height=\"224\" \/><\/a><\/p>\n<p>RDV pour le prochain chantier d\u00e9but septembre, si vous vous souhaitez venir nous donner un coup de main, c&rsquo;est possible.<\/p>\n<p>L&rsquo;id\u00e9e c&rsquo;est de faire l\u2019inauguration fin septembre \u00e0 la Villeneuve et au camp rrom.<\/p>\n<p>\u00e0 bient\u00f4t,<\/p>\n<p>M\u00e9lody.<\/p>\n","protected":false},"excerpt":{"rendered":"<p>\u00a0\u00a0\u00a03 choses que la P\u00e9dagogie Sociale nous enseigne au sujet de la R\u00e9alit\u00e9, \u00e0 savoir qu\u2019il convient: &#8211; de la voir comme elle est, &#8211; de s\u2019y confronter et de travailler a la transformer &#8211; ( c\u2019est le plus original) de l\u2019aimer Voir la r\u00e9alit\u00e9 pour ce qu\u2019elle est et en ce qu\u2019elle est , &hellip; <a href=\"http:\/\/recherche-action.fr\/intermedes\/2013\/08\/15\/la-realite-aimez-la-ou-quittez-la\/\" class=\"more-link\">Continuer la lecture<span class=\"screen-reader-text\"> de &laquo;&nbsp;La R\u00e9alit\u00e9: aimez la, ou quittez la!&nbsp;&raquo;<\/span><\/a><\/p>\n","protected":false},"author":1,"featured_media":0,"comment_status":"open","ping_status":"open","sticky":false,"template":"","format":"standard","meta":{"footnotes":""},"categories":[1],"tags":[],"class_list":["post-2864","post","type-post","status-publish","format-standard","hentry","category-non-classe"],"jetpack_featured_media_url":"","_links":{"self":[{"href":"http:\/\/recherche-action.fr\/intermedes\/wp-json\/wp\/v2\/posts\/2864","targetHints":{"allow":["GET"]}}],"collection":[{"href":"http:\/\/recherche-action.fr\/intermedes\/wp-json\/wp\/v2\/posts"}],"about":[{"href":"http:\/\/recherche-action.fr\/intermedes\/wp-json\/wp\/v2\/types\/post"}],"author":[{"embeddable":true,"href":"http:\/\/recherche-action.fr\/intermedes\/wp-json\/wp\/v2\/users\/1"}],"replies":[{"embeddable":true,"href":"http:\/\/recherche-action.fr\/intermedes\/wp-json\/wp\/v2\/comments?post=2864"}],"version-history":[{"count":0,"href":"http:\/\/recherche-action.fr\/intermedes\/wp-json\/wp\/v2\/posts\/2864\/revisions"}],"wp:attachment":[{"href":"http:\/\/recherche-action.fr\/intermedes\/wp-json\/wp\/v2\/media?parent=2864"}],"wp:term":[{"taxonomy":"category","embeddable":true,"href":"http:\/\/recherche-action.fr\/intermedes\/wp-json\/wp\/v2\/categories?post=2864"},{"taxonomy":"post_tag","embeddable":true,"href":"http:\/\/recherche-action.fr\/intermedes\/wp-json\/wp\/v2\/tags?post=2864"}],"curies":[{"name":"wp","href":"https:\/\/api.w.org\/{rel}","templated":true}]}}