{"id":3455,"date":"2013-12-20T21:00:46","date_gmt":"2013-12-20T20:00:46","guid":{"rendered":"http:\/\/recherche-action.fr\/intermedes\/?p=3455"},"modified":"2013-12-20T21:00:46","modified_gmt":"2013-12-20T20:00:46","slug":"nous-on-doit-et-eux-ils-peuvent","status":"publish","type":"post","link":"http:\/\/recherche-action.fr\/intermedes\/2013\/12\/20\/nous-on-doit-et-eux-ils-peuvent\/","title":{"rendered":"Nous, on doit et eux, ils peuvent"},"content":{"rendered":"<p>\u00ab\u00a0Tu comprends , quand j&rsquo;arrive au travail certains matins, avec tous les soucis que j&rsquo;ai dans la t\u00eate, je ne me sens pas capable de travailler avec les enfants. <em><strong>Et puis je me dis que si je reste comme \u00e7a , les enfants n&rsquo;auront pas envie de jouer avec moi<\/strong><\/em>, alors, je les vois et je change\u00a0\u00bb.<\/p>\n<p><a href=\"http:\/\/recherche-action.fr\/intermedes\/files\/2013\/12\/11545944006_4861538195_z.jpg\"><img fetchpriority=\"high\" decoding=\"async\" class=\"aligncenter size-full wp-image-3461\" alt=\"11545944006_4861538195_z\" src=\"http:\/\/recherche-action.fr\/intermedes\/files\/2013\/12\/11545944006_4861538195_z.jpg\" width=\"427\" height=\"640\" \/><\/a><\/p>\n<p><strong>Ainsi parle Iasmina, 19 ans et p\u00e9dagogue sociale \u00e0 l&rsquo;association Interm\u00e8des Robinson<\/strong>; elle exprime en trois phrases ce que certaines formations du travail social \u00e9chouent \u00e0 transmettre en 3 ans: la capacit\u00e9 de se d\u00e9centrer, la n\u00e9cessit\u00e9 d&rsquo;une dissym\u00e9trie dans la relation \u00e9ducative pour que celle ci porte du changement.<\/p>\n<p><a href=\"http:\/\/recherche-action.fr\/intermedes\/files\/2013\/12\/NoelSo.jpg\"><img decoding=\"async\" class=\"aligncenter size-full wp-image-3459\" alt=\"NoelSo\" src=\"http:\/\/recherche-action.fr\/intermedes\/files\/2013\/12\/NoelSo.jpg\" width=\"500\" height=\"248\" \/><\/a><\/p>\n<p><strong>\u00ab\u00a0Nous on doit et eux ils peuvent\u00a0\u00bb, disait Borys, quand il \u00e9tait apprenti<\/strong> dans notre association, \u00e0 17 ans (il est aujourd&rsquo;hui membre de notre Bureau) , pour expliquer cette dissym\u00e9trie aux stagiaires travailleurs sociaux et leur expliquer la n\u00e9cessit\u00e9 de la r\u00e9gularit\u00e9 sans faille de nos actions.<\/p>\n<p><strong>Nous on doit. L&rsquo;engagement est une rupture<\/strong>. Il tranche avec le sus et coutumes de la vie de tous les jours. Il rompt la longue cha\u00eene des comportements attendus, la litanie de l&rsquo;ordre ordinaire, de la violence ambiante et pr\u00e9visible. L&rsquo;engagement tranche. Il est un d\u00e9but.<\/p>\n<p><strong>Eux ils peuvent. C&rsquo;est bien parce que certains doivent que d&rsquo;autres peuvent.<\/strong> Le seul vrai pouvoir qui compte , qui change quelque chose \u00e0 l&rsquo;ordre des choses, le pouvoir social, ne na\u00eet d&rsquo;aucune disposition \u00ab\u00a0naturelle\u00a0\u00bb, d&rsquo;aucun don spontan\u00e9. Il ne doit rien \u00e0 la nature. Il est purement humain.<\/p>\n<p>Paulo \u00a0Freire disait qu&rsquo;il aimait \u00eatre humain, car il ajoutait que \u00eatre humain c&rsquo;\u00e9tait pouvoir le meilleur comme le pire, la barbarie comme l&rsquo;humanit\u00e9 , l&rsquo;exploitation comme le don, l&rsquo;inattendu , comme l&rsquo;enfermement. Il aimait \u00eatre humain justement \u00e0 cause de ce possible, \u00a0de ce \u00ab\u00a0non acquis \u00ab\u00a0, de ce \u00ab\u00a0non certain\u00a0\u00bb.<\/p>\n<p><strong>Pouvoir c&rsquo;est ne pas \u00eatre tenu<\/strong>. Souvent les destinataires des actions de p\u00e9dagogie sociale peuvent d\u00e9faillir, venir \u00e0 manquer . Ils v\u00e9rifient qu&rsquo;ils n&rsquo;ont ni contrat, ni contraintes. Ils v\u00e9rifient la solidit\u00e9 du \u00ab\u00a0hors cadre\u00a0\u00bb.<\/p>\n<p><strong>Mais quand ils viennent c&rsquo;est pour eux m\u00eames<\/strong>; c&rsquo;est pour rejoindre tous les autres . Ils ne viennent pas parce qu&rsquo;ils peuvent, mais pour pouvoir.<\/p>\n<p><em><strong>A Robinson, nous voulons que les enfants aient encore longtemps l&rsquo;envie de jouer et de travailler avec nous (et les adultes aussi).<\/strong><\/em><\/p>\n<p>Nous aimons qu&rsquo;ils puissent et qu&rsquo;ils aient du pouvoir.<\/p>\n<p>la dissym\u00e9trie , n&#8217;emp\u00eache pas la proximit\u00e9; \u00ab\u00a0le ma\u00eetre doit \u00eatre un grand camarade\u00a0\u00bb, disait Freinet , r\u00e9sumant en une expression, \u00a0cette in\u00e9galit\u00e9 des places et cette proximit\u00e9 des liens.<\/p>\n<p><strong>Parfois on trouve cette in\u00e9galit\u00e9, cette dissym\u00e9trie offensante pour l&rsquo;acteur social.<\/strong> Comment pourrait il supporter , devrait il supporter qu&rsquo;on ne lui rende pas imm\u00e9diatement ici , ce qu&rsquo;il donne \u00e0 l&rsquo;autre? \u00a0Nous sommes tellement habitu\u00e9s \u00e0 voir la vie comme un contrat, que nous ne supportons plus les contraintes non compens\u00e9es tout de suite.<\/p>\n<p>On traite alors celui qui n&rsquo;\u00e9galise pas, ne \u00ab\u00a0rend\u00a0\u00bb pas, d&rsquo;assist\u00e9 et l&rsquo;acteur social est soup\u00e7onn\u00e9 de complaisance, amateurisme, b\u00eatise et complicit\u00e9.<\/p>\n<p><strong><span style=\"color: #ff00ff\">Comment expliquer que ce pouvoir qu&rsquo;on donne \u00e0 l&rsquo;autre par la dissym\u00e9trie est aussi le sien?<\/span><\/strong> Comment expliquer qu&rsquo;il nous concerne, et qu&rsquo;en lui se constitue le pouvoir du social, qui inspire toutes nos actions?<\/p>\n<h1 style=\"text-align: center\"><span style=\"text-decoration: underline\"><span style=\"color: #ff0000;text-decoration: underline\"><strong>L&rsquo;association Interm\u00e8des Robinson vous souhaite de belles f\u00eates de fin d&rsquo;ann\u00e9e et une belle ann\u00e9e \u00e0 venir:<\/strong><\/span><\/span><\/h1>\n<p><a href=\"http:\/\/recherche-action.fr\/intermedes\/files\/2013\/12\/Cartedevoeux.jpg\"><img decoding=\"async\" class=\"aligncenter size-full wp-image-3460\" alt=\"Cartedevoeux\" src=\"http:\/\/recherche-action.fr\/intermedes\/files\/2013\/12\/Cartedevoeux.jpg\" width=\"1600\" height=\"1200\" \/><\/a><\/p>\n<p><!--[if gte mso 9]&gt;--><\/p>\n<p>&nbsp;<\/p>\n<p class=\"MsoNormal\"><strong><span style=\"text-decoration: underline\">DIMANCHE \u00e0 Saulx les Chartreux, No\u00ebl Solidaire avec l&rsquo;association Animakt:<\/span><\/strong><\/p>\n<div id=\"yiv6422313004\">\n<table id=\"yui_3_13_0_ym1_1_1388260017749_2673\" style=\"width: 584px;height: 916px\" border=\"0\" cellspacing=\"0\" cellpadding=\"0\">\n<tbody id=\"yui_3_13_0_ym1_1_1388260017749_2672\">\n<tr id=\"yui_3_13_0_ym1_1_1388260017749_2671\">\n<td id=\"yui_3_13_0_ym1_1_1388260017749_2670\" valign=\"top\">\n<p dir=\"ltr\" id=\"yui_3_13_0_ym1_1_1388260017749_2669\">En amont de cette grande journ\u00e9e, nous avons organis\u00e9 les menus et repas du midi et du soir avec des mamans de notre association : Anna et Sadio ont cuisin\u00e9 chez elles, la veille pour nous confectionner le repas du midi : Anna a pr\u00e9par\u00e9 une grande salade arm\u00e9nienne, des petits pains fourr\u00e9s au fromage, \u00e0 la pomme de terre ou \u00e0 la viande, des cupcakes violets et roses, et pour les recettes maliennes : des pastels, des beignets \u00e0 la fleur d&rsquo;oranger et en plus de tout \u00e7a, des quiches !<\/p>\n<p dir=\"ltr\" id=\"yui_3_13_0_ym1_6_1388260017749_32\">Encore une belle exp\u00e9rience et journ\u00e9e de partage avec nos amis d&rsquo;Animakt :<br \/>\nAu programme, des ateliers : cirque avec pyramides, boule et fil d&rsquo;\u00e9quilibre, couture pour confectionner des jolis sacs, cuisine pour faire des g\u00e2teaux au chocolat pour le go\u00fbter, peintures et fresques avec le c\u00e9l\u00e8bre Willy, musique avec Murielle mais aussi, en passant : le spectacle d&rsquo;objets avec Marie et ses marionnettes, un moment pour se d\u00e9guiser aussi et se prendre en photo. \u00c7a nous fera \u00e0 chacun de jolis souvenirs car nous repartirons tous avec des clich\u00e9s.<\/p>\n<p dir=\"ltr\" id=\"yui_3_13_0_ym1_1_1388260017749_2800\">Apr\u00e8s le repas, Mourad, le conteur de l&rsquo;\u00d4tre ville, nous raconte une histoire comme il sait si bien le faire.<\/p>\n<p dir=\"ltr\" id=\"yui_3_13_0_ym1_1_1388260017749_2739\">Enfin d&rsquo;apr\u00e8s midi, nous nous retrouvons dans la cours de la Barakt pour engloutir les succulents g\u00e2teaux au chocolat, puis dans la salle de spectacle pour assister aux restitutions et spectacles des diff\u00e9rents ateliers. Tout \u00e9tait chouette et la salle remplie de rires !<br id=\"yui_3_13_0_ym1_6_1388260017749_25\" \/> Apr\u00e8s quoi, nous avons assist\u00e9 au concert spectacle de Murielle et de sa troupe, puis au spectacle hilarant de 2 comp\u00e8res acrobates ! Morts de rires !<\/p>\n<p dir=\"ltr\" id=\"yui_3_13_0_ym1_6_1388260017749_43\">Au milieu de toute cette agitation et de ces moments partag\u00e9s, les mamans des Robinsons se sont aussi cr\u00e9\u00e9es leur espace. Toute la journ\u00e9e, Loulou, Chantal, Monique, Rabia, Mounira et Zohra cuisineront ensemble couscous traditionnel, tajine tunisien et tarte au citron pour tous nous r\u00e9galer au d\u00eener !<\/p>\n<p dir=\"ltr\" id=\"yui_3_13_0_ym1_6_1388260017749_22\"><strong><span style=\"color: #ff00ff\">C&rsquo;\u00e9tait vraiment une belle journ\u00e9e. BRAVO A TOUS ET A TOUTES d&rsquo;y avoir contribu\u00e9 !!!<\/span><\/strong><\/p>\n<p dir=\"ltr\" id=\"yui_3_13_0_ym1_6_1388260017749_27\"><strong><span style=\"color: #ff00ff\">HIP HIP HIP HOURA POUR LES MAMANS CUISINIERES !!<\/span><\/strong><\/p>\n<p dir=\"ltr\" id=\"yui_3_13_0_ym1_1_1388260017749_2738\">\n<\/td>\n<\/tr>\n<\/tbody>\n<\/table>\n<\/div>\n<p>Photos de Sileks.<\/p>\n<p>Samedi \u00e0 Longjumeau :\u00a0<a href=\"http:\/\/www.flickr.com\/photos\/alexisnys\/sets\/72157639006173115\/\" target=\"_blank\">http:\/\/www.flickr.com\/photos\/alexisnys\/sets\/72157639006173115\/<\/a><\/p>\n<p>Dimanche \u00e0 Saulx :\u00a0<a href=\"http:\/\/www.flickr.com\/photos\/alexisnys\/sets\/72157639009612273\/\" target=\"_blank\">http:\/\/www.flickr.com\/photos\/alexisnys\/sets\/72157639009612273\/<\/a><\/p>\n<p class=\"MsoNormal\"><strong><span style=\"text-decoration: underline\">SAMEDI \u00e0 la Villa Saint Martin\u00a0:<\/span><\/strong><\/p>\n<p class=\"MsoNormal\" style=\"text-align: left\"><strong>Le vent s\u2019est lev\u00e9 sur le quartier. Madalin, notre ancien coll\u00e8gue en service civique, est venu avec ses futurs coll\u00e8gues, l\u2019\u00e9quipe d\u2019Animakt<\/strong> pour agr\u00e9menter notre atelier, de cirque et de musique. Mireille, qui est d\u00e9j\u00e0 venue mercredi sur le camp de Villebon, avec ses instruments originaux, est de retour !<a title=\"SAMSUNG CAMERA PICTURES\" href=\"http:\/\/www.flickr.com\/photos\/100872287@N06\/11587597226\"><img loading=\"lazy\" decoding=\"async\" class=\"aligncenter\" alt=\"SAMSUNG CAMERA PICTURES\" src=\"http:\/\/farm4.staticflickr.com\/3800\/11587597226_df0c282c49.jpg\" width=\"448\" height=\"336\" \/><\/a><\/p>\n<p class=\"MsoNormal\"><a title=\"WP_20131221_004\" href=\"http:\/\/www.flickr.com\/photos\/100872287@N06\/11587006743\"><img loading=\"lazy\" decoding=\"async\" class=\"aligncenter\" alt=\"WP_20131221_004\" src=\"http:\/\/farm4.staticflickr.com\/3726\/11587006743_304fd2815e.jpg\" width=\"448\" height=\"252\" \/><\/a><a title=\"WP_20131221_017\" href=\"http:\/\/www.flickr.com\/photos\/100872287@N06\/11586804785\"><img loading=\"lazy\" decoding=\"async\" class=\"aligncenter\" alt=\"WP_20131221_017\" src=\"http:\/\/farm8.staticflickr.com\/7449\/11586804785_55bcf6e80d.jpg\" width=\"448\" height=\"252\" \/><\/a><strong>Et avec elle, Greg et son acolyte proposent du jonglage, au sens large\u00a0: b\u00e2ton du diable, diabolos et balle, mais aussi de l\u2019\u00e9quilibre sur boule et sur fil.<\/strong> Comme les enfants, je suis toute contente, de monter dessus, et cela me rappelle une autre \u00e9poque de ma vie\u2026. Du coup, j\u2019aide les enfants \u00e0 monter sur cette \u00e9norme boule rouge et \u00e0 tenir en \u00e9quilibre, en faisant le mouvement tic tac avec les pieds.<\/p>\n<p class=\"MsoNormal\"><a title=\"SAMSUNG CAMERA PICTURES\" href=\"http:\/\/www.flickr.com\/photos\/100872287@N06\/11586805505\"><img loading=\"lazy\" decoding=\"async\" class=\"aligncenter\" alt=\"SAMSUNG CAMERA PICTURES\" src=\"http:\/\/farm4.staticflickr.com\/3774\/11586805505_62a6c5251d.jpg\" width=\"336\" height=\"448\" \/><\/a><strong>A c\u00f4t\u00e9, un g\u00e2teau marbr\u00e9 se pr\u00e9pare avec Donya,<\/strong> sa m\u00e8re et sa tante. La tente des jeux de soci\u00e9t\u00e9 va bon train et les enfants s\u2019\u00e9clatent au devine-t\u00eate avec Corentin et Florian.<\/p>\n<p class=\"MsoNormal\"><a title=\"WP_20131221_016\" href=\"http:\/\/www.flickr.com\/photos\/100872287@N06\/11587006483\"><img loading=\"lazy\" decoding=\"async\" class=\"aligncenter\" alt=\"WP_20131221_016\" src=\"http:\/\/farm4.staticflickr.com\/3765\/11587006483_60ffacf683.jpg\" width=\"448\" height=\"252\" \/><\/a><strong>Marion, propose aux enfants de nous refaire un b\u00e2ton de parole pour notre conseil de quartier. Il est superbe\u00a0!<\/strong> Avec de la feutrine, des feuilles d\u2019arbres, des perles, du fil de fer de couleurs, du papier cr\u00e9pon, du Posca et autres merveilles.<\/p>\n<p class=\"MsoNormal\" style=\"text-align: center\"><a title=\"SAMSUNG CAMERA PICTURES\" href=\"http:\/\/www.flickr.com\/photos\/100872287@N06\/11587006973\"><img loading=\"lazy\" decoding=\"async\" class=\"aligncenter\" alt=\"SAMSUNG CAMERA PICTURES\" src=\"http:\/\/farm3.staticflickr.com\/2837\/11587006973_a506cbfa11.jpg\" width=\"448\" height=\"336\" \/><\/a><\/p>\n<p class=\"MsoNormal\"><strong>Au Conseil de quartier, les enfants proposent de faire un tournoi de foot samedi prochain, et un circuit v\u00e9lo, le suivant. On les motive pour que ce soit eux, qui organisent<\/strong>. Ils vont constituer des \u00e9quipes et nous apporter une liste vendredi avec le noms des enfants, les r\u00e8gles et ce dont ils auraient besoin\u00a0: Adem et Arnaud sont sur le coup\u00a0!!<\/p>\n<p class=\"MsoNormal\"><b>VENDREDI\u00a0:<\/b><\/p>\n<p class=\"MsoNormal\"><b><span style=\"text-decoration: underline\">Au rucher\u00a0:<\/span><\/b><\/p>\n<p class=\"MsoNormal\"><a title=\"WP_20131220_003\" href=\"http:\/\/www.flickr.com\/photos\/100872287@N06\/11587175114\"><img decoding=\"async\" class=\"alignnone \" alt=\"WP_20131220_003\" src=\"http:\/\/farm6.staticflickr.com\/5542\/11587175114_28308e669a.jpg\" \/><\/a><\/p>\n<p class=\"MsoNormal\">Nous nous retrouvons cet apr\u00e8s-midi au d\u00e9part de Longjumeau en direction du terrain du fond de l\u2019\u00e9glise \u00e0 Saulx. Les ruches montraient des signes de faiblesse on d\u00e9cide alors d\u2019y faire un tour.<\/p>\n<p class=\"MsoNormal\"><a title=\"WP_20131220_009\" href=\"http:\/\/www.flickr.com\/photos\/100872287@N06\/11587056113\"><img decoding=\"async\" alt=\"WP_20131220_009\" src=\"http:\/\/farm6.staticflickr.com\/5527\/11587056113_baf5c1b3e4.jpg\" \/><\/a><\/p>\n<p class=\"MsoNormal\">Nous nous pr\u00e9parons donc en mettant les combinaisons puis nous ouvrons les ruches tr\u00e8s rapidement pour que le froid ne s\u2019installe pas \u00e0 l\u2019int\u00e9rieur. Malheureusement une d\u2019entre elles \u00e0 p\u00e9ri, mais difficile de savoir ce qui a pu se passer. Quand \u00e0 l\u2019autre nous la nourrissons pour qu\u2019elle puisse passer l\u2019hiver plus confortablement.<\/p>\n<p class=\"MsoNormal\">Ensuite nous essayons de retrouver le moral, nous d\u00e9frichons notre terrain, certains enl\u00e8vent les ronces pour que l\u2019on puisse circuler plus facilement sur le terrain. On coupe \u00e9galement du bois suite aux nombreuses branches cass\u00e9es.<\/p>\n<p class=\"MsoNormal\"><a title=\"WP_20131220_034\" href=\"http:\/\/www.flickr.com\/photos\/100872287@N06\/11587645646\"><img decoding=\"async\" class=\"alignnone \" alt=\"WP_20131220_034\" src=\"http:\/\/farm8.staticflickr.com\/7375\/11587645646_b2693e8d3b.jpg\" \/><\/a><\/p>\n<p class=\"MsoNormal\">Nous terminons par un th\u00e9 pris au soleil qui est quand m\u00eame assez g\u00e9n\u00e9reux cet apr\u00e8s-midi.<\/p>\n<p class=\"MsoNormal\"><b><span style=\"text-decoration: underline\">A la Rocade\u00a0:<\/span><\/b><\/p>\n<p class=\"MsoNormal\">C\u2019est les vacances et les enfants sont tous tr\u00e8s contents.\u00a0Les quelques rayons de soleil suffisent a nous donner le sourire\u00a0!\u00a0 Une partie de foot s\u2019improvise sur la Rocade, tout le monde y va de son meilleur tir\u00a0!<\/p>\n<p class=\"MsoNormal\" style=\"text-align: center\"><img loading=\"lazy\" decoding=\"async\" class=\"aligncenter\" alt=\".\" src=\"http:\/\/farm3.staticflickr.com\/2825\/11605089045_a29aed50f0.jpg\" width=\"448\" height=\"336\" \/><\/p>\n<p class=\"MsoNormal\">Les enfants proposent ensuite une partie de balle aux prisonniers afin de se r\u00e9chauffer un peu plus. A c\u00f4t\u00e9, des parties du Saboteur s\u2019organise dans la tente avec Maria et Nicolas. Ils sont tr\u00e8s vite rejoints par Marion Hafsatou et Sara qui se lance dans une partie de Perudo.<\/p>\n<p class=\"MsoNormal\" style=\"text-align: center\"><a title=\".\" href=\"http:\/\/www.flickr.com\/photos\/100872287@N06\/11605428364\"><img loading=\"lazy\" decoding=\"async\" class=\"aligncenter\" alt=\".\" src=\"http:\/\/farm4.staticflickr.com\/3781\/11605428364_84985887b9.jpg\" width=\"448\" height=\"336\" \/><\/a><\/p>\n<p class=\"MsoNormal\" style=\"text-align: center\"><strong>Dans la tente petite enfance c\u2019est la dinette qui est \u00e0 l\u2019honneu<\/strong>r. Melvin et Adam pr\u00e9parent de supers petits plats \u00e0 Souad et se r\u00e9galent tous ensemble.<a title=\".\" href=\"http:\/\/www.flickr.com\/photos\/100872287@N06\/11605849386\"><img loading=\"lazy\" decoding=\"async\" class=\"aligncenter\" alt=\".\" src=\"http:\/\/farm3.staticflickr.com\/2840\/11605849386_99f57e8bc2.jpg\" width=\"448\" height=\"336\" \/><\/a><\/p>\n<p class=\"MsoNormal\">Aline accompagn\u00e9 de Rachida, St\u00e9phanie et d\u2019autres mamans font un atelier couture tout en discutant. Il est d\u00e9j\u00e0 l\u2019heure de go\u00fbter et tut le monde se retrouve sur la b\u00e2che au centre. Nous nous disons \u00e0 tr\u00e8s vite\u00a0!!!<\/p>\n<p class=\"MsoNormal\" style=\"text-align: center\"><a title=\".\" href=\"http:\/\/www.flickr.com\/photos\/100872287@N06\/11605427934\"><img loading=\"lazy\" decoding=\"async\" class=\"aligncenter\" alt=\".\" src=\"http:\/\/farm4.staticflickr.com\/3830\/11605427934_51417f7be5.jpg\" width=\"448\" height=\"336\" \/><\/a><\/p>\n<p><strong><span style=\"text-decoration: underline\">JEUDI :<\/span><\/strong><\/p>\n<p><strong><span style=\"text-decoration: underline\">Villebon Atelier Fran\u00e7ais\u00a0:<\/span><\/strong><\/p>\n<p><a title=\".\" href=\"http:\/\/www.flickr.com\/photos\/100872287@N06\/11586965085\"><img decoding=\"async\" class=\"alignnone \" alt=\".\" src=\"http:\/\/farm8.staticflickr.com\/7416\/11586965085_605e280c62.jpg\" \/><\/a><\/p>\n<p><strong>Aujourd\u2019hui il est difficile de constituer un groupe pour l\u2019atelier car les mamans ne sont pas disponibles.<\/strong> Les d\u00e9lais des OQTF derni\u00e8rement distribu\u00e9s (obligation de quitter le territoire fran\u00e7ais) arrivant \u00e0 leur terme, beaucoup de familles sont sur le d\u00e9part et c\u2019est triste. C\u2019est aussi l\u2019occasion de faire la connaissance de Catalin qui fait le traducteur pour faciliter la conversation avec Florina.<\/p>\n<p><a title=\".\" href=\"http:\/\/www.flickr.com\/photos\/100872287@N06\/11587166733\"><img decoding=\"async\" alt=\".\" src=\"http:\/\/farm3.staticflickr.com\/2831\/11587166733_c180d36d01.jpg\" \/><\/a><\/p>\n<p><span style=\"color: #ff00ff\">Les enfants r\u00e9pondent tout de m\u00eame pr\u00e9sent pour se r\u00e9chauffer autour d\u2019un bon th\u00e9 chaud.<\/span> Ils nous montrent qu\u2019ils ont bien retenu les mots de vocabulaire de la semaine pass\u00e9e comme \u00ab\u00a0cuill\u00e8re\u00a0\u00bb ou \u00ab\u00a0chocolat\u00a0\u00bb. Chuchanu nous chante une chanson en Roumain et on improvise un b\u0153uf de \u00ab\u00a0percu on the table\u00a0\u00bb avec Yocif.<\/p>\n<p>On a \u00e9galement eu le plaisir de rencontrer Gabriella qui parle d\u00e9j\u00e0 un peu fran\u00e7ais et est tr\u00e8s motiv\u00e9e pour participer aux prochains ateliers.<\/p>\n<p><b><span style=\"text-decoration: underline\">Au jardin\u00a0:<\/span><\/b><\/p>\n<p><a title=\"WP_20131219_004\" href=\"http:\/\/www.flickr.com\/photos\/100872287@N06\/11587224904\"><img decoding=\"async\" class=\"alignnone \" alt=\"WP_20131219_004\" src=\"http:\/\/farm6.staticflickr.com\/5477\/11587224904_2728b95de3.jpg\" \/><\/a><\/p>\n<p>Nous arrivons au terrain avec un beau soleil, parfait pour se motiver \u00e0 jardiner.<\/p>\n<p>Nous continuons le travail entam\u00e9 ces derni\u00e8res semaines, c&rsquo;est-\u00e0-dire d\u2019ajouter du fumier \u00e0 nos parcelles. Un groupe charge les brouettes, d\u2019autres les transportent puis une personne l\u2019\u00e9tale sur le terrain. <strong>Aussi nous augmentons la surface de la parcelle qui cette ann\u00e9e avait \u00ab\u00a0accueilli \u00bb les patates\u00a0\u00bb. On grignote du terrain en s\u2019aidant de houes, r\u00e2teaux et fourches.<\/strong><\/p>\n<p><a title=\"WP_20131219_011\" href=\"http:\/\/www.flickr.com\/photos\/100872287@N06\/11586899355\"><img decoding=\"async\" alt=\"WP_20131219_011\" src=\"http:\/\/farm6.staticflickr.com\/5481\/11586899355_1f7ab86beb.jpg\" \/><\/a><\/p>\n<p>Un peu de bois est coup\u00e9 ainsi que plusieurs branches, nous avons termin\u00e9 de disposer du fumier sur tout le terrain. Ne reste plus qu\u2019\u00e0 attendre que le fumier se d\u00e9compose puis nous passerons la motobineuse sur l\u2019int\u00e9gralit\u00e9 de nos parcelles afin d\u2019accueillir nos futurs semis.<\/p>\n<p><a title=\"WP_20131219_002\" href=\"http:\/\/www.flickr.com\/photos\/100872287@N06\/11587230184\"><img decoding=\"async\" alt=\"WP_20131219_002\" src=\"http:\/\/farm4.staticflickr.com\/3751\/11587230184_4ae4bc15b0.jpg\" \/><\/a><\/p>\n<p><b><span style=\"text-decoration: underline\">Au skate-park\u00a0:<\/span><\/b><\/p>\n<p><a title=\"20131219_170613\" href=\"http:\/\/www.flickr.com\/photos\/100872287@N06\/11586926105\"><img decoding=\"async\" class=\"alignnone \" alt=\"20131219_170613\" src=\"http:\/\/farm6.staticflickr.com\/5548\/11586926105_fd94902f8c.jpg\" \/><\/a><\/p>\n<p>Il fait moins froid ces jours-ci mais c\u2019est tout de m\u00eame humide. Mais une fois install\u00e9e sur les tapis, j\u2019oublie un peu le froid. J\u2019ai apport\u00e9 des aiguilles et de la laine car St\u00e9phanie, qui apprend \u00e0 tricoter, nous a propos\u00e9 de nous apprendre \u00e0 son tour. C\u2019est chouette\u00a0; nous avions d\u00e9j\u00e0 fait \u00e7a, avec une autre maman, Malika, mais entre temps, j\u2019ai tout oubli\u00e9\u00a0! M\u00eame les enfants, Sira et Khadidja essayent. St\u00e9phanie a beaucoup de patience et montre et remontre\u2026<\/p>\n<p><a title=\"20131219_172251\" href=\"http:\/\/www.flickr.com\/photos\/100872287@N06\/11587245884\"><img decoding=\"async\" class=\"alignnone \" alt=\"20131219_172251\" src=\"http:\/\/farm8.staticflickr.com\/7322\/11587245884_5021010db6.jpg\" \/><\/a><\/p>\n<p>Rachida a presque r\u00e9ussi \u00e0 monter une belle rang\u00e9e de maille. La suite, au prochain \u00e9pisode, peut-\u00eatre demain, Car St\u00e9phanie, est enceinte de 7 mois et doit se reposer.<\/p>\n<p><a title=\"20131219_171542\" href=\"http:\/\/www.flickr.com\/photos\/100872287@N06\/11587717656\"><img decoding=\"async\" class=\"alignnone \" alt=\"20131219_171542\" src=\"http:\/\/farm3.staticflickr.com\/2852\/11587717656_52413b6a68.jpg\" \/><\/a><\/p>\n<p>A c\u00f4t\u00e9, une belle partie de Blokus et donc de strat\u00e9gie durera une bonne partie de l\u2019atelier.<\/p>\n<p><a title=\"20131219_170321\" href=\"http:\/\/www.flickr.com\/photos\/100872287@N06\/11587246584\"><img decoding=\"async\" class=\"alignnone \" alt=\"20131219_170321\" src=\"http:\/\/farm4.staticflickr.com\/3789\/11587246584_87b5b26398.jpg\" \/><\/a><\/p>\n<p><span style=\"color: #ff00ff\">Eta, sortie de sa poussette, passe de bras en bras. Ses grandes s\u0153urs jouent sur le tapis ou aux alentours avec les autres enfants.<\/span><\/p>\n<p>Nicolas et Florian emm\u00e8nent les gar\u00e7ons jouer au ballon sur le terrain \u00e0 c\u00f4t\u00e9.<\/p>\n<p>Enfin, on se r\u00e9uni pour prendre le go\u00fbter.<\/p>\n<p><span style=\"text-decoration: underline\"><strong>A la Croix Breton :<\/strong><\/span><\/p>\n<div id=\"yui_3_13_0_ym1_1_1388413940766_25549\"><a href=\"http:\/\/recherche-action.fr\/intermedes\/files\/2013\/12\/IMG_2483.jpg\"><img loading=\"lazy\" decoding=\"async\" class=\" wp-image-3479 alignnone\" alt=\"IMG_2483\" src=\"http:\/\/recherche-action.fr\/intermedes\/files\/2013\/12\/IMG_2483.jpg\" width=\"217\" height=\"163\" \/><\/a> <a href=\"http:\/\/recherche-action.fr\/intermedes\/files\/2013\/12\/IMG_2485.jpg\"><img loading=\"lazy\" decoding=\"async\" class=\"wp-image-3480 alignnone\" alt=\"IMG_2485\" src=\"http:\/\/recherche-action.fr\/intermedes\/files\/2013\/12\/IMG_2485.jpg\" width=\"269\" height=\"202\" \/><\/a>\u00a0 <img loading=\"lazy\" decoding=\"async\" id=\"wp_editimgbtn\" title=\"Modifier l\u2019image\" alt=\"\" src=\"http:\/\/recherche-action.fr\/intermedes\/wp-includes\/js\/tinymce\/plugins\/wpeditimage\/img\/image.png\" width=\"24\" height=\"24\" \/><\/div>\n<div><\/div>\n<div>C&rsquo;est un joli soleil qui nous accueille aujourd&rsquo;hui a la Croix-Breton. C&rsquo;est les vacances et pas mal d&rsquo;enfants sont partis. Nous avons pr\u00e9vu de la peinture \u00e0 la bombe afin de r\u00e9aliser les fonds de nos Dazibao, mais avant toutes choses il est important de se retrouver et de s\u2019accueillir <a href=\"http:\/\/recherche-action.fr\/intermedes\/files\/2013\/12\/IMG_2490.jpg\"><img loading=\"lazy\" decoding=\"async\" class=\"wp-image-3481 alignleft\" alt=\"IMG_2490\" src=\"http:\/\/recherche-action.fr\/intermedes\/files\/2013\/12\/IMG_2490.jpg\" width=\"263\" height=\"198\" \/><\/a>mutuellement. Rude nous propose de jouer au Ninja\u00a0! Ce jeu consiste a essay\u00e9 de toucher la main de son voisin tout en adoptant les poses les plus folles\u00a0! Nous somme rejoins par Sara,Khadija et leur mamans qui sont ravies de nous retrouver ici pendant les vacances. Nous passons un bon moment ensemble avec les enfants,tr\u00e8s intrigu\u00e9s par la peinture \u00e0 la bombe, elles se laissent volontiers tenter\u00a0!<\/div>\n<div id=\"yui_3_13_0_ym1_1_1388413940766_25570\">Sara de son c\u00f4t\u00e9 fait des coloriages et pr\u00e9f\u00e8re rester plut\u00f4t sur un coin plus calme. Nous nous rassemblons ensuite afin de ranger l&rsquo;atelier tous ensemble et de prendre ensuite le go\u00fbter. Nous nous donnons rendez vous le lendemain \u00e0 la Rocade ou le samedi \u00e0 la Villa Saint Martin !<a href=\"http:\/\/recherche-action.fr\/intermedes\/files\/2013\/12\/IMG_2492.jpg\"><img loading=\"lazy\" decoding=\"async\" class=\"aligncenter  wp-image-3482\" alt=\"IMG_2492\" src=\"http:\/\/recherche-action.fr\/intermedes\/files\/2013\/12\/IMG_2492.jpg\" width=\"279\" height=\"210\" \/><\/a><\/div>\n<p><strong><span style=\"text-decoration: underline\">MERCREDI :<br \/>\n<\/span><\/strong><\/p>\n<p><strong><span style=\"color: #ff00ff\"><span style=\"text-decoration: underline\">Ludoth\u00e8que\u00a0:<\/span><\/span><\/strong><\/p>\n<p><a title=\"SAMSUNG CAMERA PICTURES\" href=\"http:\/\/www.flickr.com\/photos\/100872287@N06\/11586981465\"><img decoding=\"async\" class=\"alignnone \" alt=\"SAMSUNG CAMERA PICTURES\" src=\"http:\/\/farm6.staticflickr.com\/5484\/11586981465_c36a729e2f.jpg\" \/><\/a><\/p>\n<p><strong>Cette apr\u00e8s midi a bel air, nous sortons notre billard pour la second fois, et le succ\u00e9s est au rendez vous\u00a0!<\/strong> Les enfants se ruent dessus, et apr\u00e8s avoir appris a bien tenir la canne, les parties s\u2019enchainent sans discontinuer. Le jeu de mikado g\u00e9ant marche bien \u00e9galement.<\/p>\n<p><a title=\"SAMSUNG CAMERA PICTURES\" href=\"http:\/\/www.flickr.com\/photos\/100872287@N06\/11587302094\"><img decoding=\"async\" alt=\"SAMSUNG CAMERA PICTURES\" src=\"http:\/\/farm8.staticflickr.com\/7402\/11587302094_971112609a.jpg\" \/><\/a><\/p>\n<p><strong>Des enfants jouent aux echecs<\/strong>, certains maitrisent maintenant bien les r\u00e8gles, et expliquent aux autres sans l\u2019aide d\u2019adultes. Un peu plus tard on lance une partie de Molki, et on fait du Parkour avec Jessie, Mayssa, et Axel.<\/p>\n<p><a title=\"SAMSUNG CAMERA PICTURES\" href=\"http:\/\/www.flickr.com\/photos\/100872287@N06\/11587301824\"><img decoding=\"async\" alt=\"SAMSUNG CAMERA PICTURES\" src=\"http:\/\/farm8.staticflickr.com\/7291\/11587301824_6b9380d04f.jpg\" \/><\/a><\/p>\n<p><strong>On se dit que la semaine prochaine, on fera une vid\u00e9o comme les pros\u00a0!<\/strong> C\u2019est d\u00e9j\u00e0 la fin de l\u2019atelier, et l\u2019heure du gouter qui approche. Maroua et Nesrine sont responsable du gouter, nous d\u00e9gustons un chocolat chaud, et l\u2019atelier se termine dans la joie et la bonne humeur.<\/p>\n<p><a title=\"SAMSUNG CAMERA PICTURES\" href=\"http:\/\/www.flickr.com\/photos\/100872287@N06\/11586981585\"><img decoding=\"async\" alt=\"SAMSUNG CAMERA PICTURES\" src=\"http:\/\/farm4.staticflickr.com\/3826\/11586981585_225cea9a8f.jpg\" \/><\/a><\/p>\n<p><strong><span style=\"color: #ff00ff\"><span style=\"text-decoration: underline\">Projet ados \u00e0 la MJC\u00a0:<\/span><\/span><\/strong><\/p>\n<p style=\"text-align: center\"><a title=\"WP_20131218_003\" href=\"http:\/\/www.flickr.com\/photos\/100872287@N06\/11587854496\"><img loading=\"lazy\" decoding=\"async\" class=\"aligncenter\" alt=\"WP_20131218_003\" src=\"http:\/\/farm6.staticflickr.com\/5548\/11587854496_288fd106c6.jpg\" width=\"448\" height=\"252\" \/><\/a><\/p>\n<p>Cet apr\u00e8s-midi nous nous r\u00e9unissons \u00e0 la MJC centre social de Chilly avec un groupe d\u2019ados. C\u2019est un groupe de 7 jeunes pr\u00eat \u00e0 participer au projet ados pour l\u2019ann\u00e9e 2014.<\/p>\n<p>Cet apr\u00e8s-midi \u00e9tait l\u2019occasion pour tout le monde de se rencontrer et de connaitre le contenu du projet. D<span style=\"color: #ff00ff\">eux anciens participants \u00e9taient pr\u00e9sents et on pu partager leurs souvenirs de l\u2019ann\u00e9e pr\u00e9c\u00e9dente et expliquer comment c\u2019\u00e9tait d\u00e9roul\u00e9 le voyage de l\u2019ann\u00e9e derni\u00e8re qui aura lieu au m\u00eame endroit cette ann\u00e9e, \u00e0 Vauni\u00e8res, dans les Hautes-Alpes.<\/span><\/p>\n<p><strong>Nous avons \u00e9galement d\u00e9but\u00e9 la cr\u00e9ation de notre logo qui pourra \u00eatre d\u00e9velopp\u00e9 sur des t-shirts et des stickers<\/strong>. Chaque participant \u00e0 pu proposer un dessin, que nous regrouperons pour produire notre logo.<\/p>\n<p style=\"text-align: center\"><a title=\"WP_20131218_005\" href=\"http:\/\/www.flickr.com\/photos\/100872287@N06\/11587854446\"><img loading=\"lazy\" decoding=\"async\" class=\"aligncenter\" alt=\"WP_20131218_005\" src=\"http:\/\/farm6.staticflickr.com\/5489\/11587854446_61af569afe.jpg\" width=\"448\" height=\"252\" \/><\/a><\/p>\n<p><b><span style=\"text-decoration: underline\">A Villebon\u00a0:<\/span><\/b><\/p>\n<p><strong>Nos petits loulous nous attendent comme d\u2019habitude. Aujourd\u2019hui, nos amis d\u2019Animakt sont de retour avec Mireille pour proposer un atelier de musique et de rythme, en parall\u00e8le de nos ateliers p\u00e9riscolaires.<\/strong><\/p>\n<p>Mais avant tout cela, nous faisons une ronde pour suivre les gestes et bruits que Mireille nous propose, un peu comme un chef et son orchestre\u00a0!<\/p>\n<p style=\"text-align: center\"><a title=\".\" href=\"http:\/\/www.flickr.com\/photos\/100872287@N06\/11587800656\"><img loading=\"lazy\" decoding=\"async\" class=\"aligncenter\" alt=\".\" src=\"http:\/\/farm8.staticflickr.com\/7370\/11587800656_88aa9b0bf1.jpg\" width=\"448\" height=\"336\" \/><\/a><\/p>\n<p>Apr\u00e8s quoi, elle joue un rythme sur lequel, nous dansons, puis lorsqu\u2019elle s\u2019arr\u00eate, plus personne ne doit bouger un cil et faire la statue.<\/p>\n<p>Apr\u00e8s ce temps tous ensemble, Mireille et ses acolytes prennent un petit groupe d\u2019enfants et sortent de dr\u00f4les d\u2019instruments de musique et font un concert, assis sur des valises au pied d\u2019une fresque et d\u2019ours polaires graff\u00e9s sur le mur.<\/p>\n<p style=\"text-align: center\"><a title=\".\" href=\"http:\/\/www.flickr.com\/photos\/100872287@N06\/11587800726\"><img loading=\"lazy\" decoding=\"async\" class=\"aligncenter\" alt=\".\" src=\"http:\/\/farm8.staticflickr.com\/7448\/11587800726_a22383dbbf.jpg\" width=\"448\" height=\"336\" \/><\/a><\/p>\n<p>De notre c\u00f4t\u00e9, nous ressortons nos puzzles de sapin de No\u00ebl, commenc\u00e9s la semaine derni\u00e8re. Pour la plupart, ils ont d\u00e9j\u00e0 \u00e9t\u00e9 d\u00e9coup\u00e9s et coll\u00e9s. Il reste maintenant \u00e0 les colorier.<\/p>\n<p style=\"text-align: center\"><a title=\".\" href=\"http:\/\/www.flickr.com\/photos\/100872287@N06\/11587211643\"><img loading=\"lazy\" decoding=\"async\" class=\"aligncenter\" alt=\".\" src=\"http:\/\/farm6.staticflickr.com\/5536\/11587211643_3577b684e8.jpg\" width=\"336\" height=\"448\" \/><\/a><a title=\".\" href=\"http:\/\/www.flickr.com\/photos\/100872287@N06\/11587211283\"><img loading=\"lazy\" decoding=\"async\" class=\"aligncenter\" alt=\".\" src=\"http:\/\/farm6.staticflickr.com\/5474\/11587211283_47c6318911.jpg\" width=\"448\" height=\"336\" \/><\/a><\/p>\n<p>Les petits, colorient des dessins plus simples, avec moins de d\u00e9tails et s\u2019efforcent d\u2019apprendre les couleurs, et de ne pas d\u00e9passer les contours.<\/p>\n<p><strong>Un bel atelier avec de jolis sons et de jolis couleurs\u00a0!<\/strong><\/p>\n<p style=\"text-align: center\"><a title=\".\" href=\"http:\/\/www.flickr.com\/photos\/100872287@N06\/11587800366\"><img loading=\"lazy\" decoding=\"async\" class=\"aligncenter\" alt=\".\" src=\"http:\/\/farm3.staticflickr.com\/2816\/11587800366_8310f38dca.jpg\" width=\"336\" height=\"448\" \/><\/a><\/p>\n<p>&nbsp;<\/p>\n<p>&nbsp;<\/p>\n","protected":false},"excerpt":{"rendered":"<p>\u00ab\u00a0Tu comprends , quand j&rsquo;arrive au travail certains matins, avec tous les soucis que j&rsquo;ai dans la t\u00eate, je ne me sens pas capable de travailler avec les enfants. Et puis je me dis que si je reste comme \u00e7a , les enfants n&rsquo;auront pas envie de jouer avec moi, alors, je les vois et &hellip; <a href=\"http:\/\/recherche-action.fr\/intermedes\/2013\/12\/20\/nous-on-doit-et-eux-ils-peuvent\/\" class=\"more-link\">Continuer la lecture<span class=\"screen-reader-text\"> de &laquo;&nbsp;Nous, on doit et eux, ils peuvent&nbsp;&raquo;<\/span><\/a><\/p>\n","protected":false},"author":1,"featured_media":0,"comment_status":"open","ping_status":"open","sticky":false,"template":"","format":"standard","meta":{"footnotes":""},"categories":[1],"tags":[],"class_list":["post-3455","post","type-post","status-publish","format-standard","hentry","category-non-classe"],"jetpack_featured_media_url":"","_links":{"self":[{"href":"http:\/\/recherche-action.fr\/intermedes\/wp-json\/wp\/v2\/posts\/3455","targetHints":{"allow":["GET"]}}],"collection":[{"href":"http:\/\/recherche-action.fr\/intermedes\/wp-json\/wp\/v2\/posts"}],"about":[{"href":"http:\/\/recherche-action.fr\/intermedes\/wp-json\/wp\/v2\/types\/post"}],"author":[{"embeddable":true,"href":"http:\/\/recherche-action.fr\/intermedes\/wp-json\/wp\/v2\/users\/1"}],"replies":[{"embeddable":true,"href":"http:\/\/recherche-action.fr\/intermedes\/wp-json\/wp\/v2\/comments?post=3455"}],"version-history":[{"count":0,"href":"http:\/\/recherche-action.fr\/intermedes\/wp-json\/wp\/v2\/posts\/3455\/revisions"}],"wp:attachment":[{"href":"http:\/\/recherche-action.fr\/intermedes\/wp-json\/wp\/v2\/media?parent=3455"}],"wp:term":[{"taxonomy":"category","embeddable":true,"href":"http:\/\/recherche-action.fr\/intermedes\/wp-json\/wp\/v2\/categories?post=3455"},{"taxonomy":"post_tag","embeddable":true,"href":"http:\/\/recherche-action.fr\/intermedes\/wp-json\/wp\/v2\/tags?post=3455"}],"curies":[{"name":"wp","href":"https:\/\/api.w.org\/{rel}","templated":true}]}}