{"id":36,"date":"2012-04-26T08:05:50","date_gmt":"1999-11-29T23:00:00","guid":{"rendered":"http:\/\/recherche-action.fr\/intermedes\/2012\/04\/26\/rendre-premier-ce-qui-etait-second\/"},"modified":"2012-04-26T08:05:50","modified_gmt":"1999-11-29T23:00:00","slug":"rendre-premier-ce-qui-etait-second","status":"publish","type":"post","link":"http:\/\/recherche-action.fr\/intermedes\/2012\/04\/26\/rendre-premier-ce-qui-etait-second\/","title":{"rendered":"Rendre premier ce qui \u00e9tait second"},"content":{"rendered":"<p>&nbsp;<\/p>\n<p><a href=\"http:\/\/blog.recherche-action.fr\/intermedes\/files\/2012\/04\/Soiree-convivi20.jpg\"><img fetchpriority=\"high\" decoding=\"async\" class=\"aligncenter size-medium wp-image-1518\" src=\"http:\/\/blog.recherche-action.fr\/intermedes\/files\/2012\/04\/Soiree-convivi20-300x225.jpg\" alt=\"\" width=\"300\" height=\"225\" \/><\/a><\/p>\n<p>L\u2019enfermement, \u00a0la maladie, la solitude sont des exp\u00e9riences fondatrices \u00a0qui remettent au premier rang la question de cr\u00e9ation dans le domaine social, artistique et culturel.<\/p>\n<p>On dit que le camp de Gurs o\u00f9 furent successivement enferm\u00e9s entre 1939 et 1946 des espagnols anarchistes, des juifs, des tziganes (dont des Rroms\u2026) , et des prostitu\u00e9es a \u00e9t\u00e9 le plus grand centre culturel de son temps: les intern\u00e9s , emp\u00each\u00e9s de tout ont surv\u00e9cu jour apr\u00e8s jour par la po\u00e9sie, le dessin, cr\u00e9ativit\u00e9 et la pens\u00e9e.<\/p>\n<p>A Robinson, nous savons comment l\u2019Art peut jaillir en caravane (voir les clips r\u00e9alis\u00e9s avec les enfants) et comment \u00a0il \u00e9clate . Nous voyons comment les enfants \u00a0(mais aussi les adultes) qui n\u2019ont plus de r\u00e9elle place dans les centres de loisirs, les MJ, les centres sociaux , deviennent auteurs dans les espaces publics de mille mani\u00e8res: danse, peinture, \u00a0couture, \u00a0percussions.<\/p>\n<p>D\u2019un seul coup nous reposons sur le devant de la sc\u00e8ne, dans l\u2019espace public tout ce qui \u00e9tait important, mais qui \u00e9tait d\u00e9ni\u00e9. \u00a0Le perp\u00e9tuel travail et tourbillon de la survie quotidienne qui vole tout le temps de ceux \u00e0 qui qui sont exclus, pour un moment est supendu; l\u2019espace d\u2019un instant , une richesse est produite par tous ici et maintenant qu\u2019on cherchera vainement dans les lieux th\u00e9oriquement consacr\u00e9s, dans les institutions surdot\u00e9es.<\/p>\n<p>Ce qui \u00e9tait second, devient premier et prend tout de suite toute la place, car cette dimension cach\u00e9e de la socialit\u00e9 a toujours \u00e9t\u00e9 l\u00e0 et n\u2019\u00e9tait qu\u2019emp\u00each\u00e9e.<\/p>\n<p style=\"text-align:center\"><strong>Samedi et dimanche: Week-End &#8220;Abeilles&#8221; du groupe Ados<\/strong><\/p>\n<p>Ce samedi, nouvelle journ\u00e9e aux ruches, mauvais temps, mais cela n&#8217;a en rien d\u00e9teint sur notre moral. L&#8217;association a fait l&#8217;acquisition de deux nouveaux essaims , et nous en avons bien pris soin. Nous avons continu\u00e9 la formation abeille, et nous avons plus particuli\u00e8rement \u00e9tudi\u00e9 l&#8217;essaimage\u00a0artificiel, qui r\u00e9sume en fait le principe de cr\u00e9er deux ruches \u00e0 partir d&#8217;une seule. Avec les nouvelles combinaisons, nous avons pu observer au plus pr\u00e8s les abeilles. Les conseils et remarques de robin furent tr\u00e8s int\u00e9ressantes&#8230; Puis petit moment de d\u00e9tente, o\u00f9 nous avons pique-niqu\u00e9 et discut\u00e9 de la destination \u00e0 choisir pour le voyage. \u00c7a serait finalement l&#8217;Espagne. On a finit par un petit cours th\u00e9orique d&#8217;apiculture, avec Robin comme professeur, nous voil\u00e0 plein de nouvelles connaissances&#8230;<\/p>\n<p><a href=\"http:\/\/blog.recherche-action.fr\/intermedes\/files\/2012\/04\/cadres-abeilc.jpg\"><img decoding=\"async\" class=\"aligncenter\" src=\"http:\/\/blog.recherche-action.fr\/intermedes\/files\/2012\/04\/cadres-abeilc-300x225.jpg\" alt=\"\" width=\"300\" height=\"225\" \/><\/a><\/p>\n<p><strong>Dimanche matin\u00a0:<\/strong>\u00a0on a transvas\u00e9\u00a0<strong>le deuxi\u00e8me essaim<\/strong>\u00a0avec les cadres dans la ruche, apr\u00e8s les avoir calm\u00e9es avec de la fum\u00e9e. Puis on a essay\u00e9 de chercher la reine, mais il y avait tellement d&#8217;abeilles qu&#8217;on ne l&#8217;a pas trouv\u00e9e.<\/p>\n<p><a href=\"http:\/\/blog.recherche-action.fr\/intermedes\/files\/2012\/04\/Groupecombic.jpg\"><img decoding=\"async\" src=\"http:\/\/blog.recherche-action.fr\/intermedes\/files\/2012\/04\/Groupecombic-300x225.jpg\" alt=\"\" width=\"300\" height=\"225\" \/><\/a><\/p>\n<p><strong>Apr\u00e8s midi\u00a0:<\/strong>\u00a0apr\u00e8s le pique nique, nous avons d\u00e9broussaill\u00e9 le chemin, d\u00e9frich\u00e9 les framboisiers et groseilliers et am\u00e9nag\u00e9 le coin feu. On a vu un serpent.<\/p>\n<p><em><strong>Elie et H\u00e9lo\u00efse<\/strong><\/em><\/p>\n<p style=\"text-align:center\"><strong>Dimanche au jardin de\u00a0<\/strong><span style=\"color:#000000\"><strong>l\u2019\u00e9querre<\/strong><\/span><\/p>\n<p>Une fois n\u2019est pas coutume la journ\u00e9e commence sous la pluie\u00a0! Malgr\u00e9 tout, quelques \u00a0 \u00a0\u00e9claircies font leurs apparitions ainsi que des \u00e9normes rafales de vent qui nous aident \u00e0 allumer le feu. Nous repiquons des salades, nous cuisinons, <strong>nous peignons des Dazibaos<\/strong>. L\u2019apr\u00e8s midi est pass\u00e9e tr\u00e8s vite&lt;\u00a0;<\/p>\n<p><a href=\"http:\/\/blog.recherche-action.fr\/intermedes\/files\/2012\/04\/DSC096891.jpg\"><img loading=\"lazy\" decoding=\"async\" class=\"alignleft size-medium wp-image-1535\" src=\"http:\/\/blog.recherche-action.fr\/intermedes\/files\/2012\/04\/DSC096891-300x224.jpg\" alt=\"\" width=\"300\" height=\"224\" \/><\/a><\/p>\n<p style=\"text-align:center\"><a href=\"http:\/\/blog.recherche-action.fr\/intermedes\/files\/2012\/04\/DSC09697.jpg\"><img loading=\"lazy\" decoding=\"async\" class=\"alignnone size-medium wp-image-1533\" src=\"http:\/\/blog.recherche-action.fr\/intermedes\/files\/2012\/04\/DSC09697-300x224.jpg\" alt=\"\" width=\"300\" height=\"224\" \/><\/a><\/p>\n<p style=\"text-align:center\">\n<p><strong>Samedi \u00e0 la Villa Saint Martin<\/strong><\/p>\n<p><strong>\u00ab\u00a0\u00a0<\/strong>Il pleut, il pleut berg\u00e8re, rentre tes blancs moutons\u2026.\u00a0\u00bb<\/p>\n<p><strong>On s\u2019en fiche, on rentre les caisses et les tapis et \u00e0 la place<\/strong>, on saute \u00e0 l\u2019\u00e9lastique, \u00e0 la corde et on remonte sur nos p\u00e9daliers, qu\u2019on n\u2019avait pas sortis du placard depuis longtemps. Des plus grands de\u00a0la Rocade nous tournent autour, curieux de voir des jeunes filles roms sur leur territoire. \u00a0 \u00a0Ambiance un peu survolt\u00e9e mais pas \u00e0 pas,\u00a0on y arrivera\u00a0!<\/p>\n<p>Petit go\u00fbter entre les gouttes et sous les branches d\u2019un arbre.<\/p>\n<p><a href=\"http:\/\/blog.recherche-action.fr\/intermedes\/files\/2012\/04\/DSCN00011.jpg\"><img loading=\"lazy\" decoding=\"async\" src=\"http:\/\/blog.recherche-action.fr\/intermedes\/files\/2012\/04\/DSCN00011-300x224.jpg\" alt=\"\" width=\"300\" height=\"224\" \/><\/a><\/p>\n<div><\/div>\n<p style=\"text-align:center\"><strong>Vendredi \u00e0 la Rocade<\/strong><\/p>\n<p>Nous dessinons des fleurs et des formes color\u00e9es pendant que d\u2019autres s\u2019essaient \u00e0 la p\u00e9tanque. Aujourd\u2019hui il n\u2019y a que deux mamans\u2026 peut que \u00eatre que l\u2019absence de soleil les a refroidi\u00a0?!<\/p>\n<p>Quoi qu\u2019il en soit nous proposons \u00e0 tous et toutes de venir \u00e0 notre soir\u00e9e conviviale \u00e0 la VSM \u00e0 partir de 18h30.<\/p>\n<p style=\"text-align:left\"><strong>Au jardin de Chilly<\/strong><\/p>\n<p>Un petit groupe d\u2019enfants et d\u2019adultes se retrouvent cet apr\u00e8s-midi au potager de Chilly. Nous commen\u00e7ons par plusieurs plantations. Des plants de Verveine sont plant\u00e9s, pour, \u00e9ventuellement les r\u00e9utilis\u00e9es en atelier cuisine. Quelques plants de tomates et de l\u2019estragon sont \u00e9galement plant\u00e9s. On termine l\u2019apr\u00e8s-midi en r\u00e9coltant quelques radis.<\/p>\n<p><a href=\"http:\/\/blog.recherche-action.fr\/intermedes\/files\/2012\/04\/DSC09615.jpg\"><img loading=\"lazy\" decoding=\"async\" class=\"alignleft size-medium wp-image-1541\" src=\"http:\/\/blog.recherche-action.fr\/intermedes\/files\/2012\/04\/DSC09615-300x224.jpg\" alt=\"\" width=\"300\" height=\"224\" \/><\/a><\/p>\n<p><a href=\"http:\/\/blog.recherche-action.fr\/intermedes\/files\/2012\/04\/DSC09621.jpg\"><img loading=\"lazy\" decoding=\"async\" class=\"alignnone size-medium wp-image-1540\" src=\"http:\/\/blog.recherche-action.fr\/intermedes\/files\/2012\/04\/DSC09621-300x224.jpg\" alt=\"\" width=\"300\" height=\"224\" \/><\/a><\/p>\n<p style=\"text-align:left\"><strong>Soir\u00e9e Conviviale<\/strong><\/p>\n<p><span style=\"text-decoration:underline\"><strong>Belle soir\u00e9e en plein air \u00e0 la Villa Saint Martin.<\/strong><\/span> L\u2019\u00e9quipe d\u2019animakt et les artistes du projet art en caravane \u00e9taient \u00e9galement pr\u00e9sents. Les convives ont aussi pu profiter d\u2019une installation dans la caravane qui diffusait des vid\u00e9os du projet. La danse \u00e9tait \u00e0 l\u2019honneur ce soir. Cindy \u00e0 mis en place un atelier \u00ab\u00a0Zumba\u00a0\u00bb.\u00a0<a href=\"http:\/\/blog.recherche-action.fr\/intermedes\/files\/2012\/04\/DSC09667.jpg\"><img loading=\"lazy\" decoding=\"async\" class=\"alignleft size-medium wp-image-1543\" src=\"http:\/\/blog.recherche-action.fr\/intermedes\/files\/2012\/04\/DSC09667-300x224.jpg\" alt=\"\" width=\"300\" height=\"224\" \/><\/a><\/p>\n<p><a href=\"http:\/\/blog.recherche-action.fr\/intermedes\/files\/2012\/04\/DSC09657.jpg\"><img loading=\"lazy\" decoding=\"async\" class=\"alignnone size-medium wp-image-1544\" src=\"http:\/\/blog.recherche-action.fr\/intermedes\/files\/2012\/04\/DSC09657-300x224.jpg\" alt=\"\" width=\"300\" height=\"224\" \/><\/a><\/p>\n<p style=\"text-align:center\"><strong>Jeudi \u00e0 l&#8217;atelier Couture<\/strong><\/p>\n<p>Ne pouvant pas nous installer \u00e0 la Villa Saint Martin, cette fois ci, \u00a0<strong>en attendant de faire reconna\u00eetre cette activit\u00e9 pour sa VRAIE VALEUR de d\u00e9veloppement social<\/strong>, le temps mena\u00e7ant, notre atelier a eu lieu chez une maman de la Rocade, Houda.<\/p>\n<p>Celle-ci, nous a ouvert les portes de son appartement, son petit gar\u00e7on de 2 ans, Mimi, dans les bras. Elle avait pr\u00e9par\u00e9 un g\u00e2teau au chocolat pour l\u2019occasion\u00a0! C\u2019est notre premier atelier chez l\u2019habitant, et si c\u2019est pour des raisons pratiques qu\u2019il a eu lieu, je m\u2019en suis servie comme pr\u00e9texte pour rejoindre un de nos objectifs\u00a0: entrer chez les familles et instaurer un \u00e9change et une convivialit\u00e9, recr\u00e9er du lien entre ces mamans, habitant dans le m\u00eame quartier.<\/p>\n<p>Aujourd\u2019hui, pas de\u00a0\u00ab\u00a0 prof\u00a0\u00bb de couture mais on se d\u00e9brouille tr\u00e8s bien. On montre \u00e0 Mariam qui fait ses premiers essais. Houda a pr\u00e9par\u00e9 un pantalon pour faire des ourlets, \u00e0 l\u2019aide de vid\u00e9os vues sur internet. Elle est tr\u00e8s motiv\u00e9e et autodidacte\u00a0! Elle se lance \u00e0 finaliser ses ourlets avec la machine.<\/p>\n<p>Sadio, arrive avec sa petite Fatou qui fait honneur au g\u00e2teau et rencontre Adam, l\u2019a\u00een\u00e9e de Houda. Nous essayons de coudre le boubou qu\u2019elle a apport\u00e9 pour faire une robe \u00e0 sa petite fille. C\u2019est trop serr\u00e9, du coup on recommencera la semaine prochaine, et cette fois, l\u2019atelier aura lieu chez elle\u00a0!<\/p>\n<p><a href=\"http:\/\/blog.recherche-action.fr\/intermedes\/files\/2012\/04\/260412-1606.jpg\"><img loading=\"lazy\" decoding=\"async\" class=\"alignleft size-medium wp-image-1545\" src=\"http:\/\/blog.recherche-action.fr\/intermedes\/files\/2012\/04\/260412-1606-300x224.jpg\" alt=\"\" width=\"300\" height=\"224\" \/><\/a><\/p>\n<p><a href=\"http:\/\/blog.recherche-action.fr\/intermedes\/files\/2012\/04\/260412-1546001.jpg\"><img loading=\"lazy\" decoding=\"async\" class=\"alignnone size-medium wp-image-1546\" src=\"http:\/\/blog.recherche-action.fr\/intermedes\/files\/2012\/04\/260412-1546001-300x224.jpg\" alt=\"\" width=\"300\" height=\"224\" \/><\/a><\/p>\n<p><strong>au Jardin de Saulx<\/strong><\/p>\n<p><strong><\/strong>Enfin une journ\u00e9e sans aucune goutte de pluie au jardin, tout le monde est r\u00e9jouis. Plusieurs petites \u00e9quipes en duos ou trios se mettent en action. Chaque adulte aide et accompagne les enfants. Certains d\u00e9sherbent et enl\u00e8vent les orties du terrain, nous repiquons des salades puis les arrosons. On arrose \u00e9galement sous la serre et r\u00e9coltons quelques radis qui seront ensuite partag\u00e9s entre tous.<\/p>\n<p><a href=\"http:\/\/blog.recherche-action.fr\/intermedes\/files\/2012\/04\/DSC09587.jpg\"><img loading=\"lazy\" decoding=\"async\" class=\"alignleft size-medium wp-image-1548\" src=\"http:\/\/blog.recherche-action.fr\/intermedes\/files\/2012\/04\/DSC09587-300x224.jpg\" alt=\"\" width=\"300\" height=\"224\" \/><\/a><\/p>\n<p><a href=\"http:\/\/blog.recherche-action.fr\/intermedes\/files\/2012\/04\/DSC09600.jpg\"><img loading=\"lazy\" decoding=\"async\" class=\"alignnone size-medium wp-image-1547\" src=\"http:\/\/blog.recherche-action.fr\/intermedes\/files\/2012\/04\/DSC09600-300x224.jpg\" alt=\"\" width=\"300\" height=\"224\" \/><\/a><\/p>\n<p><strong>La Croix Breton<\/strong><\/p>\n<p>Malgr\u00e9 un temps mitig\u00e9, il y avait aujourd\u2019hui 4 enfants \u00e0 l\u2019atelier de rue, nous avons jouer au petit cheval, au jeu du serpent pendant que d\u2019autres faisait des colliers\/bracelets.<\/p>\n<p><a href=\"http:\/\/blog.recherche-action.fr\/intermedes\/files\/2012\/04\/IMG-20120426-00018.jpg\"><img loading=\"lazy\" decoding=\"async\" class=\"alignleft size-medium wp-image-1550\" src=\"http:\/\/blog.recherche-action.fr\/intermedes\/files\/2012\/04\/IMG-20120426-00018-300x224.jpg\" alt=\"\" width=\"300\" height=\"224\" \/><\/a><\/p>\n<p><a href=\"http:\/\/blog.recherche-action.fr\/intermedes\/files\/2012\/04\/IMG-20120426-00025.jpg\"><img loading=\"lazy\" decoding=\"async\" class=\"alignnone size-medium wp-image-1549\" src=\"http:\/\/blog.recherche-action.fr\/intermedes\/files\/2012\/04\/IMG-20120426-00025-300x224.jpg\" alt=\"\" width=\"300\" height=\"224\" \/><\/a><\/p>\n<p><strong>au camp de Wissous<\/strong><\/p>\n<p>Du vent souffle dans les voiles\u00a0! Mais, on s\u2019en fiche. Animakt et Marie et Tonio , les marionnettistes sont de retour avec la belle caravane, d\u00e9cor\u00e9e par les enfants. Dans les buissons, ils installent des photos grands formats sur le projet, c\u2019est une autre exposition en plein air pour ceux qui n\u2019ont pas pu les voir au festival\u00a0 Jeunes Pousses\u00a0! Dans la caravane, des petits groupes de 3 s\u2019installent \u00e0 tour de r\u00f4le sur les coussins pour regarder les courts m\u00e9trages r\u00e9alis\u00e9s avec les vid\u00e9os fa\u00eetes avec par les enfants et les artistes durant le projet. Cette restitution publique a lieu au beau milieu de notre atelier. On partage de petits moments furtifs autour de puzzle et de coloriage mais l\u2019envie de courir, crier, bousculer est plus forte que tout. Alors, on sort la corde pour sauter et se d\u00e9fouler\u00a0!<\/p>\n<p>Marie improvise un nouveau personnage avec le bout de la corde pour le plus grand plaisir de tous, elle est vraiment surprenante\u00a0!<\/p>\n<p><a href=\"http:\/\/blog.recherche-action.fr\/intermedes\/files\/2012\/04\/DSC09569.jpg\"><img loading=\"lazy\" decoding=\"async\" class=\"alignleft size-medium wp-image-1551\" src=\"http:\/\/blog.recherche-action.fr\/intermedes\/files\/2012\/04\/DSC09569-300x224.jpg\" alt=\"\" width=\"300\" height=\"224\" \/><\/a><\/p>\n<p><a href=\"http:\/\/blog.recherche-action.fr\/intermedes\/files\/2012\/04\/DSC09553.jpg\"><img loading=\"lazy\" decoding=\"async\" class=\"alignnone size-medium wp-image-1552\" src=\"http:\/\/blog.recherche-action.fr\/intermedes\/files\/2012\/04\/DSC09553-300x224.jpg\" alt=\"\" width=\"300\" height=\"224\" \/><\/a><\/p>\n<p style=\"text-align:center\"><strong>Mercredi \u00e0 Moulin Galant<\/strong><\/p>\n<p>Les conditions m\u00e9t\u00e9orologiques ne nous ont pas permis de faire l\u2019atelier dehors. Peu d\u2019enfants \u00e9taient sortis, \u00a0n\u00e9anmoins,\u00a0 une famille arriv\u00e9e depuis peu sur le camp nous a accueillis dans sa \u00ab\u00a0v\u00e9randa\u00a0\u00bb afin que nous puissions faire l\u2019atelier \u00e0 l\u2019abri. Celui-ci fut particuli\u00e8rement orient\u00e9\u00a0 sur l\u2019apprentissage de la lecture, m\u00eame la maman qui \u00e9tait pr\u00e9sente a souhait\u00e9 lire quelques lignes.<\/p>\n<p><a href=\"http:\/\/blog.recherche-action.fr\/intermedes\/files\/2012\/04\/IMG-20120425-00013.jpg\"><img loading=\"lazy\" decoding=\"async\" class=\"alignleft size-medium wp-image-1553\" src=\"http:\/\/blog.recherche-action.fr\/intermedes\/files\/2012\/04\/IMG-20120425-00013-300x225.jpg\" alt=\"\" width=\"300\" height=\"225\" \/><\/a><\/p>\n<p><a href=\"http:\/\/blog.recherche-action.fr\/intermedes\/files\/2012\/04\/IMG-20120425-00012.jpg\"><img loading=\"lazy\" decoding=\"async\" class=\"alignnone size-medium wp-image-1554\" src=\"http:\/\/blog.recherche-action.fr\/intermedes\/files\/2012\/04\/IMG-20120425-00012-300x225.jpg\" alt=\"\" width=\"300\" height=\"225\" \/><\/a><\/p>\n<p style=\"text-align:left\"><strong>au Jardin de Saulx<\/strong><\/p>\n<p>Que de pluie cet apr\u00e8s-midi. Elle ne va pas nous l\u00e2cher de la journ\u00e9e. Peu importe, les Robinsons jardiniers sont motiv\u00e9s et les semis continuent\u00a0! Ainsi ce sont deux nouveaux rangs de radis et un rang de choux-fleur qui sont sem\u00e9s en pleine terre. Sous la serre, une petite \u00e9quipe s\u00e8me en godets \u00e0 l\u2019abri et au chaud des Melons, Concombres et Cornichons. Nous prenons le go\u00fbter sous la serre \u00e0 l\u2019abri de la pluie.<\/p>\n<p><a href=\"http:\/\/blog.recherche-action.fr\/intermedes\/files\/2012\/04\/DSC09501.jpg\"><img loading=\"lazy\" decoding=\"async\" class=\"alignleft size-medium wp-image-1555\" src=\"http:\/\/blog.recherche-action.fr\/intermedes\/files\/2012\/04\/DSC09501-300x224.jpg\" alt=\"\" width=\"300\" height=\"224\" \/><\/a><\/p>\n<p style=\"text-align:left\"><a href=\"http:\/\/blog.recherche-action.fr\/intermedes\/files\/2012\/04\/DSC09503.jpg\"><img loading=\"lazy\" decoding=\"async\" class=\"alignnone size-medium wp-image-1556\" src=\"http:\/\/blog.recherche-action.fr\/intermedes\/files\/2012\/04\/DSC09503-300x224.jpg\" alt=\"\" width=\"300\" height=\"224\" \/><\/a><\/p>\n<p style=\"text-align:center\">********<\/p>\n<p style=\"text-align:center\"><em>Rappel: les ateliers de rue , en amiti\u00e9 avec Robinson, essaiment: Saint Etienne, Porte Montmartre. Quant \u00e0 DIE, c&#8217;est un atelier &#8220;pur Robinson&#8221;, en en attendant d&#8217;autres&#8230;<\/em><\/p>\n<p style=\"text-align:center\"><strong>KroniK des ateliers de rue de DIE<\/strong><\/p>\n<p>Apr\u00e8s deux semaines d&#8217;interruption, nous d\u00e9roulons \u00e0 nouveau la natte sur la pelouse. Cassandra arrive aussit\u00f4t en courant, ravie de nous retrouver. Sa petite s\u0153ur la suit de pr\u00e8s. Le vent souffle fort et nous ne pourrons pas sortir tous les livres, mais \u00e7a ne change rien au plaisir de se retrouver ensemble. . Nous sortons des grands livres que le vent ne pourra pas emporter, des jeux et de quoi faire des pompons. Cassandra raconte qu&#8217;elle sait tricoter et peu de temps apr\u00e8s, va chez elle chercher les aiguilles de sa maman. Je lui montre comment monter des mailles, elle me fait un c\u00e2lin. Une relation forte est en train de s&#8217;installer. Nous continuons \u00e0 faire connaissance. Je rappel aux enfants mon pr\u00e9nom et les principes des ateliers de rue ( gratuit\u00e9, le lieu, l&#8217;horaire &#8230;). Les langues se d\u00e9lient et chacun trouve sa place pour raconter son quotidien ( la prochaine sortie avec l&#8217;\u00e9cole, un nouveau jeux de console&#8230;.) .\u00a0 Et, moi je prends plaisir \u00e0 tendre mes oreilles o\u00f9 le bruissement de ses histoires r\u00e9chauffe mon c\u0153ur. Le groupe est h\u00e9t\u00e9rog\u00e8ne et multig\u00e9n\u00e9rationnel. Puis viens le temps du gouter.<\/p>\n<p>Nous travaillons maintenant avec la communaut\u00e9 d&#8217;Emma\u00fcs de Valence qui nous donne gracieusement le mat\u00e9riel pour les ateliers. Merci \u00e0 eux de leur soutien.<\/p>\n<p><strong>M\u00e9lody<\/strong><\/p>\n<p><a href=\"http:\/\/blog.recherche-action.fr\/intermedes\/files\/2012\/04\/KroniKDiec.jpg\"><img loading=\"lazy\" decoding=\"async\" class=\"aligncenter\" src=\"http:\/\/blog.recherche-action.fr\/intermedes\/files\/2012\/04\/KroniKDiec-300x225.jpg\" alt=\"\" width=\"300\" height=\"225\" \/><\/a><\/p>\n<div><\/div>\n<p>Citation de la semaine:<\/p>\n<p><strong>&#8220;<a href=\"http:\/\/blog.recherche-action.fr\/intermedes\/files\/2012\/04\/Soiree-convivi20.jpg\">A force de vouloir nous faire entrer dans des cases,<br \/>\nje ne me demande plus comment et pourquoi il m&#8217;arrive<br \/>\nd&#8217;\u00eatre hors moi.&#8221;<\/a>\u00a0Nadia (du Chantier de P\u00e9dagogie sociale)<\/strong><\/p>\n","protected":false},"excerpt":{"rendered":"<p>&nbsp; L\u2019enfermement, \u00a0la maladie, la solitude sont des exp\u00e9riences fondatrices \u00a0qui remettent au premier rang la question de cr\u00e9ation dans le domaine social, artistique et culturel. On dit que le camp de Gurs o\u00f9 furent successivement enferm\u00e9s entre 1939 et 1946 des espagnols anarchistes, des juifs, des tziganes (dont des Rroms\u2026) , et des prostitu\u00e9es [&#8230;]<\/p>\n","protected":false},"author":1,"featured_media":0,"comment_status":"open","ping_status":"open","sticky":false,"template":"","format":"standard","meta":{"footnotes":""},"categories":[1],"tags":[],"class_list":["post-36","post","type-post","status-publish","format-standard","hentry","category-non-classe"],"jetpack_featured_media_url":"","_links":{"self":[{"href":"http:\/\/recherche-action.fr\/intermedes\/wp-json\/wp\/v2\/posts\/36","targetHints":{"allow":["GET"]}}],"collection":[{"href":"http:\/\/recherche-action.fr\/intermedes\/wp-json\/wp\/v2\/posts"}],"about":[{"href":"http:\/\/recherche-action.fr\/intermedes\/wp-json\/wp\/v2\/types\/post"}],"author":[{"embeddable":true,"href":"http:\/\/recherche-action.fr\/intermedes\/wp-json\/wp\/v2\/users\/1"}],"replies":[{"embeddable":true,"href":"http:\/\/recherche-action.fr\/intermedes\/wp-json\/wp\/v2\/comments?post=36"}],"version-history":[{"count":0,"href":"http:\/\/recherche-action.fr\/intermedes\/wp-json\/wp\/v2\/posts\/36\/revisions"}],"wp:attachment":[{"href":"http:\/\/recherche-action.fr\/intermedes\/wp-json\/wp\/v2\/media?parent=36"}],"wp:term":[{"taxonomy":"category","embeddable":true,"href":"http:\/\/recherche-action.fr\/intermedes\/wp-json\/wp\/v2\/categories?post=36"},{"taxonomy":"post_tag","embeddable":true,"href":"http:\/\/recherche-action.fr\/intermedes\/wp-json\/wp\/v2\/tags?post=36"}],"curies":[{"name":"wp","href":"https:\/\/api.w.org\/{rel}","templated":true}]}}