{"id":3644,"date":"2014-04-03T15:38:21","date_gmt":"2014-04-03T14:38:21","guid":{"rendered":"http:\/\/recherche-action.fr\/intermedes\/?p=3644"},"modified":"2014-04-03T15:38:21","modified_gmt":"2014-04-03T14:38:21","slug":"servir-se-servir-sasservir","status":"publish","type":"post","link":"http:\/\/recherche-action.fr\/intermedes\/2014\/04\/03\/servir-se-servir-sasservir\/","title":{"rendered":"Servir, se servir s&rsquo;asservir"},"content":{"rendered":"<p>Il est de bon ton pour un professionnel d&rsquo;avoir peur qu&rsquo;on \u00a0se serve de lui. Ainsi, \u00a0 sommes-nous invit\u00e9s \u00e0 aiguiser notre attention contre les strat\u00e9gies et les attentes de nos publics.<\/p>\n<p>Qu&rsquo;on se serve de soi est souvent per\u00e7u comme une perte de puissance. Pourtant renverser le verbe est d\u00e9j\u00e0 renverser le sens. \u00a0<strong><span style=\"color: #3366ff\">Apr\u00e8s tout si on se sert de nous c&rsquo;est donc que nous servons \u00e0 quelque chose<\/span><\/strong>..; Ou que nous servons quelqu&rsquo;un<\/p>\n<p><a title=\"SAM_2678\" href=\"http:\/\/www.flickr.com\/photos\/100872287@N06\/13716013534\"><img decoding=\"async\" alt=\"SAM_2678\" src=\"http:\/\/farm3.staticflickr.com\/2859\/13716013534_a145f546d8.jpg\" \/><\/a><\/p>\n<p><strong><span style=\"color: #ff0000\">A Robinson, en P\u00e9dagogie Sociale, nous donnons beaucoup d&rsquo;importance au service.<\/span> <\/strong>Celui ci est pr\u00e9sent dans toutes nos activit\u00e9s; il est don, organisation, offrande, disponibilit\u00e9. Tout est fait pour qu&rsquo;on se serve, qu&rsquo;on serve. Nous sommes donc utiles.<\/p>\n<p>C&rsquo;est pareil, l&rsquo;utilit\u00e9 a souvent mauvaise presse; elle aurait quelque chose de vulgaire, d&rsquo;ind\u00e9cent. Nous, les travailleurs sociaux, les acteurs \u00e9ducatifs, nous ne serions pas l\u00e0 pour \u00eatre utiles. \u00a0Mais pourtant quand on y regarde bien, elle est le fondement m\u00eame de toute autorit\u00e9. <em><strong>A de l&rsquo;autorit\u00e9, avant tout ce et celui qui est utile \u00e0 quelque chose.<\/strong><\/em><\/p>\n<p><span style=\"color: #3366ff\">En p\u00e9dagogie sociale, on admet de servir et on fait de ce service un acte \u00e9ducatif et professionnel, qui, \u00e0 son tour, aura des cons\u00e9quences.<\/span><\/p>\n<p>Car \u00e0 d\u00e9faut de servir, nous connaissons tous des institutions et des \u00ab\u00a0services\u00a0\u00bb dont la priorit\u00e9 est <em><strong>de se servir avant tout pour eux m\u00eames:<\/strong><\/em> \u00a0attentifs \u00e0 leur remplissage, \u00e0 leur p\u00e9rennit\u00e9, \u00e0 leur pr\u00e9s\u00e9ance; <em><strong>le but est d&rsquo;occuper une place, sans jamais se la faire prendre. C&rsquo;est un service qui ne sert pas, qui ne rend pas service.<\/strong><\/em><\/p>\n<p>la v\u00e9rit\u00e9 c&rsquo;est qu&rsquo;on s&rsquo;asservit non pas quand on sert, quand on se sert. L&rsquo;asservissement a ceci de particulier qu&rsquo;il diffuse une mentalit\u00e9 de domestique.<\/p>\n<p>On ne cr\u00e9e pas comme on l&rsquo;entend tout le temps, \u00e0 tout propos, de l&rsquo;assistanat quand on sert&#8230;<\/p>\n<p><em><strong><span style=\"color: #ff0000\">On cr\u00e9e au contraire de l&rsquo;assistanat \u00e0 chaque fois qu&rsquo;on se sert<\/span>. Car quand on se sert, on tue le sens du bien commun ou la seule possibilit\u00e9 qu&rsquo;il en existe un.<\/strong><\/em><\/p>\n<p>Ceux qui se servent inspirent les assist\u00e9s, g\u00e9n\u00e8rent des vocations, tuent l&rsquo;id\u00e9e m\u00eame du social . Ceux qui sont victimes de ceux qui se servent, mais aussi ceux qui les observent et ceux qui les limitent s&rsquo;asservissent.<\/p>\n<p><span style=\"color: #0000ff\">Une institution, une collectivit\u00e9, \u00a0pr\u00e9occup\u00e9e d&rsquo;elle m\u00eame ou de sa seule autorit\u00e9 d\u00e9truit le sens de l&rsquo;institution et du vivre ensemble.<\/span> Elle g\u00e9n\u00e8re de l&rsquo;individualisme, du client\u00e9lisme et du calcul perp\u00e9tuel.<\/p>\n<p>La mentalit\u00e9 de domestique arrive dans un monde o\u00f9 tout le monde se r\u00eave ma\u00eetre, mais se retrouve seul, faute de pouvoir faire confiance, une confiance vraie en qui que ce soit.<\/p>\n<p>A Robinson, nous faisons \u00e9cole de confiance et nous apprenons \u00e0 servir, \u00e0 tour de r\u00f4le, les uns, les autres, et cela rend libre.<\/p>\n<p>Celui ne sait pas servir, et qui se sert, se cro\u00eet ma\u00eetre, alors qu&rsquo;il s&rsquo;asservit chaque jour davantage \u00e0 un monde sans ensemble, sans possible et sans avenir.<\/p>\n<p>En p\u00e9dagogie sociale, nous b\u00e2tissons avec ce qui a \u00e9t\u00e9 rel\u00e9gu\u00e9 , ce qui a \u00a0\u00e9t\u00e9 jet\u00e9, ce qui ne se fait plus. Nous travaillons \u00e0 b\u00e2tir de nouvelles confiances \u00e0 partir des espoirs d\u00e9\u00e7us, des confiances trahies. Tel est notre service.<\/p>\n<p><strong><span style=\"color: #0000ff\">Dimanche: PRINTEMPS AU JARDIN<\/span><\/strong><\/p>\n<p>Et oui, ce sont les plantations, et il n&rsquo;y a pas de temps \u00e0 perdre: les \u00a0lilas sont sortis. Ce dimanche, petits et grands nous plantions les pommes de terre (et aussi radis)<\/p>\n<p><a href=\"http:\/\/recherche-action.fr\/intermedes\/files\/2014\/04\/photo-3-e1396813344600.jpg\"><img fetchpriority=\"high\" decoding=\"async\" class=\"aligncenter size-full wp-image-3652\" alt=\"photo-3\" src=\"http:\/\/recherche-action.fr\/intermedes\/files\/2014\/04\/photo-3-e1396813344600.jpg\" width=\"640\" height=\"480\" \/><\/a><\/p>\n<p>Enfants et adultes sur tous les fronts, des sillons, au motoculteur, mais aussi&#8230; la cuisine qui prend de plus en plus d&rsquo;importance au jardin.<\/p>\n<p>Qu&rsquo;on se le dise: tartes aux pommes et aux oignons dans notre four d&rsquo;ext\u00e9rieur; grillades sur notre table \u00e0 feu; nous produisons de plus en plus.<\/p>\n<p><a href=\"http:\/\/recherche-action.fr\/intermedes\/files\/2014\/04\/photo-1-e1396813428886.jpg\"><img decoding=\"async\" class=\"aligncenter size-full wp-image-3653\" alt=\"photo-1\" src=\"http:\/\/recherche-action.fr\/intermedes\/files\/2014\/04\/photo-1-e1396813428886.jpg\" width=\"320\" height=\"240\" \/><\/a><\/p>\n<p><span style=\"color: #0000ff\"><strong><span style=\"text-decoration: underline\">Samedi:\u00a0<\/span>CHAMPLAN<\/strong><\/span><\/p>\n<p>C&rsquo;est sous un doux soleil printanier que nous arrivons \u00e0 Champlan. Tandis qu&rsquo;Aline part chercher les enfants des terrains alentours, M\u00e9lissa et moi-m\u00eame, allons retrouver les enfants d\u00e9j\u00e0 arriv\u00e9s et installer le mat\u00e9riel. Nous commen\u00e7ons par quelques parties de \u00ab\u00a0b\u00e9ret\u00a0\u00bb, puis installons le tapis petite enfance et jeux de soci\u00e9t\u00e9.<\/p>\n<p><a title=\"DSCN9821\" href=\"http:\/\/www.flickr.com\/photos\/100872287@N06\/13715429464\"><img decoding=\"async\" class=\"alignnone \" alt=\"DSCN9821\" src=\"http:\/\/farm3.staticflickr.com\/2820\/13715429464_33e9921983.jpg\" \/><\/a> Aujourd&rsquo;hui nous avons \u00e9galement apport\u00e9 quelques jeux de soci\u00e9t\u00e9 de la Ludoth\u00e8que, ainsi un petit groupe d\u00e9couvre le twister, d&rsquo;autres jouent aux petits chevaux, ou font des puzzles.<\/p>\n<p><a title=\"DSCN9820\" href=\"http:\/\/www.flickr.com\/photos\/100872287@N06\/13715050375\"><img decoding=\"async\" class=\"alignnone \" alt=\"DSCN9820\" src=\"http:\/\/farm8.staticflickr.com\/7226\/13715050375_e47552429d.jpg\" \/><\/a><\/p>\n<p>Assis-es autour des tables petit-es et grand-es s&rsquo;adonnent \u00e0 des coloriages printaniers, de poules, de libellules et d&rsquo;abeilles.<\/p>\n<p>Un petit groupe de gar\u00e7ons, eux, s&rsquo;affrontent dans des combats de bras de fer effr\u00e9n\u00e9s, dont l&rsquo;un d&rsquo;eux sort invaincu.<\/p>\n<p><a title=\"DSCN9826\" href=\"http:\/\/www.flickr.com\/photos\/100872287@N06\/13715414144\"><img decoding=\"async\" class=\"alignnone \" alt=\"DSCN9826\" src=\"http:\/\/farm4.staticflickr.com\/3776\/13715414144_777fe17266.jpg\" \/><\/a><\/p>\n<p>Beaucoup d&rsquo;enfants sont pr\u00e9sent-es aujourd&rsquo;hui et nous passons un agr\u00e9able moment en leur compagnie.<\/p>\n<p><a title=\"DSCN9822\" href=\"http:\/\/www.flickr.com\/photos\/100872287@N06\/13715065983\"><img decoding=\"async\" class=\"alignnone \" alt=\"DSCN9822\" src=\"http:\/\/farm8.staticflickr.com\/7159\/13715065983_e29f327ffc.jpg\" \/><\/a><\/p>\n<p>Nous avons \u00e9galement le plaisir d&rsquo;accueillir trois nouveaux enfants, qui se sont tr\u00e8s tr\u00e8s bien \u00ab\u00a0int\u00e9grer\u00a0\u00bb au groupe, et semblent s&rsquo;y \u00eatre senti \u00e0 l&rsquo;aise. Au plaisir, donc, de les revoir tous et toutes\u00a0! Tr\u00e8s vite\u00a0!<\/p>\n<p><a title=\"DSCN9825\" href=\"http:\/\/www.flickr.com\/photos\/100872287@N06\/13715036635\"><img decoding=\"async\" class=\"alignnone \" alt=\"DSCN9825\" src=\"http:\/\/farm4.staticflickr.com\/3793\/13715036635_59b2572b31.jpg\" \/><\/a><\/p>\n<p><strong><span style=\"color: #0000ff\">VSM\u00a0:<\/span><\/strong><\/p>\n<p>Journ\u00e9e ensoleill\u00e9e ce samedi, l\u2019installation se fait avec l\u2019aide des enfants impatients de commencer l\u2019atelier.<\/p>\n<p><a title=\"SAM_2307\" href=\"http:\/\/www.flickr.com\/photos\/100872287@N06\/13715578524\"><img decoding=\"async\" class=\"alignnone \" alt=\"SAM_2307\" src=\"http:\/\/farm4.staticflickr.com\/3675\/13715578524_d0c5ea01ee.jpg\" \/><\/a><\/p>\n<p>Diverses activit\u00e9s sont propos\u00e9es aujourd\u2019hui avec au programme\u00a0: la cuisine,\u00a0le cirque, l\u2019atelier poezik, l\u2019espace petite enfance, celui des jeux de soci\u00e9t\u00e9 et l\u2019atelier maquette.<\/p>\n<p><a title=\"SAM_2284\" href=\"http:\/\/www.flickr.com\/photos\/100872287@N06\/13715593444\"><img decoding=\"async\" class=\"alignnone \" alt=\"SAM_2284\" src=\"http:\/\/farm8.staticflickr.com\/7396\/13715593444_611bc8afb7.jpg\" \/><\/a><\/p>\n<p>Les enfants choisissent donc l\u2019activit\u00e9 qu\u2019ils veulent et une bonne ambiance r\u00e8gne sur la VSM.<\/p>\n<p><a title=\"SAM_2286\" href=\"http:\/\/www.flickr.com\/photos\/100872287@N06\/13715203365\"><img decoding=\"async\" class=\"alignnone \" alt=\"SAM_2286\" src=\"http:\/\/farm8.staticflickr.com\/7262\/13715203365_c737acb0ec.jpg\" \/><\/a><\/p>\n<p>Iasmina est venue avec sa fille et elles s\u2019installent dans la tente petite enfance.<\/p>\n<p><a title=\"SAM_2279\" href=\"http:\/\/www.flickr.com\/photos\/100872287@N06\/13715600794\"><img decoding=\"async\" class=\"alignnone \" alt=\"SAM_2279\" src=\"http:\/\/farm8.staticflickr.com\/7330\/13715600794_515a5d261e.jpg\" \/><\/a><\/p>\n<p>Marion avance avec un bon groupe d\u2019enfants sur le projet \u00ab\u00a0maquette du quartier\u00a0\u00bb, Ramona anime l\u2019espace jeu de soci\u00e9t\u00e9.<\/p>\n<p><a title=\"SAM_2273\" href=\"http:\/\/www.flickr.com\/photos\/100872287@N06\/13715251753\"><img decoding=\"async\" class=\"alignnone \" alt=\"SAM_2273\" src=\"http:\/\/farm4.staticflickr.com\/3797\/13715251753_78a2939204.jpg\" \/><\/a><\/p>\n<p>Leila est sur la cuisine et met l\u2019atelier cirque \u00e0 disposition des jeunes acrobates du quartier et Florian accompagn\u00e9 de Corentin et Garance sont sur l\u2019atelier Poezik avec ces artistes qui nous font part de leur talent.<\/p>\n<p>C\u2019est l\u2019heure du conseil de quartier, chacun s\u2019installe et forme un grand cercle. Amani nous propose alors de lancer le jeu du conseil de quartier consistant \u00e0 trouver des mots \u00e0 tour de r\u00f4le en suivant l\u2019ordre alphab\u00e9tique\u00a0: \u00ab\u00a0Ananas, Banane, Chocolat \u2026\u00a0\u00bb, puis les enfants nous font part de leurs diff\u00e9rents projets avant une touche \u00e9motive ou les enfants profitent pour dire au revoir \u00e0 Corentin qui faisait son dernier atelier avec les Robinsons.<\/p>\n<p>L\u2019atelier de rue se termine donc par le gouter et l\u2019aide des enfants au rangement, \u00e0 la semaine prochaine\u00a0!!<\/p>\n<p><a title=\"SAM_2316\" href=\"http:\/\/www.flickr.com\/photos\/100872287@N06\/13715188305\"><img decoding=\"async\" class=\"alignnone \" alt=\"SAM_2316\" src=\"http:\/\/farm8.staticflickr.com\/7184\/13715188305_9a8e55fc47.jpg\" \/><\/a><\/p>\n<p><span style=\"color: #0000ff\"><strong><span style=\"text-decoration: underline\">Vendredi :\u00a0<\/span><span style=\"text-decoration: underline\">Au jardin<\/span><\/strong><\/span><\/p>\n<p>Une fois n\u2019est pas coutume, nous nous rejoignons \u00e0 la Villa St Martin pour jardiner au quartier.<\/p>\n<p><a title=\"WP_20140404_009\" href=\"http:\/\/www.flickr.com\/photos\/100872287@N06\/13715799744\"><img decoding=\"async\" class=\"alignnone \" alt=\"WP_20140404_009\" src=\"http:\/\/farm8.staticflickr.com\/7064\/13715799744_367be04b3f.jpg\" \/><\/a><\/p>\n<p>Tout le monde est au rendez-vous. Nous avons apport\u00e9 le motoculteur, fin pr\u00eat, apr\u00e8s l\u2019avoir r\u00e9cup\u00e9r\u00e9 ce matin chez le garagiste, il est quasi flambant neuf. C\u2019est une aubaine pour retourner les parcelles mises \u00e0 notre disposition \u00e0 la VSM. Le terrain est dur et sec. Nous l\u2019assouplissons et le d\u00e9sherbons, gr\u00e2ce \u00e0 la machine o\u00f9 chacun s\u2019y relaie. Il est lourd et nous sommes sur de petites surfaces, il faut l\u2019utiliser avec parcimonie.<\/p>\n<p><a title=\"WP_20140404_006\" href=\"http:\/\/www.flickr.com\/photos\/100872287@N06\/13715447903\"><img decoding=\"async\" class=\"alignnone \" alt=\"WP_20140404_006\" src=\"http:\/\/farm3.staticflickr.com\/2878\/13715447903_d8be6223c4.jpg\" \/><\/a><\/p>\n<p>Apr\u00e8s tout ce chantier et s\u2019\u00eatre d\u00e9barrass\u00e9 des petites mottes d\u2019herbe nous d\u00e9butons les plantations. Au programme nous installons sur nos deux parcelles des framboisiers, de la menthe, de l\u2019oseille,\u00a0 de la ciboulette, du romarin de la sauge et diverses plantes aromatiques ainsi que des fleurs.<\/p>\n<p><a title=\"WP_20140404_018\" href=\"http:\/\/www.flickr.com\/photos\/100872287@N06\/13715796394\"><img decoding=\"async\" class=\"alignnone \" alt=\"WP_20140404_018\" src=\"http:\/\/farm3.staticflickr.com\/2813\/13715796394_439aaf6b15.jpg\" \/><\/a><\/p>\n<p>Un grand chantier, nous esp\u00e9rons d\u00e9sormais que les habitants crois\u00e9s lors de cette activit\u00e9 prendrons soins des plantes mises \u00e0 leur disposition.<\/p>\n<p><a title=\"WP_20140404_022\" href=\"http:\/\/www.flickr.com\/photos\/100872287@N06\/13715793034\"><img decoding=\"async\" class=\"alignnone \" alt=\"WP_20140404_022\" src=\"http:\/\/farm4.staticflickr.com\/3667\/13715793034_661acce3d3.jpg\" \/><\/a><\/p>\n<p><span style=\"color: #0000ff\"><strong>A la Rocade :\u00a0<\/strong><\/span><\/p>\n<div lang=\"x-western\">\n<div>\n<div>Aujourd&rsquo;hui, je suis dans la tente petite enfance. Ca change car d&rsquo;habitude, je suis plut\u00f4t avec les grands.<\/div>\n<div><\/div>\n<div><a title=\"2014-04-04 17.23.14\" href=\"http:\/\/www.flickr.com\/photos\/100872287@N06\/13716476405\"><img decoding=\"async\" class=\"alignnone \" alt=\"2014-04-04 17.23.14\" src=\"http:\/\/farm8.staticflickr.com\/7179\/13716476405_10b861496b.jpg\" \/><\/a><\/div>\n<div><\/div>\n<div>Laurence est l\u00e0 avec les deux petits qu&rsquo;elle garde. Alors qu&rsquo;Eden \u00e9volue parmi le jeux, l&rsquo;autre enfant reste dans les bras de sa nounou malgr\u00e9 mes invitations \u00e0 en sortir.<\/div>\n<div><\/div>\n<div>D&rsquo;autres petits nous rejoignent mais font la navette entre dedans et dehors car il fait beau.<\/div>\n<div><\/div>\n<div><a title=\"2014-04-04 17.24.53\" href=\"http:\/\/www.flickr.com\/photos\/100872287@N06\/13716472235\"><img decoding=\"async\" class=\"alignnone \" alt=\"2014-04-04 17.24.53\" src=\"http:\/\/farm8.staticflickr.com\/7322\/13716472235_fc4bb02075.jpg\" \/><\/a><\/div>\n<div><\/div>\n<div>Dehors justement, Anne propose aux enfants un nouvel atelier cr\u00e9atif avec des curpipes : des bracelets fantaisie. Des mamans gravitent autour et je me dis qu&rsquo;il faudrait vraiment que je relance une activit\u00e9 pour elles.<\/div>\n<div><\/div>\n<div><a title=\"2014-04-04 17.21.22\" href=\"http:\/\/www.flickr.com\/photos\/100872287@N06\/13716504033\"><img decoding=\"async\" class=\"alignnone \" alt=\"2014-04-04 17.21.22\" src=\"http:\/\/farm6.staticflickr.com\/5062\/13716504033_cb20ff0975.jpg\" \/><\/a><\/div>\n<div><\/div>\n<div><\/div>\n<div>Sadio, une maman, a pr\u00e9par\u00e9 de la p\u00e2te \u00e0 beignets \u00e0 la maison et nous propose spontan\u00e9ment de cuisiner pour le go\u00fbter ! On sort la cuisine en vitesse, \u00e7a tombe bien, on n&rsquo;avait pas pr\u00e9vu d&rsquo;atelier cuisine aujourd&rsquo;hui.<\/div>\n<div><\/div>\n<div><a title=\"2014-04-04 17.22.49\" href=\"http:\/\/www.flickr.com\/photos\/100872287@N06\/13716862584\"><img decoding=\"async\" class=\"alignnone \" alt=\"2014-04-04 17.22.49\" src=\"http:\/\/farm4.staticflickr.com\/3809\/13716862584_261801f8d5.jpg\" \/><\/a><\/div>\n<div><\/div>\n<div>Lee groupe de mamans qui papotent autour d&rsquo;une boisson chaude, prend ses quartiers dans le coin cuisine, alors bien anim\u00e9. Nous aurons peine \u00e0 ranger les tables tant elles sont bien l\u00e0 \u00e0 discuter !<\/div>\n<div><\/div>\n<div><a title=\"2014-04-04 17.20.53\" href=\"http:\/\/www.flickr.com\/photos\/100872287@N06\/13716871674\"><img decoding=\"async\" class=\"alignnone \" alt=\"2014-04-04 17.20.53\" src=\"http:\/\/farm4.staticflickr.com\/3722\/13716871674_98c77cdcdc.jpg\" \/><\/a><\/div>\n<\/div>\n<\/div>\n<p>&nbsp;<\/p>\n<p><span style=\"color: #0000ff\"><strong><span style=\"text-decoration: underline\">Jeudi :\u00a0<\/span><span style=\"text-decoration: underline\">Au jardin<\/span><\/strong><\/span><\/p>\n<p>Nous nous rendons au terrain de l\u2019\u00e9querre avec notre dream-team de jardiniers.<\/p>\n<p><a title=\"SAM_6697\" href=\"http:\/\/www.flickr.com\/photos\/100872287@N06\/13715547785\"><img decoding=\"async\" class=\"alignnone \" alt=\"SAM_6697\" src=\"http:\/\/farm8.staticflickr.com\/7120\/13715547785_7f08fd580a.jpg\" \/><\/a><\/p>\n<p>Nous commen\u00e7ons par nettoyer les b\u00e2ches du DAEV \u00e0 l\u2019aide d\u2019huile de coude.<\/p>\n<p><a title=\"SAM_6650\" href=\"http:\/\/www.flickr.com\/photos\/100872287@N06\/13715934744\"><img decoding=\"async\" class=\"alignnone \" alt=\"SAM_6650\" src=\"http:\/\/farm3.staticflickr.com\/2844\/13715934744_dd6f3ef0c0.jpg\" \/><\/a><\/p>\n<p>Puis vient le grand nettoyage du terrain. De nombreuses branches, des planches, des vieux morceaux de carton sont amass\u00e9s puis br\u00fbl\u00e9s.<\/p>\n<p><a title=\"SAM_6653\" href=\"http:\/\/www.flickr.com\/photos\/100872287@N06\/13715549155\"><img decoding=\"async\" class=\"alignnone \" alt=\"SAM_6653\" src=\"http:\/\/farm3.staticflickr.com\/2905\/13715549155_66793093bd.jpg\" \/><\/a><\/p>\n<p>Ce temps gris est l\u2019occasion de rendre le terrain nickel. Aussi le camion est rang\u00e9, le coffre nettoy\u00e9, ce qui permettra de faire de la place pour r\u00e9cup\u00e9rer un de nos motoculteurs actuellement en r\u00e9paration.<\/p>\n<p><span style=\"color: #0000ff\"><strong><span style=\"text-decoration: underline\">Skate Park\u00a0:<\/span><\/strong><\/span><\/p>\n<p>Beaucoup de mamans et de nounous avec des enfants \u00e9videmment.<\/p>\n<p><a title=\"SAM_2667\" href=\"http:\/\/www.flickr.com\/photos\/100872287@N06\/13715638185\"><img decoding=\"async\" class=\"alignnone \" alt=\"SAM_2667\" src=\"http:\/\/farm4.staticflickr.com\/3764\/13715638185_f80927dd98.jpg\" \/><\/a><\/p>\n<p>Des enfants, qui s\u2019emparent des feutres et crayons pour colorier des sauterelles, s\u2019asseoient sur les tapis pour entamer une partie de croque-carottes.<\/p>\n<p><a title=\"SAM_2653\" href=\"http:\/\/www.flickr.com\/photos\/100872287@N06\/13715690203\"><img decoding=\"async\" class=\"alignnone \" alt=\"SAM_2653\" src=\"http:\/\/farm8.staticflickr.com\/7389\/13715690203_fce5812c65.jpg\" \/><\/a><\/p>\n<p>Les mamans posent les plus petits sur le tapis d\u2019\u00e9veil et discutent avec leurs copines autour d\u2019un verre de th\u00e9.<\/p>\n<p><a title=\"SAM_2655\" href=\"http:\/\/www.flickr.com\/photos\/100872287@N06\/13715681043\"><img decoding=\"async\" class=\"alignnone \" alt=\"SAM_2655\" src=\"http:\/\/farm4.staticflickr.com\/3712\/13715681043_0ae5b5cba6.jpg\" \/><\/a><\/p>\n<p>Arnaud, un papa qui est l\u00e0 depuis plusieurs semaines maintenant est l\u00e0 avec sa petite puce.<\/p>\n<p><a title=\"SAM_2658\" href=\"http:\/\/www.flickr.com\/photos\/100872287@N06\/13715647145\"><img decoding=\"async\" class=\"alignnone \" alt=\"SAM_2658\" src=\"http:\/\/farm8.staticflickr.com\/7111\/13715647145_5e935e1d29.jpg\" \/><\/a><\/p>\n<p>Etienne nous accompagne et observe, questionne, en vue de son documentaire sur l\u2019association. Le petit se sauve, \u00e0 chaque fois qu\u2019il en a l\u2019occasion. Puis, il s\u2019arr\u00eate\u00a0: il a vu un pigeon sur le toit du gymnase et ne le quittera plus des yeux.<\/p>\n<p><a title=\"SAM_2678\" href=\"http:\/\/www.flickr.com\/photos\/100872287@N06\/13716013534\"><img decoding=\"async\" class=\"alignnone \" alt=\"SAM_2678\" src=\"http:\/\/farm3.staticflickr.com\/2859\/13716013534_a145f546d8.jpg\" \/><\/a><\/p>\n<p><span style=\"color: #0000ff\"><strong><span style=\"text-decoration: underline\">Croix Breton\u00a0:<\/span><\/strong><\/span><\/p>\n<p>C\u2019est Mohamed Amin que l\u2019on voit pointer le bout de son nez en premier, courant vers nous, aussi rapide qu\u2019une fus\u00e9e\u00a0!! Beaucoup de monde est au rendez-vous aujourd\u2019hui encore.<\/p>\n<p><a title=\"DSCN9779\" href=\"http:\/\/www.flickr.com\/photos\/100872287@N06\/13715874803\"><img decoding=\"async\" class=\"alignnone \" alt=\"DSCN9779\" src=\"http:\/\/farm6.staticflickr.com\/5177\/13715874803_caa0a7c5f9.jpg\" \/><\/a><\/p>\n<p>A la demande g\u00e9n\u00e9rale on fait quelques parties de cache-cache d\u2019o\u00f9 Ayoub sortira grand vainqueur.<\/p>\n<p>Apr\u00e8s \u00e7a, Iasmine, Khaidja, Wiem, Imane et Ana\u00efs partent explorer le quartier \u00e9quip\u00e9s d\u2019appareils photos. Nos photographes en herbe ont pu pr\u00e9senter l\u2019association aux habitants, l\u2019atelier photo et n\u2019ont pas eu de mal \u00e0 nous ramener de jolis portraits.<\/p>\n<p><a title=\"SAM_2242\" href=\"http:\/\/www.flickr.com\/photos\/100872287@N06\/13715842595\"><img decoding=\"async\" class=\"alignnone \" alt=\"SAM_2242\" src=\"http:\/\/farm3.staticflickr.com\/2811\/13715842595_b2f06b1e96.jpg\" \/><\/a><\/p>\n<p>Sur les tapis de savants architectes se lancent dans la construction d\u2019une tour en Kapla qu\u2019il fallu malheureusement d\u00e9monter pour faire place au majestueux go\u00fbter.<\/p>\n<p><a title=\"DSCN9818\" href=\"http:\/\/www.flickr.com\/photos\/100872287@N06\/13715869243\"><img decoding=\"async\" class=\"alignnone \" alt=\"DSCN9818\" src=\"http:\/\/farm4.staticflickr.com\/3673\/13715869243_c8b49c8cae.jpg\" \/><\/a><\/p>\n<p>Fatima a encore fait preuve de ses talents aux fourneaux et nous a pr\u00e9par\u00e9 une b\u00fbche au chocolat blanc et framboises. Aussi belle \u00e0 voir que d\u00e9licieuse \u00e0 manger les enfants remercient notre cuistot tous en c\u0153ur.<\/p>\n<p><a title=\"DSCN9772\" href=\"http:\/\/www.flickr.com\/photos\/100872287@N06\/13715859275\"><img decoding=\"async\" class=\"alignnone \" alt=\"DSCN9772\" src=\"http:\/\/farm3.staticflickr.com\/2925\/13715859275_011e86dcc3.jpg\" \/><\/a><\/p>\n<p><span style=\"color: #0000ff\"><strong>Mercredi\u00a0:<span style=\"text-decoration: underline\">Villebon<\/span><\/strong><\/span><\/p>\n<p>Nous retrouvons avec plaisir les familles et tous les enfants de Villebon\u2026l\u2019expulsion n\u2019a pas eu lieu. On ne sait pas pour quand ce sera. De nombreuses familles ont tout de m\u00eame quitt\u00e9 le camp pour aller\u2026on ne sait trop o\u00f9 et on ne sait trop si on les reverra un jour.<\/p>\n<p><a title=\"SAM_2584\" href=\"http:\/\/www.flickr.com\/photos\/100872287@N06\/13716234515\"><img decoding=\"async\" class=\"alignnone \" alt=\"SAM_2584\" src=\"http:\/\/farm4.staticflickr.com\/3721\/13716234515_8c174c3707.jpg\" \/><\/a><\/p>\n<p>Sans penser \u00e0 tout cela, l\u2019atelier fut tr\u00e8s agr\u00e9able pour nous tous. Nous avons commenc\u00e9 par un \u00ab\u00a0Un, deux, trois Soleil\u00a0!\u00a0\u00bb \u00e0 leur demande. Les adultes se sont joins \u00e0 nous\u00a0: une mamie, un papy, des mamans, papas jusqu\u2019\u00e0 un tout petit bout de chou d\u2019\u00e0 peine un ou deux mois perch\u00e9 dans sa poussette\u00a0! Nous avons tous beaucoup ri en jouant ensemble\u00a0; c\u2019\u00e9tait un tr\u00e8s bon moment\u2026encore de beaux souvenirs de Villebon\u2026<\/p>\n<p><a title=\"SAM_2609\" href=\"http:\/\/www.flickr.com\/photos\/100872287@N06\/13716215105\"><img decoding=\"async\" class=\"alignnone \" alt=\"SAM_2609\" src=\"http:\/\/farm3.staticflickr.com\/2849\/13716215105_b0154c82ce.jpg\" \/><\/a><\/p>\n<p>&nbsp;<\/p>\n<p>Apr\u00e8s ce temps de d\u00e9foulement et de franche rigolade, nous avons d\u00e9ploy\u00e9 notre arsenal de petites tables et chaises multicolores pour nous adonner \u00e0 divers activit\u00e9s\u00a0: des coloriages, fabrication de masques, puzzles, jeux de soci\u00e9t\u00e9 (\u00ab\u00a0Triomino\u00a0\u00bb et \u00ab\u00a0Croque-carotte\u00a0\u00bb) et confection de bijoux en perles\u2026<\/p>\n<p><a title=\"SAM_2627\" href=\"http:\/\/www.flickr.com\/photos\/100872287@N06\/13716223163\"><img decoding=\"async\" class=\"alignnone \" alt=\"SAM_2627\" src=\"http:\/\/farm6.staticflickr.com\/5036\/13716223163_89d94b6529.jpg\" \/><\/a><\/p>\n<p>&nbsp;<\/p>\n<p>Tout cela s\u2019est d\u00e9roul\u00e9 dans une tr\u00e8s sympathique ambiance avec les plus petits et les plus grands. Les faiseurs de puzzles furent d\u2019une concentration sans pareil, tout comme les apprentis bijoutiers !<\/p>\n<p><a title=\"SAM_2603\" href=\"http:\/\/www.flickr.com\/photos\/100872287@N06\/13716242233\"><img decoding=\"async\" class=\"alignnone \" alt=\"SAM_2603\" src=\"http:\/\/farm4.staticflickr.com\/3767\/13716242233_c5649619d7.jpg\" \/><\/a><\/p>\n<p>Comme d\u2019habitude, nous avons clos l\u2019atelier par notre fameux go\u00fbter partag\u00e9\u2026au calme\u00a0! Aujourd\u2019hui, un go\u00fbter \u00e9quilibr\u00e9 avec au menu\u00a0: madeleine, chocolat, kiwi, fruits secs avec un succulent chocolat chaud, fort en chocolat\u00a0!<\/p>\n<p><a title=\"SAM_2648\" href=\"http:\/\/www.flickr.com\/photos\/100872287@N06\/13716577154\"><img decoding=\"async\" class=\"alignnone \" alt=\"SAM_2648\" src=\"http:\/\/farm4.staticflickr.com\/3718\/13716577154_6c78e431a1.jpg\" \/><\/a><\/p>\n<p>Et surtout\u2026on esp\u00e8re tr\u00e8s fort \u00e0 la semaine prochaine\u00a0!<\/p>\n<p><a title=\"SAM_2583\" href=\"http:\/\/www.flickr.com\/photos\/100872287@N06\/13716261073\"><img decoding=\"async\" class=\"alignnone \" alt=\"SAM_2583\" src=\"http:\/\/farm3.staticflickr.com\/2818\/13716261073_3b8fabbe64.jpg\" \/><\/a><\/p>\n<p><span style=\"color: #0000ff\"><strong><span style=\"text-decoration: underline\">Ludoth\u00e8que\u00a0:<\/span><\/strong><\/span><\/p>\n<p>L\u2019atelier commence avec un petit groupe d\u2019enfants qui se repartissent sur la ludoth\u00e8que, le babyfoot est encore de sortie et ils se pr\u00e9cipitent dessus.<\/p>\n<p><a title=\"SAM_2164\" href=\"http:\/\/www.flickr.com\/photos\/100872287@N06\/13716950833\"><img decoding=\"async\" class=\"alignnone \" alt=\"SAM_2164\" src=\"http:\/\/farm8.staticflickr.com\/7225\/13716950833_e02927b396.jpg\" \/><\/a><\/p>\n<p>A cot\u00e9 Souad accueille les mamans pr\u00e8s de l\u2019aire de jeux et entame une discussion avec eux afin de favoriser un climat convivial.<\/p>\n<p>Melissa, elle se met sur les jeux de soci\u00e9t\u00e9 dont le \u00ab\u00a0croque carotte\u00a0\u00bb que les enfants appr\u00e9cient particuli\u00e8rement et Florian joue au frisbee avec un groupe d\u2019enfants.<\/p>\n<p><a title=\"SAM_2165\" href=\"http:\/\/www.flickr.com\/photos\/100872287@N06\/13716941573\"><img decoding=\"async\" class=\"alignnone \" alt=\"SAM_2165\" src=\"http:\/\/farm8.staticflickr.com\/7256\/13716941573_2d5e9a872e.jpg\" \/><\/a><\/p>\n<p>Une fois l\u2019ambiance bien install\u00e9e \u00e0 la ludoth\u00e8que, nous improvisons une partie de \u00ab\u00a0frisbee-gage\u00a0\u00bb consistant \u00e0 se faire des passes au frisbee en nommant le nom de la personne \u00e0 qui on veut l\u2019envoyer et si on ne rattrape pas le frisbee, on a un gage ou on fait une petite prestation (chant, danse, sport divers) au milieu du cercle. Ce petit jeu \u00e0 cr\u00e9er une bonne ambiance, l\u2019esprit d\u2019\u00e9quipe, la connaissance des pr\u00e9noms de tout et par-dessus tout une incroyable adresse\u00a0!!<\/p>\n<p><a title=\"SAM_2170\" href=\"http:\/\/www.flickr.com\/photos\/100872287@N06\/13717292974\"><img decoding=\"async\" class=\"alignnone \" alt=\"SAM_2170\" src=\"http:\/\/farm8.staticflickr.com\/7272\/13717292974_59f00f1413.jpg\" \/><\/a><\/p>\n<p>Nous terminons l\u2019atelier par le go\u00fbter\u00a0!! A la semaine prochaine\u00a0!!!<\/p>\n<p><span style=\"text-decoration: underline\"><a title=\"SAM_2216\" href=\"http:\/\/www.flickr.com\/photos\/100872287@N06\/13717283184\"><img decoding=\"async\" class=\"alignnone \" alt=\"SAM_2216\" src=\"http:\/\/farm8.staticflickr.com\/7062\/13717283184_b70c4dc805.jpg\" \/><\/a><\/span><\/p>\n<p><span style=\"color: #0000ff\"><strong><span style=\"text-decoration: underline\">Au verger:<\/span><\/strong><\/span><\/p>\n<p>Nous sommes de retour au verger de Chilly-Mazarin pour une ouverture au public dans le cadre de la semaine du d\u00e9veloppement durable.<\/p>\n<p><a title=\"SAM_6638\" href=\"http:\/\/www.flickr.com\/photos\/100872287@N06\/13717400344\"><img decoding=\"async\" class=\"alignnone \" alt=\"SAM_6638\" src=\"http:\/\/farm4.staticflickr.com\/3779\/13717400344_f9c59d7054.jpg\" \/><\/a><\/p>\n<p>Nous recevons un groupe du centre soleil avec lequel nous travaillons auparavant sur le potager de Chilly. Puis des enfants d\u2019un centre de loisir de la ville viennent participer aux activit\u00e9s accompagn\u00e9s de leurs animateurs. Ils vont r\u00e9aliser des semis de fleurs diverses qui seront ensuite plant\u00e9 dans le verger. Nous allons les faire pousser sous la serre de notre terrain \u00e0 Saulx puis les ram\u00e8nerons sur le verger.<\/p>\n<p><a title=\"SAM_6641\" href=\"http:\/\/www.flickr.com\/photos\/100872287@N06\/13717398694\"><img decoding=\"async\" class=\"alignnone \" alt=\"SAM_6641\" src=\"http:\/\/farm8.staticflickr.com\/7139\/13717398694_0a3ef8eeb1.jpg\" \/><\/a><\/p>\n<p>Les plus grands quand \u00e0 eux d\u00e9sherbent les abords des plantations notamment les framboisiers \u00e0 l\u2019aide de houes. Dans un coin du terrain nous taillons quelques branches et nous terminons la journ\u00e9e par l\u2019arrosage des arbustes, des arbres fruitiers et des fameux semis qui fleuriront plus tard notre jardin.<\/p>\n<p><a title=\"SAM_6637\" href=\"http:\/\/www.flickr.com\/photos\/100872287@N06\/13717037823\"><img decoding=\"async\" class=\"alignnone \" alt=\"SAM_6637\" src=\"http:\/\/farm8.staticflickr.com\/7001\/13717037823_e6b119b2a3.jpg\" \/><\/a><\/p>\n<p><strong><span style=\"color: #ff0000\">KroniKs des Robinsons de GRENOBLE: Madame RUETABAGA<\/span><\/strong><\/p>\n<p><strong><\/strong>Pour cet atelier Robin et Lou m\u2019accompagnent. Je propose de nouveau aux enfants de s&rsquo;auto-organiser pour l&rsquo;atelier maquillage. D&rsquo;ailleurs, je vais \u00eatre maquill\u00e9e par l&rsquo;une d&rsquo;entre elles.<br \/>\nUn petit groupe se constitue afin de r\u00e9diger la lettre aux services des espaces verts afin de leur demander des explications de pourquoi ils ont retir\u00e9s les bacs \u00e0 plantations que les habitants avaient mis.<\/p>\n<p>c&rsquo;est une belle lettre et c&rsquo;est un moment int\u00e9ressant o\u00f9 nous discutons \u00e0 quoi \u00e7a sert une mairie.<\/p>\n","protected":false},"excerpt":{"rendered":"<p>Il est de bon ton pour un professionnel d&rsquo;avoir peur qu&rsquo;on \u00a0se serve de lui. Ainsi, \u00a0 sommes-nous invit\u00e9s \u00e0 aiguiser notre attention contre les strat\u00e9gies et les attentes de nos publics. Qu&rsquo;on se serve de soi est souvent per\u00e7u comme une perte de puissance. Pourtant renverser le verbe est d\u00e9j\u00e0 renverser le sens. \u00a0Apr\u00e8s &hellip; <a href=\"http:\/\/recherche-action.fr\/intermedes\/2014\/04\/03\/servir-se-servir-sasservir\/\" class=\"more-link\">Continuer la lecture<span class=\"screen-reader-text\"> de &laquo;&nbsp;Servir, se servir s&rsquo;asservir&nbsp;&raquo;<\/span><\/a><\/p>\n","protected":false},"author":1,"featured_media":0,"comment_status":"open","ping_status":"open","sticky":false,"template":"","format":"standard","meta":{"footnotes":""},"categories":[1],"tags":[],"class_list":["post-3644","post","type-post","status-publish","format-standard","hentry","category-non-classe"],"jetpack_featured_media_url":"","_links":{"self":[{"href":"http:\/\/recherche-action.fr\/intermedes\/wp-json\/wp\/v2\/posts\/3644","targetHints":{"allow":["GET"]}}],"collection":[{"href":"http:\/\/recherche-action.fr\/intermedes\/wp-json\/wp\/v2\/posts"}],"about":[{"href":"http:\/\/recherche-action.fr\/intermedes\/wp-json\/wp\/v2\/types\/post"}],"author":[{"embeddable":true,"href":"http:\/\/recherche-action.fr\/intermedes\/wp-json\/wp\/v2\/users\/1"}],"replies":[{"embeddable":true,"href":"http:\/\/recherche-action.fr\/intermedes\/wp-json\/wp\/v2\/comments?post=3644"}],"version-history":[{"count":0,"href":"http:\/\/recherche-action.fr\/intermedes\/wp-json\/wp\/v2\/posts\/3644\/revisions"}],"wp:attachment":[{"href":"http:\/\/recherche-action.fr\/intermedes\/wp-json\/wp\/v2\/media?parent=3644"}],"wp:term":[{"taxonomy":"category","embeddable":true,"href":"http:\/\/recherche-action.fr\/intermedes\/wp-json\/wp\/v2\/categories?post=3644"},{"taxonomy":"post_tag","embeddable":true,"href":"http:\/\/recherche-action.fr\/intermedes\/wp-json\/wp\/v2\/tags?post=3644"}],"curies":[{"name":"wp","href":"https:\/\/api.w.org\/{rel}","templated":true}]}}