{"id":3755,"date":"2014-06-05T10:27:22","date_gmt":"2014-06-05T09:27:22","guid":{"rendered":"http:\/\/recherche-action.fr\/intermedes\/?p=3755"},"modified":"2014-06-05T10:27:22","modified_gmt":"2014-06-05T09:27:22","slug":"exigences-et-tolerance-sortir-des-logiques-symetriques","status":"publish","type":"post","link":"http:\/\/recherche-action.fr\/intermedes\/2014\/06\/05\/exigences-et-tolerance-sortir-des-logiques-symetriques\/","title":{"rendered":"Exigences et tol\u00e9rance: sortir des logiques sym\u00e9triques"},"content":{"rendered":"<p><strong>La tol\u00e9rance est la mesure de ce que nous attendons\u00a0des autres, l&rsquo;exigence est celle de ce que nous\u00a0attendons de nous m\u00eames.<\/strong><\/p>\n<p>Il est ind\u00e9niable qu&rsquo;actuellement, les institutions, qu&rsquo;elles soient sociales, m\u00e9dicales, \u00e9ducatives, \u00e9voluent conjointement\u00a0vers un seuil de tol\u00e9rance, et d&rsquo;exigence, \u00a0de plus en plus critique. Elles exigent et attendent de plus en plus de comp\u00e9tences, adh\u00e9sion, engagement, ind\u00e9pendance de la part de leur public et sont de moins en moins\u00a0exigeantes sur la qualit\u00e9 des pratiques, l&rsquo;engagement professionnel, etc.<\/p>\n<p>Il y a une logique de sym\u00e9trie entre ces deux fonctions, qui, au fond , est tout \u00e0 fait lib\u00e9rale. C&rsquo;est une\u00a0logique de contrat, d&rsquo;\u00e9change binaire, de donnant \/ donnant qui caract\u00e9rise de plus en plus tout notre environnement, y compris dans les sph\u00e8res de nos vies qui en \u00e9taient autrefois prot\u00e9g\u00e9es: vie sociale, familiale, intime, etc.<\/p>\n<p><a title=\"SAM_3560\" href=\"http:\/\/www.flickr.com\/photos\/100872287@N06\/14204025377\"><img decoding=\"async\" class=\"alignnone \" src=\"https:\/\/farm3.staticflickr.com\/2922\/14204025377_434fc0ce6a.jpg\" alt=\"SAM_3560\" \/><\/a><\/p>\n<p><strong>La p\u00e9dagogie sociale est une p\u00e9dagogie qui ambitionne d&rsquo;apprendre collectivement \u00e0 sortir des logiques sym\u00e9triques.<\/strong><\/p>\n<p>Au donnant\/donnant, nous opposons la logique du don, et de l&rsquo;engagement; car si la sym\u00e9trie\u00a0est toujours st\u00e9rile et finit par confirmer\u00a0les in\u00e9galit\u00e9s qui \u00e9taient d\u00e9j\u00e0 l\u00e0; <em><strong>la dissym\u00e9trie, au contraire est\u00a0productrice de richesses, de valeur et de vie.<\/strong><\/em><\/p>\n<p><strong>C&rsquo;est parce qu&rsquo;il n&rsquo;y a pas de contrepartie, que l&rsquo;atelier de rue, forme fragile et pr\u00e9caire du travail \u00e9ducatif, provoque attachement et adh\u00e9sion<\/strong>. C&rsquo;est parce qu&rsquo;elle est donn\u00e9e inconditionnellement et sans certitude de retour , que la confiance finit par s&rsquo;instaurer comme mode de relation.<\/p>\n<p><span style=\"color: #3366ff\"><strong>La p\u00e9dagogie sociale propose un tr\u00e8s bas seul de tol\u00e9rance vis \u00e0 vis des b\u00e9n\u00e9ficiaires<\/strong><\/span>; il s&rsquo;agit de prendre la r\u00e9alit\u00e9 et les gens, comme ils sont. \u00a0Il s&rsquo;agit d&rsquo;accepter les d\u00e9pendances, la consommation, et d&rsquo;une fa\u00e7on g\u00e9n\u00e9rale tous les gens qui ne sont pas \u00e0 leur place\u00a0\u00bb ou \u00ab\u00a0qui ne devraient pas \u00eatre l\u00e0\u00a0\u00bb.<\/p>\n<p><strong>Puis elle y ajoute un haut seuil d&rsquo;exigences qui consiste \u00e0 ce que nous nous donnions nous-m\u00eames\u00a0 les moyens de durer, de tenir et retenir.<\/strong><\/p>\n<p>la logique sym\u00e9trique est en train de d\u00e9truire notre vie politique, \u00e9conomique et sociale. Chaque jour cette logique tend \u00e0 cr\u00e9er un climat de vie de plus en plus insupportable .<\/p>\n<p><strong>C&rsquo;est l&rsquo;id\u00e9ologie sym\u00e9trique qui permet de r\u00e9clamer, obtenir et faire accepter de plus en plus de violences sociales et institutionnelles contre les enfants, les jeunes, les exclus.<\/strong> C&rsquo;est cette logique qui permet de p\u00e9naliser \u00e0 l&rsquo;envie les ch\u00f4meurs, les sans domiciles, les Rroms.<\/p>\n<p>C&rsquo;est celle logique qui permet d&rsquo;enterrer les id\u00e9aux d&rsquo;une \u00e9ducation pour tous, de la protection de l&rsquo;enfance,\u00a0et d&rsquo;une r\u00e9elle communaut\u00e9 sociale.<\/p>\n<p><strong>A l&rsquo;inverse, il est\u00a0devenu tr\u00e8s difficile de d\u00e9fendre et justifier une logique dissym\u00e9trique<\/strong> dans un contexte o\u00f9 nous sommes tous les jours \u00ab\u00a0bombard\u00e9s\u00a0\u00bb par l&rsquo;id\u00e9ologie\u00a0contraire. Notre seule mani\u00e8re de proc\u00e9der, d&rsquo;expliquer, de faire , comme d&rsquo;en donner la preuve et ce, tout en m\u00eame temps, est de mettre en oeuvre des actions de P\u00e9dagogie Sociale.<\/p>\n<p>Celui qui voit la P\u00e9dagogie Sociale en oeuvre dans la rue, comme celui qui voit la P\u00e9dagogie Freinet \u00e0 l&rsquo;oeuvre \u00e0 l&rsquo;Ecole, ne peut avoir aucun doute sur ce qu&rsquo;elle cr\u00e9e, ce qu&rsquo;elle permet , ce qu&rsquo;elle instaure.<\/p>\n<p><strong>Encore faut il avoir des yeux pour voir.<\/strong><\/p>\n<p><strong> Dimanche:\u00a0<\/strong><strong>Canicule\u00a0<\/strong><\/p>\n<p>Aujourd\u2019hui \u00e9tait une belle journ\u00e9e comme on aimerait en vivre plus\u00a0!<\/p>\n<p><a title=\"DSCN0582\" href=\"http:\/\/www.flickr.com\/photos\/100872287@N06\/14203784718\"><img decoding=\"async\" class=\"alignnone \" src=\"https:\/\/farm3.staticflickr.com\/2910\/14203784718_d2cec3b7b9.jpg\" alt=\"DSCN0582\" \/><\/a><\/p>\n<p>D\u00e8s notre arriv\u00e9e nous allumons le barbecue pour pouvoir faire cuire des brochettes de poulets, des merguez et aussi des patates\u00a0!<\/p>\n<p><a title=\"DSCN0573\" href=\"http:\/\/www.flickr.com\/photos\/100872287@N06\/14203756159\"><img decoding=\"async\" class=\"alignnone \" src=\"https:\/\/farm6.staticflickr.com\/5524\/14203756159_468ec16592.jpg\" alt=\"DSCN0573\" \/><\/a><\/p>\n<p>Nous avons aussi cueillis une petite salade pour l\u2019entr\u00e9e\u00a0! A peine le temps de la pr\u00e9par\u00e9e et la viande est d\u00e9j\u00e0 cuite\u00a0!<\/p>\n<p>Apr\u00e8s que les jardiniers que nous sommes aient pris des forces, il faut se mettre au boulot\u00a0!<\/p>\n<p>Les \u00ab\u00a0t\u00e2ches\u00a0\u00bb sont multiples\u00a0: il faut d\u00e9sherber les plantations de courges :<\/p>\n<p><a title=\"DSCN0564\" href=\"http:\/\/www.flickr.com\/photos\/100872287@N06\/14387059281\"><img decoding=\"async\" class=\"alignnone \" src=\"https:\/\/farm6.staticflickr.com\/5580\/14387059281_1af708a7f7.jpg\" alt=\"DSCN0564\" \/><\/a><\/p>\n<p>mais il faut aussi cueillir les framboises, les fraises et aussi les salades\u00a0!<\/p>\n<p><a title=\"DSCN0566\" href=\"http:\/\/www.flickr.com\/photos\/100872287@N06\/14387057951\"><img decoding=\"async\" class=\"alignnone \" src=\"https:\/\/farm6.staticflickr.com\/5503\/14387057951_902ef4d804.jpg\" alt=\"DSCN0566\" \/><\/a><\/p>\n<p>Apr\u00e8s l\u2019effort, le r\u00e9confort\u00a0! En effet, tout le monde boit un verre de grenadine et mange un morceau de bon g\u00e2teau afin de se d\u00e9tendre apr\u00e8s cette journ\u00e9e fatigante, bien que satisfaisante\u00a0!<\/p>\n<p>Mais il est d\u00e9j\u00e0 l\u2019heure de partir\u00a0! Alors tout le monde met la main \u00e0 la pate, et en un rien de temps nous avions rang\u00e9 tout le mat\u00e9riel.<\/p>\n<p><a title=\"DSCN0571\" href=\"http:\/\/www.flickr.com\/photos\/100872287@N06\/14203951197\"><img decoding=\"async\" class=\"alignnone \" src=\"https:\/\/farm3.staticflickr.com\/2922\/14203951197_d94c2a3e37.jpg\" alt=\"DSCN0571\" \/><\/a><\/p>\n<p>Et hop nous sautons dans le camion et rentrons au quartier\u00a0!<\/p>\n<p>Vivement la prochaine journ\u00e9e au jardin\u00a0!<\/p>\n<p><a href=\"http:\/\/recherche-action.fr\/intermedes\/files\/2014\/06\/photo.jpg\"><img fetchpriority=\"high\" decoding=\"async\" class=\"aligncenter size-full wp-image-3775\" src=\"http:\/\/recherche-action.fr\/intermedes\/files\/2014\/06\/photo.jpg\" alt=\"photo\" width=\"640\" height=\"480\" \/><\/a><\/p>\n<p><span style=\"color: #800080\"><strong>Samedi:<\/strong><\/span><\/p>\n<p><span style=\"text-decoration: underline\">Champlan :<\/span><\/p>\n<p>\u00ab\u00a0Pr\u00eat, action, \u00e7a tourne\u00a0! \u00bbVoila les ma\u00eetres mots de l\u2019atelier du jour. Car en effet, aujourd\u2019hui un atelier un peu diff\u00e9rent a \u00e9t\u00e9 fait. Les Robinsons ainsi qu\u2019une \u00e9quipe de tournage se sont donn\u00e9 rendez-vous sur l\u2019un des camps de Champlan, le terrain o\u00f9 vivent Madalin et Maria entre autres pour y tourner un film.<\/p>\n<p><a title=\"SAM_7686\" href=\"http:\/\/www.flickr.com\/photos\/100872287@N06\/14389335474\"><img decoding=\"async\" class=\"alignnone \" src=\"https:\/\/farm6.staticflickr.com\/5272\/14389335474_032564b054.jpg\" alt=\"SAM_7686\" \/><\/a><\/p>\n<p>Ce film a pour but de d\u2019\u00e9noncer les injustices subies par les familles et enfants roms en France.<\/p>\n<p>Le film a donc \u00e9t\u00e9 tourn\u00e9 sous forme de proc\u00e8s ou l\u2019\u00e9tat et les roms \u00e9taient repr\u00e9sent\u00e9s par leurs avocats respectifs. Ces avocats \u00e9taient jou\u00e9s par Laurent et Abdel.<\/p>\n<p><a title=\"SAM_7709\" href=\"http:\/\/www.flickr.com\/photos\/100872287@N06\/14203753458\"><img decoding=\"async\" class=\"alignnone \" src=\"https:\/\/farm4.staticflickr.com\/3901\/14203753458_d8960cf64f.jpg\" alt=\"SAM_7709\" \/><\/a><\/p>\n<p>Les deux parties pr\u00e9sentaient leur argumentaire. Des t\u00e9moins roms sont venus raconter leurs histoires et racontaient les injustices qu\u2019ils ont pu vivre depuis leur arriv\u00e9e en France. Enfants, parents roms alors pu prendre palace \u00e0 la barre pour t\u00e9moigner de leur privation de libert\u00e9 et d\u2019\u00e9galit\u00e9 face \u00e0 la loi fran\u00e7aise. Les personnes du camp de Madalin mais aussi des personnes d\u2019autres camps ont pu prendre la parole.<\/p>\n<p><a title=\"SAM_7693\" href=\"http:\/\/www.flickr.com\/photos\/100872287@N06\/14387022921\"><img decoding=\"async\" class=\"alignnone \" src=\"https:\/\/farm3.staticflickr.com\/2913\/14387022921_14abb57c57.jpg\" alt=\"SAM_7693\" \/><\/a><\/p>\n<p>Les t\u00e9moignages \u00e9taient forts et personnels. Ils ont \u00e9t\u00e9 nombreux\u00a0: environs une dizaine de personnes ont fait preuve \u00a0de courage pour venir dire ce qu\u2019ils avaient \u00e0 dire et r\u00e9pondent aux questions de leur avocat ici repr\u00e9sent\u00e9 par Laurent. A la fin de la plaidoirie, les jur\u00e9s et le juge (Garance) ont d\u00e9clar\u00e9 l\u2019Etat coupable des chefs d\u2019accusations qui pesaient contre ce dernier.<\/p>\n<p>Tous et toutes ont pris plaisir \u00e0 t\u00e9moigner et se sont sentis fiers de pouvoir faire partie de ce film qui tente de d\u00e9fendre la cause des personnes roms.<\/p>\n<p><span style=\"color: #3366ff\">Sur les lieux du Tournage du Proc\u00e8s<\/span><\/p>\n<p>Nous \u00e9tions tr\u00e8s nombreux , pour tourner la suite du film sur le proc\u00e8s en cours. Apr\u00e8s l&rsquo;expulsion de Villebon, \u00ab\u00a0la Cour\u00a0\u00bb avait naturellement trouv\u00e9 refuge au bidonville de Champlan.<\/p>\n<p><a href=\"http:\/\/recherche-action.fr\/intermedes\/files\/2014\/06\/moyen-2.jpg\"><img decoding=\"async\" class=\"aligncenter size-full wp-image-3780\" src=\"http:\/\/recherche-action.fr\/intermedes\/files\/2014\/06\/moyen-2.jpg\" alt=\"moyen 2\" width=\"500\" height=\"333\" \/><\/a><\/p>\n<p>Toute la journ\u00e9e, le tournage a eu lieu devant de nombreux spectateurs, des t\u00e9moins, et m\u00eame un Jury&#8230; Mais chut&#8230; Ce n&rsquo;est pas encore pr\u00eat. (:-))<\/p>\n<p><a href=\"http:\/\/recherche-action.fr\/intermedes\/files\/2014\/06\/light3.jpg\"><img decoding=\"async\" class=\"aligncenter size-full wp-image-3779\" src=\"http:\/\/recherche-action.fr\/intermedes\/files\/2014\/06\/light3.jpg\" alt=\"light3\" width=\"500\" height=\"261\" \/><\/a><\/p>\n<p>&nbsp;<\/p>\n<p><span style=\"text-decoration: underline\">A la Villa Saint-Martin :<\/span><\/p>\n<p>Temps id\u00e9al aujourd\u2019hui \u00e0 la VSM\u00a0! Tellement que tous les ateliers sont install\u00e9s \u00e0 l\u2019ombre \u2026 La petite enfance et les jeux de soci\u00e9t\u00e9 sont install\u00e9s et Aline anime une activit\u00e9 au jardin de la villa.<\/p>\n<p><a title=\"SAM_3569\" href=\"http:\/\/www.flickr.com\/photos\/100872287@N06\/14410643613\"><img decoding=\"async\" class=\"alignnone \" src=\"https:\/\/farm6.staticflickr.com\/5195\/14410643613_f1f810136b.jpg\" alt=\"SAM_3569\" \/><\/a><\/p>\n<p>Pendant que Ferr\u00e9ol joue au foot avec les gar\u00e7ons, Charlotte s\u2019essaye au Dobble tandis que Matthias amuse les plus petits.<\/p>\n<p><a title=\"SAM_3603\" href=\"http:\/\/www.flickr.com\/photos\/100872287@N06\/14410639543\"><img decoding=\"async\" class=\"alignnone \" src=\"https:\/\/farm4.staticflickr.com\/3923\/14410639543_fbaaebe705.jpg\" alt=\"SAM_3603\" \/><\/a><\/p>\n<p>Aline revient et continue son atelier autour des bracelets br\u00e9siliens avec un public fid\u00e8le qui lui apprend de nouveaux types de bracelets\u00a0!<\/p>\n<p><a title=\"SAM_3607\" href=\"http:\/\/www.flickr.com\/photos\/100872287@N06\/14389430734\"><img decoding=\"async\" class=\"alignnone \" src=\"https:\/\/farm4.staticflickr.com\/3879\/14389430734_57e20c49bf.jpg\" alt=\"SAM_3607\" \/><\/a><\/p>\n<p>Arrive le conseil de quartier pendant lequel Matthias partage son id\u00e9e de pochoir sur t-shirt qui plait beaucoup aux filles qui proposent \u00e9galement de faire des tampons pour customiser leur t-shirt et raccourcir leur pantalons pour faire des shorts pour l\u2019\u00e9t\u00e9.<\/p>\n<p><a title=\"SAM_3560\" href=\"http:\/\/www.flickr.com\/photos\/100872287@N06\/14204025377\"><img decoding=\"async\" class=\"alignnone \" src=\"https:\/\/farm3.staticflickr.com\/2922\/14204025377_434fc0ce6a.jpg\" alt=\"SAM_3560\" \/><\/a><\/p>\n<p>Les enfants proposent \u00e9galement une course en sac \u00e0 patate et un atelier glace\u00a0!<\/p>\n<p>Vient ensuite le go\u00fbter qui se passe dans la joie et la bonne humeur\u00a0!<\/p>\n<p><span style=\"color: #800080\"><strong>Vendredi :<\/strong><\/span><\/p>\n<p><span style=\"text-decoration: underline\">A la Rocade:<\/span><\/p>\n<p>Aujourd\u2019hui le soleil tape fort\u00a0! C\u2019est donc une super journ\u00e9e pour installer les ateliers \u00e0 la rocade\u00a0!<\/p>\n<p><a title=\"DSCN0550\" href=\"http:\/\/www.flickr.com\/photos\/100872287@N06\/14410681363\"><img decoding=\"async\" class=\"alignnone \" src=\"https:\/\/farm3.staticflickr.com\/2902\/14410681363_f99ddd00d0.jpg\" alt=\"DSCN0550\" \/><\/a><\/p>\n<p>Pendant que des enfants sont en train de pr\u00e9parer de super marbr\u00e9s au chocolat, d\u2019autre pr\u00e9f\u00e8re confectionner de tr\u00e8s jolies bracelets br\u00e9siliens\u00a0!<\/p>\n<p><a title=\"DSCN0540\" href=\"http:\/\/www.flickr.com\/photos\/100872287@N06\/14203896698\"><img decoding=\"async\" class=\"alignnone \" src=\"https:\/\/farm4.staticflickr.com\/3878\/14203896698_b6bf2cd7ca.jpg\" alt=\"DSCN0540\" \/><\/a><\/p>\n<p><a title=\"DSCN0515\" href=\"http:\/\/www.flickr.com\/photos\/100872287@N06\/14203898248\"><img decoding=\"async\" class=\"alignnone \" src=\"https:\/\/farm6.staticflickr.com\/5518\/14203898248_d26821ce3f.jpg\" alt=\"DSCN0515\" \/><\/a><\/p>\n<p>Certains enfants exercent leur attention en jouant aux jeux de soci\u00e9t\u00e9 tandis que pour d\u2019autres c\u2019est l\u2019occasion de s\u2019exprimer en participant \u00e0 l\u2019atelier musical\u00a0: Poezik\u00a0!<\/p>\n<p><a title=\"DSCN0548\" href=\"http:\/\/www.flickr.com\/photos\/100872287@N06\/14387165421\"><img decoding=\"async\" class=\"alignnone \" src=\"https:\/\/farm4.staticflickr.com\/3925\/14387165421_e5832a4767.jpg\" alt=\"DSCN0548\" \/><\/a><\/p>\n<p>Mais le temps passe \u00e0 une telle vitesse et il est d\u00e9j\u00e0 l\u2019heure du gouter\u00a0! Nous pouvons alors d\u00e9guster le gateau\u00a0 tous ensemble!<\/p>\n<p><a title=\"DSCN0561\" href=\"http:\/\/www.flickr.com\/photos\/100872287@N06\/14203889968\"><img decoding=\"async\" class=\"alignnone \" src=\"https:\/\/farm3.staticflickr.com\/2929\/14203889968_a7c25aa24b.jpg\" alt=\"DSCN0561\" \/><\/a><\/p>\n<p><span style=\"text-decoration: underline\">Au terrain des ruches :<\/span><\/p>\n<p>Pour cette merveilleuse journ\u00e9e on s\u2019est dit que l&rsquo;on devrait passer voir nos ruches et \u00ab\u00a0bien veiller\u00a0\u00bb sur nos abeilles notamment pour les nourrir.<a title=\"SAM_7670\" href=\"http:\/\/www.flickr.com\/photos\/100872287@N06\/14389519294\"><img decoding=\"async\" class=\"alignnone \" src=\"https:\/\/farm6.staticflickr.com\/5589\/14389519294_5891a5fa71.jpg\" alt=\"SAM_7670\" \/><\/a><\/p>\n<p>Avec un peu de mal \u00e0 allum\u00e9 le\u00a0\u00bbfeu\u00a0 du sommeil \u00ab\u00a0 qui nous \u00e0 permis de calmer un peu l\u2019esprit et l\u2019ambiance \u00e0 la rencontre des abeilles on \u00e0 pu les nourrir et les faire un peu sortir pour qui nous donne du bon miel. Nous avons essay\u00e9 de remplacer les cadres afin de prendre le go\u00fbter\u00a0 et de partir.<\/p>\n<p><a title=\"SAM_7668\" href=\"http:\/\/www.flickr.com\/photos\/100872287@N06\/14389519674\"><img decoding=\"async\" class=\"alignnone \" src=\"https:\/\/farm3.staticflickr.com\/2914\/14389519674_e6f51964bb.jpg\" alt=\"SAM_7668\" \/><\/a><\/p>\n<p><a title=\"SAM_7680\" href=\"http:\/\/www.flickr.com\/photos\/100872287@N06\/14203939088\"><img decoding=\"async\" class=\"alignnone \" src=\"https:\/\/farm3.staticflickr.com\/2911\/14203939088_c4d38822e7.jpg\" alt=\"SAM_7680\" \/><\/a><\/p>\n<p><span style=\"color: #800080\"><strong>Jeudi :<\/strong><\/span><\/p>\n<p><span style=\"text-decoration: underline\">Croix-Breton:<\/span><\/p>\n<p>Le soleil de la Croix-Breton nous a tous grill\u00e9s cet apr\u00e8s-midi. Il a m\u00eame chatouill\u00e9 la bonne humeur de tout le monde\u00a0; on a tous fait le plein pour tous les jours pluvieux qui auront la pr\u00e9tention de se pointer pour assombrir notre \u00e9t\u00e9 continental\u00a0!<\/p>\n<p><a title=\"SAM_3467\" href=\"http:\/\/www.flickr.com\/photos\/100872287@N06\/14389556174\"><img decoding=\"async\" class=\"alignnone \" src=\"https:\/\/farm3.staticflickr.com\/2929\/14389556174_fd456262db.jpg\" alt=\"SAM_3467\" \/><\/a><\/p>\n<p>Un tr\u00e8s bel atelier sous un tr\u00e8s beau soleil, donc. Au programme\u00a0: slakline, diabolo, petit bac, petit chevaux, fruits en folie, jeux de ballon, caf\u00e9 des mamans et tutti quanti. Une tr\u00e8s belle et joyeuse ambiance.<\/p>\n<p><a title=\"SAM_3446\" href=\"http:\/\/www.flickr.com\/photos\/100872287@N06\/14367497616\"><img decoding=\"async\" class=\"alignnone \" src=\"https:\/\/farm4.staticflickr.com\/3916\/14367497616_ddbe304bf8.jpg\" alt=\"SAM_3446\" \/><\/a><\/p>\n<p>Plein de nouvelles t\u00eates ont point\u00e9 leurs n\u00e9s de nouvelles familles que les premiers rayons estivaux ont fait sortir\u00a0!<\/p>\n<p><a title=\"SAM_3472\" href=\"http:\/\/www.flickr.com\/photos\/100872287@N06\/14367482826\"><img decoding=\"async\" class=\"alignnone \" src=\"https:\/\/farm4.staticflickr.com\/3860\/14367482826_02eca05f3d.jpg\" alt=\"SAM_3472\" \/><\/a><\/p>\n<p>Comme d\u2019habitude, maintenant, nous avons d\u00e9gust\u00e9 une nouvelle sp\u00e9cialit\u00e9 p\u00e2tissi\u00e8re de notre Fatima \u00e0 nous\u00a0: une succulente tarte abricots et cr\u00e8me d\u2019amandes\u00a0!<\/p>\n<p><a title=\"SAM_3449\" href=\"http:\/\/www.flickr.com\/photos\/100872287@N06\/14410770513\"><img decoding=\"async\" class=\"alignnone \" src=\"https:\/\/farm3.staticflickr.com\/2934\/14410770513_de71894338.jpg\" alt=\"SAM_3449\" \/><\/a><\/p>\n<p><a title=\"SAM_3464\" href=\"http:\/\/www.flickr.com\/photos\/100872287@N06\/14204028300\"><img decoding=\"async\" class=\"alignnone \" src=\"https:\/\/farm4.staticflickr.com\/3840\/14204028300_3a222b675d.jpg\" alt=\"SAM_3464\" \/><\/a><\/p>\n<p>En rentrant vers le local on \u00e0 arr\u00eat\u00e9 le camion au jardin \u00e0 Saulx pour arroser sous la serre nos belles plantes et l\u00e9gumes.<\/p>\n<p><span style=\"text-decoration: underline\">Au skate-park :<\/span><\/p>\n<p>Il fait beau, il fait chaud, et on s\u2019installe sur nos tapis, avec un air de vacances dans la t\u00eate.<\/p>\n<p><a title=\"SAM_7646\" href=\"http:\/\/www.flickr.com\/photos\/100872287@N06\/14389251382\"><img decoding=\"async\" class=\"alignnone \" src=\"https:\/\/farm3.staticflickr.com\/2896\/14389251382_9e59391cd7.jpg\" alt=\"SAM_7646\" \/><\/a><\/p>\n<p>Les mamans avec leur jolis voiles de toutes les couleurs.et leurs lunettes de soleil s\u2019asseyent pour boire un th\u00e9 et laissent les enfants aller et venir entre les diff\u00e9rents jeux et coloriages. Des petits groupes gravitent aussi autour.<\/p>\n<p><a title=\"SAM_7663\" href=\"http:\/\/www.flickr.com\/photos\/100872287@N06\/14410809393\"><img decoding=\"async\" class=\"alignnone \" src=\"https:\/\/farm6.staticflickr.com\/5583\/14410809393_99dd2349aa.jpg\" alt=\"SAM_7663\" \/><\/a><\/p>\n<p><a title=\"SAM_7649\" href=\"http:\/\/www.flickr.com\/photos\/100872287@N06\/14389602554\"><img decoding=\"async\" class=\"alignnone \" src=\"https:\/\/farm3.staticflickr.com\/2902\/14389602554_03b9c65e4a.jpg\" alt=\"SAM_7649\" \/><\/a><\/p>\n<p>Des enfants par exemple, se sont mis un peu plus loin pour faire leur devoirs ensemble.<\/p>\n<p><a title=\"SAM_7666\" href=\"http:\/\/www.flickr.com\/photos\/100872287@N06\/14390634915\"><img decoding=\"async\" class=\"alignnone \" src=\"https:\/\/farm4.staticflickr.com\/3879\/14390634915_9752e7d67d.jpg\" alt=\"SAM_7666\" \/><\/a><\/p>\n<p>Je vais les voir pour savoir s\u2019ils ont besoin d\u2019aide. Ils ont des divisions par deux \u00e0 faire. Ils commencent par dire que c\u2019est trop dur mais on relie ensemble la le\u00e7on et finalement ils se d\u00e9brouillent tr\u00e8s bien\u00a0!<\/p>\n<p><span style=\"text-decoration: underline\">Au jardin de Saulx :<\/span><\/p>\n<p>Nous arrivons au jardin sous un ciel d\u2019azur\u00a0! Jean-Jacques d\u00e9sherbe et Eddie arrose les tomates, tandis que Ferr\u00e9ol ramasse des salades et Nicolae les lavent.<\/p>\n<p><a title=\"DSCN0506\" href=\"http:\/\/www.flickr.com\/photos\/100872287@N06\/14204316947\"><img decoding=\"async\" class=\"alignnone \" src=\"https:\/\/farm3.staticflickr.com\/2939\/14204316947_87c63c42f1.jpg\" alt=\"DSCN0506\" \/><\/a><\/p>\n<p>Nous prenons le temps de nous reposer \u00e0 l\u2019ombre autour du go\u00fbter apr\u00e8s cette bonne dose d\u2019oxyg\u00e8ne et embarquons le mat\u00e9riel.<\/p>\n<p>Au total nous avons une vingtaine de salades\u00a0 (laitues et fris\u00e9es) que nous distribuons aux mamans pr\u00e9sentes aux ateliers du skate-park et de la Croix-breton.<\/p>\n<p><a title=\"DSCN0509\" href=\"http:\/\/www.flickr.com\/photos\/100872287@N06\/14387421761\"><img decoding=\"async\" class=\"alignnone \" src=\"https:\/\/farm4.staticflickr.com\/3841\/14387421761_af93610b25.jpg\" alt=\"DSCN0509\" \/><\/a><\/p>\n<p>Laura, notre nouvelle service civique, d\u00e9couvre les enfants et vice et versa. Nous parlons un peu du jardin car nous recrutons.toujours pour faire vivre nos cultures. Nicolae passe avec de belles salades \u00e0 distribuer\u00a0!<\/p>\n<p><a title=\"DSCN0510\" href=\"http:\/\/www.flickr.com\/photos\/100872287@N06\/14204195420\"><img decoding=\"async\" class=\"alignnone \" src=\"https:\/\/farm6.staticflickr.com\/5118\/14204195420_0aa6e9be3b.jpg\" alt=\"DSCN0510\" \/><\/a><\/p>\n<p><span style=\"color: #800080\"><strong>Mercredi :<\/strong><\/span><\/p>\n<p><span style=\"text-decoration: underline\">Jardin :<\/span><\/p>\n<p>Pour aujourd\u2019hui nous nous sommes\u00a0 propos\u00e9s\u00a0 de faire plein de choses mais la pluie nous a contourn\u00e9 le plan de travail .<\/p>\n<p><a title=\"DSCN0500\" href=\"http:\/\/www.flickr.com\/photos\/100872287@N06\/14204112329\"><img decoding=\"async\" class=\"alignnone \" src=\"https:\/\/farm3.staticflickr.com\/2909\/14204112329_143a657a18.jpg\" alt=\"DSCN0500\" \/><\/a><\/p>\n<p>Accompagn\u00e9e par Najamie et Madalin nous avons commenc\u00e9 \u00e0 planter les tomates \u00e0 cot\u00e9 des \u00e9pinards apr\u00e8s qu\u2019on \u00e0 d\u00e9sherb\u00e9, ensuite on a plant\u00e9 de l\u2019autre cot\u00e9 de la serre apr\u00e8s le ramassage de radis.<\/p>\n<p><a title=\"DSCN0499\" href=\"http:\/\/www.flickr.com\/photos\/100872287@N06\/14410931083\"><img decoding=\"async\" class=\"alignnone \" src=\"https:\/\/farm4.staticflickr.com\/3869\/14410931083_9dc604d166.jpg\" alt=\"DSCN0499\" \/><\/a><\/p>\n<p>La pluie n\u2019a pas arr\u00eat\u00e9 de nous emb\u00eat\u00e9 mais comme nous sommes tr\u00e8s travailleurs \u00a0on n\u2019\u00e0 pas arr\u00eat\u00e9 le travail. Avant de prendre le go\u00fbter nous avons arros\u00e9 sous la serre et ensuite on \u00e0 dit \u00ab\u00a0au revoir\u00a0\u00bb au jardin.<\/p>\n<p><a title=\"DSCN0501\" href=\"http:\/\/www.flickr.com\/photos\/100872287@N06\/14390754295\"><img decoding=\"async\" class=\"alignnone \" src=\"https:\/\/farm4.staticflickr.com\/3854\/14390754295_b6eef9a7ef.jpg\" alt=\"DSCN0501\" \/><\/a><\/p>\n<p><span style=\"text-decoration: underline\">Ludoth\u00e8que :<\/span><\/p>\n<p>Nous partons\u00a0 surmotiv\u00e9s pour Bel-air\u00a0 sous une pluie battante. Mais petit probl\u00e8me\u00a0: il n\u2019y a personne \u2026 On\u00a0 installe les tapis et tr\u00e8s vite de petites silhouettes encapuchonn\u00e9es\u00a0 apparaissent au loin&#8230;<\/p>\n<p><a title=\"SAM_3672\" href=\"http:\/\/www.flickr.com\/photos\/100872287@N06\/14410987353\"><img decoding=\"async\" class=\"alignnone \" src=\"https:\/\/farm6.staticflickr.com\/5584\/14410987353_4a5f50698e.jpg\" alt=\"SAM_3672\" \/><\/a><\/p>\n<p>Quelques petits lutins ont brav\u00e9 la pluie et arrivent au compte-goutte au point de rendez-vous habituel. En raison de la m\u00e9t\u00e9o, nous privil\u00e9gions le ballon aux jeux de cartes et commen\u00e7ons par un BimBamBoum. Puis on encha\u00eene avec une Gamelle et une Balle-au-prisonnier.<\/p>\n<p><a title=\"SAM_3676\" href=\"http:\/\/www.flickr.com\/photos\/100872287@N06\/14387469151\"><img decoding=\"async\" class=\"alignnone \" src=\"https:\/\/farm4.staticflickr.com\/3867\/14387469151_f898350891.jpg\" alt=\"SAM_3676\" \/><\/a><\/p>\n<p>L\u2019excitation est totale lorsqu\u2019on entame un Tic-tac-boum et il devient difficile de canaliser\u00a0 l\u2019\u00e9nergie de certains\u00a0! La zone de turbulence \u00e9tant derri\u00e8re nous, nous terminons par le go\u00fbter \u00e0 l\u2019occasion duquel de nouvelles t\u00eates font leur apparition (par l\u2019odeur all\u00e9ch\u00e9e\u00a0!).<\/p>\n<p><a title=\"SAM_3692\" href=\"http:\/\/www.flickr.com\/photos\/100872287@N06\/14389420522\"><img decoding=\"async\" class=\"alignnone \" src=\"https:\/\/farm3.staticflickr.com\/2938\/14389420522_5500ca1cdd.jpg\" alt=\"SAM_3692\" \/><\/a><\/p>\n<p>Finalement, toute l\u2019apr\u00e8s-midi aura \u00e9t\u00e9 rythm\u00e9e par un ballon\u2026 mais aussi et surtout la bonne humeur g\u00e9n\u00e9rale\u00a0!<\/p>\n<p>Le dernier mot des enfants\u00a0: \u00ab\u00a0Et si on remontait le temps pour recommencer l\u2019atelier au d\u00e9but\u00a0?\u00a0\u00bb<\/p>\n<p><a title=\"SAM_3679\" href=\"http:\/\/www.flickr.com\/photos\/100872287@N06\/14367706456\"><img decoding=\"async\" class=\"alignnone \" src=\"https:\/\/farm4.staticflickr.com\/3918\/14367706456_56baa3858d.jpg\" alt=\"SAM_3679\" \/><\/a><\/p>\n","protected":false},"excerpt":{"rendered":"<p>La tol\u00e9rance est la mesure de ce que nous attendons\u00a0des autres, l&rsquo;exigence est celle de ce que nous\u00a0attendons de nous m\u00eames. Il est ind\u00e9niable qu&rsquo;actuellement, les institutions, qu&rsquo;elles soient sociales, m\u00e9dicales, \u00e9ducatives, \u00e9voluent conjointement\u00a0vers un seuil de tol\u00e9rance, et d&rsquo;exigence, \u00a0de plus en plus critique. Elles exigent et attendent de plus en plus de comp\u00e9tences, &hellip; <a href=\"http:\/\/recherche-action.fr\/intermedes\/2014\/06\/05\/exigences-et-tolerance-sortir-des-logiques-symetriques\/\" class=\"more-link\">Continuer la lecture<span class=\"screen-reader-text\"> de &laquo;&nbsp;Exigences et tol\u00e9rance: sortir des logiques sym\u00e9triques&nbsp;&raquo;<\/span><\/a><\/p>\n","protected":false},"author":1,"featured_media":0,"comment_status":"open","ping_status":"open","sticky":false,"template":"","format":"standard","meta":{"footnotes":""},"categories":[1],"tags":[],"class_list":["post-3755","post","type-post","status-publish","format-standard","hentry","category-non-classe"],"jetpack_featured_media_url":"","_links":{"self":[{"href":"http:\/\/recherche-action.fr\/intermedes\/wp-json\/wp\/v2\/posts\/3755","targetHints":{"allow":["GET"]}}],"collection":[{"href":"http:\/\/recherche-action.fr\/intermedes\/wp-json\/wp\/v2\/posts"}],"about":[{"href":"http:\/\/recherche-action.fr\/intermedes\/wp-json\/wp\/v2\/types\/post"}],"author":[{"embeddable":true,"href":"http:\/\/recherche-action.fr\/intermedes\/wp-json\/wp\/v2\/users\/1"}],"replies":[{"embeddable":true,"href":"http:\/\/recherche-action.fr\/intermedes\/wp-json\/wp\/v2\/comments?post=3755"}],"version-history":[{"count":0,"href":"http:\/\/recherche-action.fr\/intermedes\/wp-json\/wp\/v2\/posts\/3755\/revisions"}],"wp:attachment":[{"href":"http:\/\/recherche-action.fr\/intermedes\/wp-json\/wp\/v2\/media?parent=3755"}],"wp:term":[{"taxonomy":"category","embeddable":true,"href":"http:\/\/recherche-action.fr\/intermedes\/wp-json\/wp\/v2\/categories?post=3755"},{"taxonomy":"post_tag","embeddable":true,"href":"http:\/\/recherche-action.fr\/intermedes\/wp-json\/wp\/v2\/tags?post=3755"}],"curies":[{"name":"wp","href":"https:\/\/api.w.org\/{rel}","templated":true}]}}