{"id":3951,"date":"2014-09-04T17:04:31","date_gmt":"2014-09-04T16:04:31","guid":{"rendered":"http:\/\/recherche-action.fr\/intermedes\/?p=3951"},"modified":"2014-09-04T17:04:31","modified_gmt":"2014-09-04T16:04:31","slug":"le-changement-vient-de-letrangement","status":"publish","type":"post","link":"http:\/\/recherche-action.fr\/intermedes\/2014\/09\/04\/le-changement-vient-de-letrangement\/","title":{"rendered":"Le changement vient de l&rsquo;\u00e9trangement"},"content":{"rendered":"<p>Que fabrique une association comme la n\u00f4tre en m\u00e9langeant tous les genres, tous les gens, tous les \u00e2ges, et toutes les cultures? \u00a0Que risquons\u00a0nous \u00e0 travailler tous les st\u00e9r\u00e9otypes, \u00e0 confronter tout le monde?<\/p>\n<p><a title=\"SAM_5035\" href=\"http:\/\/www.flickr.com\/photos\/100872287@N06\/15165368996\"><img decoding=\"async\" class=\"alignnone \" src=\"https:\/\/farm4.staticflickr.com\/3882\/15165368996_53e2745763.jpg\" alt=\"SAM_5035\" \/><\/a><\/p>\n<p>&nbsp;<\/p>\n<p>Nous recherchons de fa\u00e7on volontaire, m\u00e9thodique et professionnelle la confrontation avec ce qui est \u00e9tranger, ce qui est\u00a0diff\u00e9rent, ce qui d\u00e9range. Nous amenons l&rsquo;art \u00e0 la rue; nous posons la question de la place de la petite enfance l\u00e0 o\u00f9 elle n&rsquo;a jamais \u00e9t\u00e9 pens\u00e9e: espaces publics, espaces en friche, espace urbain.<\/p>\n<p>Nous posons la question de l&rsquo;\u00e9cole et de l&rsquo;institution pour ceux qui n&rsquo;y acc\u00e8dent pas ou plus.<\/p>\n<p>Nous organisons la rencontre des Rroms et des quartiers , de ceux qui ont un emploi et de ceux qui n&rsquo;en ont plus ou n&rsquo;en ont jamais eu; de ceux qui croyaient en leur avenir et de ceux qui n&rsquo;y croient plus.<\/p>\n<p>Nous devrions appeler \u00e9trangement, cette confrontation \u00e0 ce qui a \u00e9t\u00e9 constitu\u00e9 comme \u00e9tranger;. Ce que nous remarquons, \u00e0 force de mettre en pratique de tels principes, est ceci: nous constatons que ceux qui ont b\u00e9n\u00e9fici\u00e9 de cette confrontation, de ce \u00ab\u00a0voyage\u00a0\u00bb en pays de diff\u00e9rence, et bien ils changent.<\/p>\n<p>Ceux qui se sont confront\u00e9s aux autres, qu&rsquo;ils croyaient tout autres, au point de se d\u00e9couvrir au final des points communs, des int\u00e9r\u00eats partag\u00e9s, des histoires comparables, changent de place et de statut.<\/p>\n<p>Dans notre association, nous les voyons se prendre de passion pour contrarier les st\u00e9r\u00e9otypes.<\/p>\n<p>Alors qu&rsquo;ils pouvaient auparavant \u00eatre relativement distants et passifs, dans le cadre de nos actions et association, les voil\u00e0 qui prennent des responsabilit\u00e9s, qui endossent un discours collectif qui disent des \u00ab\u00a0nous\u00a0\u00bb, qui parlent d&rsquo;avenir, qui font des plans.<\/p>\n<p>C&rsquo;st un peu comme si la\u00a0rencontre profonde , suivie, durable des diff\u00e9rences, favorisait la conscience collective, la prise d&rsquo;initiatives, l&rsquo;engagement.<\/p>\n<p>Parce que je d\u00e9couvre que je ressemble \u00e0 celui qui ne ressemble \u00e0 nul autre, je n&rsquo;ai plus peur d&rsquo;\u00eatre diff\u00e9rent; ce n&rsquo;est plus mon souci d&rsquo;\u00eatre conforme aux id\u00e9es dominantes, aux normes ambiantes; la diff\u00e9rence, je l&rsquo;assume\u00a0d\u00e8s lors comme risque personnel. Alors je m&rsquo;affirme.<\/p>\n<p><strong>Samedi dimanche:\u00a0<\/strong>\u00a0<span style=\"color: #ff00ff\">Famille au ch\u00e2teau : derni\u00e8re \u00e9dition de l&rsquo;\u00e9t\u00e9.\u00a0<\/span><\/p>\n<p>Nous l&rsquo;avions dit, nous l&rsquo;avons fait; tout l&rsquo;\u00e9t\u00e9 des familles ont pris du temps de loisirs ensemble au ch\u00e2teau ; et ce weekend, pour finir ce beau cycle, c&rsquo;\u00e9tait la famille d&rsquo;Elizabeth et Enrique.<\/p>\n<p><a href=\"http:\/\/recherche-action.fr\/intermedes\/files\/2014\/09\/1655055_552872731480712_9131016892758003364_o.jpg\"><img fetchpriority=\"high\" decoding=\"async\" class=\"aligncenter size-full wp-image-3959\" src=\"http:\/\/recherche-action.fr\/intermedes\/files\/2014\/09\/1655055_552872731480712_9131016892758003364_o.jpg\" alt=\"1655055_552872731480712_9131016892758003364_o\" width=\"2048\" height=\"1536\" \/><\/a><br \/>\n<strong>Dimanche<\/strong> :<br \/>\n<strong><em>F\u00eate des associations de Longjumeau :<\/em><\/strong><br \/>\nNous nous sommes r\u00e9unis \u00e0 8h30 devant le Dia pour partir au forum des associations o\u00f9 nous avons repr\u00e9sente l\u2019association Interm\u00e8des Robinson.<\/p>\n<p><a title=\"SAM_5510\" href=\"http:\/\/www.flickr.com\/photos\/100872287@N06\/15164660516\"><img decoding=\"async\" class=\"alignnone \" src=\"https:\/\/farm4.staticflickr.com\/3904\/15164660516_2c5f870904.jpg\" alt=\"SAM_5510\" \/><\/a>Avec Sira,Ndeye,Nabintou,Lossenie,Gaby,Th\u00e9o,Sandra,Daby, et Zohra (Les deux accompagnateurs Le\u00efla et Gwen) et bien entendu moi, Hafsatou &lt;3 &lt;3 &lt;3.<a title=\"SAM_5489\" href=\"http:\/\/www.flickr.com\/photos\/100872287@N06\/15164673846\"><img decoding=\"async\" class=\"alignnone \" src=\"https:\/\/farm6.staticflickr.com\/5596\/15164673846_0184a5e48e.jpg\" alt=\"SAM_5489\" \/><\/a><\/p>\n<p>Nous avons commenc\u00e9 \u00e0 installer le stand o\u00f9 nous y avons vendu des courgettes, des noix, des muffins faits par les enfants, du sirop de menthe fait maison et du th\u00e9 a la menthe.<\/p>\n<p><a title=\"SAM_5506\" href=\"http:\/\/www.flickr.com\/photos\/100872287@N06\/15001116968\"><img decoding=\"async\" class=\"alignnone \" src=\"https:\/\/farm4.staticflickr.com\/3926\/15001116968_cd8279730d.jpg\" alt=\"SAM_5506\" \/><\/a> Comme <span style=\"color: #ff0000\">vous le constatez tout est fait avec des produits provenant de notre jardin !<\/span> Nous avons aussi propos\u00e9 un atelier cirque ouvert \u00e0 tous pour faire d\u00e9couvrir les activit\u00e9s de nos ateliers de rue.<\/p>\n<p><a title=\"SAM_5503\" href=\"http:\/\/www.flickr.com\/photos\/100872287@N06\/15187695595\"><img decoding=\"async\" class=\"alignnone \" src=\"https:\/\/farm6.staticflickr.com\/5573\/15187695595_2ba87be9c6.jpg\" alt=\"SAM_5503\" \/><\/a> Ce fut l\u2019occasion de faire d\u00e9couvrir nos actions et notre association \u00e0 de nouvelles personnes ainsi que de parler de notre nouveau local et de tous les nouveaux projets qui commencent \u00e0 fleurir autour !<\/p>\n<p><a title=\"SAM_5516\" href=\"http:\/\/www.flickr.com\/photos\/100872287@N06\/15187308522\"><img decoding=\"async\" class=\"alignnone \" src=\"https:\/\/farm6.staticflickr.com\/5566\/15187308522_c4207785a6.jpg\" alt=\"SAM_5516\" \/><\/a><br \/>\nHafsatou<\/p>\n<p><strong>SAMEDI<\/strong><\/p>\n<p><strong><em>Villa Saint-Martin :<\/em><\/strong><br \/>\nUn bel atelier sous le soleil pur ce premier samedi de rentr\u00e9e !<br \/>\nFerr\u00e9ol a anim\u00e9 un atelier jardinage dans les bacs<\/p>\n<p><a title=\"SAM_5123\" href=\"http:\/\/www.flickr.com\/photos\/100872287@N06\/15187814345\"><img decoding=\"async\" class=\"alignnone \" src=\"https:\/\/farm4.staticflickr.com\/3840\/15187814345_e3cc0ea187.jpg\" alt=\"SAM_5123\" \/><\/a>&#8230;au cours duquel de petites mains hardies se sont arm\u00e9es de gants pour arracher les envahissantes mauvaises herbes qui s\u2019en donnent \u00e0 c\u0153ur joie ces derniers temps.., le jardinage a fini en grande partie de foot entre petites mains vertes et amateurs de foot acharn\u00e9s,<\/p>\n<p>Virginia a anim\u00e9 l\u2019espace jeux de soci\u00e9t\u00e9 o\u00f9 le croque-carottes a remport\u00e9 autant de succ\u00e8s qu\u2019\u00e0 son habitude,<\/p>\n<p><strong>Quentin nous a rejoints pour son premier atelier de rue avec les Robinsons<\/strong> pour animer l\u2019espace petite enfance o\u00f9 on a vu la d\u00eenette se transformer en orchestre musical et parfois s\u2019envoler dans les airs<\/p>\n<p><a title=\"SAM_5126\" href=\"http:\/\/www.flickr.com\/photos\/100872287@N06\/15184788001\"><img decoding=\"async\" class=\"alignnone \" src=\"https:\/\/farm4.staticflickr.com\/3852\/15184788001_7df137156c.jpg\" alt=\"SAM_5126\" \/><\/a> et Le\u00efla a anim\u00e9 l\u2019atelier cuisine qui a remport\u00e9 un vif succ\u00e8s car cela faisait plusieurs semaines que nous n\u2019avions plus de cuisine de rue du fait de la panne de la gazini\u00e8re. \u00a0<strong>Les enfants se sont fait une joie de d\u00e9baller notre nouvelle cuisini\u00e8re de rue&#8230;pas encore \u00e0 roulettes, mais \u00e7a ne saurait tarder !<\/strong><\/p>\n<p><a title=\"SAM_5121\" href=\"http:\/\/www.flickr.com\/photos\/100872287@N06\/15184794921\"><img decoding=\"async\" class=\"alignnone \" src=\"https:\/\/farm4.staticflickr.com\/3908\/15184794921_cafbac2a63.jpg\" alt=\"SAM_5121\" \/><\/a><a title=\"SAM_5115\" href=\"http:\/\/www.flickr.com\/photos\/100872287@N06\/15187821345\"><img decoding=\"async\" class=\"alignnone \" src=\"https:\/\/farm6.staticflickr.com\/5587\/15187821345_76a93018e0.jpg\" alt=\"SAM_5115\" \/><\/a><\/p>\n<p><span style=\"color: #ff0000\">&#8230;et nous l\u2019avons inaugur\u00e9e en y faisant cuire un muffin g\u00e9ant \u00e0 la vanille<\/span> et fourr\u00e9 \u00e0 la confiture de prunes du jardin \u00e0 d\u00e9guster au go\u00fbter ainsi que toute une flopp\u00e9e de mini-muffins au m\u00eame go\u00fbt dans le but de les vendre sur notre stand au forum des associations demain, le dimanche 7 septembre !<br \/>\nL\u2019ambiance \u00e9tait tr\u00e8s sympathique sur l\u2019ensemble de l\u2019atelier, beaucoup de nouveaux gar\u00e7ons ont particip\u00e9, entre autres \u00e0 la cuisine et nous avons termin\u00e9 par un conseil de quartier au cours duquel <strong>2 belles id\u00e9es de projet ont fleuri : un graph g\u00e9ant type fresque sur une toile \u00e0 accrocher sur un mur de la Rocade et \u00e0 faire se ballader dans le quartier pourquoi pas et un concert de rap et percussions !<\/strong><\/p>\n<p><a title=\"SAM_5163\" href=\"http:\/\/www.flickr.com\/photos\/100872287@N06\/15001232038\"><img decoding=\"async\" class=\"alignnone \" src=\"https:\/\/farm4.staticflickr.com\/3835\/15001232038_78cf2989ee.jpg\" alt=\"SAM_5163\" \/><\/a><br \/>\nDe beaux projets nous attendent donc pour les semaines \u00e0 venir !<\/p>\n<p>&nbsp;<\/p>\n<p>CHAMPLAN<\/p>\n<p><strong><em><span style=\"text-decoration: underline\">Un<\/span> mois s&rsquo;est \u00e9coul\u00e9 depuis <span style=\"text-decoration: underline\">ma<\/span> derni\u00e8re visite \u00e0 Champlan.<\/em> <\/strong><br \/>\nJ&rsquo;y retourne avec \u00c9velyne, Romona mais aussi deux enfants du quartier qui en avaient fait la demande: Hafsatou et Lossenie. Nous commen\u00e7ons par le jeu de la bombe : tic, tac, tic, tac&#8230; BOOM!<\/p>\n<p><a title=\"SAM_8625\" href=\"http:\/\/www.flickr.com\/photos\/100872287@N06\/15001113699\"><img decoding=\"async\" class=\"alignnone \" src=\"https:\/\/farm6.staticflickr.com\/5591\/15001113699_b7cc4ce89c.jpg\" alt=\"SAM_8625\" \/><\/a><br \/>\nCelui qui a la balle dans les mains quand elle explose, devient la bombe.<br \/>\n\u00c7a amuse tout le monde pendant un temps, mais tr\u00e8s vite, \u00e7a part dans tous les sens.<br \/>\nOn passe alors au jeu des canards et du chasseur, la balle aux prisonniers version roumaine. Je propose ensuite un atelier peinture o\u00f9 petits et grands dessinent librement.<\/p>\n<p><a title=\"SAM_8632\" href=\"http:\/\/www.flickr.com\/photos\/100872287@N06\/15001320377\"><img decoding=\"async\" class=\"alignnone \" src=\"https:\/\/farm4.staticflickr.com\/3908\/15001320377_9ac0477c63.jpg\" alt=\"SAM_8632\" \/><\/a><a title=\"SAM_8630\" href=\"http:\/\/www.flickr.com\/photos\/100872287@N06\/15187512432\"><img decoding=\"async\" class=\"alignnone \" src=\"https:\/\/farm4.staticflickr.com\/3914\/15187512432_02bec749b7.jpg\" alt=\"SAM_8630\" \/><\/a><br \/>\nChacun d\u00e9couvre ou red\u00e9couvre la mati\u00e8re ; ils l&rsquo;applique au rouleau, la touche avec les doigts, la tamponne avec des \u00e9ponges ou l&rsquo;\u00e9tale au pinceau.<\/p>\n<p><a title=\"SAM_8648\" href=\"http:\/\/www.flickr.com\/photos\/100872287@N06\/15001109689\"><img decoding=\"async\" class=\"alignnone \" src=\"https:\/\/farm6.staticflickr.com\/5584\/15001109689_ff36014a82.jpg\" alt=\"SAM_8648\" \/><\/a><br \/>\nIci, c&rsquo;est la manipulation qui prime. mais Ronaldo nous fera tout de m\u00eame une jolie maison et Cosmine un beau diable.<\/p>\n<p><a title=\"SAM_8660\" href=\"http:\/\/www.flickr.com\/photos\/100872287@N06\/15184862621\"><img decoding=\"async\" class=\"alignnone \" src=\"https:\/\/farm4.staticflickr.com\/3913\/15184862621_7c5e86e2bd.jpg\" alt=\"SAM_8660\" \/><\/a><a title=\"SAM_8659\" href=\"http:\/\/www.flickr.com\/photos\/100872287@N06\/15164861306\"><img decoding=\"async\" class=\"alignnone \" src=\"https:\/\/farm4.staticflickr.com\/3906\/15164861306_479cfb54ed.jpg\" alt=\"SAM_8659\" \/><\/a><br \/>\nLes enfants terminent cet atelier aussi barbouill\u00e9s que les tables.<br \/>\nUn petit brin de toilette et nous prenons le go\u00fbter.<\/p>\n<p><strong>vendredi<\/strong><\/p>\n<p><strong><em>A la Rocade :<\/em><\/strong><br \/>\n<strong>Nous sommes 3 aujourd\u2019hui \u00e0 proposer l\u2019atelier \u00e0 la Rocade. On se dispatche : je me mets sur le tapis des petits,<\/strong> \u00e0 c\u00f4t\u00e9 du coin des mamans. 2 nouvelles mamans ; Sophie et Amel se renseignent sur nos actions et sont int\u00e9ress\u00e9es. Elles viendront chercher les papiers d\u2019adh\u00e9sion demain \u00e0 la Villa saint Martin ! Amel est venu avec son petit Mohammed, qui n\u2019a pas encore 2 ans et d\u00e9couvrent notre tapis et ses nouveaux copains !<\/p>\n<p><a title=\"SAM_8619\" href=\"http:\/\/www.flickr.com\/photos\/100872287@N06\/15184936101\"><img decoding=\"async\" class=\"alignnone \" src=\"https:\/\/farm4.staticflickr.com\/3883\/15184936101_856bf66b26.jpg\" alt=\"SAM_8619\" \/><\/a><br \/>\nSophie a 4 enfants et les enfants de son mari, qui sont 2.<\/p>\n<p><a title=\"SAM_8622\" href=\"http:\/\/www.flickr.com\/photos\/100872287@N06\/15001181579\"><img decoding=\"async\" class=\"alignnone \" src=\"https:\/\/farm4.staticflickr.com\/3913\/15001181579_ff10451da6.jpg\" alt=\"SAM_8622\" \/><\/a> Je connais les gar\u00e7ons mais fais la connaissance de sa petite derni\u00e8re et des 2 grands qui ont emm\u00e9nage avec eux cet \u00e9t\u00e9.<\/p>\n<p><a title=\"SAM_8588\" href=\"http:\/\/www.flickr.com\/photos\/100872287@N06\/15187589802\"><img decoding=\"async\" class=\"alignnone \" src=\"https:\/\/farm4.staticflickr.com\/3905\/15187589802_4d617bfffe.jpg\" alt=\"SAM_8588\" \/><\/a><br \/>\n<strong>Gwen anime un atelier de peinture pour terminer une belle affiche avec nos couleurs et notre logo pour le forum des association de dimanche.<\/strong><\/p>\n<p><a title=\"SAM_8601\" href=\"http:\/\/www.flickr.com\/photos\/100872287@N06\/15001182739\"><img decoding=\"async\" class=\"alignnone \" src=\"https:\/\/farm6.staticflickr.com\/5566\/15001182739_ed4ef09265.jpg\" alt=\"SAM_8601\" \/><\/a><br \/>\nDe son c\u00f4t\u00e9 Le\u00efla cuisine au local avec Sadio, une maman et 2 jeunes filles Sira et Hafsatou.<br \/>\nElles ont fait du sirop de rubarbe, de pomme de poire. Elles ont aussi fait des cup cakes, tout \u00e7a pour le vendre au forum dimanche.<\/p>\n<p><strong><em>Jardin<\/em> <\/strong><br \/>\nAujourd\u2019hui il y a encore beaucoup de travail au jardin mais nous ne sommes que cinq : Frank, Jessica, Eddy, Nicolae et moi (Virginia).<br \/>\nLe programme est assez simple, Nicolae et moi nous occupons de d\u00e9sherber une parcelle de terrain tandis que Jessica Eddy et Frank s\u2019occupent de ramasser des noix !<\/p>\n<p><a title=\"SAM_5463\" href=\"http:\/\/www.flickr.com\/photos\/100872287@N06\/15188018605\"><img decoding=\"async\" class=\"alignnone \" src=\"https:\/\/farm4.staticflickr.com\/3885\/15188018605_f4350d455e.jpg\" alt=\"SAM_5463\" \/><\/a><a title=\"SAM_5460\" href=\"http:\/\/www.flickr.com\/photos\/100872287@N06\/15165000736\"><img decoding=\"async\" class=\"alignnone \" src=\"https:\/\/farm4.staticflickr.com\/3911\/15165000736_83cd5438d5.jpg\" alt=\"SAM_5460\" \/><\/a>Nous travaillons d\u2019arrache pied pour d\u00e9sherber la parcelle, \u00e0 tel point que nous somme \u00e9puis\u00e9s mais la parcelle est NICKEL ! <span style=\"text-decoration: underline\"><strong><span style=\"color: #0000ff;text-decoration: underline\">Je suis fi\u00e8re de nous.<\/span><\/strong><\/span> Mais, moi qui ne voulais pas trop me salir aujourd\u2019hui, c\u2019est rat\u00e9, j\u2019ai de la terre dans les ongles et de la poussi\u00e8re partout sur mes v\u00eatements, mais c\u2019est pas grave car je me suis bien amus\u00e9e !<\/p>\n<p><a title=\"SAM_5462\" href=\"http:\/\/www.flickr.com\/photos\/100872287@N06\/15184999691\"><img decoding=\"async\" class=\"alignnone \" src=\"https:\/\/farm6.staticflickr.com\/5557\/15184999691_e63fe963ab.jpg\" alt=\"SAM_5462\" \/><\/a><br \/>\n<strong>Du cot\u00e9 des noix, \u00e7a rigole beaucoup et Eddy tient absolument \u00e0 se la jouer photographe de grande renomm\u00e9e !<\/strong> Si tout le monde s\u2019amusent c\u2019est le principal, d\u2019autant qu\u2019ils ont malgr\u00e9 tout, ramass\u00e9 beaucoup de noix alors tout est pour le mieux !<\/p>\n<p><a title=\"SAM_5469\" href=\"http:\/\/www.flickr.com\/photos\/100872287@N06\/15164987116\"><img decoding=\"async\" class=\"alignnone \" src=\"https:\/\/farm4.staticflickr.com\/3892\/15164987116_217ae40d32.jpg\" alt=\"SAM_5469\" \/><\/a><br \/>\nA 16h, nous sommes tous fatigu\u00e9s et nous prenons un agr\u00e9able go\u00fbter tout en discutant. C\u2019est le moment que je pr\u00e9f\u00e8re dans le jardin. Non, pas parce que je mange, mais bien parce que c\u2019est un moment fort, nous pouvons parler de tout sans tabou ni jugement de valeur.<br \/>\nBilan de l\u2019apr\u00e8s midi, malgr\u00e9 beaucoup de travail et un temps qui laisse s\u00e9rieusement \u00e0 d\u00e9sirer, nous avons tous pass\u00e9 un excellent moment.<\/p>\n<p><strong>jeudi<\/strong><\/p>\n<p><strong><em>Skate park :<\/em><\/strong><br \/>\nNous nous rendons au skate park Aline Ferr\u00e9ol et moi m\u00eame (Virginia) sous un ciel gris et un vent frais ! On voit que c\u2019est la rentr\u00e9e scolaire car il y a beaucoup d\u2019enfants aux ateliers, et donc, beaucoup de mamans ! Aline commence sur la petite enfance et tr\u00e8s vite elle va aupr\u00e8s des mamans pour discuter avec elles, surement que certaines n\u2019\u00e9taient pas venues depuis un petit bout de temps<\/p>\n<p><a title=\"SAM_5095\" href=\"http:\/\/www.flickr.com\/photos\/100872287@N06\/15165087236\"><img decoding=\"async\" class=\"alignnone \" src=\"https:\/\/farm4.staticflickr.com\/3866\/15165087236_2e39cb906f.jpg\" alt=\"SAM_5095\" \/><\/a>. Ferr\u00e9ol, lui, est sur l\u2019atelier dessins coloriage et biblioth\u00e8que, un atelier qui marche toujours autant ! Quant \u00e0 moi, je suis sur les jeux de soci\u00e9t\u00e9..enfin un en particulier \u00ab Mirobolo \u00bb qui consiste, entre autre, en un dessiner c\u2019est gagner avec des lunettes qui font voir les choses diff\u00e9remment, tr\u00e8s \u00ab \u00e9trangement \u00bb.<\/p>\n<p><a title=\"SAM_5088\" href=\"http:\/\/www.flickr.com\/photos\/100872287@N06\/15188124445\"><img decoding=\"async\" class=\"alignnone \" src=\"https:\/\/farm4.staticflickr.com\/3925\/15188124445_5c01af05ce.jpg\" alt=\"SAM_5088\" \/><\/a>Moi qui ne sais absolument pas dessiner en temps normal, mes chefs d\u2019\u0153uvre laissaient s\u00e9rieusement \u00e0 d\u00e9sirer mais le jeu en valait la chandelle, nous nous sommes tous pris a ce \u00ab Mirobolo \u00bb.<\/p>\n<p><a title=\"SAM_5092\" href=\"http:\/\/www.flickr.com\/photos\/100872287@N06\/15001541258\"><img decoding=\"async\" class=\"alignnone \" src=\"https:\/\/farm4.staticflickr.com\/3874\/15001541258_d250f1eb4a.jpg\" alt=\"SAM_5092\" \/><\/a><br \/>\nA 17h30 nous commen\u00e7ons \u00e0 ranger les ateliers et deux enfants distribuent le go\u00fbter dans une ambiance plut\u00f4t agit\u00e9e ; d\u00e8s qu\u2019il y a des gateaux tout le monde s\u2019excite un peu !<\/p>\n<p><a title=\"SAM_5091\" href=\"http:\/\/www.flickr.com\/photos\/100872287@N06\/15001344339\"><img decoding=\"async\" class=\"alignnone \" src=\"https:\/\/farm6.staticflickr.com\/5570\/15001344339_f87364c99d.jpg\" alt=\"SAM_5091\" \/><\/a> Une fois que tout est rang\u00e9, nous discutons encore un peu avec les mamans et nous d\u00e9cidons de rentrer au local car il se fait tard.<\/p>\n<p><strong><em>Croix-Breton :<\/em><\/strong><br \/>\nNous \u00e9tions un tout petit groupe en cet apr\u00e8s-midi de rentr\u00e9e scolaire et de retour de nos ateliers \u00e0 la Croix-Breton&#8230;en effet nombre de nos petits habitu\u00e9s ont prolong\u00e9 leurs grandes vacances au Maroc ou ailleurs !<\/p>\n<p>On esp\u00e8re les retrouver la semaine prochaine.<br \/>\nJ\u2019ajouterais que nous \u00e9tions un petit groupe de tout petits ! Ce qui ne nous a pas emp\u00each\u00e9s de nous munir de tee-shirts et de gants de protection <strong><span style=\"color: #0000ff\">pour r\u00e9aliser une pancarte g\u00e9ante en forme de rond reprenant notre nouveau logo avec sa magnifique abeille, symbole de nos \u00ab Happy Cultures \u00bb en pochoirs et graphe<\/span><\/strong><a title=\"SAM_8587\" href=\"http:\/\/www.flickr.com\/photos\/100872287@N06\/15001413469\"><img decoding=\"async\" class=\"alignnone \" src=\"https:\/\/farm4.staticflickr.com\/3843\/15001413469_c4e7c90bbf.jpg\" alt=\"SAM_8587\" \/><\/a>.<\/p>\n<p>Notre petite troupe \u00e9tait toute excit\u00e9e \u00e0 l\u2019id\u00e9e de manipuler les bombes de peinture ! Nous avons donc pr\u00e9par\u00e9 ces d\u00e9corations de notre stand \u00e0 la f\u00eate des associations de ce dimanche 7 septembre dans la joie, la bonne humeur, les gants trop grands pour des toutes petites mains et la rigolade !<br \/>\nNous finirons tout \u00e7a sur l\u2019atelier de la Rocade demain !<\/p>\n<p><strong><em>Jardin<\/em> <\/strong>:<br \/>\nComme promis nous y voila , Zohra, Jessica , Jean Jacques, Franck et moi ; qui prend le chemin vers Saulx pour une bonne reprise de travail au jardin avec des nouvelles forces et plein d\u2019envie.<\/p>\n<p><a title=\"SAM_5459\" href=\"http:\/\/www.flickr.com\/photos\/100872287@N06\/15001645038\"><img decoding=\"async\" class=\"alignnone \" src=\"https:\/\/farm4.staticflickr.com\/3844\/15001645038_e921f253a0.jpg\" alt=\"SAM_5459\" \/><\/a><br \/>\nDe notre arriv\u00e9e au jardin avec un surplus d\u2019\u00e9nergie ont s\u2019est met d\u2019accord de partager un peu le travail qui est a faire au jardin entre nous .Puis chacun commence a faire et a des faire des choses , J.Jacques \u00e0 cote du portail pour d\u00e9sherber a l\u2019entr\u00e9e, puis Zohra<\/p>\n<p><a title=\"SAM_5456\" href=\"http:\/\/www.flickr.com\/photos\/100872287@N06\/15001455869\"><img decoding=\"async\" class=\"alignnone \" src=\"https:\/\/farm4.staticflickr.com\/3907\/15001455869_032642d96b.jpg\" alt=\"SAM_5456\" \/><\/a><a title=\"SAM_5454\" href=\"http:\/\/www.flickr.com\/photos\/100872287@N06\/15188238215\"><img decoding=\"async\" class=\"alignnone \" src=\"https:\/\/farm4.staticflickr.com\/3845\/15188238215_4e20b93da7.jpg\" alt=\"SAM_5454\" \/><\/a>cueillais la menthe et en m\u00eame temps \u00e0 fait du d\u00e9sherbage sur la parcelle des aromates, et enfin moi je prend Jessica et Franck pour ramasser les noix qui sont tomber par terre, et ensuite<\/p>\n<p><a title=\"SAM_5457\" href=\"http:\/\/www.flickr.com\/photos\/100872287@N06\/15188228035\"><img decoding=\"async\" class=\"alignnone \" src=\"https:\/\/farm6.staticflickr.com\/5579\/15188228035_43f1f160cb.jpg\" alt=\"SAM_5457\" \/><\/a> on commence a arroser un les parcelles o\u00f9 y avait plant\u00e9 car afin de partir on s\u2019est mis tous ensemble pour nettoyer un peu les lieux apr\u00e8s le d\u00e9sherbage et on commence a remplir les burettes avec des mauvais herbes et les d\u00e9pose au compost ;<br \/>\nApr\u00e8s tout \u00e7a c\u2019est le moment de s\u2019assoir et d\u2019en profiter d\u2019un verre de sirop de fraise avec du g\u00e2teaux au chocolat !!!<\/p>\n<p><strong>Mercredi<\/strong> :<br \/>\n<strong><em>Jardin<\/em> <\/strong>:<br \/>\nUne belle journ\u00e9e pour commencer le travail cette apr\u00e8s-midi avec les enfants de Champlan, Madalin , Cosmin,Ronaldo, Ionut et Iasmina accompagn\u00e9e par Zohra mamie<strong> et une nouvelle stagiaire qui serais int\u00e9resse plut\u00f4t par le travail au jardin avec les enfants ,<\/strong><\/p>\n<p><a title=\"SAM_5447\" href=\"http:\/\/www.flickr.com\/photos\/100872287@N06\/15188303365\"><img decoding=\"async\" class=\"alignnone \" src=\"https:\/\/farm6.staticflickr.com\/5571\/15188303365_3d5fc04023.jpg\" alt=\"SAM_5447\" \/><\/a> puis on \u00e0 tout suite commencer a se diviser dans deux groupes de travail enfants-adultes pour arroser , cueillir des poires , de la menthe, des pommes et noix pour la<\/p>\n<p><a title=\"SAM_5445\" href=\"http:\/\/www.flickr.com\/photos\/100872287@N06\/15187937712\"><img decoding=\"async\" class=\"alignnone \" src=\"https:\/\/farm6.staticflickr.com\/5559\/15187937712_02a9ffa741.jpg\" alt=\"SAM_5445\" \/><\/a>\u00ab F\u00eate des Associations \u00bb !!! C\u2019\u00e9tait un atelier plein d\u2019\u00e9nergie, plein d\u2019\u00e9changes de savoir faire , de savoir grimper dans les arbres pour attraper les pommes d\u2019en haut et bien s\u00fbr une bonne partie de rigolade avec les enfants qui avait envie de manger tout les pommes rouges comme le feu.<\/p>\n<p><a title=\"SAM_5442\" href=\"http:\/\/www.flickr.com\/photos\/100872287@N06\/15185295231\"><img decoding=\"async\" class=\"alignnone \" src=\"https:\/\/farm4.staticflickr.com\/3874\/15185295231_6e3d60d2a6.jpg\" alt=\"SAM_5442\" \/><\/a><br \/>\n<strong>Mais bon, le temps est comme sur l\u2019autoroute , roule vite et nous nous sommes oblig\u00e9e de stationner pour reprendre nos forces avec un verre de sirop et un g\u00e2teaux au chocolat !!!<\/strong><\/p>\n<p><a title=\"SAM_5446\" href=\"http:\/\/www.flickr.com\/photos\/100872287@N06\/15001531679\"><img decoding=\"async\" class=\"alignnone \" src=\"https:\/\/farm4.staticflickr.com\/3864\/15001531679_ddaa316b29.jpg\" alt=\"SAM_5446\" \/><\/a><br \/>\nA demain .<\/p>\n<p><strong><em>Bel<\/em><\/strong>&#8211;<strong><em>Air<\/em> <\/strong>:<br \/>\n<span style=\"color: #ff0000\"><strong>Un beau soleil nous attendait cet apr\u00e8s-midi lorsque nous sommes arriv\u00e9s avec notre ludoth\u00e8que \u00e0 roulettes<\/strong><\/span>. Les enfants \u00e9taient nombreux ; \u00e7a y est, c\u2019est la rentr\u00e9e alors on n\u2019a plus une seconde de ciel bleu et de soleil \u00e0 perdre avant que l\u2019automne arrive !<br \/>\nNous avons commenc\u00e9 par des jeux pos\u00e9s, demandant la concentration de chacun dans des tournois o\u00f9 la tension atteignait parfois son maximum&#8230;tournoi d\u2019\u00e9checs et de morpion g\u00e9ants, parties de mikado et jeux pour apprendre \u00e0 compter aux tout petits (avec de dr\u00f4les d\u2019\u0153ufs num\u00e9rot\u00e9s \u00e0 emboiter et des puzzles \u00e0 chiffres).<\/p>\n<p><a title=\"SAM_5012\" href=\"http:\/\/www.flickr.com\/photos\/100872287@N06\/15001627869\"><img decoding=\"async\" class=\"alignnone \" src=\"https:\/\/farm6.staticflickr.com\/5561\/15001627869_1d4722caf2.jpg\" alt=\"SAM_5012\" \/><\/a><a title=\"SAM_5010\" href=\"http:\/\/www.flickr.com\/photos\/100872287@N06\/15001631459\"><img decoding=\"async\" class=\"alignnone \" src=\"https:\/\/farm6.staticflickr.com\/5560\/15001631459_9617be17a5.jpg\" alt=\"SAM_5010\" \/><\/a> Puis voil\u00e0 qu\u2019une grande partie de foot entre les jeux et les arbres s\u2019est mise en place avec Ferr\u00e9ol en parall\u00e8le d\u2019un atelier d\u2019acrobaties circassiennes avec Iasmina et Le\u00efla et notre mini-apprentie p\u00e9dagogue sociale Carolina !<\/p>\n<p><a title=\"SAM_5026\" href=\"http:\/\/www.flickr.com\/photos\/100872287@N06\/15001624399\"><img decoding=\"async\" class=\"alignnone \" src=\"https:\/\/farm4.staticflickr.com\/3909\/15001624399_ccaeca37ee.jpg\" alt=\"SAM_5026\" \/><\/a> Les footeux \u00e9taient d\u00e9cha\u00een\u00e9s et le groupe s\u2019est agrandi petit \u00e0 petit ; des grands aussi bien que des tous petits ont rejoint la partie.<\/p>\n<p><a title=\"SAM_5035\" href=\"http:\/\/www.flickr.com\/photos\/100872287@N06\/15165368996\"><img decoding=\"async\" class=\"alignnone \" src=\"https:\/\/farm4.staticflickr.com\/3882\/15165368996_53e2745763.jpg\" alt=\"SAM_5035\" \/><\/a> Il y avait de la place pour tout le monde. De notre c\u00f4t\u00e9, au cirque, nous nous sommes contorsionn\u00e9 dans tous les sens, avons test\u00e9 des fa\u00e7ons plus ou moins tarabiscot\u00e9es de nous tenir en \u00e9quilibre et enfin nous nous sommes artistiquement empil\u00e9s pour former des pyramides plus ou moins stables !<\/p>\n<p><a title=\"SAM_5087\" href=\"http:\/\/www.flickr.com\/photos\/100872287@N06\/15001825767\"><img decoding=\"async\" class=\"alignnone \" src=\"https:\/\/farm4.staticflickr.com\/3902\/15001825767_230a52fb53.jpg\" alt=\"SAM_5087\" \/><\/a><a title=\"SAM_5082\" href=\"http:\/\/www.flickr.com\/photos\/100872287@N06\/15165365746\"><img decoding=\"async\" class=\"alignnone \" src=\"https:\/\/farm4.staticflickr.com\/3906\/15165365746_ae0603c948.jpg\" alt=\"SAM_5082\" \/><\/a><br \/>\nC\u2019\u00e9tait un atelier plein d\u2019\u00e9nergie et d\u2019imagination et de rigolade partag\u00e9e !<\/p>\n<p><span style=\"color: #ff0000\"><strong>KroniKs des Robinsons de GRENOBLE: MME RUETABAGA<\/strong><\/span><\/p>\n<p><strong>ATELIER DE RUE \u2013 SAMEDI 06 SEPTEMBRE 2014_<\/strong><\/p>\n<p>Aujourd\u2019hui, apr\u00e8s deux mois d\u2019interruption, je retrouve avec<br \/>\ngrand plaisir les enfants d\u2019atelier de rue. Certains me font part de<br \/>\nleurs projets de vacances, d\u2019autres, pr\u00e9f\u00e9rant \u00e9viter le sujet,<br \/>\nm\u2019ont invit\u00e9 \u00e0 participer \u00e0 leurs jeux.<\/p>\n<p><a href=\"http:\/\/recherche-action.fr\/intermedes\/files\/2014\/09\/DSC03512.png\"><img decoding=\"async\" class=\"aligncenter size-full wp-image-3964\" src=\"http:\/\/recherche-action.fr\/intermedes\/files\/2014\/09\/DSC03512.png\" alt=\"DSC03512\" width=\"365\" height=\"274\" \/><\/a><\/p>\n<p>L\u2019atelier a \u00e9t\u00e9 ponctu\u00e9 d\u2019activit\u00e9s diverses et vari\u00e9es : \u00ab<br \/>\njonglage \u00bb (assiettes chinoises, diabolos), slackline, jeux de<br \/>\nsoci\u00e9t\u00e9 (devine-t\u00eate, Ni oui, ni non, Qui est-ce ?), craies de sol,<br \/>\netc. J\u2019ai \u00e9t\u00e9 assez impressionn\u00e9e par l\u2019agilit\u00e9 et l\u2019extr\u00eame<br \/>\nconcentration de certains enfants dans l\u2019utilisation du mat\u00e9riel de<br \/>\njonglage.<\/p>\n<p>Peu de temps apr\u00e8s le d\u00e9but de l\u2019atelier, une m\u00e8re albanaise arrive<br \/>\navec ses enfants et s\u2019installe parmi les autres. Je profite de cette<br \/>\noccasion pour lui pr\u00e9senter l\u2019outil de communication \u00ab Pr\u00e9sentation<br \/>\nde la ludoth\u00e8que \u00bb que j\u2019ai r\u00e9alis\u00e9 dans le cadre d\u2019un projet<br \/>\nque je m\u00e8ne entre l\u2019association et la ludoth\u00e8que du quartier. La<br \/>\npr\u00e9sence de ses enfants m\u2019a \u00e9t\u00e9 d\u2019une aide pr\u00e9cieuse pour servir<br \/>\nd\u2019interpr\u00e8tes entre leur m\u00e8re et moi-m\u00eame. A la fin de notre<br \/>\n\u00e9change, nous programmons une visite de la ludoth\u00e8que pr\u00e9vue dans<br \/>\nquinze jours.<\/p>\n<p>Puis, vient le moment du go\u00fbter ; Rayan, un tr\u00e8s jeune enfant \u00e2g\u00e9<br \/>\nd\u2019environ 4 ans prend tr\u00e8s \u00e0 c\u0153ur son r\u00f4le de responsable de<br \/>\ngo\u00fbter. Apr\u00e8s un court moment d\u2019observation, il r\u00e9alise \u00e0 la<br \/>\nperfection les missions qui lui sont assign\u00e9es tout en me jetant des<br \/>\ncoups d\u2019\u0153il par moment comme pour s\u2019assurer qu\u2019il ma\u00eetrise bien<br \/>\nson nouveau r\u00f4le depuis peu endoss\u00e9.<\/p>\n<p><span class=\"moz-txt-underscore\"><span class=\"moz-txt-tag\">_<\/span>Laura, \u00e9tudiante \u00e9ducatrice de jeunes enfants<span class=\"moz-txt-tag\">_<\/span><\/span><\/p>\n<p><span class=\"moz-txt-underscore\"><span class=\"moz-txt-tag\">_<\/span>en stage \u00e0 l&rsquo;association Mme Ruetabaga<span class=\"moz-txt-tag\">_<\/span><\/span><\/p>\n<div class=\"moz-text-flowed\" lang=\"x-unicode\"><a href=\"http:\/\/recherche-action.fr\/intermedes\/files\/2014\/09\/DSC03502.png\"><img decoding=\"async\" class=\"aligncenter size-full wp-image-3962\" src=\"http:\/\/recherche-action.fr\/intermedes\/files\/2014\/09\/DSC03502.png\" alt=\"DSC03502\" width=\"461\" height=\"346\" \/><\/a><\/div>\n<div class=\"moz-text-flowed\" lang=\"x-unicode\"><strong>M\u00eame si&#8230;<\/strong><\/div>\n<div class=\"moz-text-flowed\" lang=\"x-unicode\">Samedi 30 Ao\u00fbt<br \/>\nrime plus avec \u00ab\u00a0lundi \u00e9cole co\u00fbte que co\u00fbte\u00bb<br \/>\n<strong>Mme RueTabaga a aujourd&rsquo;hui pris sa route.<\/strong><br \/>\nPour tous c&rsquo;est une nouvelle ann\u00e9e,<br \/>\net pour la d\u00e9buter<br \/>\nnous accueillons Wendy, un \u00e9ducateur sp\u00e9cialis\u00e9.<br \/>\nPremi\u00e8re rencontre avec les jeunes, h\u00e9las coinc\u00e9 sur le toit,<br \/>\npour les aider \u00e0 descendre; il faudra donner de soi.<br \/>\nHeureusement les voil\u00e0 maintenant tous en bas.<br \/>\n<strong>Pour l&rsquo;atelier peinture, tout le enfants sont motiv\u00e9 <\/strong><br \/>\n<strong>en quelques minutes des artistes se sont r\u00e9v\u00e9l\u00e9s<\/strong><br \/>\nGr\u00e2ce \u00e0 cela ils ont pu \u00e9changer et s\u00a0&lsquo;exprimer.<br \/>\nNon loin de l\u00e0, M\u00e9lody conte des histoires,<br \/>\nautour d&rsquo;elle de nombreux enfants sont venu s\u2019asseoir,<br \/>\nsur leur visage,c&rsquo;est de \u00e9merveillement que nous pouvons apercevoir.<br \/>\nMaintenant place au s\u00e9chage des oeuvres et au lavage,<br \/>\ncar il est 16H, et les enfants responsables du go\u00fbter seront bient\u00f4t de passage.<br \/>\nn&rsquo;h\u00e9sitez pas \u00e0 vous installer sur les tissages<br \/>\nPour profiter de cet agr\u00e9able atelier<br \/>\nqui est bient\u00f4t termin\u00e9,<br \/>\nsans oublier de vous remercier, et de vous souhaiter une bonne journ\u00e9e\u00a0!<\/div>\n","protected":false},"excerpt":{"rendered":"<p>Que fabrique une association comme la n\u00f4tre en m\u00e9langeant tous les genres, tous les gens, tous les \u00e2ges, et toutes les cultures? \u00a0Que risquons\u00a0nous \u00e0 travailler tous les st\u00e9r\u00e9otypes, \u00e0 confronter tout le monde? &nbsp; Nous recherchons de fa\u00e7on volontaire, m\u00e9thodique et professionnelle la confrontation avec ce qui est \u00e9tranger, ce qui est\u00a0diff\u00e9rent, ce qui &hellip; <a href=\"http:\/\/recherche-action.fr\/intermedes\/2014\/09\/04\/le-changement-vient-de-letrangement\/\" class=\"more-link\">Continuer la lecture<span class=\"screen-reader-text\"> de &laquo;&nbsp;Le changement vient de l&rsquo;\u00e9trangement&nbsp;&raquo;<\/span><\/a><\/p>\n","protected":false},"author":1,"featured_media":0,"comment_status":"open","ping_status":"open","sticky":false,"template":"","format":"standard","meta":{"footnotes":""},"categories":[1],"tags":[],"class_list":["post-3951","post","type-post","status-publish","format-standard","hentry","category-non-classe"],"jetpack_featured_media_url":"","_links":{"self":[{"href":"http:\/\/recherche-action.fr\/intermedes\/wp-json\/wp\/v2\/posts\/3951","targetHints":{"allow":["GET"]}}],"collection":[{"href":"http:\/\/recherche-action.fr\/intermedes\/wp-json\/wp\/v2\/posts"}],"about":[{"href":"http:\/\/recherche-action.fr\/intermedes\/wp-json\/wp\/v2\/types\/post"}],"author":[{"embeddable":true,"href":"http:\/\/recherche-action.fr\/intermedes\/wp-json\/wp\/v2\/users\/1"}],"replies":[{"embeddable":true,"href":"http:\/\/recherche-action.fr\/intermedes\/wp-json\/wp\/v2\/comments?post=3951"}],"version-history":[{"count":0,"href":"http:\/\/recherche-action.fr\/intermedes\/wp-json\/wp\/v2\/posts\/3951\/revisions"}],"wp:attachment":[{"href":"http:\/\/recherche-action.fr\/intermedes\/wp-json\/wp\/v2\/media?parent=3951"}],"wp:term":[{"taxonomy":"category","embeddable":true,"href":"http:\/\/recherche-action.fr\/intermedes\/wp-json\/wp\/v2\/categories?post=3951"},{"taxonomy":"post_tag","embeddable":true,"href":"http:\/\/recherche-action.fr\/intermedes\/wp-json\/wp\/v2\/tags?post=3951"}],"curies":[{"name":"wp","href":"https:\/\/api.w.org\/{rel}","templated":true}]}}