{"id":47,"date":"2012-02-11T09:30:15","date_gmt":"1999-11-29T23:00:00","guid":{"rendered":"http:\/\/recherche-action.fr\/intermedes\/2012\/02\/11\/la-prison-cest-dehors-s-tomkiewicz\/"},"modified":"2012-02-11T09:30:15","modified_gmt":"1999-11-29T23:00:00","slug":"la-prison-cest-dehors-s-tomkiewicz","status":"publish","type":"post","link":"http:\/\/recherche-action.fr\/intermedes\/2012\/02\/11\/la-prison-cest-dehors-s-tomkiewicz\/","title":{"rendered":"\u201cLa prison c\u2019est dehors\u201d (S. Tomkiewicz)"},"content":{"rendered":"<p>&#8220;<strong>La prison c&#8217;est dehors<\/strong>&#8220;, telle \u00e9tait la fi\u00e8re devise du CFJ de Vitry, au temps de Tomkiewicz. Nous avons pu nous replonger dans l&#8217;oeuvre et la pens\u00e9e de cet auteur lors de notre dernier week end de Chantier de P\u00e9dagogie sociale, \u00e0 Buno.<\/p>\n<p>&#8220;La prison c&#8217;est dehors&#8221; et cela nous &#8220;parle&#8221; encore plus \u00e0 nous qui sommes dehors tout le temps, m\u00eame par grand froid; car du coup, nous pourrions dire que notre souhait , notre recherche ce serait justement de &#8220;lib\u00e9rer dehors&#8221;, &#8220;d&#8217;ouvrir dehors&#8221; (comme disaient les enfants des biblioth\u00e8ques de rue d&#8217;ATD)<\/p>\n<p style=\"text-align:center\">\u00a0 \u00a0\u00a0<a href=\"http:\/\/blog.recherche-action.fr\/intermedes\/files\/2012\/02\/DSC07678.jpg\"><img fetchpriority=\"high\" decoding=\"async\" src=\"http:\/\/blog.recherche-action.fr\/intermedes\/files\/2012\/02\/DSC07678-224x300.jpg\" alt=\"\" width=\"224\" height=\"300\" \/><\/a><\/p>\n<p><strong>Nous &#8220;ouvrons dehors&#8221;<\/strong>, nous lib\u00e9rons l&#8217;espace, nous autorisons \u00a0de l&#8217;habiter , de l&#8217;investir, de le transformer.<\/p>\n<p><strong>Et nous essaimons sans arr\u00eat de nouveaux ; qu&#8217;on en juge!<\/strong><\/p>\n<p>Partis d&#8217;un premier terrain en 2005, nous faisons vivre aujourd&#8217;hui, trois terrains et la ville de Chilly nous propose de cr\u00e9er <strong>et g\u00e9rer un nouveau verger en centre ville<\/strong>.<\/p>\n<p>Partis d&#8217;un atelier de rue, c&#8217;est aujourd&#8217;hui 5 ateliers hebdomadaires que nous assurons 52 semaines par an (sans compter nos \u00a0autres activit\u00e9s)<\/p>\n<p>De sorte que, nous le constatons, nos actions essaiment, se r\u00e9pandent et donnent des pousses inattendues.<\/p>\n<p>Nous ne savons jamais par avance dans quelle direction celles-ci vont aller; ainsi tout un chacun y trouve une place d\u00e9terminante.<\/p>\n<p>Nous ne grossissons pas comme les grandes organisations du social; nous ne nous implantons pas, ne nous renfermons pas sur nous. Nous r\u00e9sistons \u00e0 cette tendance toujours plus forte au regroupement, \u00e0 la concentration.<\/p>\n<p style=\"text-align:center\"><strong>A l&#8217;inverse de cette &#8220;tendance concentrationnaire&#8221;, nous cr\u00e9ons des ilots, des r\u00e9seaux, des alliances, des correspondances.<\/strong><\/p>\n<p>Alors que nous entendons parler de certaines structures sociales \u00a0qui &#8220;ferment&#8221; pour l&#8217;hiver bien quelles g\u00e8rent des locaux bien chauff\u00e9s, mais parce que les gens &#8220;ne sortiraient plus&#8221;, \u00a0nous qui sommes dehors , et luttons contre l&#8217;enfermement chez soi, nous ne fermerons pas.<\/p>\n<p>La prison c&#8217;est dedans aussi, quand chacun est renvoy\u00e9 chez soi et \u00e0 soi.<\/p>\n<p>Evadons nous&#8230;<\/p>\n<p><strong>Samedi: Formation<\/strong><\/p>\n<p>C&#8217;\u00e9tait la deuxi\u00e8me session de formation &#8220;Joomla&#8221; de programmation pour notre site Internet, anim\u00e9e par Paul. Merci Paul de ta patience et de ta p\u00e9dagogie \u00e0 notre \u00e9gard.! Avec toi nous devenons ainsi un petit groupe \u00e0 pouvoir intervenir sur nos ressources Internet qui sont si importantes pour nous.\u00a0 En attendant nous \u00e9tions encore 7 \u00e0 nous former \u00e0 la gestion de menus et de contenus.<\/p>\n<p><a href=\"http:\/\/blog.recherche-action.fr\/intermedes\/files\/2012\/02\/FormaPaulJoom.jpg\"><img decoding=\"async\" class=\"aligncenter\" src=\"http:\/\/blog.recherche-action.fr\/intermedes\/files\/2012\/02\/FormaPaulJoom-300x225.jpg\" alt=\"\" width=\"300\" height=\"225\" \/><\/a><\/p>\n<p><strong><span style=\"text-decoration:underline\">SAMEDI\u00a0:<\/span><\/strong><\/p>\n<p><strong><span style=\"text-decoration:underline\">A la Villa Saint Martin :\u00a0 <\/span><\/strong><\/p>\n<p>On essaie comme depuis quelques jours de beaucoup bouger pour ne pas avoir froid\u00a0: volley-ball, foot, corde \u00e0 sauter il y en a quand m\u00eame qui bravent le froid et s\u2019amusent sur le tapis au Sphinx et aux petits chevaux\u2026<\/p>\n<p>&nbsp;<\/p>\n<p><a href=\"http:\/\/blog.recherche-action.fr\/intermedes\/files\/2012\/02\/DSCN1081.jpg\"><img decoding=\"async\" class=\"alignleft size-medium wp-image-995\" src=\"http:\/\/blog.recherche-action.fr\/intermedes\/files\/2012\/02\/DSCN1081-300x224.jpg\" alt=\"\" width=\"300\" height=\"224\" \/><\/a>\u00a0\u00a0 <a href=\"http:\/\/blog.recherche-action.fr\/intermedes\/files\/2012\/02\/DSCN1087.jpg\"><img loading=\"lazy\" decoding=\"async\" class=\"alignright size-medium wp-image-997\" src=\"http:\/\/blog.recherche-action.fr\/intermedes\/files\/2012\/02\/DSCN1087-300x224.jpg\" alt=\"\" width=\"300\" height=\"224\" \/><\/a><\/p>\n<div><\/div>\n<p>&nbsp;<\/p>\n<p>&nbsp;<\/p>\n<p>&nbsp;<\/p>\n<p>&nbsp;<\/p>\n<p>&nbsp;<\/p>\n<p>&nbsp;<\/p>\n<p>&nbsp;<\/p>\n<p>&nbsp;<\/p>\n<p>&nbsp;<\/p>\n<p>Nos petits cuisiniers ont failli en perdre leurs doigts (a cause du froid)\u00a0 mais \u00e7a en valait la peine\u00a0: les \u00ab\u00a0spritz\u00a0 geb\u00e4ck\u00a0\u00bb \u00a0\u00e9tait d\u00e9licieux.<\/p>\n<p><a href=\"http:\/\/blog.recherche-action.fr\/intermedes\/files\/2012\/02\/DSCN1090.jpg\"><img loading=\"lazy\" decoding=\"async\" class=\"aligncenter size-medium wp-image-998\" src=\"http:\/\/blog.recherche-action.fr\/intermedes\/files\/2012\/02\/DSCN1090-300x224.jpg\" alt=\"\" width=\"300\" height=\"224\" \/><\/a>\u00a0\u00a0\u00a0\u00a0\u00a0\u00a0\u00a0\u00a0\u00a0\u00a0\u00a0\u00a0\u00a0\u00a0\u00a0\u00a0\u00a0\u00a0\u00a0\u00a0\u00a0\u00a0\u00a0\u00a0\u00a0\u00a0\u00a0\u00a0\u00a0\u00a0\u00a0\u00a0\u00a0\u00a0\u00a0\u00a0\u00a0\u00a0\u00a0\u00a0\u00a0\u00a0\u00a0\u00a0\u00a0\u00a0\u00a0\u00a0\u00a0\u00a0\u00a0\u00a0\u00a0\u00a0\u00a0\u00a0\u00a0\u00a0\u00a0\u00a0\u00a0\u00a0\u00a0\u00a0\u00a0\u00a0\u00a0\u00a0\u00a0\u00a0\u00a0\u00a0\u00a0\u00a0\u00a0\u00a0\u00a0\u00a0\u00a0\u00a0\u00a0\u00a0\u00a0\u00a0\u00a0\u00a0\u00a0\u00a0\u00a0\u00a0 \u00a0 \u00a0 \u00a0 \u00a0 \u00a0 <a href=\"http:\/\/blog.recherche-action.fr\/intermedes\/files\/2012\/02\/DSCN1094.jpg\"><img loading=\"lazy\" decoding=\"async\" class=\"alignnone size-medium wp-image-999\" src=\"http:\/\/blog.recherche-action.fr\/intermedes\/files\/2012\/02\/DSCN1094-224x300.jpg\" alt=\"\" width=\"224\" height=\"300\" \/><\/a><\/p>\n<p><a href=\"http:\/\/blog.recherche-action.fr\/intermedes\/files\/2012\/02\/DSCN1084.jpg\"><img loading=\"lazy\" decoding=\"async\" class=\"alignnone size-medium wp-image-996\" src=\"http:\/\/blog.recherche-action.fr\/intermedes\/files\/2012\/02\/DSCN1084-300x224.jpg\" alt=\"\" width=\"300\" height=\"224\" \/><\/a><\/p>\n<p><strong><span style=\"text-decoration:underline\">VENDREDI<\/span><\/strong><\/p>\n<p><strong><span style=\"text-decoration:underline\">Au salon de l\u2019agriculture et de l\u2019environnement de l\u2019Essonne<\/span><\/strong><\/p>\n<p>Le froid persistant, nous nous dirigeons vers le salon de l\u2019agriculture et de l\u2019environnement de l&#8217;Essonne. Situ\u00e9 au grand d\u00f4me de Villebon, nous observons de nombreux volatiles de plein de formes et couleurs diff\u00e9rentes, des lapins et de nombreux animaux de la ferme. Chaque animal fait parti d\u2019un concours organis\u00e9 par le salon.<\/p>\n<p><a href=\"http:\/\/blog.recherche-action.fr\/intermedes\/files\/2012\/02\/DSC07733.jpg\"><img loading=\"lazy\" decoding=\"async\" class=\"alignnone size-medium wp-image-1002\" src=\"http:\/\/blog.recherche-action.fr\/intermedes\/files\/2012\/02\/DSC07733-224x300.jpg\" alt=\"\" width=\"224\" height=\"300\" \/><\/a>\u00a0\u00a0\u00a0\u00a0\u00a0\u00a0\u00a0\u00a0\u00a0\u00a0\u00a0\u00a0\u00a0\u00a0 <a href=\"http:\/\/blog.recherche-action.fr\/intermedes\/files\/2012\/02\/DSC07722.jpg\"><img loading=\"lazy\" decoding=\"async\" class=\"alignnone size-medium wp-image-1000\" src=\"http:\/\/blog.recherche-action.fr\/intermedes\/files\/2012\/02\/DSC07722-300x224.jpg\" alt=\"\" width=\"300\" height=\"224\" \/><\/a><\/p>\n<p>Quelques animaux domestiques sont \u00e9galement \u00e0 l\u2019honneur. Nous discutons au passage avec quelques artisans venus d\u2019un peu partout en France\u00a0: Pays Basque, Corse, Bretagne, Vend\u00e9e, bourgogne\u2026<\/p>\n<p><a href=\"http:\/\/blog.recherche-action.fr\/intermedes\/files\/2012\/02\/DSC07752.jpg\"><img loading=\"lazy\" decoding=\"async\" class=\"alignleft size-medium wp-image-1001\" src=\"http:\/\/blog.recherche-action.fr\/intermedes\/files\/2012\/02\/DSC07752-300x224.jpg\" alt=\"\" width=\"300\" height=\"224\" \/><\/a><a href=\"http:\/\/blog.recherche-action.fr\/intermedes\/files\/2012\/02\/DSC07757.jpg\"><img loading=\"lazy\" decoding=\"async\" class=\"alignright size-medium wp-image-1003\" src=\"http:\/\/blog.recherche-action.fr\/intermedes\/files\/2012\/02\/DSC07757-300x224.jpg\" alt=\"\" width=\"300\" height=\"224\" \/><\/a><\/p>\n<p>&nbsp;<\/p>\n<p>&nbsp;<\/p>\n<p>&nbsp;<\/p>\n<p>&nbsp;<\/p>\n<p>&nbsp;<\/p>\n<p>&nbsp;<\/p>\n<p>&nbsp;<\/p>\n<p><em>Vue d&#8217;ensemble du salon au d\u00f4me de Villebon (photo \u00e0 droite)<\/em><\/p>\n<p>&nbsp;<\/p>\n<p>&nbsp;<\/p>\n<p><span style=\"text-decoration:underline\"><strong>A la rocade\u00a0:<\/strong><\/span><\/p>\n<p>On va bouger \u2026 bouger \u2026 Eh oui il fait un peu froid (heu tr\u00e8s froid en fait)\u00a0 du\u00a0 coup on privil\u00e9gie les activit\u00e9s o\u00f9 il faut beaucoup bouger\u00a0: le foot et la corde \u00e0 sauter sont donc \u00e0 l\u2019honneur.<\/p>\n<p><a href=\"http:\/\/blog.recherche-action.fr\/intermedes\/files\/2012\/02\/DSCN1071.jpg\"><img loading=\"lazy\" decoding=\"async\" class=\"aligncenter size-medium wp-image-1004\" src=\"http:\/\/blog.recherche-action.fr\/intermedes\/files\/2012\/02\/DSCN1071-300x224.jpg\" alt=\"\" width=\"300\" height=\"224\" \/><\/a><\/p>\n<p>On a aussi fait un crumble aux pommes pour l\u2019anniversaire de Mamadou \u2026\u00a0 Happy B-day<\/p>\n<p>&nbsp;<\/p>\n<p><a href=\"http:\/\/blog.recherche-action.fr\/intermedes\/files\/2012\/02\/DSCN1075.jpg\"><img loading=\"lazy\" decoding=\"async\" class=\"alignnone size-medium wp-image-1005\" src=\"http:\/\/blog.recherche-action.fr\/intermedes\/files\/2012\/02\/DSCN1075-300x224.jpg\" alt=\"\" width=\"300\" height=\"224\" \/><\/a>\u00a0\u00a0\u00a0\u00a0\u00a0\u00a0\u00a0\u00a0\u00a0\u00a0\u00a0\u00a0\u00a0\u00a0\u00a0\u00a0\u00a0\u00a0 <a href=\"http:\/\/blog.recherche-action.fr\/intermedes\/files\/2012\/02\/DSCN1076.jpg\"><img loading=\"lazy\" decoding=\"async\" class=\"alignright size-medium wp-image-1006\" src=\"http:\/\/blog.recherche-action.fr\/intermedes\/files\/2012\/02\/DSCN1076-300x224.jpg\" alt=\"\" width=\"300\" height=\"224\" \/><\/a><\/p>\n<p>&nbsp;<\/p>\n<p>&nbsp;<\/p>\n<p>&nbsp;<\/p>\n<p>&nbsp;<\/p>\n<p>&nbsp;<\/p>\n<p><strong><span style=\"text-decoration:underline\">JEUDI<\/span><\/strong><\/p>\n<p><strong><span style=\"text-decoration:underline\">Massy\u00a0:<\/span><\/strong><\/p>\n<p>La matin\u00e9e commence par un foot entre les caravanes, voir sous les caravanes, o\u00f9 la balle se glisse sans arr\u00eat\u00a0! A c\u00f4t\u00e9 entre les voitures aux capots ouverts et la poign\u00e9e d\u2019hommes qui s\u2019affairent autour, ou non\u2026, des enfants mettent des couleurs sur leurs coloriages. D\u2019autres montent des tours de kaplas avant de les d\u00e9truire. Bah oui, c\u2019est bien plus dr\u00f4le\u00a0!<\/p>\n<p><a href=\"http:\/\/blog.recherche-action.fr\/intermedes\/files\/2012\/02\/DSC07696.jpg\"><img loading=\"lazy\" decoding=\"async\" class=\"alignnone size-medium wp-image-1007\" src=\"http:\/\/blog.recherche-action.fr\/intermedes\/files\/2012\/02\/DSC07696-300x224.jpg\" alt=\"\" width=\"300\" height=\"224\" \/><\/a>\u00a0\u00a0\u00a0\u00a0\u00a0\u00a0\u00a0\u00a0\u00a0\u00a0\u00a0\u00a0\u00a0\u00a0\u00a0\u00a0\u00a0 <a href=\"http:\/\/blog.recherche-action.fr\/intermedes\/files\/2012\/02\/DSC07697.jpg\"><img loading=\"lazy\" decoding=\"async\" class=\"alignnone size-medium wp-image-1009\" src=\"http:\/\/blog.recherche-action.fr\/intermedes\/files\/2012\/02\/DSC07697-224x300.jpg\" alt=\"\" width=\"224\" height=\"300\" \/><\/a><\/p>\n<p><strong><span style=\"text-decoration:underline\">Au Skatepark\u00a0:<\/span><\/strong><\/p>\n<p>Nous avons ramen\u00e9 un ballon de volley, et improvis\u00e9 une partie \u00e0 cot\u00e9 des tapis. Yasser nous a appris un jeu de ballon \u00ab\u00a0le taureau\u00a0\u00bb qui nous aura bien fait courir.<\/p>\n<p><a href=\"http:\/\/blog.recherche-action.fr\/intermedes\/files\/2012\/02\/DSC07702.jpg\"><img loading=\"lazy\" decoding=\"async\" class=\"aligncenter size-medium wp-image-1010\" src=\"http:\/\/blog.recherche-action.fr\/intermedes\/files\/2012\/02\/DSC07702-300x224.jpg\" alt=\"\" width=\"300\" height=\"224\" \/><\/a><\/p>\n<p>Pendant le gouter L\u00e9a, et Mathieu les \u00e9ducateurs d\u2019Alliance Pr\u00e9vention sont pass\u00e9s nous dire bonjour et m\u00eame faire un peu de corde \u00e0 sauter\u00a0!<\/p>\n<p>&nbsp;<\/p>\n<p><a href=\"http:\/\/blog.recherche-action.fr\/intermedes\/files\/2012\/02\/DSC07708.jpg\"><img loading=\"lazy\" decoding=\"async\" class=\"alignleft size-medium wp-image-1011\" src=\"http:\/\/blog.recherche-action.fr\/intermedes\/files\/2012\/02\/DSC07708-224x300.jpg\" alt=\"\" width=\"224\" height=\"300\" \/><\/a><a href=\"http:\/\/blog.recherche-action.fr\/intermedes\/files\/2012\/02\/DSC07710.jpg\"><img loading=\"lazy\" decoding=\"async\" class=\"alignright size-medium wp-image-1012\" src=\"http:\/\/blog.recherche-action.fr\/intermedes\/files\/2012\/02\/DSC07710-300x224.jpg\" alt=\"\" width=\"300\" height=\"224\" \/><\/a><\/p>\n<p>&nbsp;<\/p>\n<p>&nbsp;<\/p>\n<p>&nbsp;<\/p>\n<p>&nbsp;<\/p>\n<p>&nbsp;<\/p>\n<p>&nbsp;<\/p>\n<p><strong><span style=\"text-decoration:underline\">Au jardin de Saulx<\/span><\/strong><\/p>\n<p>Cet apr\u00e8s-midi nous d\u00e9cidons de faire un feu pour br\u00fbler de nombreuses branches de lierre et de sapin ainsi que quelques bouts de bois inutilisables r\u00e9cup\u00e9r\u00e9s aux 4 coins du jardin. La terre \u00e9tant gel\u00e9e nous effectuons un grand nettoyage.<\/p>\n<p><a href=\"http:\/\/blog.recherche-action.fr\/intermedes\/files\/2012\/02\/DSCN1028.jpg\"><img loading=\"lazy\" decoding=\"async\" class=\"alignleft size-medium wp-image-1013\" src=\"http:\/\/blog.recherche-action.fr\/intermedes\/files\/2012\/02\/DSCN1028-300x224.jpg\" alt=\"\" width=\"300\" height=\"224\" \/><\/a><a href=\"http:\/\/blog.recherche-action.fr\/intermedes\/files\/2012\/02\/DSCN1036.jpg\"><img loading=\"lazy\" decoding=\"async\" class=\"alignright size-medium wp-image-1014\" src=\"http:\/\/blog.recherche-action.fr\/intermedes\/files\/2012\/02\/DSCN1036-300x224.jpg\" alt=\"\" width=\"300\" height=\"224\" \/><\/a><\/p>\n<p>&nbsp;<\/p>\n<p>&nbsp;<\/p>\n<p>&nbsp;<\/p>\n<p>&nbsp;<\/p>\n<p>&nbsp;<\/p>\n<p>&nbsp;<\/p>\n<p>&nbsp;<\/p>\n<p>&nbsp;<\/p>\n<p>&nbsp;<\/p>\n<p>&nbsp;<\/p>\n<p>On nous livre \u00e9galement du terreau qui nous servira aux prochains semis et que l\u2019on pourra disposer sur toutes nos parcelles.<\/p>\n<p><a href=\"http:\/\/blog.recherche-action.fr\/intermedes\/files\/2012\/02\/DSCN1044.jpg\"><img loading=\"lazy\" decoding=\"async\" class=\"aligncenter size-medium wp-image-1015\" src=\"http:\/\/blog.recherche-action.fr\/intermedes\/files\/2012\/02\/DSCN1044-300x224.jpg\" alt=\"\" width=\"300\" height=\"224\" \/><\/a><\/p>\n<p><strong><span style=\"text-decoration:underline\">Batucada\u00a0:<\/span><\/strong><\/p>\n<p>Petit groupe mais grosse ambiance\u00a0: Sira, Farid et Aline\u00a0! Farid s\u2019essaye au tambourine alors que, nous les filles, ont se cramponne \u00e0 notre cloche et \u00e0 notre surdo.<\/p>\n<p><a href=\"http:\/\/blog.recherche-action.fr\/intermedes\/files\/2012\/02\/a.jpg\"><img loading=\"lazy\" decoding=\"async\" class=\"aligncenter size-medium wp-image-1016\" src=\"http:\/\/blog.recherche-action.fr\/intermedes\/files\/2012\/02\/a-300x224.jpg\" alt=\"\" width=\"300\" height=\"224\" \/><\/a><\/p>\n<p>On refait les rythmes d\u00e9j\u00e0 vus et on en apprend un autre\u00a0; apr\u00e8s Mozart, du funk\u00a0!<\/p>\n<p><a href=\"http:\/\/blog.recherche-action.fr\/intermedes\/files\/2012\/02\/DSC07692.jpg\"><img loading=\"lazy\" decoding=\"async\" class=\"alignnone size-medium wp-image-1017\" src=\"http:\/\/blog.recherche-action.fr\/intermedes\/files\/2012\/02\/DSC07692-224x300.jpg\" alt=\"\" width=\"224\" height=\"300\" \/><\/a>\u00a0\u00a0\u00a0\u00a0\u00a0\u00a0\u00a0\u00a0\u00a0\u00a0\u00a0\u00a0 <a href=\"http:\/\/blog.recherche-action.fr\/intermedes\/files\/2012\/02\/DSC07695.jpg\"><img loading=\"lazy\" decoding=\"async\" class=\"alignnone size-medium wp-image-1018\" src=\"http:\/\/blog.recherche-action.fr\/intermedes\/files\/2012\/02\/DSC07695-300x224.jpg\" alt=\"\" width=\"300\" height=\"224\" \/><\/a><\/p>\n<p><strong><span style=\"text-decoration:underline\">Jardin\u00a0: <\/span><\/strong><\/p>\n<p>Il fait froid \u2026 Il fait froid \u2026 Un bon feu pour se r\u00e9chauffer\u00a0\u2026 Oui oui oUi et\u00a0 on en profite pour se faire un bon lait au chocolat .<\/p>\n<p><a href=\"http:\/\/blog.recherche-action.fr\/intermedes\/files\/2012\/02\/DSC07682.jpg\"><img loading=\"lazy\" decoding=\"async\" class=\"alignnone size-medium wp-image-1022\" src=\"http:\/\/blog.recherche-action.fr\/intermedes\/files\/2012\/02\/DSC07682-300x224.jpg\" alt=\"\" width=\"300\" height=\"224\" \/><\/a>\u00a0\u00a0\u00a0\u00a0\u00a0 <a href=\"http:\/\/blog.recherche-action.fr\/intermedes\/files\/2012\/02\/DSC07678.jpg\"><img loading=\"lazy\" decoding=\"async\" class=\"alignnone size-medium wp-image-1021\" src=\"http:\/\/blog.recherche-action.fr\/intermedes\/files\/2012\/02\/DSC07678-224x300.jpg\" alt=\"\" width=\"224\" height=\"300\" \/><\/a><\/p>\n<p>Pendant ce temps l\u00e0 quelques uns mettent un peu de peinture sur la table de pique nique.<\/p>\n<p><a href=\"http:\/\/blog.recherche-action.fr\/intermedes\/files\/2012\/02\/DSC07672.jpg\"><img loading=\"lazy\" decoding=\"async\" class=\"aligncenter size-medium wp-image-1019\" src=\"http:\/\/blog.recherche-action.fr\/intermedes\/files\/2012\/02\/DSC07672-300x224.jpg\" alt=\"\" width=\"300\" height=\"224\" \/><\/a><\/p>\n<p><strong><span style=\"text-decoration:underline\">Moulin galant\u00a0:<\/span><\/strong><\/p>\n<p>On saute \u00e0 la corde, on joue au foot, on fait de nouveaux jeux avec un grand \u00e9lastique. Il fait de plus en plus froid, mais les enfants sont toujours nombreux \u00e0 venir nous rejoindre, sur les tapis et tout autour.<\/p>\n<p>&nbsp;<\/p>\n<p>&nbsp;<\/p>\n<p>&nbsp;<\/p>\n","protected":false},"excerpt":{"rendered":"<p>&#8220;La prison c&#8217;est dehors&#8220;, telle \u00e9tait la fi\u00e8re devise du CFJ de Vitry, au temps de Tomkiewicz. Nous avons pu nous replonger dans l&#8217;oeuvre et la pens\u00e9e de cet auteur lors de notre dernier week end de Chantier de P\u00e9dagogie sociale, \u00e0 Buno. &#8220;La prison c&#8217;est dehors&#8221; et cela nous &#8220;parle&#8221; encore plus \u00e0 nous [&#8230;]<\/p>\n","protected":false},"author":1,"featured_media":0,"comment_status":"open","ping_status":"open","sticky":false,"template":"","format":"standard","meta":{"footnotes":""},"categories":[1],"tags":[],"class_list":["post-47","post","type-post","status-publish","format-standard","hentry","category-non-classe"],"jetpack_featured_media_url":"","_links":{"self":[{"href":"http:\/\/recherche-action.fr\/intermedes\/wp-json\/wp\/v2\/posts\/47","targetHints":{"allow":["GET"]}}],"collection":[{"href":"http:\/\/recherche-action.fr\/intermedes\/wp-json\/wp\/v2\/posts"}],"about":[{"href":"http:\/\/recherche-action.fr\/intermedes\/wp-json\/wp\/v2\/types\/post"}],"author":[{"embeddable":true,"href":"http:\/\/recherche-action.fr\/intermedes\/wp-json\/wp\/v2\/users\/1"}],"replies":[{"embeddable":true,"href":"http:\/\/recherche-action.fr\/intermedes\/wp-json\/wp\/v2\/comments?post=47"}],"version-history":[{"count":0,"href":"http:\/\/recherche-action.fr\/intermedes\/wp-json\/wp\/v2\/posts\/47\/revisions"}],"wp:attachment":[{"href":"http:\/\/recherche-action.fr\/intermedes\/wp-json\/wp\/v2\/media?parent=47"}],"wp:term":[{"taxonomy":"category","embeddable":true,"href":"http:\/\/recherche-action.fr\/intermedes\/wp-json\/wp\/v2\/categories?post=47"},{"taxonomy":"post_tag","embeddable":true,"href":"http:\/\/recherche-action.fr\/intermedes\/wp-json\/wp\/v2\/tags?post=47"}],"curies":[{"name":"wp","href":"https:\/\/api.w.org\/{rel}","templated":true}]}}