{"id":5146,"date":"2015-11-14T12:35:40","date_gmt":"2015-11-14T11:35:40","guid":{"rendered":"http:\/\/recherche-action.fr\/intermedes\/?p=5146"},"modified":"2015-11-14T12:35:40","modified_gmt":"2015-11-14T11:35:40","slug":"entendre-la-petite-voix-du-social-dans-le-desordre-ambiant","status":"publish","type":"post","link":"http:\/\/recherche-action.fr\/intermedes\/2015\/11\/14\/entendre-la-petite-voix-du-social-dans-le-desordre-ambiant\/","title":{"rendered":"Entendre la petite voix du social dans le d\u00e9sordre ambiant"},"content":{"rendered":"<p>Les drames et \u00e9v\u00e9nements qui se r\u00e9p\u00e8tent ou s&rsquo;amplifient semblent toujours se\u00a0r\u00e9percuter dans la vie de la soci\u00e9t\u00e9, selon\u00a0un sc\u00e9nario codifi\u00e9\u00a0et obligatoire. Une ambiance de paralysie s&#8217;empare de l&rsquo;opinion et de la soci\u00e9t\u00e9. On attend\u00a0des mots d&rsquo;ordre,\u00a0on demande \u00e0 \u00eatre rassur\u00e9s. On ne fait plus rien sans en demander l&rsquo;autorisation. Dans le doute, on annule tout.<\/p>\n<p><a title=\"100_3342\" href=\"http:\/\/www.flickr.com\/photos\/100872287@N06\/23060911746\"><img decoding=\"async\" class=\"alignnone \" src=\"https:\/\/farm6.staticflickr.com\/5805\/23060911746_c33dc3df49.jpg\" alt=\"100_3342\" \/><\/a><\/p>\n<p><em>Pour conjurer l&rsquo;impuissance, l&rsquo;\u00e9vidence qu&rsquo;on a \u00e9t\u00e9 surpris dans la r\u00e9alit\u00e9, on se met \u00e0 singer d\u00e8s le lendemain des plans d&rsquo;urgence et de fausse s\u00e9curit\u00e9 qui ne sont visiblement\u00a0destin\u00e9s qu&rsquo;\u00e0 donner le change.<\/em><\/p>\n<p><span style=\"color: #ff0000\">Dans ce cas l\u00e0 c&rsquo;est\u00a0toujours aux lieux et aux temps sociaux qu&rsquo;on s&rsquo;en prend en premier: on ferme les lieux \u00e9ducatifs et de culture ou on en rend leur acc\u00e8s difficile<\/span>. On enferme les \u00e9coles, les lieux d&rsquo;enfance et de loisirs. Les structures sociales, \u00e9ducatives de culture \u00a0se barricadent alors qu&rsquo;en toute logique , toutes , dans de telles circonstances, devraient encore et toujours \u00eatre plus ouvertes.<\/p>\n<p><strong>Faute d&rsquo;avoir pr\u00e9vu la trag\u00e9die, on base le fonctionnement ordinaire de la soci\u00e9t\u00e9 sur la pr\u00e9vention de sa\u00a0r\u00e9p\u00e9tition.<\/strong> Au nom de la protection de la soci\u00e9t\u00e9 on complique, on \u00a0rend de plus en plus malais\u00e9 et difficile tout ce qui, justement, est social.<\/p>\n<p><strong>C&rsquo;est le premier paradoxe.<\/strong><\/p>\n<p><span style=\"color: #ff0000\">Le second est dans l&rsquo;ordre du discours. On tend au rassemblement et \u00e0 l&rsquo;unit\u00e9 de toutes ses forces. <\/span>On recherche le mim\u00e9tisme, l&rsquo;effacement des diff\u00e9rences. d&rsquo;un coup d&rsquo;un seul (et f\u00fbt-ce avec violence), on voudrait trouver ou retrouver une \u00ab\u00a0union sacr\u00e9e\u00a0\u00bb.<span style=\"color: #3366ff\"> Or, toute assignation \u00e0 l&rsquo;union fabrique toujours de l&rsquo;\u00e9tranget\u00e9 radicale, de la monstruosit\u00e9 absolue qui aboutit dans les faits \u00e0 diviser\u00a0irr\u00e9m\u00e9diablement la population, &#8230;au nom de l&rsquo;unit\u00e9.<\/span><\/p>\n<p><strong>Une telle \u00e9nergie d\u00e9ploy\u00e9e pour trouver une unit\u00e9 introuvable et forc\u00e9ment illusoire\u00a0ne peut passer que par un arsenal de discours autoritaires.<\/strong>\u00a0Cela ne va pas sans violence et contrainte interne qui touche \u00e0 l&rsquo;\u00e9touffement.<\/p>\n<p><span style=\"color: #ff0000\">Dans un tel climat, du c\u00f4t\u00e9 des publics (et en particulier du c\u00f4t\u00e9 des publics des politiques sociales) c&rsquo;est le silence qui\u00a0devient obligatoire<\/span>; toute prise de parole, si elle ne co\u00efncide pas exactement par les mots d&rsquo;ordre en usage, devient dangereuse.<\/p>\n<p>Anticipant une discrimination maintes fois r\u00e9p\u00e9t\u00e9es et qui leur semble in\u00e9vitable, il ne faut pas s&rsquo;\u00e9tonner qu&rsquo;une masse importante de la jeunesse musulmane (et d\u00e9cri\u00e9e comme telle et\u00a0comme\u00a0\u00ab\u00a0immigr\u00e9e\u00a0\u00bb) , pr\u00e9f\u00e8re croire \u00e0 des sir\u00e8nes complotistes qui la d\u00e9livreraient d&rsquo;une culpabilisation obligatoire .<\/p>\n<p><em><strong>En effet, c&rsquo;est bien cette culpabilisation d&rsquo;\u00eatre \u00e0 la place o\u00f9 ont a \u00e9t\u00e9 mis<\/strong><\/em>, \u00a0qui s&rsquo;exprime sous\u00a0la forme d&rsquo;injonctions \u00e0 d\u00e9savouer, \u00e0 d\u00e9plorer \u00a0et qui donne une image forc\u00e9ment humiliante, et qui vient redoubler (et m\u00eame justifier a posteriori) toutes les exclusions.<\/p>\n<p>Nous avons d\u00e9j\u00e0 v\u00e9cu tout cela pour Charlie. Le sc\u00e9nario est bien rod\u00e9 . Il peut passer aujourd&rsquo;hui \u00e0 la vitesse sup\u00e9rieure.<\/p>\n<p>Sans doute , avons nous face \u00e0 des processus aussi surplombants, un grand sentiment d&rsquo;impuissance. <span style=\"color: #3366ff\">Mais pour autant rien ne nous oblige \u00e0 y adh\u00e9rer personnellement et \u00e0 ajouter notre couche de consentement aux d\u00e9sastres en cours.<\/span><\/p>\n<p>On entend de tout dans de telles circonstances et on en entendra davantage dans les jours \u00e0 venir, des langues se d\u00e9lier. Elles vont toujours dans le m\u00eame sens: plus de fermeture, plus de s\u00e9curit\u00e9, moins d&rsquo;autonomies, moins de libert\u00e9s; plus de morale, de culpabilisation. Plus de r\u00e9gimes s\u00e9v\u00e8res ,d&rsquo;exception et sp\u00e9ciaux.. C&rsquo;est un sens obligatoire.<\/p>\n<p><strong><span style=\"color: #3366ff\">Il y a \u00a0une petite voix que l&rsquo;on n&rsquo;entend jamais dans de telles cacophonies<\/span><\/strong>. <em><strong>C&rsquo;est la petite voix du social<\/strong><\/em>. Celle qui se murmure tous les jours \u00e0 Robinson, sur nos ateliers, dans nos quartiers, dans les bidonvilles.<\/p>\n<p><strong><span style=\"color: #ff0000\">Cette petite voix est toute autre; elle dit des discours inou\u00efs. Elle raconte que nous faisons chaque jour ce que l&rsquo;on d\u00e9clare impossible. Elle dit la parole de ceux qui sont pri\u00e9s\u00a0de se taire.\u00a0Elle rappelle que le Monde n&rsquo;est possible qu&rsquo;avec tout le monde.<\/span><\/strong><\/p>\n<p>Elle ouvre une autre voie que la violence d&rsquo;appareil ; dessine d&rsquo;autres scenarii. Elle permet aux uns et aux autres d&rsquo;\u00e9chapper aux caricatures o\u00f9 le cours de l&rsquo;actualit\u00e9 veut nous r\u00e9duire.<\/p>\n<p><span style=\"color: #ff0000\"><strong>Le Dimanche au jardin\u2026<\/strong> <\/span><br \/>\nAujourd\u2019hui Laura et moi (Marie) sommes parties au jardin, accompagn\u00e9es d\u2019Eddy, de Corinne et Philippe, Timoth\u00e9e, H\u00e9loise et Gwendal ainsi que Fuzia, Mario et leurs filles. Nous avions pour mission de poser le fumier sur nos parcelles, \u00e9laguer les pommiers et ranger\/d\u00e9sherber le jardin avant la tr\u00eave hivernale. Le soleil est avec nous, c\u2019est une chance en ce mois de Novembre !<\/p>\n<p><a title=\"100_3381\" href=\"http:\/\/www.flickr.com\/photos\/100872287@N06\/22466734313\"><img decoding=\"async\" class=\"alignnone \" src=\"https:\/\/farm1.staticflickr.com\/563\/22466734313_d520c0ddcd.jpg\" alt=\"100_3381\" \/><\/a><br \/>\nAvec les courses que nous avons faites, nous pr\u00e9voyons un barbecue et des salades.<br \/>\nPendant que nous \u00e9talions le fumier, Corinne et moi avons \u00e9t\u00e9 surprises de voir que nous avions des poivrons qui arrivent maintenant \u00e0 maturit\u00e9. H\u00e9loise les a cueillis pour le barbecue.<\/p>\n<p><a title=\"100_3384\" href=\"http:\/\/www.flickr.com\/photos\/100872287@N06\/23074311722\"><img decoding=\"async\" class=\"alignnone \" src=\"https:\/\/farm6.staticflickr.com\/5815\/23074311722_6db67b0a30.jpg\" alt=\"100_3384\" \/><\/a><br \/>\nHeureux de ce beau temps, nous avons pass\u00e9 une tr\u00e8s bonne journ\u00e9e au jardin.<br \/>\nMario a \u00e9lagu\u00e9 les pommiers avec beaucoup d\u2019entrain, nous ramassons les branches afin de faire du bois pour le jardin. Tout sera pr\u00eat avant l\u2019hiver.<\/p>\n<p><a title=\"100_3390\" href=\"http:\/\/www.flickr.com\/photos\/100872287@N06\/22465151204\"><img decoding=\"async\" class=\"alignnone \" src=\"https:\/\/farm1.staticflickr.com\/626\/22465151204_5249285eee.jpg\" alt=\"100_3390\" \/><\/a><br \/>\nHistoire de se faire de nouveau plaisir, nous grignotons le bon g\u00e2teau au citron que nous a pr\u00e9par\u00e9 Corinne, avant de repartir tranquillement en cette fin d\u2019apr\u00e8s midi.<br \/>\nCette journ\u00e9e ensoleill\u00e9e a fait plaisir \u00e0 tout le monde, nous avons partag\u00e9 un bon moment.<\/p>\n<p><a title=\"100_3387\" href=\"http:\/\/www.flickr.com\/photos\/100872287@N06\/22466734753\"><img decoding=\"async\" class=\"alignnone \" src=\"https:\/\/farm6.staticflickr.com\/5739\/22466734753_f8ce2bc7c7.jpg\" alt=\"100_3387\" \/><\/a><br \/>\nA dans quinze jours pour le prochain dimanche au jardin\u2026<\/p>\n<p><span style=\"color: #3366ff\"><strong>Samedi: Nous n&rsquo;avons pas ferm\u00e9 dehors&#8230;<\/strong><\/span><\/p>\n<p>Et nous avons fait nos ateliers. Et ainsi nous \u00e9tions pr\u00e9sents pour discuter avec les enfants des \u00e9v\u00e9nements de la veille.<\/p>\n<p>&nbsp;<\/p>\n<p><span style=\"color: #ff0000\"><strong>Villa St Martin, le 14 novembre 2015<\/strong><\/span><\/p>\n<p><a title=\"SAM_7409\" href=\"http:\/\/www.flickr.com\/photos\/100872287@N06\/22464300944\"><img decoding=\"async\" class=\"alignnone \" src=\"https:\/\/farm1.staticflickr.com\/639\/22464300944_6b4938910d.jpg\" alt=\"SAM_7409\" \/><\/a><\/p>\n<p>Aujourd\u2019hui, Nicolae, Fatimata, Abdel, Camille, Marie, S\u00e9bastian et S\u00e9bastien, sommes partis installer nos ateliers \u00e0 la Villa St Martin. Comme \u00e0 notre habitude nous avons install\u00e9 la tente petite enfance puis d\u2019autres activit\u00e9s choisies par les enfants et nous-m\u00eame.<\/p>\n<p><a title=\"SAM_7385\" href=\"http:\/\/www.flickr.com\/photos\/100872287@N06\/22464293444\"><img decoding=\"async\" class=\"alignnone \" src=\"https:\/\/farm1.staticflickr.com\/754\/22464293444_17a1b47020.jpg\" alt=\"SAM_7385\" \/><\/a><br \/>\nNous avons donc propos\u00e9 la cr\u00e9ation des bracelets et colliers de perles, ainsi que des ateliers de peinture\/dessin, SlackLine, Baseball, Molki, relais, et diverses activit\u00e9s sportives et collectives.<\/p>\n<p><a title=\"SAM_7428\" href=\"http:\/\/www.flickr.com\/photos\/100872287@N06\/23061029536\"><img decoding=\"async\" class=\"alignnone \" src=\"https:\/\/farm6.staticflickr.com\/5675\/23061029536_860a7ee9be.jpg\" alt=\"SAM_7428\" \/><\/a><br \/>\nCamille a \u00e9galement fait d\u00e9couvrir aux enfants l\u2019activit\u00e9 \u00ab\u00a0boite \u00e0 imagination\u00a0\u00bb qui consiste \u00e0 cr\u00e9er une bo\u00eete dans laquelle ils mettent ce qu\u2019ils aiment et n\u2019aiment pas selon leur bon vouloir. Cette activit\u00e9 a eu beaucoup plus de succ\u00e8s que la fois pr\u00e9c\u00e9dente puisqu\u2019il y avait moins de contraintes (il n\u2019\u00e9tait pas forc\u00e9ment demand\u00e9 aux enfants d\u2019\u00e9crire).<\/p>\n<p><a title=\"SAM_7426\" href=\"http:\/\/www.flickr.com\/photos\/100872287@N06\/22668689628\"><img decoding=\"async\" class=\"alignnone \" src=\"https:\/\/farm1.staticflickr.com\/719\/22668689628_65aa4b544a.jpg\" alt=\"SAM_7426\" \/><\/a><br \/>\nL\u2019activit\u00e9 sportive a eu de plus en plus de succ\u00e8s au cours de l\u2019apr\u00e8s-midi de par l\u2019arriv\u00e9e tardive des adolescents qui ont pris \u00e0 c\u0153ur de participer dans le respect et la bonne humeur aux sports propos\u00e9s.<\/p>\n<p><a title=\"SAM_7444\" href=\"http:\/\/www.flickr.com\/photos\/100872287@N06\/22464291914\"><img decoding=\"async\" class=\"alignnone \" src=\"https:\/\/farm6.staticflickr.com\/5726\/22464291914_107c38fa21.jpg\" alt=\"SAM_7444\" \/><\/a><\/p>\n<p>Avant le moment du go\u00fbter, le rituel du conseil de quartier d\u00e9bute. <span style=\"color: #ff00ff\">Nous commen\u00e7ons par discuter des activit\u00e9s et de la journ\u00e9e avant de d\u00e9vier sur le sujet important du week-end\u00a0: les attentats de Paris.<\/span> L\u2019int\u00e9r\u00eat \u00e9tait que les enfants s\u2019ouvrent \u00e0 nous en faisant part de leur ressenti, de ce qu\u2019ils ont compris et vu.<br \/>\n<span style=\"color: #333333\">Nous prenons ensuite le go\u00fbter qui est, comme toujours, tr\u00e8s appr\u00e9ci\u00e9 des enfants.<\/span><\/p>\n<p><strong><span style=\"color: #ff0000\">Samedi: Atelier de Champlan<br \/>\n<\/span><\/strong><\/p>\n<p><a title=\"100_3367\" href=\"http:\/\/www.flickr.com\/photos\/100872287@N06\/22669519978\"><img decoding=\"async\" class=\"alignnone \" src=\"https:\/\/farm1.staticflickr.com\/706\/22669519978_7074f9f735.jpg\" alt=\"100_3367\" \/><\/a><br \/>\nAujourd&rsquo;hui nous avons pass\u00e9 l&rsquo;apr\u00e8s-midi \u00e0 Champlan avec Assa, Anna, Laura, Leila et Estelle.<\/p>\n<p>D\u00e8s notre arriv\u00e9e nous avons r\u00e9unis tout les enfants pour faire des jeux collectifs,<br \/>\nNous avons commenc\u00e9 par jouer \u00e0 \u00abcache-cache\u00bb et nous avons fait une ronde pour jouer au \u00abfacteur\u00bb.<\/p>\n<p><a title=\"100_3362\" href=\"http:\/\/www.flickr.com\/photos\/100872287@N06\/22466708663\"><img decoding=\"async\" class=\"alignnone \" src=\"https:\/\/farm6.staticflickr.com\/5686\/22466708663_19bc11756f.jpg\" alt=\"100_3362\" \/><\/a><\/p>\n<p>Ensuite, c&rsquo;est parti pour l&rsquo;apprentissage des chiffres et des lettres&#8230; et m\u00eame des animaux!!<\/p>\n<p><a title=\"100_3370\" href=\"http:\/\/www.flickr.com\/photos\/100872287@N06\/23099138591\"><img decoding=\"async\" class=\"alignnone \" src=\"https:\/\/farm1.staticflickr.com\/660\/23099138591_a4c80944e2.jpg\" alt=\"100_3370\" \/><\/a><br \/>\nNous leur avons propos\u00e9 de continuer l&rsquo;atelier d&rsquo;\u00e9criture de leur pr\u00e9noms de la semaine derni\u00e8re, puis ensuite des exercices d&rsquo;\u00e9criture avec les pr\u00e9noms d&rsquo;animaux et les chiffres.<br \/>\nLes enfants \u00e9taient tous tr\u00e8s int\u00e9ress\u00e9 par ces activit\u00e9s et leur envie d&rsquo;apprendre \u00e9tait d\u00e9bordante.<\/p>\n<p><a title=\"100_3368\" href=\"http:\/\/www.flickr.com\/photos\/100872287@N06\/22669519478\"><img decoding=\"async\" class=\"alignnone \" src=\"https:\/\/farm1.staticflickr.com\/591\/22669519478_371ce4d809.jpg\" alt=\"100_3368\" \/><\/a><br \/>\nPendant ce temps l\u00e0 , les plus petits jouaient avec les jeux de la petite enfance.<\/p>\n<p>Puis, c&rsquo;est par un bon go\u00fbter que se termina cette apr\u00e8s-midi.<br \/>\n<span style=\"color: #ff00ff\">Heureux d&rsquo;avoir pu partager ce moment avec nous, les enfants rentr\u00e8rent se mettre au chaud avec leurs parents et \u00abLAREVEDERE\u00bb \u00e0 la semaine prochaine!<\/span><\/p>\n<p><span style=\"color: #ff0000\"><strong>Vendredi au jardin le 13-11-2015<\/strong><\/span><\/p>\n<p>Avec S\u00e9bastien Nicolae Assa Anna Jessica Franck Eric<\/p>\n<p><a title=\"SAM_7378\" href=\"http:\/\/www.flickr.com\/photos\/100872287@N06\/23073437532\"><img decoding=\"async\" class=\"alignnone \" src=\"https:\/\/farm6.staticflickr.com\/5772\/23073437532_116c703461.jpg\" alt=\"SAM_7378\" \/><\/a><\/p>\n<p>D\u00e8s notre arriv\u00e9e, nous nous sommes mis au travail. Tout d&rsquo;abord nous nous sommes mis d&rsquo;accord sur l&rsquo;organisation afin que chacun puisse s&rsquo;y mettre \u00e0 sa guise. Nous \u00a0avons r\u00e9cup\u00e9r\u00e9 les fourches les p\u00e8les ainsi que les deux brouettes, sous un temps plut\u00f4t agr\u00e9able, et avec l&rsquo;envie de bien faire de chacun on ne s&rsquo;est pas rendu compte de l&rsquo;heure qui passait&#8230; Nous avons \u00e9tal\u00e9 du fumier sur les parcelles a tour de r\u00f4le.<\/p>\n<p><a title=\"SAM_7381\" href=\"http:\/\/www.flickr.com\/photos\/100872287@N06\/23073430682\"><img decoding=\"async\" class=\"alignnone \" src=\"https:\/\/farm6.staticflickr.com\/5819\/23073430682_aa971d27a5.jpg\" alt=\"SAM_7381\" \/><\/a><\/p>\n<p><span style=\"color: #ff0000\"><strong>Vendredi : La rocade le 13-11-15<\/strong><\/span><br \/>\nAujourd&rsquo;hui, nous sommes huit \u00e0 aller \u00e0 la Rocade: Le\u00efla, Camille et S\u00e9bastien les stagiaires \u00e9ducateurs, Abdel et Fatimata les permanents, Sana service civique, et Tito et Pierre les b\u00e9n\u00e9voles.<\/p>\n<p><a title=\"100_3350\" href=\"http:\/\/www.flickr.com\/photos\/100872287@N06\/22465799493\"><img decoding=\"async\" class=\"alignnone \" src=\"https:\/\/farm6.staticflickr.com\/5766\/22465799493_17a92b664e.jpg\" alt=\"100_3350\" \/><\/a><\/p>\n<p>Nous avons install\u00e9 la tente petite enfance, puis on a fait un grand match de foot! C&rsquo;\u00e9tait SUPER! On s&rsquo;est bien d\u00e9pens\u00e9! Score: 3 \u00e0 2 pour Leila et S\u00e9bastien contre Fatimata et les enfants!<\/p>\n<p><span style=\"color: #3366ff\">Tito avait pr\u00e9vu avec Pierre d&rsquo;\u00e9crire des lettres de dol\u00e9ances, pour dire ce qu&rsquo;on ressent \u00e0 l&rsquo;\u00e9cole, l&rsquo;autorit\u00e9 des professeurs, les relations qu&rsquo;on a avec les camarades d&rsquo;\u00e9cole&#8230;<\/span><\/p>\n<p>Abdel, lui, a pris la Slackline. Il faut attendre longtemps pour pouvoir monter dessus tellement la corde a du succ\u00e8s.<\/p>\n<p><a title=\"100_3358\" href=\"http:\/\/www.flickr.com\/photos\/100872287@N06\/22668610768\"><img decoding=\"async\" class=\"alignnone \" src=\"https:\/\/farm1.staticflickr.com\/681\/22668610768_71a4acbb21.jpg\" alt=\"100_3358\" \/><\/a><\/p>\n<p><span style=\"color: #ff0000\">Pour le go\u00fbter, on a mang\u00e9 plein du pop-corn confectionn\u00e9s par les personnes qui ont fait la cuisine de rue. TROP BON!!<\/span> et pour se r\u00e9chauffer, un petit chocolat chaud nous est propos\u00e9.<\/p>\n<p><a title=\"100_3352\" href=\"http:\/\/www.flickr.com\/photos\/100872287@N06\/22465799043\"><img decoding=\"async\" class=\"alignnone \" src=\"https:\/\/farm6.staticflickr.com\/5656\/22465799043_3cff8e2625.jpg\" alt=\"100_3352\" \/><\/a><\/p>\n<p>A la semaine prochaine!!<\/p>\n<p><span style=\"color: #ff0000\"><strong>Jeudi: atelier au jardin, le 13-11-2015<\/strong><\/span><\/p>\n<p>Avec S\u00e9bastien Nicolae Assa Anna Jessica Franck \u00e9ric<\/p>\n<p><a title=\"SAM_7373\" href=\"http:\/\/www.flickr.com\/photos\/100872287@N06\/22694796839\"><img decoding=\"async\" class=\"alignnone \" src=\"https:\/\/farm6.staticflickr.com\/5667\/22694796839_29ff69f647.jpg\" alt=\"SAM_7373\" \/><\/a><\/p>\n<p>D\u00e8s notre arriv\u00e9e, nous nous sommes mise au travail, tout d&rsquo;abord nous nous sommes mise d&rsquo;accord sur l&rsquo;organisation afin que chacun puisse s&rsquo;y mettre \u00e0 sa guise nous avons r\u00e9cup\u00e9r\u00e9 les fourches les p\u00e8les ainsi que les deux brouettes, sous un temps plut\u00f4t agr\u00e9able, et avec l&rsquo;envie de bien faire de chacun on ne s&rsquo;est pas rendu compte de l&rsquo;heure qui passait&#8230;<\/p>\n<p><a title=\"SAM_7381\" href=\"http:\/\/www.flickr.com\/photos\/100872287@N06\/23073430682\"><img decoding=\"async\" class=\"alignnone \" src=\"https:\/\/farm6.staticflickr.com\/5819\/23073430682_aa971d27a5.jpg\" alt=\"SAM_7381\" \/><\/a><\/p>\n<p>Nous avons \u00e9tal\u00e9s du fumier sur les parcelles a tour de r\u00f4le. A la fin nous avons partag\u00e9s un go\u00fbter et le beau fr\u00e8re de Jessica \u00e9tait avec nous.<\/p>\n<p><a title=\"SAM_7378\" href=\"http:\/\/www.flickr.com\/photos\/100872287@N06\/23073437532\"><img decoding=\"async\" class=\"alignnone \" src=\"https:\/\/farm6.staticflickr.com\/5772\/23073437532_116c703461.jpg\" alt=\"SAM_7378\" \/><\/a><\/p>\n<p><span style=\"color: #ff00ff\"><strong>Jeudi: La Ruche<\/strong><\/span><\/p>\n<p>Et cette semaine, encore il y a eu un \u00ab\u00a0atelier de la Ruche\u00a0\u00bb, au local. Une dizaine d&rsquo;enfants du bidonville de Chilly sont venus cuisiner avec nous.<\/p>\n<p><a href=\"http:\/\/recherche-action.fr\/intermedes\/files\/2015\/11\/FullSizeRender-8.jpg\"><img fetchpriority=\"high\" decoding=\"async\" class=\"aligncenter size-full wp-image-5154\" src=\"http:\/\/recherche-action.fr\/intermedes\/files\/2015\/11\/FullSizeRender-8.jpg\" alt=\"FullSizeRender-8\" width=\"640\" height=\"480\" \/><\/a><\/p>\n<p>C&rsquo;\u00e9tait \u00ab\u00a0mission Pizza\u00a0\u00bb avec , pour but de produire le maximum de pizzas pour l&rsquo;\u00e9v\u00e9nement du soir, \u00e0 la MJC: lUniversit\u00e9 Populaire des Habitants. Le th\u00e8me de cette premi\u00e8re soir\u00e9e \u00e9tait \u00ab\u00a0occuper l&rsquo;espace public\u00a0\u00bb. Pas d&rsquo;erreur, nous \u00e0 Robinson, nous sommes bien des sp\u00e9cialistes (:-))<\/p>\n<p><a href=\"http:\/\/recherche-action.fr\/intermedes\/files\/2015\/11\/FullSizeRender-9.jpg\"><img decoding=\"async\" class=\"aligncenter size-full wp-image-5155\" src=\"http:\/\/recherche-action.fr\/intermedes\/files\/2015\/11\/FullSizeRender-9.jpg\" alt=\"FullSizeRender-9\" width=\"480\" height=\"640\" \/><\/a><\/p>\n<p>En tout cas , pour les enfants, la Ruche c&rsquo;est de l&rsquo;\u00e9ducatif, de l&rsquo;habilet\u00e9, de l&rsquo;apprentissage, et de la socialit\u00e9.<\/p>\n<p style=\"text-align: left\" align=\"CENTER\"><strong>Avec Laura, S\u00e9bastien et Victoria.<\/strong><\/p>\n<p align=\"JUSTIFY\">Aujourd&rsquo;hui, nous allons chercher des enfants dans le camp de Chilly, des mamans nous rejoignent au local afin de d\u00e9buter l&rsquo;atelier pizza.<\/p>\n<p align=\"JUSTIFY\">En arrivant, nous coupons les l\u00e9gumes (tomates, poivrons, champignons) et nous apprenons \u00e0 les reconna\u00eetre ainsi qu&rsquo;\u00e0 \u00e9crire leurs noms.<\/p>\n<p align=\"JUSTIFY\">Une fois les l\u00e9gumes coup\u00e9s, les enfants participent au nettoyage de la table de cuisine et nous allons danser en attendant que la p\u00e2te \u00e0 pizza soit pr\u00eate.<\/p>\n<p align=\"JUSTIFY\">Nous pr\u00e9parons les pizzas, les enfants apprennent \u00e0 pr\u00e9parer la p\u00e2te et \u00e0 la garnir comme ils en ont envie avec la viande, le fromage et les l\u00e9gumes coup\u00e9s au d\u00e9but de l&rsquo;activit\u00e9.<\/p>\n<p align=\"JUSTIFY\">Une fois que les pizzas sont pr\u00eates, nous les mettons \u00e0 cuire. Durant la cuisson nous faisons un jeu p\u00e9dagogique \u00e0 partir de l&rsquo;alphabet, nous formons les mots, apprenons \u00e0 les prononcer et chantons des contines.<\/p>\n<p align=\"JUSTIFY\">Lorsque les premi\u00e8res pizzas sont cuites, les enfants les go\u00fbtent avec un verre de sirop.<\/p>\n<p align=\"JUSTIFY\">Les enfants se sont beaucoup amus\u00e9 et se sont montr\u00e9s tr\u00e8s investis dans l&rsquo;apprentissage de nouvelles choses.<\/p>\n<p align=\"JUSTIFY\"><a title=\"100_3321\" href=\"http:\/\/www.flickr.com\/photos\/100872287@N06\/22464111764\"><img decoding=\"async\" class=\"alignnone \" src=\"https:\/\/farm6.staticflickr.com\/5715\/22464111764_b78210a136.jpg\" alt=\"100_3321\" \/><\/a><\/p>\n<p align=\"JUSTIFY\">C&rsquo;\u00e9tait super, et les pizzas sont tr\u00e8s bonnes !<\/p>\n<p><strong><span style=\"color: #ff0000\">\u00a0Jeudi: Skate parc<\/span><\/strong><\/p>\n<p><a title=\"100_3329\" href=\"http:\/\/www.flickr.com\/photos\/100872287@N06\/22465755343\"><img decoding=\"async\" class=\"alignnone \" src=\"https:\/\/farm6.staticflickr.com\/5806\/22465755343_a6bbdf69a5.jpg\" alt=\"100_3329\" \/><\/a><\/p>\n<p>Aujourd&rsquo;hui, Fatimata une nouvelle permanente, Abdel, Sana, Assa et moi (Le\u00efla), nous sommes all\u00e9s sur l&rsquo;atelier du skate parc. Nous avons install\u00e9 diff\u00e9rentes activit\u00e9s: petite enfance, atelier, perles, badminton et atelier peinture.<\/p>\n<p><a title=\"100_3336\" href=\"http:\/\/www.flickr.com\/photos\/100872287@N06\/22694697009\"><img decoding=\"async\" class=\"alignnone \" src=\"https:\/\/farm6.staticflickr.com\/5737\/22694697009_32eedbc12c.jpg\" alt=\"100_3336\" \/><\/a><\/p>\n<p>Assa, sur la petite a fait des juex de conctruction avec les kaplas. Une petite s&rsquo;est amus\u00e9e \u00e0 dessiner des lettres et des formes avec les petits morceaux de bois. A c\u00f4t\u00e9 des enfants faisait semblant de pr\u00e9parer \u00e0 manger pour leurs parents. Sana de son c\u00f4t\u00e9 s&rsquo;est lanc\u00e9, avec un petit groupe de jeune, dans la confection de bracelet et de collier; son activit\u00e9 a eu du succ\u00e8s! Abdel de son c\u00f4t\u00e9 a fait l&rsquo;arbitre pendant les matchs de badminton! Les enfants se sont bien d\u00e9pens\u00e9s! Et moi, j&rsquo;ai continu\u00e9 l&rsquo;activit\u00e9 \u00ab\u00a0fabrication du jeu de l&rsquo;oie\u00a0\u00bb qui avait \u00e9t\u00e9 commenc\u00e9e la semaine derni\u00e8re. Nous avons termin\u00e9 l&rsquo;apr\u00e8s-midi par un petit go\u00fbter! A la semaine prochaine!<a title=\"100_3342\" href=\"http:\/\/www.flickr.com\/photos\/100872287@N06\/23060911746\"><img decoding=\"async\" class=\"alignnone \" src=\"https:\/\/farm6.staticflickr.com\/5805\/23060911746_c33dc3df49.jpg\" alt=\"100_3342\" \/><\/a><\/p>\n<p><span style=\"color: #ff0000\"><strong>Chilly Gare Le 12-11-15<\/strong><\/span><\/p>\n<p><a title=\"SAM_7357\" href=\"http:\/\/www.flickr.com\/photos\/100872287@N06\/23073361302\"><img decoding=\"async\" class=\"alignnone \" src=\"https:\/\/farm6.staticflickr.com\/5824\/23073361302_6ef7e8d8d7.jpg\" alt=\"SAM_7357\" \/><\/a><br \/>\nAujourd&rsquo;hui, nous allons \u00e0 Chilly-gare avec Camille (stagiaire \u00e9ducatrice), Marie (stagiare monitrice \u00e9ducatrice), Pascal (MJC) et Anna ( service civique).<\/p>\n<p><a title=\"SAM_7354\" href=\"http:\/\/www.flickr.com\/photos\/100872287@N06\/22464207784\"><img decoding=\"async\" class=\"alignnone \" src=\"https:\/\/farm1.staticflickr.com\/754\/22464207784_461dcc310c.jpg\" alt=\"SAM_7354\" \/><\/a><\/p>\n<p>Nous avons commenc\u00e9 par une ronde des pr\u00e9noms parce que tout le monde ne connait pas forc\u00e9ment les prenoms des animateurs ou de chacun.<br \/>\nEnsuite, on joue au \u00ab\u00a0tomate-ketchup\u00a0\u00bb pour jouer tous ensemble.<\/p>\n<p><a title=\"SAM_7366\" href=\"http:\/\/www.flickr.com\/photos\/100872287@N06\/23098208151\"><img decoding=\"async\" class=\"alignnone \" src=\"https:\/\/farm6.staticflickr.com\/5802\/23098208151_f1e8590f21.jpg\" alt=\"SAM_7366\" \/><\/a><\/p>\n<p>Pour l&rsquo;activit\u00e9 principale, nous avons choisis de continuer les peintures sur la cinqui\u00e8me saison. Les enfants sont tr\u00e8s cr\u00e9atifs, ils ont l&rsquo;air d&rsquo;appr\u00e9cier user de leur imagination.<\/p>\n<p><a title=\"SAM_7364\" href=\"http:\/\/www.flickr.com\/photos\/100872287@N06\/22465779873\"><img decoding=\"async\" class=\"alignnone \" src=\"https:\/\/farm1.staticflickr.com\/587\/22465779873_90e67995af.jpg\" alt=\"SAM_7364\" \/><\/a><\/p>\n<p>On a pass\u00e9 un super apr\u00e8s-midi!<br \/>\nMerci beaucoup, \u00e0 bient\u00f4t!<\/p>\n<p>&nbsp;<\/p>\n","protected":false},"excerpt":{"rendered":"<p>Les drames et \u00e9v\u00e9nements qui se r\u00e9p\u00e8tent ou s&rsquo;amplifient semblent toujours se\u00a0r\u00e9percuter dans la vie de la soci\u00e9t\u00e9, selon\u00a0un sc\u00e9nario codifi\u00e9\u00a0et obligatoire. Une ambiance de paralysie s&#8217;empare de l&rsquo;opinion et de la soci\u00e9t\u00e9. On attend\u00a0des mots d&rsquo;ordre,\u00a0on demande \u00e0 \u00eatre rassur\u00e9s. On ne fait plus rien sans en demander l&rsquo;autorisation. Dans le doute, on annule &hellip; <a href=\"http:\/\/recherche-action.fr\/intermedes\/2015\/11\/14\/entendre-la-petite-voix-du-social-dans-le-desordre-ambiant\/\" class=\"more-link\">Continuer la lecture<span class=\"screen-reader-text\"> de &laquo;&nbsp;Entendre la petite voix du social dans le d\u00e9sordre ambiant&nbsp;&raquo;<\/span><\/a><\/p>\n","protected":false},"author":1,"featured_media":0,"comment_status":"open","ping_status":"open","sticky":false,"template":"","format":"standard","meta":{"footnotes":""},"categories":[1],"tags":[],"class_list":["post-5146","post","type-post","status-publish","format-standard","hentry","category-non-classe"],"jetpack_featured_media_url":"","_links":{"self":[{"href":"http:\/\/recherche-action.fr\/intermedes\/wp-json\/wp\/v2\/posts\/5146","targetHints":{"allow":["GET"]}}],"collection":[{"href":"http:\/\/recherche-action.fr\/intermedes\/wp-json\/wp\/v2\/posts"}],"about":[{"href":"http:\/\/recherche-action.fr\/intermedes\/wp-json\/wp\/v2\/types\/post"}],"author":[{"embeddable":true,"href":"http:\/\/recherche-action.fr\/intermedes\/wp-json\/wp\/v2\/users\/1"}],"replies":[{"embeddable":true,"href":"http:\/\/recherche-action.fr\/intermedes\/wp-json\/wp\/v2\/comments?post=5146"}],"version-history":[{"count":0,"href":"http:\/\/recherche-action.fr\/intermedes\/wp-json\/wp\/v2\/posts\/5146\/revisions"}],"wp:attachment":[{"href":"http:\/\/recherche-action.fr\/intermedes\/wp-json\/wp\/v2\/media?parent=5146"}],"wp:term":[{"taxonomy":"category","embeddable":true,"href":"http:\/\/recherche-action.fr\/intermedes\/wp-json\/wp\/v2\/categories?post=5146"},{"taxonomy":"post_tag","embeddable":true,"href":"http:\/\/recherche-action.fr\/intermedes\/wp-json\/wp\/v2\/tags?post=5146"}],"curies":[{"name":"wp","href":"https:\/\/api.w.org\/{rel}","templated":true}]}}