{"id":5704,"date":"2016-07-26T10:01:56","date_gmt":"2016-07-26T08:01:56","guid":{"rendered":"http:\/\/recherche-action.fr\/intermedes\/?p=5704"},"modified":"2016-08-03T12:21:30","modified_gmt":"2016-08-03T10:21:30","slug":"saccrocher-aux-oripeaux","status":"publish","type":"post","link":"http:\/\/recherche-action.fr\/intermedes\/2016\/07\/26\/saccrocher-aux-oripeaux\/","title":{"rendered":"S&rsquo;accrocher aux oripeaux &#8230;"},"content":{"rendered":"<p><span style=\"text-decoration: underline\"><span style=\"color: #ff00ff;text-decoration: underline\"><strong>\u00ab\u00a0On ne peut pas perdre ce qu&rsquo;on n&rsquo;a jamais eu\u00a0\u00bb<\/strong><\/span><\/span><\/p>\n<p>Nous vivons une p\u00e9riode o\u00f9 fleurissent les pires peurs collectives , politiques et soci\u00e9tales. Nous serions en train de perdre selon\u00a0les uns , la culture, selon d&rsquo;autres la civilisation, selon d&rsquo;autres encore les valeurs et les lumi\u00e8res.<\/p>\n<p><a title=\"WP_20160730_15_47_29_Pro - Copie (2)\" href=\"http:\/\/www.flickr.com\/photos\/139937904@N08\/28721582155\"><img decoding=\"async\" class=\"aligncenter\" src=\"https:\/\/farm9.staticflickr.com\/8843\/28721582155_2718211898.jpg\" alt=\"WP_20160730_15_47_29_Pro - Copie (2)\" \/><\/a><\/p>\n<p><strong>Tous ces \u00ab\u00a0apologistes de la perte\u00a0\u00bb n&rsquo;en sont pas \u00e0 leur coup d&rsquo;essai.<\/strong> C&rsquo;est depuis le d\u00e9but des ann\u00e9es 80 qu&rsquo;ils nous endorment, et qu&rsquo;ils nous accoutument \u00e0 leurs discours de d\u00e9clin. <span style=\"color: #3366ff\">Ils exultent aujourd&rsquo;hui car ils ont le monopole du bruit<\/span> et il leur semble que le moindre \u00e9v\u00e9nement leur donne raison. Il est vrai que les m\u00e9dias ont largement emprunt\u00e9 leur ton et pris leurs fantasmes pour des v\u00e9rit\u00e9s r\u00e9v\u00e9l\u00e9es.<\/p>\n<p>Mais tout simplement encore <span style=\"color: #ff0000\"><em>c&rsquo;est tout un chacun qui souffre de la nostalgie de ce que nous n&rsquo;avons jamais connu.<\/em><\/span> O\u00f9 \u00e9tait elle cette soci\u00e9t\u00e9 \u00e9gale, fraternelle et libre qu&rsquo;on nous vante \u00e0 chaque discours public ? O\u00f9 \u00e9taient elles ces fameuses valeurs de la r\u00e9publique qui n&rsquo;ont visiblement pas \u00e9t\u00e9 \u00a0tr\u00e8s efficaces pour \u00e9viter \u00a0les pr\u00e9carit\u00e9s, les discriminations et le racisme galopant?<\/p>\n<p>Pour nous \u00e9ducateurs et travailleurs sociaux, c&rsquo;est pourtant quelque chose de particuli\u00e8rement rassurant de reconna\u00eetre que nous ne perdons pas tant que cela. Ces institutions qui d\u00e9clinent, qui r\u00e9gressent, sont elles vraiment \u00e0 regretter?<\/p>\n<p>Ne devrions nous pas nous dire , \u00e0 la place du regret, que ce n&rsquo;\u00e9taient peut \u00eatre que des illusions?<\/p>\n<p>Peut \u00eatre n&rsquo;avions nous pas tant que cela construit:<\/p>\n<ul>\n<li>Peut \u00eatre que nous n&rsquo;avions pas tant que cela lutt\u00e9 contre les id\u00e9es re\u00e7ues.<\/li>\n<li>Peut \u00eatre que nous n&rsquo;avions pas tant que cela mis en cause les in\u00e9galit\u00e9s.<\/li>\n<li>Peut \u00eatre que nous n&rsquo;avions pas tant que cela promu et exp\u00e9riment\u00e9 les libert\u00e9s.<\/li>\n<\/ul>\n<p>Ce qui est vrai sur le plan social, institutionnel et collectif, l&rsquo;est tout autant dans le cadre de notre action personnelle. \u00a0<em><strong><span style=\"color: #ff0000\">Les difficult\u00e9s auxquelles nous nous heurtons \u00e9taient d\u00e9j\u00e0 l\u00e0 au d\u00e9marrage.<\/span><\/strong><\/em> Les obstacles que nous trouvons sur notre route \u00e9taient d\u00e9j\u00e0 install\u00e9s avant m\u00eame qu&rsquo;on essaie d&rsquo;aller quelque part.<\/p>\n<p>Ce ne sont pas des \u00e9checs, nos \u00e9checs, ce sont \u00ab\u00a0des mises en lumi\u00e8re\u00a0\u00bb d&rsquo;obstacles structurels, de cha\u00eenes invisibles qui p\u00e9nalisent toute la soci\u00e9t\u00e9. On n&rsquo;\u00e9choue pas \u00e0 ce qu&rsquo;on ne peut pas gagner.<\/p>\n<p><span style=\"text-decoration: underline\"><strong>Nous n&rsquo;avons perdu ni notre \u00e9nergie , ni notre temps<\/strong><\/span>; nous avons contribu\u00e9 \u00e0 rendre les choses plus claires, \u00e0 donner une image \u00e0 ce qui immobilise, \u00e0 donner un nom \u00e0 ceux qui bloquent, \u00e0 r\u00e9v\u00e9ler les violences cach\u00e9es.<\/p>\n<p><span style=\"color: #ff00ff\"><em><strong>Immanquablement les cha\u00eenes que nous mettons en \u00e9vidence seront bris\u00e9es<\/strong><\/em><\/span>; du simple fait que nous les aurons mises en lumi\u00e8re et qu&rsquo;on pourra d\u00e8s lors s&rsquo;y attaquer.<\/p>\n<p>In\u00e9vitablement, les freins \u00e0 toute \u00e9volution sociale, \u00e9ducative que nous mettons en \u00e9vidence\u00a0serons lev\u00e9s.<\/p>\n<p>Irr\u00e9sistiblement, les discours qu&rsquo;on nous oppose, les pi\u00e8tres justifications perdront tout \u00a0cr\u00e9dit.<\/p>\n<p><strong><span style=\"color: #3366ff\">A Interm\u00e8des Robinson, nous mettons en \u00e9vidence\u00a0chaque jour tout ce qui emp\u00eache et tout ce qui entrave l&rsquo;\u00e9volution sociale et institutionnelle<\/span>.<\/strong><\/p>\n<p>Bien loin des discours officiels nous illustrons\u00a0comment les id\u00e9es qui viennent du bas peuvent \u00eatre ignor\u00e9es. Nous pouvons d\u00e9crire l&rsquo;oeuvre des machines \u00e0 broyer et \u00e0 d\u00e9courager l&rsquo;initiative citoyenne et sociale.<\/p>\n<p>Nous d\u00e9couvrons et mesurons chaque jour l&rsquo;\u00e9tendue de l&rsquo;in\u00e9quit\u00e9 de notre syst\u00e8me institutionnel et social: tandis que les charges de preuve, le poids des soup\u00e7ons immobilise et \u00e9crase ceux qui subissent d\u00e9nis et discriminations, ceux qui les commettent, en revanche jouissent encore et toujours de nombreuses facilit\u00e9s et complaisances, ainsi que du monopole sur\u00a0toutes les ressources disponibles. <em><strong>Un tel syst\u00e8me ne pourra conduire qu&rsquo;\u00e0 la catastrophe humaine et soci\u00e9tale y compris pour ceux qui le d\u00e9fendent.<\/strong><\/em><\/p>\n<p><span style=\"color: #ff0000\"><strong>Ces derniers\u00a0sont semblables aux gardiens d&rsquo;un temple vide<\/strong><\/span>; ils s&rsquo;accrochent \u00e0 des haillons. Ils ignorent qu&rsquo;en tant qu&rsquo;acteurs sociaux\u00a0la seule source de l\u00e9gitimit\u00e9 qu&rsquo;ils pourraient avoir ne saurait\u00a0venir que de ceux qu&rsquo;ils r\u00e9priment.<\/p>\n<p>&nbsp;<\/p>\n<p>DIMANCHE:<\/p>\n<p><span style=\"color: #ff0000\"><strong>Dimanche au Jardin<\/strong><\/span><\/p>\n<p><a title=\"WP_20160731_12_16_27_Pro\" href=\"http:\/\/www.flickr.com\/photos\/139937904@N08\/28721637875\"><img decoding=\"async\" class=\"alignnone\" src=\"https:\/\/farm9.staticflickr.com\/8842\/28721637875_edf55420bc.jpg\" alt=\"WP_20160731_12_16_27_Pro\" \/><\/a><\/p>\n<p>Aujourd\u2019hui\u00a0 nous sommes arriv\u00e9s au jardin vers 11h30. Nous avons commenc\u00e9 \u00e0 pr\u00e9parer le repas et \u00e0 allumer le barbecue. On a mang\u00e9 tous ensembles des merguez, du poulet et de la salade. Nous avons eu beaucoup de monde cette apr\u00e8s-midi aux jardins. Nous \u00e9tions 25 personnes. Nous avons d\u00e9terr\u00e9 toute sorte de pommes de terre, et nous avons enlev\u00e9 les mauvaises herbes qui recouvraient nos\u00a0plants de patates.<\/p>\n<p><a title=\"WP_20160731_12_37_58_Pro\" href=\"http:\/\/www.flickr.com\/photos\/139937904@N08\/28104101154\"><img decoding=\"async\" class=\"alignnone\" src=\"https:\/\/farm9.staticflickr.com\/8735\/28104101154_785ebe2391.jpg\" alt=\"WP_20160731_12_37_58_Pro\" \/><\/a><\/p>\n<p>Beaucoup de personnes ont particip\u00e9 au jardinage, et nous a beaucoup aider. Nous avons aussi d\u00e9sherb\u00e9 les herbes autours des haricots verts, et nous en avons cueilli.<\/p>\n<p><a title=\"WP_20160731_12_16_10_Pro\" href=\"http:\/\/www.flickr.com\/photos\/139937904@N08\/28721647085\"><img decoding=\"async\" class=\"alignnone\" src=\"https:\/\/farm9.staticflickr.com\/8372\/28721647085_796767a81a.jpg\" alt=\"WP_20160731_12_16_10_Pro\" \/><\/a><\/p>\n<p>Il y avait aussi des courgettes que nous avons cueillies. L\u2019apr\u00e8s-midi c\u2019est bien pass\u00e9, nous avons pris un go\u00fbter avec du th\u00e9, et de la past\u00e8que. Nous avons termin\u00e9 notre journ\u00e9e notre journ\u00e9e en arrosant les haricots verts qui avaient bien besoin d\u2019eau.<\/p>\n<p><a title=\"WP_20160731_13_00_40_Pro\" href=\"http:\/\/www.flickr.com\/photos\/139937904@N08\/28643977641\"><img decoding=\"async\" class=\"alignnone\" src=\"https:\/\/farm9.staticflickr.com\/8756\/28643977641_c4eac7cb0c.jpg\" alt=\"WP_20160731_13_00_40_Pro\" \/><\/a><\/p>\n<p>SAMEDI:<\/p>\n<p><span style=\"color: #ff0000\"><strong>Atelier de Villa Saint-Martin<\/strong><\/span><\/p>\n<p><a title=\"WP_20160730_15_47_47_Pro - Copie - Copie\" href=\"http:\/\/www.flickr.com\/photos\/139937904@N08\/28643958301\"><img decoding=\"async\" class=\"alignnone\" src=\"https:\/\/farm9.staticflickr.com\/8729\/28643958301_4a375d3829.jpg\" alt=\"WP_20160730_15_47_47_Pro - Copie - Copie\" \/><\/a><\/p>\n<p>Aujourd\u2019hui sous le beau ciel bleu de Longjumeau on s\u2019appr\u00eate \u00e0 installer notre mat\u00e9riel \u00e9ducatifs, \u00a0et nous d\u00e9ballons nos jeux, et donnons envie aux enfants de se d\u00e9fouler avec nous avec\u00a0\u00a0les grands jeux collectifs comme le Rugby , Foot , Billard ,Puissance 4.<\/p>\n<p><a title=\"WP_20160730_15_10_31_Pro - Copie - Copie (2)\" href=\"http:\/\/www.flickr.com\/photos\/139937904@N08\/28643946841\"><img decoding=\"async\" class=\"alignnone\" src=\"https:\/\/farm9.staticflickr.com\/8003\/28643946841_7a6d6e51e3.jpg\" alt=\"WP_20160730_15_10_31_Pro - Copie - Copie (2)\" \/><\/a><\/p>\n<p>Laura pr\u00e9pare son petit \u00ab\u00a0coin enfance\u00a0\u00bb et, sans trop attendre un groupe de\u00a0\u00a0petits et des grands, s\u2019assoient \u00e0 c\u00f4t\u00e9 d\u2019elle pour faire des bracelets, les perles ou jouer avec la d\u00eenette.<\/p>\n<p><a title=\"WP_20160730_15_34_59_Pro - Copie\" href=\"http:\/\/www.flickr.com\/photos\/139937904@N08\/28643938341\"><img decoding=\"async\" class=\"alignnone\" src=\"https:\/\/farm9.staticflickr.com\/8617\/28643938341_0d01bc013d.jpg\" alt=\"WP_20160730_15_34_59_Pro - Copie\" \/><\/a><\/p>\n<p>Nicolae avec les grands jeux est juste \u00e0 c\u00f4te pour laisser la possibilit\u00e9 \u00e0 ceux qui aimeraient se d\u00e9fouler plus tard. Sandra propose le coloriage des Reines et des Rois, et des petites Princesse.<\/p>\n<p>Tandis que l\u2019autre Laura apr\u00e8s avoir fait un tour du quartier en recherche d\u2019enfants, la voil\u00e0 avec une dizaine d\u2019enfants qui savaient pas que nous \u00e9tions l\u00e0 et qui aimeraient jouer avec nous.<\/p>\n<p>Une belle ambiance autour des jeux, de l\u2019amiti\u00e9, de la bonne humeur et de la rigolade, de la convivialit\u00e9 entre les petites et grands.<\/p>\n<p><a title=\"WP_20160730_15_47_29_Pro - Copie (2)\" href=\"http:\/\/www.flickr.com\/photos\/139937904@N08\/28721582155\"><img decoding=\"async\" class=\"alignnone\" src=\"https:\/\/farm9.staticflickr.com\/8843\/28721582155_2718211898.jpg\" alt=\"WP_20160730_15_47_29_Pro - Copie (2)\" \/><\/a><\/p>\n<p>Finalement la journ\u00e9e s\u2019ach\u00e8ve et le gouter et pr\u00eats \u00e0 \u00eatre servi avant de ranger et pouvoir partir, tout en \u00e9tant d\u00e9\u00e7us de n\u2019avoir pas pu rester plus longtemps.<\/p>\n<p><span style=\"color: #ff0000\"><strong>Atelier de Ballainvillier<\/strong><\/span><\/p>\n<p>Aujourd&rsquo;hui, \u00e0\u00a0Ballainvilliers, c&rsquo;est peinture et dessin. On installe un grande feuille sur les tables, et chacun met la main \u00e0 la p\u00e2te pour composer une fresque collective. Sur d&rsquo;autres tables un peu plus loin on fait sont auto-portrait et on dessine se qui nous passe par la t\u00eate.<\/p>\n<p><a title=\"SAM_2271\" href=\"http:\/\/www.flickr.com\/photos\/139937904@N08\/28437207330\"><img decoding=\"async\" class=\"alignnone\" src=\"https:\/\/farm9.staticflickr.com\/8634\/28437207330_dc8e422b0c.jpg\" alt=\"SAM_2271\" \/><\/a><\/p>\n<p><a title=\"SAM_2275\" href=\"http:\/\/www.flickr.com\/photos\/139937904@N08\/28104054884\"><img decoding=\"async\" class=\"alignnone\" src=\"https:\/\/farm8.staticflickr.com\/7310\/28104054884_2785a0b58a.jpg\" alt=\"SAM_2275\" \/><\/a><\/p>\n<p>Forc\u00e9ment, <em><strong><span style=\"color: #ff00ff\">on commence \u00e0 se dessiner sur les bras, et l&rsquo;atelier devient un atelier de tatouage eph\u00e9m\u00e8re.<\/span><\/strong><\/em><\/p>\n<p><a title=\"SAM_2270\" href=\"http:\/\/www.flickr.com\/photos\/139937904@N08\/28615695422\"><img decoding=\"async\" class=\"alignnone\" src=\"https:\/\/farm9.staticflickr.com\/8826\/28615695422_eb0ac8ff41.jpg\" alt=\"SAM_2270\" \/><\/a><\/p>\n<p>Le temps passe et on se rassemble pour prendre le gouter.<\/p>\n<p><a title=\"SAM_2278\" href=\"http:\/\/www.flickr.com\/photos\/139937904@N08\/28643913241\"><img decoding=\"async\" class=\"alignnone\" src=\"https:\/\/farm9.staticflickr.com\/8565\/28643913241_5590fb63ae.jpg\" alt=\"SAM_2278\" \/><\/a><\/p>\n<p>VENDREDI:<\/p>\n<p><span style=\"color: #ff0000\"><strong>Soir\u00e9e Conviviale AU JARDIN :<\/strong><\/span><\/p>\n<p><a title=\"WP_20160729_15_44_19_Pro\" href=\"http:\/\/www.flickr.com\/photos\/139937904@N08\/28688780116\"><img decoding=\"async\" class=\"alignnone\" src=\"https:\/\/farm9.staticflickr.com\/8895\/28688780116_7d8948d29e.jpg\" alt=\"WP_20160729_15_44_19_Pro\" \/><\/a><\/p>\n<p>Des le d\u00e9but d&rsquo;apr\u00e8s midi, une \u00e9quipe se retrouve au jardin,<\/p>\n<p>pour travailler un peu <span style=\"text-decoration: underline\"><span style=\"color: #ff0000\"><strong>et pr\u00e9parer le repas du soir. Au menu, couscous et briks!<\/strong><\/span><\/span><\/p>\n<p><a title=\"WP_20160729_16_10_56_Pro\" href=\"http:\/\/www.flickr.com\/photos\/139937904@N08\/28437185030\"><img decoding=\"async\" class=\"alignnone\" src=\"https:\/\/farm9.staticflickr.com\/8598\/28437185030_1154fe6329.jpg\" alt=\"WP_20160729_16_10_56_Pro\" \/><\/a><\/p>\n<p><a title=\"WP_20160729_19_54_36_Pro\" href=\"http:\/\/www.flickr.com\/photos\/139937904@N08\/28721523515\"><img decoding=\"async\" class=\"alignnone\" src=\"https:\/\/farm9.staticflickr.com\/8655\/28721523515_f7065d3eee.jpg\" alt=\"WP_20160729_19_54_36_Pro\" \/><\/a><\/p>\n<p><a title=\"WP_20160729_19_55_33_Pro\" href=\"http:\/\/www.flickr.com\/photos\/139937904@N08\/28643872421\"><img decoding=\"async\" class=\"alignnone\" src=\"https:\/\/farm8.staticflickr.com\/7499\/28643872421_f089cb9ec7.jpg\" alt=\"WP_20160729_19_55_33_Pro\" \/><\/a><\/p>\n<p><span style=\"color: #ff0000\"><em><strong>A 19h, les premiers convives arrivent, on discute, on prend des nouvelles, ont rigole, on installe la musique<\/strong><\/em><\/span>.\u00a0 L&rsquo;heure de manger arrivent et on se rassemble sur les nattes pour d\u00e9guster couscous briques et les pastels, qui sont arriv\u00e9s en d\u00e9but de soir\u00e9e.<\/p>\n<p><a title=\"WP_20160729_20_14_04_Pro\" href=\"http:\/\/www.flickr.com\/photos\/139937904@N08\/28688741516\"><img decoding=\"async\" class=\"alignnone\" src=\"https:\/\/farm9.staticflickr.com\/8876\/28688741516_ac87ba1f34.jpg\" alt=\"WP_20160729_20_14_04_Pro\" \/><\/a><\/p>\n<p>La soir\u00e9e bat son plein et le soleil se couche sur le Jardin, il est l&rsquo;heure de rentrer !<\/p>\n<p><span style=\"color: #ff0000\"><strong>Atelier de la Rocade:<\/strong><\/span><\/p>\n<p>Aujourd&rsquo;hui, \u00e0 la Rocade, c&rsquo;est entre soleil et pluie qu&rsquo;on s&rsquo;installe sur le damier. <span style=\"color: #ff00ff\">D&rsquo;un naturel optimiste (et il faut le dire, un peu flemmard), on mise sur le beau temps et on ne sort pas de tente. Grand bien nous en fasse, il ne tombera pas une goutte durant l&rsquo;atelier.<\/span> On installe le coin des adultes avec th\u00e9 et caf\u00e9. <span style=\"text-decoration: underline\"><strong>On fait un Dazibao<\/strong> <\/span>o\u00f9 l&rsquo;on compose une fresque avec des mots et des dessins en liens avec l&rsquo;association. Un peu plus loin, Lorelei fait un atelier de cartes de voeux avec les enfants.<\/p>\n<p><a title=\"IMG_1530\" href=\"http:\/\/www.flickr.com\/photos\/139937904@N08\/28615586442\"><img decoding=\"async\" class=\"alignnone\" src=\"https:\/\/farm9.staticflickr.com\/8212\/28615586442_c3cf97052e.jpg\" alt=\"IMG_1530\" \/><\/a><\/p>\n<p>Douchko lui accueille la petite enfance.<\/p>\n<p><a title=\"IMG_1528\" href=\"http:\/\/www.flickr.com\/photos\/139937904@N08\/28721470695\"><img decoding=\"async\" class=\"alignnone\" src=\"https:\/\/farm9.staticflickr.com\/8794\/28721470695_bfd73530c0.jpg\" alt=\"IMG_1528\" \/><\/a><\/p>\n<p>JEUDI<\/p>\n<p><span style=\"color: #ff0000\"><strong>Atelier du Skate-Park<\/strong><\/span><\/p>\n<p><a title=\"WP_20160728_15_13_45_Pro\" href=\"http:\/\/www.flickr.com\/photos\/139937904@N08\/28103892974\"><img decoding=\"async\" class=\"alignnone\" src=\"https:\/\/farm8.staticflickr.com\/7788\/28103892974_628c34bbbb.jpg\" alt=\"WP_20160728_15_13_45_Pro\" \/><\/a><\/p>\n<p>Chaleur \u00e9crasante aujourd\u2019hui au Skate-Park, on va vite se mettre \u00e0 l\u2019ombre, et on installe le mat\u00e9riel.\u00a0 Piscine a balle (mais sans eau, les ateliers pr\u00e9c\u00e8dent ayant eux raison de son imperm\u00e9abilit\u00e9). Mikados g\u00e9ants, atelier de confection de cartes, petite enfance et maquillage.<\/p>\n<p><a title=\"WP_20160728_15_27_37_Pro\" href=\"http:\/\/www.flickr.com\/photos\/139937904@N08\/28688647526\"><img decoding=\"async\" class=\"alignnone\" src=\"https:\/\/farm9.staticflickr.com\/8145\/28688647526_3559c6050b.jpg\" alt=\"WP_20160728_15_27_37_Pro\" \/><\/a><\/p>\n<p>Les enfants tardent \u00e0 venir, et nous allons donc faire un tour du quartier pour aller les chercher. On a pas \u00e0 aller bien loin, puisqu\u2019ils sont nombreux a quelques centaines de \u00eatre, dans le bloc de Bel-Air. En effet c\u2019est l&rsquo;heure de la sieste, et les parents pr\u00e9f\u00e8re qu\u2019il reste au pied de l\u2019immeuble. Apr\u00e8s avoir n\u00e9goci\u00e9 avec les parents, on est tout un petit groupe \u00e0 revenir vers l\u2019atelier, ou des mamans nous ont rejoint. On passe un bon moment a jouer \u00e0 l\u2019ombre du grand gymnase avant de prendre le gouter et de se dire \u00e0 bient\u00f4t\u00a0!<\/p>\n<p><a title=\"WP_20160728_15_28_24_Pro\" href=\"http:\/\/www.flickr.com\/photos\/139937904@N08\/28721410525\"><img decoding=\"async\" class=\"alignnone\" src=\"https:\/\/farm9.staticflickr.com\/8446\/28721410525_1140c2061f.jpg\" alt=\"WP_20160728_15_28_24_Pro\" \/><\/a><\/p>\n<p><span style=\"color: #ff0000\"><strong>Atelier de Massy<\/strong><\/span><\/p>\n<p><a title=\"IMG_1503\" href=\"http:\/\/www.flickr.com\/photos\/139937904@N08\/28615500592\"><img decoding=\"async\" class=\"alignnone\" src=\"https:\/\/farm9.staticflickr.com\/8325\/28615500592_f33a387bdb.jpg\" alt=\"IMG_1503\" \/><\/a><\/p>\n<p>Nous sommes arriv\u00e9s avec comme ateliers propos\u00e9s du collage avec des aliments et des \u00e9pices, le puissance 4, le billard hollandais, des cerceaux, des jeux de p\u00e9dales pour travailler l\u2019\u00e9quilibre, des kapplas, des jeux de constructions et la petite enfance.<\/p>\n<p><a title=\"IMG_1508\" href=\"http:\/\/www.flickr.com\/photos\/139937904@N08\/28615491852\"><img decoding=\"async\" class=\"alignnone\" src=\"https:\/\/farm9.staticflickr.com\/8678\/28615491852_66426aa31e.jpg\" alt=\"IMG_1508\" \/><\/a><\/p>\n<p>Nous avions mis \u00e9galement \u00e0 la disposition des parents des tables et des chaises avec du th\u00e9, du caf\u00e9 et du chocolat. Les enfants \u00e9taient contents de jouer avec\u00a0 de la colle et des aliments pour exprimer leur cr\u00e9ativit\u00e9 autant qu\u2019\u00e9crire leur pr\u00e9nom. A la petite enfance ambiance plut\u00f4t calme, quelques enfants ont jou\u00e9s avec les Kaplas,<\/p>\n<p><a title=\"IMG_1511\" href=\"http:\/\/www.flickr.com\/photos\/139937904@N08\/28643684541\"><img decoding=\"async\" class=\"alignnone\" src=\"https:\/\/farm8.staticflickr.com\/7510\/28643684541_079a18b212.jpg\" alt=\"IMG_1511\" \/><\/a><\/p>\n<p>et sont venus aussi pour faire des d\u00e9monstrations de gym fort sympathiques. D\u2019autres enfants ont demand\u00e9 \u00e0 jouer au billard hollandais et se sont d\u00e9fi\u00e9s au puissance 4.<\/p>\n<p><a title=\"IMG_1510\" href=\"http:\/\/www.flickr.com\/photos\/139937904@N08\/28103865454\"><img decoding=\"async\" class=\"alignnone\" src=\"https:\/\/farm9.staticflickr.com\/8570\/28103865454_acb10c8ce3.jpg\" alt=\"IMG_1510\" \/><\/a><\/p>\n<p>Une fois leurs cr\u00e9ations termin\u00e9es, les enfants ont voulu s\u2019essayer aux jeux de p\u00e9daliers, avec, du coup, chutes garanties (mais sans trop de bless\u00e9s\u00a0 heureusement).<\/p>\n<p><span style=\"color: #ff0000\"><strong>L\u2019heure de l&rsquo;Assembl\u00e9e des Pr\u00e9sents est arriv\u00e9e:<\/strong><\/span>\u00a0on se rassemble tous apr\u00e8s avoir rang\u00e9s ensemble les divers ateliers. Les enfants ont partag\u00e9s leurs id\u00e9es et leurs ressentis par rapport aux ateliers qu\u2019ils ont fait dans l\u2019apr\u00e8s-midi puis ont partag\u00e9s avec nous un gouter constitu\u00e9 de pains au lait et sirop.<\/p>\n<p><a title=\"IMG_1514\" href=\"http:\/\/www.flickr.com\/photos\/139937904@N08\/28105735383\"><img decoding=\"async\" class=\"alignnone\" src=\"https:\/\/farm9.staticflickr.com\/8703\/28105735383_e52fa032f3.jpg\" alt=\"IMG_1514\" \/><\/a><\/p>\n<p><span style=\"color: #ff0000\"><strong>Jardin du Jeudi<\/strong><\/span><\/p>\n<p><a title=\"SAM_2211\" href=\"http:\/\/www.flickr.com\/photos\/139937904@N08\/28615458552\"><img decoding=\"async\" class=\"alignnone\" src=\"https:\/\/farm9.staticflickr.com\/8853\/28615458552_d4bd4a4149.jpg\" alt=\"SAM_2211\" \/><\/a><\/p>\n<p><span style=\"text-decoration: underline\"><em><strong>Aujourd\u2019hui nous sommes de nouveaux pr\u00eats \u00e0 travailler dur pour finir avant de pouvoir faire la F\u00eate le lendemain au soir.<\/strong><\/em><\/span><\/p>\n<p>Puis comme c\u2019est d\u00e9j\u00e0 une habitude, on commence \u00e0 s\u2019\u00e9parpiller dans les 4 coins du jardin pour finir de d\u00e9sherber, d\u00e9broussailler, nettoyer le terrain et enfin ramasser l\u2019herbe, tous ensemble avec Jessica, Franck, Timoth\u00e9e, Laura, Andrei et Nicolae.<\/p>\n<p><a title=\"SAM_2235\" href=\"http:\/\/www.flickr.com\/photos\/139937904@N08\/28103822684\"><img decoding=\"async\" class=\"alignnone\" src=\"https:\/\/farm9.staticflickr.com\/8844\/28103822684_a7aa27b557.jpg\" alt=\"SAM_2235\" \/><\/a><\/p>\n<p>Nous \u00e9tions comme des petites abeilles qui cherchaient du pollen dans les fleurs, sauf que nous on cherchait \u00e0 enlever les d\u00e9chets et les mauvaises herbes du jardin.<\/p>\n<p><a title=\"SAM_2220\" href=\"http:\/\/www.flickr.com\/photos\/139937904@N08\/28643661291\"><img decoding=\"async\" class=\"alignnone\" src=\"https:\/\/farm9.staticflickr.com\/8820\/28643661291_7c3a9e5041.jpg\" alt=\"SAM_2220\" \/><\/a><\/p>\n<p>Nous continuons, cette fois-ci en faisant le grand arrosage des plants de tomates et d\u2019autres plants dans le jardin.<\/p>\n<p><a title=\"SAM_2261\" href=\"http:\/\/www.flickr.com\/photos\/139937904@N08\/28643659291\"><img decoding=\"async\" class=\"alignnone\" src=\"https:\/\/farm9.staticflickr.com\/8597\/28643659291_e1f34f4514.jpg\" alt=\"SAM_2261\" \/><\/a><\/p>\n<p>A tour de r\u00f4le on a pu d\u00e9broussailler et ranger le mat\u00e9riel, qui se retrouvait sous la serre, et le mettre ailleurs.<\/p>\n<p>L\u2019heure du go\u00fbter arrive enfin et nous allons tous prendre un verre de sirop bien sucr\u00e9e\u2026 hmmm\u00a0!<\/p>\n<p>A bient\u00f4t.<\/p>\n<p><strong>MERCREDI<\/strong><\/p>\n<p><span style=\"color: #ff0000\"><strong>Atelier de Bondoufle<\/strong><\/span><\/p>\n<p><a title=\"WP_20160727_15_09_41_Pro\" href=\"http:\/\/www.flickr.com\/photos\/139937904@N08\/28105711113\"><img decoding=\"async\" class=\"alignnone\" src=\"https:\/\/farm9.staticflickr.com\/8584\/28105711113_d8b5a1684c.jpg\" alt=\"WP_20160727_15_09_41_Pro\" \/><\/a><\/p>\n<p>Aujourd\u2019hui nous arrivons sur le camp, accompagn\u00e9s par l\u2019association \u00ab\u00a0Chemins d\u2019enfance\u00a0\u00bb, qui vient proposer une activit\u00e9. Beaucoup de familles sont sur le d\u00e9part vers la Roumanie,\u00a0 la plupart y passant leurs vacances d\u2019\u00e9t\u00e9.\u00a0 Cela n\u2019alt\u00e8re en rien la chaleur de leur accueil, et les enfants sont toujours nombreux au rendez-vous.<\/p>\n<p><a title=\"WP_20160727_15_15_33_Pro\" href=\"http:\/\/www.flickr.com\/photos\/139937904@N08\/28105702383\"><img decoding=\"async\" class=\"alignnone\" src=\"https:\/\/farm9.staticflickr.com\/8574\/28105702383_6768b47bfa.jpg\" alt=\"WP_20160727_15_15_33_Pro\" \/><\/a><\/p>\n<p>On commence l\u2019atelier par un nouveau jeu d\u2019\u00e9quipe. Il s\u2019agit\u00a0 de former 2 \u00e9quipes de part et d\u2019autre d\u2019une ligne, l\u2019une s\u2019appelle les \u00ab\u00a0chiens\u00a0\u00bb et l\u2019autre les \u00ab\u00a0chats\u00a0\u00bb.\u00a0 Quelqu\u2019un raconte une histoire, de chien et de chats \u00e9videment, et a chaque fois qu\u2019il prononce le mot \u00ab\u00a0chien\u00a0\u00bb toute l\u2019\u00e9quipe des chiens court apr\u00e8s l\u2019\u00e9quipe des chats, et inversement quand le conteur prononce le mot \u00ab\u00a0chat\u00a0\u00bb. <span style=\"color: #0000ff\">Quand un adversaire est attrap\u00e9, il devient de l\u2019\u00e9quipe adverse.\u00a0 Le jeu fonctionne bien et c\u2019est une grande partie de rigolade pour tout le monde.<\/span><\/p>\n<p>On s\u2019installe ensuite tous autour des tables pour une petite session de coloriage. Au fur et \u00e0 mesure que les enfants finissent leurs dessins, on commence \u00e0 leur expliquer\u00a0 l\u2019activit\u00e9 ramen\u00e9 par Coralie et Emeline de \u00ab\u00a0Chemin d\u2019Enfance\u00a0\u00bb. Sur des feuilles avec des miroirs stylis\u00e9s imprim\u00e9 dessus, les enfants dessinent leur portrait, \u00e9crivent leur noms, et se pr\u00e9sentent ensuite en fran\u00e7ais devant tout le monde. Outre l\u2019int\u00e9r\u00eat technique d\u2019apprendre \u00e0 se pr\u00e9senter de mani\u00e8res ludiques,\u00a0 <span style=\"color: #ff0000\">il est int\u00e9ressant de voir les enfants d\u2019abord interloqu\u00e9s quand on leur demande se dessiner eux m\u00eame, puis h\u00e9sitant voire honteux lorsqu\u2019ils se dessinent<\/span>, puis finalement fiers de se pr\u00e9senter et de pr\u00e9senter leur \u0153uvre a tout le monde.<\/p>\n<p><a title=\"WP_20160727_15_34_37_Pro\" href=\"http:\/\/www.flickr.com\/photos\/139937904@N08\/28436945280\"><img decoding=\"async\" class=\"alignnone\" src=\"https:\/\/farm8.staticflickr.com\/7793\/28436945280_818ed543e5.jpg\" alt=\"WP_20160727_15_34_37_Pro\" \/><\/a><\/p>\n<p>On finit l\u2019atelier par un moment de danse o\u00f9, accompagn\u00e9 par Douchko, on reprend les \u00ab\u00a0classiques\u00a0\u00bb d\u2019Aven Savore , puis on se rassemble autour du go\u00fbter.<\/p>\n<p><a title=\"WP_20160727_16_18_46_Pro\" href=\"http:\/\/www.flickr.com\/photos\/139937904@N08\/28105687143\"><img decoding=\"async\" class=\"alignnone\" src=\"https:\/\/farm9.staticflickr.com\/8006\/28105687143_b11a870fc0.jpg\" alt=\"WP_20160727_16_18_46_Pro\" \/><\/a><\/p>\n<p>&nbsp;<\/p>\n","protected":false},"excerpt":{"rendered":"<p>\u00ab\u00a0On ne peut pas perdre ce qu&rsquo;on n&rsquo;a jamais eu\u00a0\u00bb Nous vivons une p\u00e9riode o\u00f9 fleurissent les pires peurs collectives , politiques et soci\u00e9tales. Nous serions en train de perdre selon\u00a0les uns , la culture, selon d&rsquo;autres la civilisation, selon d&rsquo;autres encore les valeurs et les lumi\u00e8res. Tous ces \u00ab\u00a0apologistes de la perte\u00a0\u00bb n&rsquo;en sont &hellip; <a href=\"http:\/\/recherche-action.fr\/intermedes\/2016\/07\/26\/saccrocher-aux-oripeaux\/\" class=\"more-link\">Continuer la lecture<span class=\"screen-reader-text\"> de &laquo;&nbsp;S&rsquo;accrocher aux oripeaux &#8230;&nbsp;&raquo;<\/span><\/a><\/p>\n","protected":false},"author":16,"featured_media":0,"comment_status":"open","ping_status":"open","sticky":false,"template":"","format":"standard","meta":{"footnotes":""},"categories":[1],"tags":[],"class_list":["post-5704","post","type-post","status-publish","format-standard","hentry","category-non-classe"],"jetpack_featured_media_url":"","_links":{"self":[{"href":"http:\/\/recherche-action.fr\/intermedes\/wp-json\/wp\/v2\/posts\/5704","targetHints":{"allow":["GET"]}}],"collection":[{"href":"http:\/\/recherche-action.fr\/intermedes\/wp-json\/wp\/v2\/posts"}],"about":[{"href":"http:\/\/recherche-action.fr\/intermedes\/wp-json\/wp\/v2\/types\/post"}],"author":[{"embeddable":true,"href":"http:\/\/recherche-action.fr\/intermedes\/wp-json\/wp\/v2\/users\/16"}],"replies":[{"embeddable":true,"href":"http:\/\/recherche-action.fr\/intermedes\/wp-json\/wp\/v2\/comments?post=5704"}],"version-history":[{"count":17,"href":"http:\/\/recherche-action.fr\/intermedes\/wp-json\/wp\/v2\/posts\/5704\/revisions"}],"predecessor-version":[{"id":5734,"href":"http:\/\/recherche-action.fr\/intermedes\/wp-json\/wp\/v2\/posts\/5704\/revisions\/5734"}],"wp:attachment":[{"href":"http:\/\/recherche-action.fr\/intermedes\/wp-json\/wp\/v2\/media?parent=5704"}],"wp:term":[{"taxonomy":"category","embeddable":true,"href":"http:\/\/recherche-action.fr\/intermedes\/wp-json\/wp\/v2\/categories?post=5704"},{"taxonomy":"post_tag","embeddable":true,"href":"http:\/\/recherche-action.fr\/intermedes\/wp-json\/wp\/v2\/tags?post=5704"}],"curies":[{"name":"wp","href":"https:\/\/api.w.org\/{rel}","templated":true}]}}