{"id":5778,"date":"2016-09-08T10:40:58","date_gmt":"2016-09-08T08:40:58","guid":{"rendered":"http:\/\/recherche-action.fr\/intermedes\/?p=5778"},"modified":"2016-09-15T08:49:51","modified_gmt":"2016-09-15T06:49:51","slug":"enfance-en-france","status":"publish","type":"post","link":"http:\/\/recherche-action.fr\/intermedes\/2016\/09\/08\/enfance-en-france\/","title":{"rendered":"Enfance, en France"},"content":{"rendered":"<p><span style=\"text-decoration: underline\"><em><strong><span style=\"color: #0000ff;text-decoration: underline\">A voir: le reportage sur notre travail, r\u00e9alis\u00e9 par Lily et JP Franey:\u00a0<\/span><\/strong><\/em><\/span><\/p>\n<p><a href=\"https:\/\/www.youtube.com\/watch?v=zf1YWv2yimw\"><em><strong>Enfance invisible<\/strong><\/em><\/a><\/p>\n<p>On s&rsquo;est souvent demand\u00e9 <strong>de quoi \u00e9tait faite l&rsquo;enfance<\/strong>. Est elle d&rsquo;insouciance ou d&rsquo;impatience? D&rsquo;impuissance ou de tyrannie? Est elle faite d&rsquo;attente ou de plaisirs sans lendemain? Est elle conscience ou inconscience?<\/p>\n<p><a title=\"IMG_2064\" href=\"http:\/\/www.flickr.com\/photos\/139937904@N08\/29572305761\"><img decoding=\"async\" class=\"alignnone\" src=\"https:\/\/farm9.staticflickr.com\/8052\/29572305761_dcae115011.jpg\" alt=\"IMG_2064\" \/><\/a><\/p>\n<p>Entre r\u00eave et routine, drame et ennui, de quoi se trame l&rsquo;enfance? Pour <span style=\"color: #3366ff\"><strong>Korczak<\/strong><\/span>, l&rsquo;enfance est r\u00e9prim\u00e9e, d\u00e9ni\u00e9e et opprim\u00e9e. Pour <strong><span style=\"color: #3366ff\">Freinet<\/span><\/strong>, l&rsquo;enfance est parqu\u00e9e , sous estim\u00e9e, d\u00e9nigr\u00e9e.<\/p>\n<p>De notre point de vue, depuis nos ateliers de rue, de nos ateliers d&rsquo;h\u00f4tels, de nos ateliers de bidonvilles, <span style=\"color: #ff0000\"><strong>l&rsquo;enfance est une friche<\/strong><\/span>, une attente sans fin et d\u00e9sesp\u00e9r\u00e9e que quelque chose change, que quelque chose arrive.<\/p>\n<p>Les enfants attendent; mais <strong>ils n&rsquo;attendent pas que le temps passe<\/strong>; ils attendent qu&rsquo;on le fasse ce temps, qu&rsquo;on le fa\u00e7onne, qu&rsquo;on le cr\u00e9e. <span style=\"text-decoration: underline\">Ils sont dans une \u00e9ternit\u00e9 en attente d&rsquo;\u00e9v\u00e9nement.<\/span><\/p>\n<p>Les enfants attendent des adultes, l&rsquo;espoir du monde. Ils attendent des adultes qu&rsquo;ils changent les choses, qu&rsquo;ils brisent leurs chaines, qu&rsquo;ils brisent leurs peines, qu&rsquo;ils brisent leur haine.<\/p>\n<p>Ils attendent des adultes une direction, une motivation, un sens \u00e0 la vie. <strong>Ils attendent une orientation.<\/strong><\/p>\n<p><span style=\"color: #ff0000\">Et les voici aux prises avec des adultes r\u00e9duits par\u00a0l&rsquo;administration\u00a0\u00e0 l&rsquo;\u00e9tat d&rsquo;enfance<\/span>; en demande, en inf\u00e9riorit\u00e9, assist\u00e9s, en attentes interminables, en d\u00e9marches invraisemblables; et c&rsquo;est une curieuse attente: une attente de rien, une attente sans espoir,\u00a0sans avenir . Une attente qui se nourrit d&rsquo;elle m\u00eame.<\/p>\n<p>Les enfants que nous connaissons attendent des \u00e9v\u00e9nements; ils attendent des moments qui se d\u00e9tachent de la chronicit\u00e9 de leur temps. <strong>Ils nous envahissent<\/strong>, nous accaparent d&rsquo;une attente qui nous d\u00e9passe et qui nous donne le vertige.<\/p>\n<p><span style=\"color: #ff0000\"><strong>Ce sont des enfants qui ne sont re\u00e7us nulle part<\/strong><\/span>, accueillis nulle part contenus nulle part, renvoy\u00e9s sans arr\u00eat \u00e0 chercher encore.<\/p>\n<p>Et nous ressentons \u00e0 quoi\u00a0r\u00eave\u00a0leur enfance : de pouvoir poser ces bagages, mettre un terme \u00e0 l&rsquo;errance, se sentir contenus, reconnus. Un foyer, un milieu, une communaut\u00e9. <span style=\"color: #3366ff\"><strong>Appartenir enfin.<\/strong><\/span><\/p>\n<p>&nbsp;<\/p>\n<p><strong>DIMANCHE:<\/strong><\/p>\n<p><span style=\"color: #ff0000\"><strong>Journ\u00e9e au Jardin:<\/strong><\/span><\/p>\n<p>&nbsp;<\/p>\n<p><a title=\"IMG_2107\" href=\"http:\/\/www.flickr.com\/photos\/139937904@N08\/29653791365\"><img decoding=\"async\" class=\"alignnone\" src=\"https:\/\/farm9.staticflickr.com\/8521\/29653791365_84b8e1b774.jpg\" alt=\"IMG_2107\" \/><\/a><\/p>\n<p>Aujourd&rsquo;hui nous sommes all\u00e9s au quartier pour chercher les familles. Une fois arriv\u00e9s toutes les familles \u00a0toutes les familles \u00e9taient au rendez-vous. Apr\u00e8s nous avons march\u00e9 un peu pour aller au jardin. Sur le chemin on a beaucoup ri et on a discut\u00e9 de plein de choses. Nous sommes arriv\u00e9s au jardin, nous avons pr\u00e9par\u00e9 le feu et la table pour manger. On s\u2019est mis \u00e0 table pour manger une bonne salade et un barbecue (cuisse des poulets) miam\u00a0!<\/p>\n<p><a title=\"IMG_2108\" href=\"http:\/\/www.flickr.com\/photos\/139937904@N08\/29653784045\"><img decoding=\"async\" class=\"alignnone\" src=\"https:\/\/farm9.staticflickr.com\/8475\/29653784045_0e85b735ef.jpg\" alt=\"IMG_2108\" \/><\/a> Apr\u00e8s nous avons fini de manger et nous avons fait deux groupes pour travailler .Un groupe pour ramasser les l\u00e9gumes, les fruits et arroser le jardin.<\/p>\n<p><a title=\"IMG_2114\" href=\"http:\/\/www.flickr.com\/photos\/139937904@N08\/29542772882\"><img decoding=\"async\" class=\"alignnone\" src=\"https:\/\/farm9.staticflickr.com\/8061\/29542772882_7b8fd65cbe.jpg\" alt=\"IMG_2114\" \/><\/a><\/p>\n<p>Deux groupes ont d\u00e9sherb\u00e9 et r\u00e9parer les cages \u00e0 lapin. Le soleil est beau et le temps passe tr\u00e8s vite, nous prenons le go\u00fbter. Pour finir tout fier de notre belle journ\u00e9e au jardin on a trop aim\u00e9 Voila :):):)<\/p>\n<p><a title=\"IMG_2152\" href=\"http:\/\/www.flickr.com\/photos\/139937904@N08\/29363077230\"><img decoding=\"async\" class=\"alignnone\" src=\"https:\/\/farm9.staticflickr.com\/8004\/29363077230_4b6c4794a0.jpg\" alt=\"IMG_2152\" \/><\/a><\/p>\n<p><strong>SAMEDI<\/strong><\/p>\n<p><span style=\"color: #ff0000\"><strong>Atelier de la Villa Saint-Martin<\/strong><\/span><\/p>\n<p>Aujourd\u2019hui nous sommes all\u00e9s\u00a0\u00a0\u00e0 la Villa St Martin faire des ateliers avec les enfants.<\/p>\n<p>Lorelei et Sandra ont fait un atelier cr\u00e9atif avec des pancartes de portes qu\u2019il fallait peindre et d\u00e9corer, et il y avait des coloriages pour les plus petits.<\/p>\n<p>Dusko, Andrei\u00a0 et Nicolae ont fait un atelier de musique avec de la guitare et d\u2019autres instruments pour les enfants. Ils ont aussi particip\u00e9 aux ateliers des jeux collectifs.<\/p>\n<p>Isabella et M\u00e9lissa ont r\u00e9alis\u00e9 un atelier maquillage pour les enfants.<\/p>\n<p>Iasmina \u00e0 pr\u00e9parer et organiser la petite enfance.<\/p>\n<p><a title=\"IMG_2071\" href=\"http:\/\/www.flickr.com\/photos\/139937904@N08\/29029311323\"><img decoding=\"async\" class=\"alignnone\" src=\"https:\/\/farm9.staticflickr.com\/8449\/29029311323_858720accd.jpg\" alt=\"IMG_2071\" \/><\/a><\/p>\n<p>Allison a fait de la gymnastique avec les enfants.<\/p>\n<p><a title=\"IMG_2083\" href=\"http:\/\/www.flickr.com\/photos\/139937904@N08\/29572384861\"><img decoding=\"async\" class=\"alignnone\" src=\"https:\/\/farm9.staticflickr.com\/8444\/29572384861_334e3ab36f.jpg\" alt=\"IMG_2083\" \/><\/a><\/p>\n<p>Simena s\u2019est occup\u00e9 des grands jeux collectifs.<\/p>\n<p>Nous avons ensuite fait le conseil de quartier avec tout les enfants qui ont particip\u00e9 \u00e0 nos ateliers.<\/p>\n<p><a title=\"IMG_2089\" href=\"http:\/\/www.flickr.com\/photos\/139937904@N08\/29029291083\"><img decoding=\"async\" class=\"alignnone\" src=\"https:\/\/farm9.staticflickr.com\/8510\/29029291083_50735c3e0e.jpg\" alt=\"IMG_2089\" \/><\/a><\/p>\n<p>Puis nous avons tous pris le go\u00fbter ensembles, deux enfants nous ont aid\u00e9s \u00e0 distribuer le go\u00fbter, nous avons mang\u00e9s du quatre quart, des marshmallow, et nous avons bu du sirop.<\/p>\n<p><a title=\"IMG_2090\" href=\"http:\/\/www.flickr.com\/photos\/139937904@N08\/29029283703\"><img decoding=\"async\" class=\"alignnone\" src=\"https:\/\/farm9.staticflickr.com\/8327\/29029283703_b13f5de9fc.jpg\" alt=\"IMG_2090\" \/><\/a><\/p>\n<p>&nbsp;<\/p>\n<p><strong>VENDREDI:<\/strong><\/p>\n<p><span style=\"color: #ff0000\"><strong>Atelier de la Rocade:<\/strong><\/span><\/p>\n<p><span style=\"color: #ff0000\">La chaleur accablante de cette apr\u00e8s-midi \u00e0 la rocade nous pousse \u00e0 tous nous amasser sous le petit coin d\u2019ombre sous les arbres.<\/span> On installe donc un atelier en version minimaliste mais n\u00e9anmoins tr\u00e8s complet\u00a0: Lorelei fait un atelier d\u2019art plastique libre, o\u00f9 chacun peut peindre, dessiner d\u00e9couper coller comme bon lui semble et exp\u00e9rimenter de nouvelles techniques d\u2019expressions.<\/p>\n<p><a title=\"WP_20160909_17_29_54_Pro - Copie (2)\" href=\"http:\/\/www.flickr.com\/photos\/139937904@N08\/29653711925\"><img decoding=\"async\" class=\"alignnone\" src=\"https:\/\/farm9.staticflickr.com\/8453\/29653711925_9dff664cbe.jpg\" alt=\"WP_20160909_17_29_54_Pro - Copie (2)\" \/><\/a><\/p>\n<p>Juste \u00e0 c\u00f4t\u00e9 se trouve la petite enfance o\u00f9 l\u2019on s\u2019attelle \u00e0 confectionner de d\u00e9licieux repas imaginaire avec la dinette, et fabriquer des vaisseaux spatiaux avec les Lego.<\/p>\n<p><a title=\"WP_20160909_17_29_58_Pro\" href=\"http:\/\/www.flickr.com\/photos\/139937904@N08\/29572333471\"><img decoding=\"async\" class=\"alignnone\" src=\"https:\/\/farm9.staticflickr.com\/8020\/29572333471_42a3623e9c.jpg\" alt=\"WP_20160909_17_29_58_Pro\" \/><\/a><\/p>\n<p>Un peu plus loin on a sorti les grands jeux, billard hollandais, puissance 4 g\u00e9ant ect\u2026 Et on organise\u00a0 un grand concours de puissance, ou matis r\u00e9ussi \u00e0 battre presque tous les adulte\u00a0!<\/p>\n<p><a title=\"WP_20160909_17_20_10_Pro\" href=\"http:\/\/www.flickr.com\/photos\/139937904@N08\/29653716545\"><img decoding=\"async\" class=\"alignnone\" src=\"https:\/\/farm9.staticflickr.com\/8180\/29653716545_5879c4f211.jpg\" alt=\"WP_20160909_17_20_10_Pro\" \/><\/a><\/p>\n<p>&nbsp;<\/p>\n<p>&nbsp;<\/p>\n<p><span style=\"color: #ff0000\"><strong>Atelier de Champlan:<\/strong><\/span><\/p>\n<p><a title=\"IMG_2064\" href=\"http:\/\/www.flickr.com\/photos\/139937904@N08\/29572305761\"><img decoding=\"async\" class=\"alignnone\" src=\"https:\/\/farm9.staticflickr.com\/8052\/29572305761_dcae115011.jpg\" alt=\"IMG_2064\" \/><\/a><\/p>\n<p>Une fois arriv\u00e9 sur le camp nous sommes tous all\u00e9s chercher les enfants sur les 3 camps diff\u00e9rents. M\u00eame si certains enfants \u00e9taient \u00e0 l\u2019\u00e9cole, il y en a quand m\u00eame eu pour les activit\u00e9s.<\/p>\n<p>Nous avons ensuite install\u00e9 les tapis, la petite enfance, et les jeux de soci\u00e9t\u00e9.<\/p>\n<p><a title=\"IMG_2058\" href=\"http:\/\/www.flickr.com\/photos\/139937904@N08\/29029237203\"><img decoding=\"async\" class=\"alignnone\" src=\"https:\/\/farm9.staticflickr.com\/8843\/29029237203_7f76edb499.jpg\" alt=\"IMG_2058\" \/><\/a><\/p>\n<p>Sur la petite enfance 4 filles, Raluca, Nacisa, Rosalinda et Creasca ont pu d\u00e9couvrir le partage, les fruits, les couverts, les assiettes, etc&#8230;<\/p>\n<p><a title=\"IMG_2062\" href=\"http:\/\/www.flickr.com\/photos\/139937904@N08\/29618380516\"><img decoding=\"async\" class=\"alignnone\" src=\"https:\/\/farm9.staticflickr.com\/8863\/29618380516_46274032d2.jpg\" alt=\"IMG_2062\" \/><\/a><\/p>\n<p>Tout le monde a tourn\u00e9 sur les activit\u00e9s jusqu\u2019\u00e0 l\u2019heure du go\u00fbter.<\/p>\n<p><a title=\"IMG_2067\" href=\"http:\/\/www.flickr.com\/photos\/139937904@N08\/29027276684\"><img decoding=\"async\" class=\"alignnone\" src=\"https:\/\/farm9.staticflickr.com\/8257\/29027276684_783c24920a.jpg\" alt=\"IMG_2067\" \/><\/a><\/p>\n<p>Le go\u00fbter s\u2019est bien pass\u00e9.<\/p>\n<p><strong>JEUDI:<\/strong><\/p>\n<p>&nbsp;<\/p>\n<p><span style=\"color: #ff0000\"><strong>Atelier du Skate Park:<\/strong><\/span><\/p>\n<p><a title=\"WP_20160908_16_55_11_Pro\" href=\"http:\/\/www.flickr.com\/photos\/139937904@N08\/29362970640\"><img decoding=\"async\" class=\"alignnone\" src=\"https:\/\/farm9.staticflickr.com\/8411\/29362970640_32e2371114.jpg\" alt=\"WP_20160908_16_55_11_Pro\" \/><\/a><\/p>\n<p>Aujourd\u2019hui moi,Laura ,Dusko ,Simena et Sandra sommes all\u00e9s aux Skate Park pour faire des activit\u00e9s avec les enfant, on a eu atelier de Dusko qui a fait la petite enfance et la musique avec les petits, Sandra a fait les grands jeux de ext\u00e9rieur, Simena a jou\u00e9 au billard et a la balle au prisonnier.<\/p>\n<p><a title=\"WP_20160908_17_06_25_Pro\" href=\"http:\/\/www.flickr.com\/photos\/139937904@N08\/29542658782\"><img decoding=\"async\" class=\"alignnone\" src=\"https:\/\/farm9.staticflickr.com\/8144\/29542658782_6ce66ddb8e.jpg\" alt=\"WP_20160908_17_06_25_Pro\" \/><\/a><\/p>\n<p>Moi j&rsquo;ai fait de la couture avec quelques enfants.<\/p>\n<p><a title=\"WP_20160908_16_58_23_Pro\" href=\"http:\/\/www.flickr.com\/photos\/139937904@N08\/29542664202\"><img decoding=\"async\" class=\"alignnone\" src=\"https:\/\/farm8.staticflickr.com\/7470\/29542664202_288525d0e9.jpg\" alt=\"WP_20160908_16_58_23_Pro\" \/><\/a><\/p>\n<p>La journ\u00e9e se passe tr\u00e8s bien et les enfants ont bien aim\u00e9 toute les activit\u00e9s qu&rsquo;on a fait.<\/p>\n<p><a title=\"WP_20160908_17_22_31_Pro\" href=\"http:\/\/www.flickr.com\/photos\/139937904@N08\/29027231214\"><img decoding=\"async\" class=\"alignnone\" src=\"https:\/\/farm9.staticflickr.com\/8216\/29027231214_cae15f3229.jpg\" alt=\"WP_20160908_17_22_31_Pro\" \/><\/a><\/p>\n<p>&nbsp;<\/p>\n<p><span style=\"color: #ff0000\"><strong>Atelier de Massy<\/strong><\/span><\/p>\n<p>&nbsp;<\/p>\n<p><a title=\"IMG_2043\" href=\"http:\/\/www.flickr.com\/photos\/139937904@N08\/29027207684\"><img decoding=\"async\" class=\"alignnone\" src=\"https:\/\/farm9.staticflickr.com\/8080\/29027207684_c502c85959.jpg\" alt=\"IMG_2043\" \/><\/a><\/p>\n<p>Aujourd\u2019hui nous sommes all\u00e9s \u00e0 Massy pour un atelier de rue, K\u00e9vin, M\u00e9lissa, Alison, Iasmina ainsi que Arnaud.<\/p>\n<p>Arriv\u00e9s l\u00e0-bas nous avons install\u00e9 les tapis pour l\u2019activit\u00e9 manuelle, les tables et les chaises pour les mamans, et enfin les jeux ext\u00e9rieurs tels que la puissance 4 et le billard.\u00a0 Une fois les enfants arriv\u00e9s ils pouvaient choisir entre l\u2019activit\u00e9 manuelle qui \u00e9tait la construction d\u2019un panneau fait d\u2019abeilles en carton et cr\u00e9pon, encadr\u00e9e par Iasmina, Alison et Arnaud.<\/p>\n<p><a title=\"IMG_2044\" href=\"http:\/\/www.flickr.com\/photos\/139937904@N08\/29542640082\"><img decoding=\"async\" class=\"alignnone\" src=\"https:\/\/farm9.staticflickr.com\/8242\/29542640082_2be5e68698.jpg\" alt=\"IMG_2044\" \/><\/a><\/p>\n<p>Ou d\u2019une activit\u00e9 collective avec\u00a0 M\u00e9lissa et K\u00e9vin, il y a eu le jeu de la sardine, du foot, du frisbee ou encore du volley.<\/p>\n<p><a title=\"IMG_2050\" href=\"http:\/\/www.flickr.com\/photos\/139937904@N08\/29362931460\"><img decoding=\"async\" class=\"alignnone\" src=\"https:\/\/farm9.staticflickr.com\/8432\/29362931460_5e1389a910.jpg\" alt=\"IMG_2050\" \/><\/a><\/p>\n<p>Une fois les activit\u00e9s finis nous nous sommes mis en rond pour effectuer le conseil de quartier avec les enfants, une fois la parole donn\u00e9e \u00e0 tous les enfants nous avons pris le go\u00fbter et avons rang\u00e9 le mat\u00e9riel mis \u00e0 disposition.<\/p>\n<p><a title=\"IMG_2054\" href=\"http:\/\/www.flickr.com\/photos\/139937904@N08\/29029165903\"><img decoding=\"async\" class=\"alignnone\" src=\"https:\/\/farm9.staticflickr.com\/8473\/29029165903_a91a8a1e32.jpg\" alt=\"IMG_2054\" \/><\/a><\/p>\n<p>&nbsp;<\/p>\n<p><span style=\"color: #ff0000\"><strong>Atelier du Jardin:<\/strong><\/span><\/p>\n<p><a title=\"SAM_2445\" href=\"http:\/\/www.flickr.com\/photos\/139937904@N08\/29029147303\"><img decoding=\"async\" class=\"alignnone\" src=\"https:\/\/farm9.staticflickr.com\/8187\/29029147303_7d498e0b7a.jpg\" alt=\"SAM_2445\" \/><\/a><\/p>\n<p>Un petit tour au jardin pour cette apr\u00e8s-midi pour notre groupe d\u2019adultes en nombre restreint car tout le monde n\u2019est pas rentr\u00e9 de vacances, et nous allons prendre un peu plus soin de l\u2019aspect de notre jardin, en ramassant les d\u00e9chets qui trainent un peu, et ensuite arroser nos choux parce que la chaleur les a un peu laiss\u00e9 sans eau.<\/p>\n<p><a title=\"SAM_2449\" href=\"http:\/\/www.flickr.com\/photos\/139937904@N08\/29542606682\"><img decoding=\"async\" class=\"alignnone\" src=\"https:\/\/farm9.staticflickr.com\/8453\/29542606682_772579789d.jpg\" alt=\"SAM_2449\" \/><\/a><\/p>\n<p>Avant de prendre le go\u00fbter, on s\u2019occupe aussi des plants de tomates en leur ajoutant de tuteurs et de la ficelle pour les tenir car nous avons eu des grosses tomates cet \u00e9t\u00e9 et on en aura encore d\u2019avantage.<\/p>\n<p><a title=\"SAM_2450\" href=\"http:\/\/www.flickr.com\/photos\/139937904@N08\/29572207911\"><img decoding=\"async\" class=\"alignnone\" src=\"https:\/\/farm9.staticflickr.com\/8558\/29572207911_c7dbeb48bc.jpg\" alt=\"SAM_2450\" \/><\/a><\/p>\n<p>A plus\u00a0!<\/p>\n<p><strong>MERCREDI<\/strong><\/p>\n<p><span style=\"color: #ff0000\"><strong>Jardin de Saulx\u00a0:<\/strong><\/span><\/p>\n<p><a title=\"SAM_2429\" href=\"http:\/\/www.flickr.com\/photos\/139937904@N08\/29027158094\"><img decoding=\"async\" class=\"alignnone\" src=\"https:\/\/farm9.staticflickr.com\/8384\/29027158094_1b679d8ea7.jpg\" alt=\"SAM_2429\" \/><\/a><\/p>\n<p>Aujourd\u2019hui nous reprenons nos belles s\u00e9ances de jardinage avec les enfants, et comme il fait tr\u00e8s chaud on va se rafra\u00eechir en arrosant toutes les plantations dans le jardin et plus tard une petite bataille avec l\u2019eau. Voil\u00e0 le programme, mais c\u2019est facile \u00e0 dire et dur \u00e0 tenir et \u00e0 finir, mais nous sommes des \u00ab\u00a0grands(es), et finalement on r\u00e9ussira ensemble \u00e0 aboutir, dits ils, les enfants.<\/p>\n<p><a title=\"SAM_2437\" href=\"http:\/\/www.flickr.com\/photos\/139937904@N08\/29542575492\"><img decoding=\"async\" class=\"alignnone\" src=\"https:\/\/farm9.staticflickr.com\/8238\/29542575492_4357c2b7ff.jpg\" alt=\"SAM_2437\" \/><\/a><\/p>\n<p>On se partage en petits groupes et petit \u00e0 petit nous arrivions avec succ\u00e8s \u00e0 faire notre t\u00e2che. Alex et Armando s\u2019occupe de ramasser quelques courgettes pour la maison et ensuite arroser les plants et ils passent aux suivants, c\u2019est-\u00e0-dire les haricots.<\/p>\n<p><a title=\"SAM_2441\" href=\"http:\/\/www.flickr.com\/photos\/139937904@N08\/29029112793\"><img decoding=\"async\" class=\"alignnone\" src=\"https:\/\/farm9.staticflickr.com\/8814\/29029112793_7a83d9e3cb.jpg\" alt=\"SAM_2441\" \/><\/a><\/p>\n<p>Pendant ce temps Mercedes et Grati arrosent sous la serre et puis les choux et d\u2019autres plants sur les parcelles. Nicolae avec la petite Andreia s\u2019occupe d\u2019arroser les bordures en finissant par ramasser les jouets et en les emmenant dans le bac \u00e0 sable et enfin Andrei approvisionnent les arrosoirs avec de l\u2019eau.<\/p>\n<p><a title=\"SAM_2443\" href=\"http:\/\/www.flickr.com\/photos\/139937904@N08\/29572170891\"><img decoding=\"async\" class=\"alignnone\" src=\"https:\/\/farm9.staticflickr.com\/8189\/29572170891_ac8d649bed.jpg\" alt=\"SAM_2443\" \/><\/a><\/p>\n<p>L\u2019heure du go\u00fbter annonce la fin de la s\u00e9ance et le retour.<\/p>\n<p>A bient\u00f4t\u00a0!<\/p>\n<p><span style=\"color: #ff0000\"><strong>Atelier de Bondoufle:<\/strong><\/span><\/p>\n<p><a title=\"20160907_145618\" href=\"http:\/\/www.flickr.com\/photos\/139937904@N08\/29028369623\"><img decoding=\"async\" class=\"alignnone\" src=\"https:\/\/farm9.staticflickr.com\/8083\/29028369623_42f8a58107.jpg\" alt=\"20160907_145618\" \/><\/a><\/p>\n<p>Nous sommes arriv\u00e9s sur place vers 14h30 et nous avions pr\u00e9vu de faire de l&rsquo;\u00e9criture, des coloriages, un coin petite enfance et des jeux de construction.<\/p>\n<p>Les enfants, comme \u00e0 leur habitude \u00e9taient tr\u00e8s contents de nous voir et nous ont accueillis avec des c\u00e2lins et des sourires. Nous nous sommes tous rassembl\u00e9s pour partager un grand jeu et des chansons\u00a0accompagn\u00e9es par la guitare de Dusko. Tout le monde a particip\u00e9.<\/p>\n<p><a title=\"20160907_145709\" href=\"http:\/\/www.flickr.com\/photos\/139937904@N08\/29028366563\"><img decoding=\"async\" class=\"alignnone\" src=\"https:\/\/farm9.staticflickr.com\/8009\/29028366563_d0696fafe3.jpg\" alt=\"20160907_145709\" \/><\/a><\/p>\n<p>Chaque enfant s&rsquo;est install\u00e9 \u00e0 un atelier, tout le monde y a trouv\u00e9 son compte et personne ne semblait s&rsquo;ennuyer.<\/p>\n<p><a title=\"20160907_151446\" href=\"http:\/\/www.flickr.com\/photos\/139937904@N08\/29571466191\"><img decoding=\"async\" class=\"alignnone\" src=\"https:\/\/farm9.staticflickr.com\/8072\/29571466191_7e1829f004.jpg\" alt=\"20160907_151446\" \/><\/a><\/p>\n<p>Nous avons finis par prendre le go\u00fbter, apr\u00e8s un rangement tr\u00e8s efficace des enfants, tous ensembles sur le tapis. Nous avons fini par remarquer que quelques petits malins avaient attrap\u00e9 des part de go\u00fbter dans le sac, il en manquait donc pour certains enfants mais cela fut assez dr\u00f4le et ces derniers le prirent avec le sourire.<\/p>\n<p>Ce fut un atelier int\u00e9ressant et joyeux o\u00f9 tout le monde pu s&rsquo;amuser et apprendre dans la joie et la bonne humeur.<\/p>\n<p><strong><span style=\"color: #ff0000\">Mercredi soir: R\u00e9union d&rsquo;\u00e9quipe\/\/ PROJECTION DE NOTRE FILM<\/span><\/strong><\/p>\n<p>projection du film sur les Robinsons. Les Franey et les Films pluriels nous ont fait un grand plaisir ; ils ont r\u00e9alis\u00e9 un film moyen m\u00e9trage sur notre association et en particulier notre travail avec les Rroms (en se centrant sur le bidonville de Ballainvilliers, qui vient d&rsquo;\u00eatre expuls\u00e9).<\/p>\n<p><img fetchpriority=\"high\" decoding=\"async\" class=\"alignnone wp-image-5825\" src=\"http:\/\/recherche-action.fr\/intermedes\/wp-content\/uploads\/sites\/9\/2016\/09\/IMG_9110-300x225.jpg\" alt=\"img_9110\" width=\"497\" height=\"373\" srcset=\"http:\/\/recherche-action.fr\/intermedes\/wp-content\/uploads\/sites\/9\/2016\/09\/IMG_9110-300x225.jpg 300w, http:\/\/recherche-action.fr\/intermedes\/wp-content\/uploads\/sites\/9\/2016\/09\/IMG_9110.jpg 640w\" sizes=\"(max-width: 497px) 85vw, 497px\" \/><\/p>\n<p>Quel plaisir \u00e0 nous tous de commencer notre grrrande r\u00e9union d&rsquo;\u00e9quipe du mercredi soir (3 h 00 tout de m\u00eame, en tout, chaque semaine) , en regardant tous, en nous regardant tous, en regardant le regard de Jean Pierre et Lily<\/p>\n<p>Beau film , il faut qu&rsquo;il se voit!!<\/p>\n<p><strong><span style=\"color: #ff0000\">Mardi: Groupe d&rsquo;analyse de pratique<\/span><\/strong><\/p>\n<p>C&rsquo;est un chantier que nous devons \u00e0 Tito. Un travail de titan pour Tito et nous tous, mais oui, on s&rsquo;y tient; un groupe d&rsquo;analyse de nos pratiques, par nous m\u00eames et avec une \u00a0optique p\u00e9dagogique.<\/p>\n<p><img decoding=\"async\" class=\"alignnone wp-image-5826\" src=\"http:\/\/recherche-action.fr\/intermedes\/wp-content\/uploads\/sites\/9\/2016\/09\/IMG_9104-e1473844315773-225x300.jpg\" alt=\"img_9104\" width=\"412\" height=\"549\" srcset=\"http:\/\/recherche-action.fr\/intermedes\/wp-content\/uploads\/sites\/9\/2016\/09\/IMG_9104-e1473844315773-225x300.jpg 225w, http:\/\/recherche-action.fr\/intermedes\/wp-content\/uploads\/sites\/9\/2016\/09\/IMG_9104-e1473844315773.jpg 480w\" sizes=\"(max-width: 412px) 85vw, 412px\" \/><\/p>\n<p>C&rsquo;est une fois par mois , c&rsquo;est pour chacun: stagiaire, permanent, b\u00e9n\u00e9vole, service civique de 16 \u00e0 xxx ans&#8230;<\/p>\n","protected":false},"excerpt":{"rendered":"<p>A voir: le reportage sur notre travail, r\u00e9alis\u00e9 par Lily et JP Franey:\u00a0 Enfance invisible On s&rsquo;est souvent demand\u00e9 de quoi \u00e9tait faite l&rsquo;enfance. Est elle d&rsquo;insouciance ou d&rsquo;impatience? D&rsquo;impuissance ou de tyrannie? Est elle faite d&rsquo;attente ou de plaisirs sans lendemain? Est elle conscience ou inconscience? Entre r\u00eave et routine, drame et ennui, de &hellip; <a href=\"http:\/\/recherche-action.fr\/intermedes\/2016\/09\/08\/enfance-en-france\/\" class=\"more-link\">Continuer la lecture<span class=\"screen-reader-text\"> de &laquo;&nbsp;Enfance, en France&nbsp;&raquo;<\/span><\/a><\/p>\n","protected":false},"author":16,"featured_media":0,"comment_status":"open","ping_status":"open","sticky":false,"template":"","format":"standard","meta":{"footnotes":""},"categories":[1],"tags":[],"class_list":["post-5778","post","type-post","status-publish","format-standard","hentry","category-non-classe"],"jetpack_featured_media_url":"","_links":{"self":[{"href":"http:\/\/recherche-action.fr\/intermedes\/wp-json\/wp\/v2\/posts\/5778","targetHints":{"allow":["GET"]}}],"collection":[{"href":"http:\/\/recherche-action.fr\/intermedes\/wp-json\/wp\/v2\/posts"}],"about":[{"href":"http:\/\/recherche-action.fr\/intermedes\/wp-json\/wp\/v2\/types\/post"}],"author":[{"embeddable":true,"href":"http:\/\/recherche-action.fr\/intermedes\/wp-json\/wp\/v2\/users\/16"}],"replies":[{"embeddable":true,"href":"http:\/\/recherche-action.fr\/intermedes\/wp-json\/wp\/v2\/comments?post=5778"}],"version-history":[{"count":10,"href":"http:\/\/recherche-action.fr\/intermedes\/wp-json\/wp\/v2\/posts\/5778\/revisions"}],"predecessor-version":[{"id":5829,"href":"http:\/\/recherche-action.fr\/intermedes\/wp-json\/wp\/v2\/posts\/5778\/revisions\/5829"}],"wp:attachment":[{"href":"http:\/\/recherche-action.fr\/intermedes\/wp-json\/wp\/v2\/media?parent=5778"}],"wp:term":[{"taxonomy":"category","embeddable":true,"href":"http:\/\/recherche-action.fr\/intermedes\/wp-json\/wp\/v2\/categories?post=5778"},{"taxonomy":"post_tag","embeddable":true,"href":"http:\/\/recherche-action.fr\/intermedes\/wp-json\/wp\/v2\/tags?post=5778"}],"curies":[{"name":"wp","href":"https:\/\/api.w.org\/{rel}","templated":true}]}}