{"id":5786,"date":"2016-09-23T11:54:41","date_gmt":"2016-09-23T09:54:41","guid":{"rendered":"http:\/\/recherche-action.fr\/intermedes\/?p=5786"},"modified":"2016-09-30T08:37:11","modified_gmt":"2016-09-30T06:37:11","slug":"fictions-capitalistes","status":"publish","type":"post","link":"http:\/\/recherche-action.fr\/intermedes\/2016\/09\/23\/fictions-capitalistes\/","title":{"rendered":"Le mythe du capital personnel"},"content":{"rendered":"<p><a title=\"unnamed.jpg4\" href=\"http:\/\/www.flickr.com\/photos\/139937904@N08\/29373881304\"><img decoding=\"async\" class=\"alignnone\" src=\"https:\/\/farm9.staticflickr.com\/8265\/29373881304_c2a6a21bcf.jpg\" alt=\"unnamed.jpg4\" \/><\/a><\/p>\n<p><span style=\"color: #0000ff\"><em><strong>Une des plus grandes ruses du capitalisme est de laisser croire \u00e0 tout un chacun \u00a0qu&rsquo;il serait capitaliste.<\/strong><\/em><\/span> Apr\u00e8s tout, nous aurions tous des capitaux . Et voici qu&rsquo;on les \u00e9num\u00e8re:<\/p>\n<ul>\n<li>Notre capital sant\u00e9<\/li>\n<li>Notre capital d&rsquo;aptitudes inn\u00e9es (les \u00ab\u00a0dons\u00a0\u00bb)<\/li>\n<li>Notre capital de comp\u00e9tences (parfois on dit \u00ab\u00a0portefeuilles\u00a0\u00bb)<\/li>\n<li>Notre capital g\u00e9n\u00e9tique,<\/li>\n<li>Notre capital culturel, familial, etc.<\/li>\n<li>Notre capital beaut\u00e9, soleil, etc&#8230;<\/li>\n<li>Notre capital de relations sociales, de connaissances et d&rsquo;appuis utiles &#8230;<\/li>\n<\/ul>\n<p><strong>Notez qu&rsquo;on peut d\u00e9cliner \u00e0 l&rsquo;infini et \u00e0 l&rsquo;envie, la liste de tous ces capitaux.<\/strong> L&rsquo;utilit\u00e9, l&rsquo;habilet\u00e9 de pr\u00e9senter les choses ainsi est de nous amener \u00e0 gommer toute diff\u00e9rence entre nous et les v\u00e9ritables capitalistes. Au fond , nous serions tous dans le m\u00eame bateau . <span style=\"color: #ff0000\">Nous aurions \u00a0tous un capital n&rsquo;est ce pas?<\/span> A quoi bon \u00eatre jaloux? A quoi bon stigmatiser les riches. Il faudrait au contraire se RES-PON-SA-BI-LI-SER.<\/p>\n<p><strong>L&rsquo;autre int\u00e9r\u00eat est de nous amener \u00e0 adopter ce seul et unique mode de pens\u00e9e pour envisager la conduite de notre vie<\/strong>. Si nous avons un \u00a0<span style=\"text-decoration: underline\">capital<\/span>, il nous faut le <span style=\"text-decoration: underline\">g\u00e9rer<\/span>, et si notre vie va mal , d&rsquo;une mani\u00e8re ou d&rsquo;une autre, c&rsquo;est parce que nous l&rsquo;aurons mal g\u00e9r\u00e9. Voici en quelques mots, la fiction lib\u00e9rale qui renvoie <span style=\"color: #ff0000\">chacun \u00e0 la gestion de sa propre faillite<\/span>.<\/p>\n<p>Nous autres, acteurs sociaux, constatons chaque jour la porosit\u00e9 des personnes et groupes pr\u00e9caires vis \u00e0 vis de ce mode de raisonnement . <strong>Ils se laissent contaminer , adoptent et colportent cette pens\u00e9e toute faite<\/strong>, \u00e0 laquelle ils ne trouvent pas d&rsquo;issue. \u00a0Il faut dire que les m\u00e9dias contribuent de tout leur poids au succ\u00e8s de cette mani\u00e8re de voir, et que les r\u00e9seaux sociaux en rajoutent toujours et encore des couches suppl\u00e9mentaires avec des maximes \u00ab\u00a0de bon sens\u00a0\u00bb. Bref difficile de penser autrement quand une seule id\u00e9ologie domine.<\/p>\n<p><span style=\"color: #0000ff\"><strong>C&rsquo;est un tour de passe passe extraordinaire d&rsquo;avoir appliqu\u00e9 au vivant ce qui n&rsquo;est vrai que pour des principes \u00e9conomiques.<\/strong><\/span> <strong>Il n&rsquo;est de capital que d&rsquo;argent, et des moyens d&rsquo;en produire&#8230;<\/strong> \u00a0Et de ce point de vue l\u00e0, <span style=\"color: #ff0000\">ceux qui ont un capital sont assez peu nombreux<\/span>; ils sont limit\u00e9s \u00e0 ceux qui peuvent produire toujours plus d&rsquo;argent, avec leur argent et ce qu&rsquo;ils poss\u00e8dent.<\/p>\n<p>Le capital ce n&rsquo;est pas une masse , pas une quantit\u00e9, <strong><span style=\"text-decoration: underline\">c&rsquo;est la capacit\u00e9 de produire toujours plus d&rsquo;argent avec celui qu&rsquo;on a d\u00e9j\u00e0<\/span><\/strong>. De ce point de vue l\u00e0, quelqu&rsquo;un qui a beaucoup d&rsquo;argent n&rsquo;est pas forc\u00e9ment un capitaliste. Seul celui \u00e0 qui son argent ou ses biens rapportent encore plus, peut pr\u00e9tendre \u00e0 l&rsquo;\u00eatre. Cette distinction est tr\u00e8s importante <span style=\"color: #ff0000\">car elle explique tout simplement\u00a0qu&rsquo;il y a une barri\u00e8re de classe: on ne devient pas capitaliste<\/span>. <strong>On l&rsquo;est ou on ne l&rsquo;est pas.<\/strong><\/p>\n<p>Tout ce e qui est vivant, ce qui a trait \u00e0<strong> notre existence,\u00a0n&rsquo;a jamais rien \u00e0 voir avec le capital<\/strong>. \u00a0<span style=\"color: #0000ff\"><strong>C&rsquo;est de l&rsquo;interaction et du flux.<\/strong><\/span> C&rsquo;est une grave erreur se se repr\u00e9senter la sant\u00e9 comme un capital qu&rsquo;on d\u00e9penserait au fur et \u00e0 mesure qu&rsquo;on vit. La sant\u00e9 c&rsquo;est autre chose; elle r\u00e9side dans la richesse de nos interactions avec notre environnement et notre milieu.<\/p>\n<p><em><strong>L&rsquo;\u00e9ducation, c&rsquo;est la m\u00eame chose, c&rsquo;est une appropriation dynamique de pouvoirs d&rsquo;agir, une \u00e9mancipation,<\/strong><\/em> pas une lente et inerte accumulation de savoirs morts et scolaires.<\/p>\n<p>La fiction capitaliste, plaqu\u00e9e sur nos vies n&rsquo;a pas pour seul effet de\u00a0dissimuler derri\u00e8re un voile commode ceux qui tirent r\u00e9ellement profit de nos existences et de nos mis\u00e8res;\u00a0elle nous emp\u00eache surtout d&rsquo;approcher une autre v\u00e9rit\u00e9: <span style=\"text-decoration: underline;color: #ff0000\"><strong>NOUS NE NOUS APPARTENONS PAS<\/strong><\/span>.<\/p>\n<p><strong>Nous n&rsquo;avons jamais fait le choix d&rsquo;\u00eatre ce que nous sommes.<\/strong> Nous sommes au contraire le produit de tout ce qui nous a contraints et d\u00e9termin\u00e9s: classes sociales, histoires collectives et individuelles, famille, g\u00e9n\u00e9alogie, circonstances sociales et historiques. <span style=\"color: #0000ff\"><strong>Tout choix est illusoire<\/strong> <\/span>et la libert\u00e9 ne repose que sur la conscience de ce qui nous d\u00e9termine et de la science de nos cha\u00eenes.<\/p>\n<p><span style=\"color: #0000ff\"><strong>Or cette conscience et cette libert\u00e9 ne peuvent se d\u00e9velopper et s&rsquo;\u00e9panouir que dans la socialit\u00e9 et la collectivit\u00e9<\/strong><\/span>; l&rsquo;individu et ses capitaux sont une impasse; la vie r\u00e9side dans les relations, les interactions, les d\u00e9pendances et les communaut\u00e9s.<\/p>\n<p><strong>Il n&rsquo;y a plus gu\u00e8re de nos jours de culture\u00a0politique qui s&rsquo;\u00e9change ou se transmette.<\/strong> La plupart de nos contemporains sont moins form\u00e9s, moins arm\u00e9s pour comprendre les id\u00e9ologies. Livr\u00e9s \u00e0 eux m\u00eames , ils s&rsquo;accrochent aux bou\u00e9es des discours lib\u00e9raux, individualistes et stigmatisants.<\/p>\n<p>Il faut une autre \u00e9cole aujourd&rsquo;hui, de la conscience de qui nous sommes et de ce que nous faisons ensemble. \u00a0<span style=\"color: #ff0000\">Il faut une autre \u00e9cole pour comprendre que nous ne nous appartenons pas individuellement<\/span>, que la vision de la propri\u00e9t\u00e9 de soi est une impasse; que nous ne pouvons appartenir qu&rsquo;aux groupes et collectifs que nous formons , que nous cr\u00e9ons.<\/p>\n<p><strong>L&rsquo;\u00eatre humain appartient \u00e0 qui il donne et \u00e0 qui lui donne.<\/strong><\/p>\n<p>&nbsp;<\/p>\n<p><strong>DIMANCHE<\/strong><\/p>\n<p><span style=\"color: #ff0000\"><strong>Journ\u00e9e au Jardin<\/strong><\/span><\/p>\n<p><a title=\"WP_20160925_12_12_49_Pro\" href=\"http:\/\/www.flickr.com\/photos\/139937904@N08\/29375028963\"><img decoding=\"async\" class=\"alignnone\" src=\"https:\/\/farm8.staticflickr.com\/7764\/29375028963_690c9af4fc.jpg\" alt=\"WP_20160925_12_12_49_Pro\" \/><\/a><\/p>\n<p><span style=\"color: #ff00ff\">La journ\u00e9e s\u2019annonce un peu compliqu\u00e9e car la pluie est pr\u00e9vue pour la plupart de la journ\u00e9e ainsi que des orages.<\/span> La journ\u00e9e \u00e7a vas pas \u00eatre facile et nous allons combattre aussi la pluie en plus du travail au jardin. Apr\u00e8s plusieurs essais pour allumer le feu du barbecue (la pluie nous facilite pas la t\u00e2che), nous sommes oblig\u00e9 de s\u2019abriter sous la serre.<\/p>\n<p><a title=\"WP_20160925_12_48_34_Pro\" href=\"http:\/\/www.flickr.com\/photos\/139937904@N08\/29707776030\"><img decoding=\"async\" class=\"alignnone\" src=\"https:\/\/farm9.staticflickr.com\/8120\/29707776030_6729af3e54.jpg\" alt=\"WP_20160925_12_48_34_Pro\" \/><\/a><\/p>\n<p><strong><span style=\"color: #ff0000\">Puis nous y arrivons.<\/span><\/strong><\/p>\n<p>Les enfants avec Philippe, commencent \u00e0 ramasser des noix malgr\u00e9 les go\u00fbtes de pluie, Laura\u00a0 et Gabi avec H\u00e9lo\u00efse font une salade et coupent les cuisses de poulet pour le mettre sur le barbecue. Esp\u00e9rons que \u00e7a va marcher\u00a0!<\/p>\n<p><a title=\"WP_20160925_13_12_19_Pro\" href=\"http:\/\/www.flickr.com\/photos\/139937904@N08\/29707773170\"><img decoding=\"async\" class=\"alignnone\" src=\"https:\/\/farm9.staticflickr.com\/8138\/29707773170_bc4cfd0466.jpg\" alt=\"WP_20160925_13_12_19_Pro\" \/><\/a><\/p>\n<p>Apr\u00e8s avoir enfin r\u00e9ussi \u00e0 faire cuire le poulet on se met \u00e0 table (14h15) et on prend le repas tous ensemble car le soleil commence \u00e0 se faire voir parmi les nuages.<\/p>\n<p>Ensuite on ira couper du bois dans le gros tas de bois qui se trouve au milieu du jardin avec les gar\u00e7ons et Philippe et les autres en attendant d\u00e9sherbe les choux et les salades et enl\u00e8ve les mauvaises herbes\u00a0 autour des palettes. Comme nous avons finit plus vite nous allons aider les autres dans leur t\u00e2ches.<\/p>\n<p><a title=\"WP_20160925_14_29_38_Pro\" href=\"http:\/\/www.flickr.com\/photos\/139937904@N08\/29967628956\"><img decoding=\"async\" class=\"alignnone\" src=\"https:\/\/farm9.staticflickr.com\/8230\/29967628956_43f5e86472.jpg\" alt=\"WP_20160925_14_29_38_Pro\" \/><\/a><\/p>\n<p><span style=\"color: #0000ff\">Le travail en \u00e9quipe a bien fonctionn\u00e9, tout le monde \u00e0 mis la main \u00e0 la p\u00e2te et le bois \u00e0 \u00e9t\u00e9 coup\u00e9 et rang\u00e9 nous l\u2019abri<\/span>\u00a0, les noix ont \u00e9t\u00e9 ramass\u00e9, et les mauvaises herbes enlev\u00e9 et un bon travail prendra fin avec l\u2019annonce du go\u00fbter bien m\u00e9rit\u00e9 par tous.<\/p>\n<p><strong>SAMEDI<\/strong><\/p>\n<p><span style=\"color: #ff0000\"><strong>Epinay sur Orge\u00a0:<\/strong><\/span><\/p>\n<p><a title=\"SAM_2710\" href=\"http:\/\/www.flickr.com\/photos\/139937904@N08\/29888018782\"><img decoding=\"async\" class=\"alignnone\" src=\"https:\/\/farm9.staticflickr.com\/8796\/29888018782_0f138931af.jpg\" alt=\"SAM_2710\" \/><\/a><\/p>\n<p><strong><span style=\"color: #0000ff\">Une belle journ\u00e9e pour faire la cuisine de rue sur le camp et au Menu\u00a0: <em><u>Cr\u00eapes aux chocolat et \u00e0 la confiture<\/u><\/em>.<\/span><\/strong><\/p>\n<p><span style=\"color: #ff0000\">Un grand cercle au milieu du chemin qui se retrouve devant le camp et on apprend un petit jeu pour compter \u00ab\u00a0le Facteur\u00a0\u00bb,<\/span> et \u2018l\u2019\u00c9l\u00e9phant\u00a0\u00bb, qui comme d\u2019habitude marche de merveille et les enfants sont tr\u00e8s contents, tr\u00e8s souriants.<\/p>\n<p><a title=\"SAM_2726\" href=\"http:\/\/www.flickr.com\/photos\/139937904@N08\/29967590976\"><img decoding=\"async\" class=\"alignnone\" src=\"https:\/\/farm9.staticflickr.com\/8121\/29967590976_bab8bc6739.jpg\" alt=\"SAM_2726\" \/><\/a><\/p>\n<p>Apr\u00e8s \u00e7a on va s\u2019asseoir quelques \u2019uns\u00a0 pour les coloriages de nos h\u00e9ros pr\u00e9f\u00e9r\u00e9 Marvels\u00a0 <strong>\u00ab\u00a0<em>Spiderman, Batman, Car<\/em>\u00ab\u00a0<\/strong>, et chaque enfant se donne du mal \u00e0 choisir les bonnes couleurs pour illustrer le mieux son h\u00e9ros.<\/p>\n<p><a title=\"SAM_2731\" href=\"http:\/\/www.flickr.com\/photos\/139937904@N08\/29888016382\"><img decoding=\"async\" class=\"alignnone\" src=\"https:\/\/farm9.staticflickr.com\/8503\/29888016382_51deeda08f.jpg\" alt=\"SAM_2731\" \/><\/a><\/p>\n<p><span style=\"color: #ff00ff\">La cuisine \u00e0 c\u00f4t\u00e9 \u00a0avec les filles Marion, Laura, Ana Aniela, Mercedesa\u00a0 qui vont nous pr\u00e9parer\u00a0 des bonnes cr\u00eapes pour tout le monde. La cuisine fait venir du monde<\/span>, emm\u00e8ne du partage et de la convivialit\u00e9, mais aussi du savoir-faire de chacun d\u2019entre nous.<\/p>\n<p>Nicolae et Dusko font une comp\u00e9tition de\u00a0coloriage\u00a0et le moment le plus dr\u00f4le de la journ\u00e9e \u00a0vient ensuite avec la chute de Dusko et le fou rire de tout le monde.<\/p>\n<p><a title=\"SAM_2762\" href=\"http:\/\/www.flickr.com\/photos\/139937904@N08\/30001494165\"><img decoding=\"async\" class=\"alignnone\" src=\"https:\/\/farm6.staticflickr.com\/5750\/30001494165_1526dc15f7.jpg\" alt=\"SAM_2762\" \/><\/a><\/p>\n<p><strong><span style=\"color: #ff0000\">Pour finir cette agr\u00e9able journ\u00e9e sur une note musicale , on se met tous \u00e0 chanter et \u00e0 danser sur la musique d\u2019 Aven Savore pour rire \u00e0 la vie<\/span> <\/strong>et lui remerci\u00e9 pour tous ces moment de joie, de partage, de chant et de danse tout simplement.<\/p>\n<p><a title=\"SAM_2783\" href=\"http:\/\/www.flickr.com\/photos\/139937904@N08\/30001493605\"><img decoding=\"async\" class=\"alignnone\" src=\"https:\/\/farm9.staticflickr.com\/8539\/30001493605_0522d688b1.jpg\" alt=\"SAM_2783\" \/><\/a><\/p>\n<p>Le go\u00fbter vient cl\u00f4ture la journ\u00e9e et petits et grands s\u2019assoient sur le tapis pour avoir le droit \u00e0 une cr\u00eape et un verre de sirop.<\/p>\n<p>&nbsp;<\/p>\n<p><span style=\"color: #ff0000\"><strong>Atelier de la Villa Saint Martin<\/strong><\/span><\/p>\n<p><a title=\"IMG_3068\" href=\"http:\/\/www.flickr.com\/photos\/139937904@N08\/29373979324\"><img decoding=\"async\" class=\"alignnone\" src=\"https:\/\/farm6.staticflickr.com\/5248\/29373979324_fb60866815.jpg\" alt=\"IMG_3068\" \/><\/a><\/p>\n<p>Aujourd\u2019hui \u00e0 la villa Saint Martin, nous nous installons a l\u2019ombre des arbres pour d\u00e9buter l\u2019atelier. <em><strong>Au programme, on a sorti le jeu d\u2019\u00e9chec\u00a0 g\u00e9ant, du mat\u00e9riel de dessin, de la dinette et des jeux des petits<\/strong><\/em>, et un atelier de peinture.<\/p>\n<p><a title=\"IMG_3076\" href=\"http:\/\/www.flickr.com\/photos\/139937904@N08\/29918550911\"><img decoding=\"async\" class=\"alignnone\" src=\"https:\/\/farm9.staticflickr.com\/8393\/29918550911_7548cda9e8.jpg\" alt=\"IMG_3076\" \/><\/a><\/p>\n<p><strong><span style=\"color: #0000ff\">Nous b\u00e9n\u00e9ficions \u00e9galement de la pr\u00e9sence de Erwan qui viens nous aider \u00e0 pr\u00e9parer une \u00e9mission de radio<\/span><\/strong>, et prendre des photos.<\/p>\n<p>H\u00e9las le vent se lev\u00e9 sur le terrain de foot, et les pi\u00e8ces d\u2019\u00e9checs ne cessent de tomber, on abandonne donc la partie et on se concentre l\u2019atelier de radio. <em><strong>Simena, accompagn\u00e9e d\u2019Erwan, interviewent tous les enfants et adultes pr\u00e9sent sur l\u2019atelier<\/strong><\/em>, leur demande ce qu\u2019ils font a l\u2019association, et ce qu\u2019ils aiment. <span style=\"color: #ff0000\">A l\u2019atelier peinture on a d\u00e9coup\u00e9 des canevas en forme de papillons que l\u2019on peint avant de les attacher sur un fil tendu<\/span> entre les arbres. On se rassemble ensuite sur les tapis pour un conseil de quartier, suivit d\u2019un gouter<\/p>\n<p><a title=\"IMG_3094\" href=\"http:\/\/www.flickr.com\/photos\/139937904@N08\/29918535341\"><img decoding=\"async\" class=\"alignnone\" src=\"https:\/\/farm6.staticflickr.com\/5208\/29918535341_fa980026f9.jpg\" alt=\"IMG_3094\" \/><\/a><\/p>\n<p><strong>VENDREDI<\/strong><\/p>\n<p><span style=\"color: #ff0000\"><strong>Atelier de La Rocade<\/strong><\/span><\/p>\n<p><a title=\"IMAG3466\" href=\"http:\/\/www.flickr.com\/photos\/139937904@N08\/29707690220\"><img decoding=\"async\" class=\"alignnone\" src=\"https:\/\/farm9.staticflickr.com\/8652\/29707690220_1b6754d135.jpg\" alt=\"IMAG3466\" \/><\/a><\/p>\n<p>Nous nous sommes rendus \u00e0 la Rocade o\u00f9 divers ateliers ont pu \u00eatre propos\u00e9s aux enfants\u00a0: la petite enfance, un jeu d\u2019\u00e9chec, du karaok\u00e9 et du maquillage.<\/p>\n<p><a title=\"IMAG3447\" href=\"http:\/\/www.flickr.com\/photos\/139937904@N08\/29374946253\"><img decoding=\"async\" class=\"alignnone\" src=\"https:\/\/farm6.staticflickr.com\/5595\/29374946253_60b91c3c82.jpg\" alt=\"IMAG3447\" \/><\/a><\/p>\n<p>Les enfants \u00e9taient tr\u00e8s contents de nous retrouver apr\u00e8s l\u2019\u00e9cole.<\/p>\n<p>L\u2019atelier maquillage a tr\u00e8s bien march\u00e9. Des mamans ont\u00a0m\u00eame voulus participer en nous aidant.<\/p>\n<p><a title=\"IMAG3458\" href=\"http:\/\/www.flickr.com\/photos\/139937904@N08\/29707693490\"><img decoding=\"async\" class=\"alignnone\" src=\"https:\/\/farm6.staticflickr.com\/5125\/29707693490_3af4206b00.jpg\" alt=\"IMAG3458\" \/><\/a><\/p>\n<p><em><strong>L\u2019atelier petit enfance a attir\u00e9 des enfants assez grands qui se sont lanc\u00e9s dans la fabrication d\u2019un \u00e9norme ch\u00e2teau de Lego.<\/strong><\/em><\/p>\n<p><a title=\"IMAG3453\" href=\"http:\/\/www.flickr.com\/photos\/139937904@N08\/29967533666\"><img decoding=\"async\" class=\"alignnone\" src=\"https:\/\/farm9.staticflickr.com\/8215\/29967533666_7b0435b84b.jpg\" alt=\"IMAG3453\" \/><\/a><\/p>\n<p><span style=\"color: #0000ff\">Les adolescents ont pu apprendre quelques strat\u00e9gies au jeu d\u2019\u00e9chec.<\/span><\/p>\n<p>La distribution du go\u00fbter s\u2019est pass\u00e9e dans le calme, le temps est pass\u00e9 tr\u00e8s vite.<\/p>\n<p><span style=\"color: #ff0000\"><strong>Atelier du Jardin<\/strong><\/span><\/p>\n<p><a title=\"SAM_2676\" href=\"http:\/\/www.flickr.com\/photos\/139937904@N08\/29918491941\"><img decoding=\"async\" class=\"alignnone\" src=\"https:\/\/farm6.staticflickr.com\/5825\/29918491941_9f34c1351f.jpg\" alt=\"SAM_2676\" \/><\/a><\/p>\n<p>De nouveaux au jardin entour\u00e9 par nos amis et par les enfants. Aujourd\u2019hui Eric est de retour apr\u00e8s des longues vacances dans les Alpes.<\/p>\n<p><a title=\"SAM_2699\" href=\"http:\/\/www.flickr.com\/photos\/139937904@N08\/29918489381\"><img decoding=\"async\" class=\"alignnone\" src=\"https:\/\/farm9.staticflickr.com\/8048\/29918489381_7dbb37f6b7.jpg\" alt=\"SAM_2699\" \/><\/a><\/p>\n<p>On part ensemble au jardin et sur notre chemin \u00ab\u00a0quoi de neuf\u00a0\u00bb de chaque c\u00f4t\u00e9\u00a0?<\/p>\n<p><a title=\"SAM_2683\" href=\"http:\/\/www.flickr.com\/photos\/139937904@N08\/29918490141\"><img decoding=\"async\" class=\"alignnone\" src=\"https:\/\/farm6.staticflickr.com\/5535\/29918490141_0f90607b04.jpg\" alt=\"SAM_2683\" \/><\/a><\/p>\n<p><span style=\"color: #0000ff\">Eric revient fatigu\u00e9 de ses \u00a0vacances car son p\u00e8re est aussi malade<\/span> et il esp\u00e8re que dans quelque jours il reprend avec plus d\u2019\u00e9nergie. Mais le plus important est qu\u2019il est de retour et qu\u2019on puisse voir ensemble pour la projection de la soir\u00e9e conviviale <em><strong><span style=\"color: #ff0000\">sur Jean Jacques car \u00e7a fait un an depuis son d\u00e9c\u00e8s.<\/span><\/strong><\/em><\/p>\n<p><a title=\"SAM_2677\" href=\"http:\/\/www.flickr.com\/photos\/139937904@N08\/30001430145\"><img decoding=\"async\" class=\"alignnone\" src=\"https:\/\/farm6.staticflickr.com\/5240\/30001430145_5ff6297fc2.jpg\" alt=\"SAM_2677\" \/><\/a><\/p>\n<p>Mais tout \u00e7a \u00e9tant dit, on va maintenant se mettre au travail et \u00a0ramasser des noix puis aller arroser les choux et autres afin de prendre le go\u00fbter et ranger notre mat\u00e9riel de jardin.<\/p>\n<p>A plus\u00a0!<\/p>\n<p><span style=\"color: #ff0000\"><strong>Atelier de Champlan<\/strong><\/span><\/p>\n<p><a title=\"unnamed.jpg1\" href=\"http:\/\/www.flickr.com\/photos\/139937904@N08\/30001398295\"><img decoding=\"async\" class=\"alignnone\" src=\"https:\/\/farm9.staticflickr.com\/8356\/30001398295_48de0d0690.jpg\" alt=\"unnamed.jpg1\" \/><\/a><\/p>\n<p>Quand nous sommes arriv\u00e9s sur le camp nous avons install\u00e9 le mat\u00e9riel pour la petite enfance et le jeu collectif du jour qui \u00e9tait le mime, une fois le jeu fini nous avons mis en place la peinture sur les tables pour les plus petits et sur les tableaux pour les plus grands.<\/p>\n<p><span style=\"color: #ff0000\"><strong>La peinture a eu beaucoup de succ\u00e8s<\/strong><\/span>. Vers la fin Kevin et M\u00e9lissa on jouer au foot avec quelque enfants.<\/p>\n<p><a title=\"unnamed.jpg3\" href=\"http:\/\/www.flickr.com\/photos\/139937904@N08\/30001397815\"><img decoding=\"async\" class=\"alignnone\" src=\"https:\/\/farm9.staticflickr.com\/8400\/30001397815_a9c518193f.jpg\" alt=\"unnamed.jpg3\" \/><\/a><\/p>\n<p>Pendant le go\u00fbter les enfants \u00e9tait plut\u00f4t agit\u00e9es mais Dusko a commenc\u00e9 \u00e0 jouer de la guitare pour les calm\u00e9s.<\/p>\n<p><a title=\"unnamed.jpg4\" href=\"http:\/\/www.flickr.com\/photos\/139937904@N08\/29373881304\"><img decoding=\"async\" class=\"alignnone\" src=\"https:\/\/farm9.staticflickr.com\/8265\/29373881304_c2a6a21bcf.jpg\" alt=\"unnamed.jpg4\" \/><\/a><\/p>\n<p><strong>JEUDI<\/strong><\/p>\n<p><strong><span style=\"color: #ff0000\">Atelier du Potager<\/span><\/strong><strong><em>\u00a0<\/em><\/strong><\/p>\n<p>En cette belle premi\u00e8re journ\u00e9e d\u2019automne, les enfants \u00e9taient heureux de venir au jardin comme \u00e0 chaque fois, pour continuer leur travail \u00e0 l\u2019ombre des arbres sous ce beau soleil.<\/p>\n<p>Ils commenc\u00e8rent par l\u2019arrosage des fleurs se trouvant autour des plantations tandis que d\u2019autres s\u2019adonnaient \u00e0 d\u00e9sherber le sol pr\u00e8s des courgettes. <span style=\"color: #0000ff\">Un petit moment sympathique qui vu l\u2019arriv\u00e9e de deux jeunes qui ont la main \u00e0 la p\u00e2te pour embellir ce magnifique lieu.<\/span><\/p>\n<p><strong><em><a title=\"SAM_2659\" href=\"http:\/\/www.flickr.com\/photos\/139937904@N08\/29918450141\"><img decoding=\"async\" class=\"alignnone\" src=\"https:\/\/farm9.staticflickr.com\/8493\/29918450141_4a22182fa9.jpg\" alt=\"SAM_2659\" \/><\/a><\/em><\/strong><\/p>\n<p>Une fois le travail termin\u00e9 nous nous sommes tous install\u00e9s autour d\u2019une table pour prendre le go\u00fbter et profiter de cette journ\u00e9e une derni\u00e8re fois tous ensemble.<\/p>\n<p><strong><em><a title=\"SAM_2663\" href=\"http:\/\/www.flickr.com\/photos\/139937904@N08\/29374890033\"><img decoding=\"async\" class=\"alignnone\" src=\"https:\/\/farm9.staticflickr.com\/8699\/29374890033_a337191975.jpg\" alt=\"SAM_2663\" \/><\/a><\/em><\/strong><\/p>\n<p><span style=\"color: #ff00ff\"><strong>Entre l\u2019apparition des pommes et des poires d\u2019un sac de Nicolae, les enfants finissent dans le sourire<\/strong><\/span> et rentrent chez eux le sourire aux l\u00e8vres.<br \/>\nA bient\u00f4t<\/p>\n<p><strong><em><a title=\"SAM_2669\" href=\"http:\/\/www.flickr.com\/photos\/139937904@N08\/30001390715\"><img decoding=\"async\" class=\"alignnone\" src=\"https:\/\/farm6.staticflickr.com\/5192\/30001390715_d818507479.jpg\" alt=\"SAM_2669\" \/><\/a><\/em><\/strong><\/p>\n<p>&nbsp;<\/p>\n<p><span style=\"color: #ff0000\"><strong>Atelier de Massy<\/strong><\/span><\/p>\n<p><a title=\"IMG_2348\" href=\"http:\/\/www.flickr.com\/photos\/139937904@N08\/29373855054\"><img decoding=\"async\" class=\"alignnone\" src=\"https:\/\/farm9.staticflickr.com\/8113\/29373855054_595c79ed47.jpg\" alt=\"IMG_2348\" \/><\/a><\/p>\n<p><span style=\"color: #0000ff\">Nous sommes all\u00e9s \u00e0 Massy o\u00f9 nous avons fait\u00a0un atelier petite enfance, un atelier tag, un atelier maquillage, un atelier p\u00e2te \u00e0 sel et des grands jeux<\/span> (puissance 4, Mikado, p\u00e9tanque, domino) et des jeux collectifs (sardine, policiers voleurs).<\/p>\n<p><strong>L\u2019atelier tag a \u00e9t\u00e9 un succ\u00e8s au point que nous avions trop d\u2019enfants pour le nombre d\u2019adultes que nous \u00e9tions<\/strong>. Iasmina et Dusko ont eu l\u2019id\u00e9e de faire des jeux collectifs pour diviser le groupe afin que l\u2019activit\u00e9 puisse continuer dans de bonnes conditions.<\/p>\n<p>Les mamans ont beaucoup particip\u00e9 sur l\u2019atelier de la petite enfance. Les enfants se sont bien amus\u00e9s pour jouer \u00e0 la dinette et aux jeux de construction.<\/p>\n<p><a title=\"IMG_2357\" href=\"http:\/\/www.flickr.com\/photos\/139937904@N08\/29374855463\"><img decoding=\"async\" class=\"alignnone\" src=\"https:\/\/farm9.staticflickr.com\/8416\/29374855463_0385550c43.jpg\" alt=\"IMG_2357\" \/><\/a><\/p>\n<p>Sur l\u2019atelier p\u00e2te \u00e0 sel, chaque enfant a fait des mod\u00e8les d\u2019animaux et\/ou lettres qu\u2019ils ont pu peindre une fois qu\u2019ils \u00e9taient secs.<\/p>\n<p><a title=\"IMG_2355\" href=\"http:\/\/www.flickr.com\/photos\/139937904@N08\/29374861153\"><img decoding=\"async\" class=\"alignnone\" src=\"https:\/\/farm6.staticflickr.com\/5749\/29374861153_448190cc79.jpg\" alt=\"IMG_2355\" \/><\/a><\/p>\n<p>L\u2019atelier maquillage \u00e0 tr\u00e8s bien march\u00e9. Chaque enfant a \u00e9t\u00e9 maquill\u00e9. M\u00e9lissa a su g\u00e9rer les passages pour que tout se d\u00e9roule correctement.<\/p>\n<p><a title=\"IMG_2354\" href=\"http:\/\/www.flickr.com\/photos\/139937904@N08\/30001381195\"><img decoding=\"async\" class=\"alignnone\" src=\"https:\/\/farm9.staticflickr.com\/8224\/30001381195_0387e3be6d.jpg\" alt=\"IMG_2354\" \/><\/a><\/p>\n<p>&nbsp;<\/p>\n<p>Le temps est pass\u00e9 vite, nous nous sommes assis pour prendre le gouter avec les enfants et les mamans qui ont d\u2019ailleurs participer pour la distribution.<\/p>\n<p><a title=\"IMG_2371\" href=\"http:\/\/www.flickr.com\/photos\/139937904@N08\/29967449386\"><img decoding=\"async\" class=\"alignnone\" src=\"https:\/\/farm6.staticflickr.com\/5342\/29967449386_cceac1f2f6.jpg\" alt=\"IMG_2371\" \/><\/a><\/p>\n<p>&nbsp;<\/p>\n<p><span style=\"color: #ff0000\"><strong>Atelier du Skate Park<\/strong><\/span><\/p>\n<p>SANS PAROLES &#8211; JUSTE A VOIR<\/p>\n<p><a title=\"20160922_163813\" href=\"http:\/\/www.flickr.com\/photos\/139937904@N08\/29707588170\"><img decoding=\"async\" class=\"alignnone\" src=\"https:\/\/farm9.staticflickr.com\/8448\/29707588170_69e04cd45e.jpg\" alt=\"20160922_163813\" \/><\/a><a title=\"20160922_164305\" href=\"http:\/\/www.flickr.com\/photos\/139937904@N08\/29707582380\"><img decoding=\"async\" class=\"alignnone\" src=\"https:\/\/farm6.staticflickr.com\/5611\/29707582380_37b5edf78b.jpg\" alt=\"20160922_164305\" \/><\/a><a title=\"20160922_164952\" href=\"http:\/\/www.flickr.com\/photos\/139937904@N08\/29918391761\"><img decoding=\"async\" class=\"alignnone\" src=\"https:\/\/farm9.staticflickr.com\/8555\/29918391761_a7b2c632e2.jpg\" alt=\"20160922_164952\" \/><\/a><a title=\"20160922_173559\" href=\"http:\/\/www.flickr.com\/photos\/139937904@N08\/30001339335\"><img decoding=\"async\" class=\"alignnone\" src=\"https:\/\/farm6.staticflickr.com\/5038\/30001339335_6d0dcde5f7.jpg\" alt=\"20160922_173559\" \/><\/a><\/p>\n<p><strong>MERCREDI<\/strong><\/p>\n<p><span style=\"color: #ff0000\"><strong>Atelier du Potager, avec les enfants<\/strong><\/span><\/p>\n<p><a title=\"SAM_2609\" href=\"http:\/\/www.flickr.com\/photos\/139937904@N08\/29887828852\"><img decoding=\"async\" class=\"alignnone\" src=\"https:\/\/farm6.staticflickr.com\/5278\/29887828852_c88c543a4b.jpg\" alt=\"SAM_2609\" \/><\/a><\/p>\n<p><span style=\"color: #ff00ff\"><strong>Une belle journ\u00e9e se montre \u00e0 l\u2019horizon et comme d\u2019habitude, et une nouvelle fois nous retournons \u00e0 Epinay pour emmener des enfants au jardin.<\/strong><\/span> Le lieu o\u00f9 les enfants peuvent sentir l\u2019air autrement, se sentir autrement et o\u00f9 ils trouvent \u00e0 chaque passage le sourire, la joie, l\u2019enfance perdue ou jamais eu, la s\u00e9curit\u00e9, le jeu et le partage.<\/p>\n<p><a title=\"SAM_2626\" href=\"http:\/\/www.flickr.com\/photos\/139937904@N08\/29887827972\"><img decoding=\"async\" class=\"alignnone\" src=\"https:\/\/farm9.staticflickr.com\/8212\/29887827972_717e454d14.jpg\" alt=\"SAM_2626\" \/><\/a><\/p>\n<p>C\u2019est ces enfants-l\u00e0 qui\u00a0 nous regardent avec un peu plus d\u2019espoir qui nous font avancer car eux n\u2019attendaient rien en \u00e9change, sauf un regard, un mot les encourageants pour y avancer car leur quotidien est tellement compliqu\u00e9, dur, difficile qu\u2019ils trouvent toujours le sourire et la joie, malgr\u00e9 tout \u00e7a.<\/p>\n<p><a title=\"SAM_2640\" href=\"http:\/\/www.flickr.com\/photos\/139937904@N08\/29707568990\"><img decoding=\"async\" class=\"alignnone\" src=\"https:\/\/farm9.staticflickr.com\/8113\/29707568990_01d874dcd7.jpg\" alt=\"SAM_2640\" \/><\/a><\/p>\n<p>Un petit moment de r\u00e9flexion qu\u2019on a pu partager ensemble aujourd\u2019hui\u00a0 avec eux mais en continuant de faire avancer les travaux au jardin et dans l\u2019apprentissage.<\/p>\n<p><a title=\"SAM_2648\" href=\"http:\/\/www.flickr.com\/photos\/139937904@N08\/29373782394\"><img decoding=\"async\" class=\"alignnone\" src=\"https:\/\/farm9.staticflickr.com\/8369\/29373782394_caaa98fd71.jpg\" alt=\"SAM_2648\" \/><\/a><\/p>\n<p>Nous allons maintenant cueillir encore des haricots pour pr\u00e9parer un petit repas en rentrant\u00a0 au local et <span style=\"color: #0000ff\"><strong>les enfants ne partent \u00a0pas les mains vides, ils en emportent aussi \u00e0 la maison des petit trucs\u00a0: noix, haricots, piments (pour papa).<\/strong><\/span><\/p>\n<p><a title=\"SAM_2655\" href=\"http:\/\/www.flickr.com\/photos\/139937904@N08\/29887824942\"><img decoding=\"async\" class=\"alignnone\" src=\"https:\/\/farm6.staticflickr.com\/5702\/29887824942_b926cde0c2.jpg\" alt=\"SAM_2655\" \/><\/a><\/p>\n<p><strong>Un nettoyage g\u00e9n\u00e9ral du jardin<\/strong>, un bon rangement des outils et des encombrants et finalement le d\u00e9barrassage des mauvaises herbes au terrain qui se finit avec l\u2019arrosage des plantes avant de prendre le go\u00fbter et de dire \u00ab\u00a0au revoir\u00a0\u00bb de nouveau au jardin.<\/p>\n<p>A bient\u00f4t.<\/p>\n<p>&nbsp;<\/p>\n<p><span style=\"color: #ff0000\"><strong>Atelier de Bondoufle<\/strong><\/span><\/p>\n<p>&nbsp;<\/p>\n<p><a title=\"IMG_2297\" href=\"http:\/\/www.flickr.com\/photos\/139937904@N08\/30001302105\"><img decoding=\"async\" class=\"alignnone\" src=\"https:\/\/farm6.staticflickr.com\/5755\/30001302105_7b04b9cb6d.jpg\" alt=\"IMG_2297\" \/><\/a><\/p>\n<p>Aujourd\u2019hui, nous sommes arriv\u00e9s sur l\u2019atelier du camp de Bondoufle. Une fois, arriv\u00e9, <strong><span style=\"color: #0000ff\">nous avons commenc\u00e9 par un jeu collectif pour nous pr\u00e9senter avec les enfants. Par la suite, nous avons propos\u00e9 le jeu du Mime<\/span> <\/strong>(Mim\u00e9 des animaux avec des gestes, des mots).<\/p>\n<p>Apr\u00e8s, nous installons les ateliers, petite enfance, atelier manuelle, atelier coloriage, grands jeux ext\u00e9rieurs pour tout le monde.<\/p>\n<p><strong><span style=\"color: #ff0000\">Lorelei et Melissa, ont cr\u00e9\u00e9 des mod\u00e8les avec de la peinture et des paillettes (Fleurs, c\u0153ur, fruits, pr\u00e9noms) avec les enfants.<\/span><\/strong><\/p>\n<p>Iasmina et H\u00e9l\u00e8na avec les enfants ont install\u00e9 la dinette avec les diff\u00e9rents jeux de construction, les voitures et \u00e9galement un jeu de dessin avec les ardoises et des craies de couleur.<\/p>\n<p><a title=\"IMG_2315\" href=\"http:\/\/www.flickr.com\/photos\/139937904@N08\/29707538490\"><img decoding=\"async\" class=\"alignnone\" src=\"https:\/\/farm9.staticflickr.com\/8135\/29707538490_4e0161f2d1.jpg\" alt=\"IMG_2315\" \/><\/a><\/p>\n<p>Simena s\u2019est charg\u00e9 de l\u2019atelier coloriage que tout le monde a aim\u00e9.<\/p>\n<p>Laura et Marion avec les p\u00e8res des enfants se sont bien amus\u00e9s avec les molkys, ils \u00e9taient tous tr\u00e8s concentr\u00e9 sur ce jeu.<\/p>\n<p><a title=\"IMG_2316\" href=\"http:\/\/www.flickr.com\/photos\/139937904@N08\/29373751224\"><img decoding=\"async\" class=\"alignnone\" src=\"https:\/\/farm9.staticflickr.com\/8401\/29373751224_5826ec424d.jpg\" alt=\"IMG_2316\" \/><\/a><\/p>\n<p><strong>Avant de prendre le gouter, nous avons mis en place le jeu du chat couleur, les enfants \u00e9taient tr\u00e8s excit\u00e9s de devoir trouver des couleurs.<\/strong><\/p>\n<p>Le temps \u00e9tant pass\u00e9 vite, il fut l\u2019heure du gouter.<\/p>\n<p><a title=\"IMG_2327\" href=\"http:\/\/www.flickr.com\/photos\/139937904@N08\/29918323171\"><img decoding=\"async\" class=\"alignnone\" src=\"https:\/\/farm9.staticflickr.com\/8546\/29918323171_6275627f9f.jpg\" alt=\"IMG_2327\" \/><\/a><\/p>\n<p>&nbsp;<\/p>\n<p>&nbsp;<\/p>\n","protected":false},"excerpt":{"rendered":"<p>Une des plus grandes ruses du capitalisme est de laisser croire \u00e0 tout un chacun \u00a0qu&rsquo;il serait capitaliste. Apr\u00e8s tout, nous aurions tous des capitaux . Et voici qu&rsquo;on les \u00e9num\u00e8re: Notre capital sant\u00e9 Notre capital d&rsquo;aptitudes inn\u00e9es (les \u00ab\u00a0dons\u00a0\u00bb) Notre capital de comp\u00e9tences (parfois on dit \u00ab\u00a0portefeuilles\u00a0\u00bb) Notre capital g\u00e9n\u00e9tique, Notre capital culturel, familial, &hellip; <a href=\"http:\/\/recherche-action.fr\/intermedes\/2016\/09\/23\/fictions-capitalistes\/\" class=\"more-link\">Continuer la lecture<span class=\"screen-reader-text\"> de &laquo;&nbsp;Le mythe du capital personnel&nbsp;&raquo;<\/span><\/a><\/p>\n","protected":false},"author":16,"featured_media":0,"comment_status":"open","ping_status":"open","sticky":false,"template":"","format":"standard","meta":{"footnotes":""},"categories":[1],"tags":[],"class_list":["post-5786","post","type-post","status-publish","format-standard","hentry","category-non-classe"],"jetpack_featured_media_url":"","_links":{"self":[{"href":"http:\/\/recherche-action.fr\/intermedes\/wp-json\/wp\/v2\/posts\/5786","targetHints":{"allow":["GET"]}}],"collection":[{"href":"http:\/\/recherche-action.fr\/intermedes\/wp-json\/wp\/v2\/posts"}],"about":[{"href":"http:\/\/recherche-action.fr\/intermedes\/wp-json\/wp\/v2\/types\/post"}],"author":[{"embeddable":true,"href":"http:\/\/recherche-action.fr\/intermedes\/wp-json\/wp\/v2\/users\/16"}],"replies":[{"embeddable":true,"href":"http:\/\/recherche-action.fr\/intermedes\/wp-json\/wp\/v2\/comments?post=5786"}],"version-history":[{"count":13,"href":"http:\/\/recherche-action.fr\/intermedes\/wp-json\/wp\/v2\/posts\/5786\/revisions"}],"predecessor-version":[{"id":5860,"href":"http:\/\/recherche-action.fr\/intermedes\/wp-json\/wp\/v2\/posts\/5786\/revisions\/5860"}],"wp:attachment":[{"href":"http:\/\/recherche-action.fr\/intermedes\/wp-json\/wp\/v2\/media?parent=5786"}],"wp:term":[{"taxonomy":"category","embeddable":true,"href":"http:\/\/recherche-action.fr\/intermedes\/wp-json\/wp\/v2\/categories?post=5786"},{"taxonomy":"post_tag","embeddable":true,"href":"http:\/\/recherche-action.fr\/intermedes\/wp-json\/wp\/v2\/tags?post=5786"}],"curies":[{"name":"wp","href":"https:\/\/api.w.org\/{rel}","templated":true}]}}