{"id":5925,"date":"2016-10-29T10:51:26","date_gmt":"2016-10-29T08:51:26","guid":{"rendered":"http:\/\/recherche-action.fr\/intermedes\/?p=5925"},"modified":"2016-11-04T17:35:37","modified_gmt":"2016-11-04T16:35:37","slug":"nous-sommes-communo-terre","status":"publish","type":"post","link":"http:\/\/recherche-action.fr\/intermedes\/2016\/10\/29\/nous-sommes-communo-terre\/","title":{"rendered":"Nous sommes communo-Terre"},"content":{"rendered":"<p>Nous sommes \u00ab\u00a0communo-Terre\u00a0\u00bb, nous avons une terre en commun et les pieds dessus. L&rsquo;exp\u00e9rience des Robinsons nous donne l&rsquo;occasion de voir ce qu&rsquo;un travail social communautaire peut \u00eatre ou peut devenir.<\/p>\n<p><img fetchpriority=\"high\" decoding=\"async\" class=\"alignnone wp-image-5948\" src=\"http:\/\/recherche-action.fr\/intermedes\/wp-content\/uploads\/sites\/9\/2016\/10\/DSC_1328-300x200.jpg\" alt=\"dsc_1328\" width=\"600\" height=\"400\" srcset=\"http:\/\/recherche-action.fr\/intermedes\/wp-content\/uploads\/sites\/9\/2016\/10\/DSC_1328-300x200.jpg 300w, http:\/\/recherche-action.fr\/intermedes\/wp-content\/uploads\/sites\/9\/2016\/10\/DSC_1328-768x512.jpg 768w, http:\/\/recherche-action.fr\/intermedes\/wp-content\/uploads\/sites\/9\/2016\/10\/DSC_1328-1024x683.jpg 1024w, http:\/\/recherche-action.fr\/intermedes\/wp-content\/uploads\/sites\/9\/2016\/10\/DSC_1328-1200x801.jpg 1200w, http:\/\/recherche-action.fr\/intermedes\/wp-content\/uploads\/sites\/9\/2016\/10\/DSC_1328.jpg 1280w\" sizes=\"(max-width: 709px) 85vw, (max-width: 909px) 67vw, (max-width: 984px) 61vw, (max-width: 1362px) 45vw, 600px\" \/><\/p>\n<p>Ce sont ces mamans d&rsquo;h\u00f4tel qui veulent s&rsquo;organiser\u00a0pour se garder mutuellement leurs enfants dans nos locaux ; ce sont ces parents qui entre deux ateliers de rue de sortie &lsquo;\u00e9cole, font eux m\u00eames leur atelier.<\/p>\n<p>Ce sont les exp\u00e9riences similaires qui essaiment dans le Nord, le Pas de Calais , Nantes, Montpellier, etc.<\/p>\n<p>Pour les visiteurs, tous ceux qui rentrent dans nos locaux ou qui participent \u00e0 nos ateliers, la dynamique est toujours l\u00e0; l&rsquo;\u00e9nergie ne manque jamais. C&rsquo;est le choc.<\/p>\n<p>Ce choc est permis par les inversions que nous faisons:<\/p>\n<ul>\n<li>nous apprenons du bidonville,<\/li>\n<li>nous apprenons de la pr\u00e9carit\u00e9<\/li>\n<li>nous apprenons du m\u00e9lange et des rencontres improbables: cultures, g\u00e9n\u00e9rations, situations, statuts, etc<\/li>\n<\/ul>\n<p>Chez nous le Travail social ne corrige pas, l&rsquo;\u00e9cole n&rsquo;a pas le monopole des apprentissages , l&rsquo;\u00e9ducation populaire redevient vraiment populaire. Et \u00e7a avance, tout avance, tout le monde avance.<\/p>\n<p>Presque naturellement le visiteur a sous les yeux ce que les institutions et \u00e9tablissements mieux dot\u00e9s se fixent comme objectifs lointains et difficiles.<\/p>\n<p>Notre pratique de la communaut\u00e9 est naturelle, non pas parce qu&rsquo;elle ne reposerait sur aucun travail, non pas par ce quelle se ferait toute seule, non pas parce qu&rsquo;elle serait facile, mais parce que nous n&rsquo;utilisons aucun artifice.<\/p>\n<p>Ce travail communautaire est pour nous une pratique, une praxis, un m\u00e9tier; nous savons organiser les rencontres impossibles, cr\u00e9er les conditions d&rsquo;un accueil inconditionnel. Nous savons \u00e0 la fois prendre en compte les probl\u00e8mes amen\u00e9s par les gens et en m\u00eame temps les aborder autrement; par la source, par leurs racines.<\/p>\n<p>Plut\u00f4t que de s&rsquo;acharner sur l&rsquo;exclusion, le non emploi, la pr\u00e9carit\u00e9 et ses effets, les probl\u00e8mes administratifs insolubles, nous commen\u00e7ons par le commencement: nous recr\u00e9ons les liens, l&rsquo;appartenance; nous confortons les identit\u00e9s, nous r\u00e9armons les individus et les groupes pour faire face.<\/p>\n<p>Nous employons tout le monde; chez nous tout le monde travaille quelque soit l&rsquo;\u00e2ge, la validit\u00e9 ou la pseudo valeur sociale;\u00a0tout le monde trouve \u00e0 \u00eatre employ\u00e9 et une place. Nous avons besoin de l&rsquo;activit\u00e9 de chacun.<\/p>\n<p>Bien entendu, ce travail \u00ab\u00a0communautaire\u00a0\u00bb que nous faisons consiste \u00e0 cr\u00e9er un milieu \u00e0 la fois relationnel, \u00e9ducatif, social, et \u00e9conomique \u00a0qui fait d\u00e9faut.<\/p>\n<p>C&rsquo;est une invitation \u00e0 se d\u00e9centrer de multiples mani\u00e8res:<\/p>\n<ul>\n<li>se d\u00e9centrer de soi car la pr\u00e9carit\u00e9 enferme en soi m\u00eame et qu&rsquo;on ne lutte qu&rsquo;en en sortant,<\/li>\n<li>de sa posture professionnelle pour les acteurs sociaux, car la v\u00e9ritable professionnalit\u00e9 est ce qui restera, ce qui reste toujours \u00ab\u00a0quand on a tout l\u00e2ch\u00e9\u00a0\u00bb.<\/li>\n<li>de se d\u00e9centrer des institutions et \u00e9tablissements bien entendu, car la vie est ailleurs.<\/li>\n<\/ul>\n<p>Le silence qui entoure ces pratiques sociales est aussi effrayant que celui qui entoure la P\u00e9dagogie Freinet depuis un si\u00e8cle. Mais il ne devrait pas interroger que ceux qui le subissent; il pose la question sur ce que nous sommes capables, \u00e0 tous les niveaux , d&rsquo;entendre\u00a0du Monde qui vient.<\/p>\n<pre><span style=\"color: #ff00ff\"><strong><em>\"Pendant trop longtemps, les uns ont parl\u00e9 sans \u0153uvrer, les autres \u0153uvr\u00e9 sans avoir le droit de parler, comme des travailleurs qui ne se rencontreront jamais dans le tunnel o\u00f9 ils se sont engag\u00e9s.\" \r\nC. Freinet, in l'Educateur prol\u00e9tarien.<\/em><\/strong><\/span><\/pre>\n<p><span style=\"color: #ff0000\"><strong><em>La F\u00eate de la Citrouille\u00a0:<\/em><\/strong><\/span><\/p>\n<p><span style=\"color: #ff0000\"><strong><em>Dimanche 30-10-2016<\/em><\/strong><\/span><\/p>\n<p>&nbsp;<\/p>\n<p>Comme tous les ans nous c\u00e9l\u00e9brons avec nos partenaires <span style=\"color: #0000ff\">\u2018<em>\u2019La F\u00eate de la Citrouille\u2019\u2019<\/em><\/span> et comme d\u2019habitude nous sommes pri\u00e9 de cuisiner la fameuse recette de la<span style=\"color: #0000ff\"> \u2018<em>\u2019Soupe de Citrouille<\/em>\u2019<\/span>\u2019, avec les l\u00e9gumes de notre potager, jardin communautaire, des l\u00e9gumes plant\u00e9s et cultiv\u00e9s avec les enfants.<\/p>\n<p><a title=\"WP_20161030_16_32_09_Pro\" href=\"http:\/\/www.flickr.com\/photos\/139937904@N08\/30775204935\"><img decoding=\"async\" class=\"alignnone\" src=\"https:\/\/farm6.staticflickr.com\/5549\/30775204935_44650c9be4.jpg\" alt=\"WP_20161030_16_32_09_Pro\" width=\"267\" height=\"473\" \/><\/a><\/p>\n<p>Et pareille la soupe vas \u00eatre cuisin\u00e9 avec les enfants pour donner \u00e0 ceux qui participe go\u00fbter\u00a0 et de partager avec nous un petit moment convivial.<\/p>\n<p><a title=\"WP_20161030_14_03_17_Pro\" href=\"http:\/\/www.flickr.com\/photos\/139937904@N08\/30775213655\"><img decoding=\"async\" class=\"alignnone\" src=\"https:\/\/farm6.staticflickr.com\/5576\/30775213655_8feb7b9e0d.jpg\" alt=\"WP_20161030_14_03_17_Pro\" \/><\/a><\/p>\n<p>De la bonne humeur, de la rigolade, du partage de savoir-faire et de la convivialit\u00e9 tout autour de nous et de notre soupe. <span style=\"color: #ff0000\"><strong><em>Un partage de culture, de savoir et du bonheur, de la chaleur d\u2019\u00e2mes, un moment, un instant pr\u00e9cis de l\u2019\u00e9tat d\u2019esprit v\u00e9cu comme t\u00e9l par chacun et chacune de nous.<\/em><\/strong><\/span><\/p>\n<p><a title=\"WP_20161030_13_59_16_Pro\" href=\"http:\/\/www.flickr.com\/photos\/139937904@N08\/30658405532\"><img decoding=\"async\" class=\"alignnone\" src=\"https:\/\/farm6.staticflickr.com\/5827\/30658405532_9578c273ed.jpg\" alt=\"WP_20161030_13_59_16_Pro\" \/><\/a><\/p>\n<p>On emm\u00e8ne aussi\u00a0 du Miel de nos ruches pour donner go\u00fbter \u00e0 ceux qui le souhaite, et\u00a0 tout le monde veut en prendre et puis en acheter, mais c\u2019est pour donner et non pas pour vendre.<\/p>\n<p><a title=\"WP_20161030_15_28_04_Pro\" href=\"http:\/\/www.flickr.com\/photos\/139937904@N08\/30658394092\"><img decoding=\"async\" class=\"alignnone\" src=\"https:\/\/farm6.staticflickr.com\/5514\/30658394092_e2170f1159.jpg\" alt=\"WP_20161030_15_28_04_Pro\" \/><\/a><\/p>\n<p>La journ\u00e9e bient\u00f4t s\u2019ach\u00e8ve et c\u2019est le temps de ranger et de rentrer.<\/p>\n<p>On est tous tr\u00e8s contents, les enfants ont pu partir faire la chasse au tr\u00e9sor, et se faire maquill\u00e9e et go\u00fbter au pain bannick avec Isabelle et Eric et finalement tout le monde ont pu manger au moins quelques verre de soupe car elle \u00e9tait tellement d\u00e9licieuse que on ne pouvait pas lui r\u00e9sister.<\/p>\n<p><a title=\"WP_20161030_14_00_20_Pro\" href=\"http:\/\/www.flickr.com\/photos\/139937904@N08\/30775216975\"><img decoding=\"async\" class=\"alignnone\" src=\"https:\/\/farm6.staticflickr.com\/5763\/30775216975_f911141810.jpg\" alt=\"WP_20161030_14_00_20_Pro\" \/><\/a><\/p>\n<p>A l\u2019ann\u00e9e prochaine.<\/p>\n<p>&nbsp;<\/p>\n<p>&nbsp;<\/p>\n<p><span style=\"color: #ff0000\"><strong>Samedi\u00a0soir :\u00a0Soir\u00e9e Halloween au quartier pour tous<\/strong><\/span><\/p>\n<p><img decoding=\"async\" class=\"alignnone wp-image-5936\" src=\"http:\/\/recherche-action.fr\/intermedes\/wp-content\/uploads\/sites\/9\/2016\/10\/IMG_20161029_184910-300x225.jpg\" alt=\"img_20161029_184910\" width=\"607\" height=\"455\" srcset=\"http:\/\/recherche-action.fr\/intermedes\/wp-content\/uploads\/sites\/9\/2016\/10\/IMG_20161029_184910-300x225.jpg 300w, http:\/\/recherche-action.fr\/intermedes\/wp-content\/uploads\/sites\/9\/2016\/10\/IMG_20161029_184910-768x576.jpg 768w, http:\/\/recherche-action.fr\/intermedes\/wp-content\/uploads\/sites\/9\/2016\/10\/IMG_20161029_184910.jpg 979w\" sizes=\"(max-width: 709px) 85vw, (max-width: 909px) 67vw, (max-width: 984px) 61vw, (max-width: 1362px) 45vw, 600px\" \/><\/p>\n<p>C&rsquo;est une nouvelle \u00e9dition et \u00e0 chaque fois une r\u00e9ussite. Un \u00ab\u00a0must\u00a0\u00bb o\u00f9 on vient parfois de loin retrouver les habitats.<\/p>\n<p><img loading=\"lazy\" decoding=\"async\" class=\"alignnone wp-image-5940\" src=\"http:\/\/recherche-action.fr\/intermedes\/wp-content\/uploads\/sites\/9\/2016\/10\/IMG_20161029_185119-300x225.jpg\" alt=\"img_20161029_185119\" width=\"583\" height=\"437\" srcset=\"http:\/\/recherche-action.fr\/intermedes\/wp-content\/uploads\/sites\/9\/2016\/10\/IMG_20161029_185119-300x225.jpg 300w, http:\/\/recherche-action.fr\/intermedes\/wp-content\/uploads\/sites\/9\/2016\/10\/IMG_20161029_185119-768x576.jpg 768w, http:\/\/recherche-action.fr\/intermedes\/wp-content\/uploads\/sites\/9\/2016\/10\/IMG_20161029_185119.jpg 979w\" sizes=\"(max-width: 583px) 85vw, 583px\" \/><\/p>\n<p>Notre soir\u00e9e Halloween est toujours agr\u00e9able et un moment de f\u00eate endiabl\u00e9e.<\/p>\n<p><img loading=\"lazy\" decoding=\"async\" class=\"alignnone wp-image-5937\" src=\"http:\/\/recherche-action.fr\/intermedes\/wp-content\/uploads\/sites\/9\/2016\/10\/IMG_20161029_185803-300x225.jpg\" alt=\"img_20161029_185803\" width=\"593\" height=\"445\" srcset=\"http:\/\/recherche-action.fr\/intermedes\/wp-content\/uploads\/sites\/9\/2016\/10\/IMG_20161029_185803-300x225.jpg 300w, http:\/\/recherche-action.fr\/intermedes\/wp-content\/uploads\/sites\/9\/2016\/10\/IMG_20161029_185803-768x576.jpg 768w, http:\/\/recherche-action.fr\/intermedes\/wp-content\/uploads\/sites\/9\/2016\/10\/IMG_20161029_185803.jpg 979w\" sizes=\"(max-width: 593px) 85vw, 593px\" \/><\/p>\n<p>Danse, chants, mais aussi cette ann\u00e9e, une tr\u00e8s belle mise en sc\u00e8ne dans l&rsquo;espace avec bougies , costumes et bien s\u00fbr bonbons&#8230;<\/p>\n<p><img loading=\"lazy\" decoding=\"async\" class=\"alignnone wp-image-5939\" src=\"http:\/\/recherche-action.fr\/intermedes\/wp-content\/uploads\/sites\/9\/2016\/10\/IMG_20161029_202127-300x225.jpg\" alt=\"img_20161029_202127\" width=\"563\" height=\"422\" srcset=\"http:\/\/recherche-action.fr\/intermedes\/wp-content\/uploads\/sites\/9\/2016\/10\/IMG_20161029_202127-300x225.jpg 300w, http:\/\/recherche-action.fr\/intermedes\/wp-content\/uploads\/sites\/9\/2016\/10\/IMG_20161029_202127-768x576.jpg 768w, http:\/\/recherche-action.fr\/intermedes\/wp-content\/uploads\/sites\/9\/2016\/10\/IMG_20161029_202127.jpg 979w\" sizes=\"(max-width: 563px) 85vw, 563px\" \/><\/p>\n<p>et &#8230; d\u00e9licieuse soupe avec nos citrouilles , ^r\u00e9par\u00e9e sur place plus t\u00f4t par les mamans du quartier.<\/p>\n<p><img loading=\"lazy\" decoding=\"async\" class=\"alignnone wp-image-5938\" src=\"http:\/\/recherche-action.fr\/intermedes\/wp-content\/uploads\/sites\/9\/2016\/10\/IMG_20161029_194033-300x225.jpg\" alt=\"img_20161029_194033\" width=\"473\" height=\"355\" srcset=\"http:\/\/recherche-action.fr\/intermedes\/wp-content\/uploads\/sites\/9\/2016\/10\/IMG_20161029_194033-300x225.jpg 300w, http:\/\/recherche-action.fr\/intermedes\/wp-content\/uploads\/sites\/9\/2016\/10\/IMG_20161029_194033-768x576.jpg 768w, http:\/\/recherche-action.fr\/intermedes\/wp-content\/uploads\/sites\/9\/2016\/10\/IMG_20161029_194033.jpg 979w\" sizes=\"(max-width: 473px) 85vw, 473px\" \/><\/p>\n<p>&nbsp;<\/p>\n<p><span style=\"color: #ff0000\">Samedi Villa Saint Martin atelier<\/span><\/p>\n<p><u>Participants\u00a0: Laura, Iasmina, Andrei, Lary, Simena et H\u00e9l\u00e8na <\/u><\/p>\n<p>Aujourd\u2019hui, Nous avons pr\u00e9par\u00e9 la soir\u00e9e conviviale sp\u00e9ciale Halloween.<\/p>\n<p><span style=\"color: #ff00ff\"><strong>Un atelier petite enfance<\/strong><\/span> a \u00e9tait tout d\u2019abord install\u00e9 sous le barnum avec des jeux de soci\u00e9t\u00e9s et du coloriage, jeux de construction.<\/p>\n<p><a title=\"IMG_3429\" href=\"http:\/\/www.flickr.com\/photos\/139937904@N08\/30748650975\"><img decoding=\"async\" class=\"alignnone\" src=\"https:\/\/farm6.staticflickr.com\/5643\/30748650975_7efb031ec8.jpg\" alt=\"IMG_3429\" \/><\/a><\/p>\n<p>D\u2019un autre c\u00f4t\u00e9, un atelier de d\u00e9coration pour la soir\u00e9e \u00e0 partir d\u2019orange et des bougies, en faisant une forme de citrouille avec les enfants.<\/p>\n<p><a title=\"IMG_3425\" href=\"http:\/\/www.flickr.com\/photos\/139937904@N08\/30748657935\"><img decoding=\"async\" class=\"alignnone\" src=\"https:\/\/farm6.staticflickr.com\/5766\/30748657935_5a3c1bd71a.jpg\" alt=\"IMG_3425\" \/><\/a><\/p>\n<p>Et bien \u00e9videmment, <strong>l\u2019atelier cuisine<\/strong> pour pr\u00e9parer la soupe et les beignets pour le soir. Les enfants ont particip\u00e9 \u00e0 la d\u00e9coupe des l\u00e9gumes et \u00e9galement \u00e0 la pr\u00e9paration.<\/p>\n<p><a title=\"IMG_3423\" href=\"http:\/\/www.flickr.com\/photos\/139937904@N08\/30711904616\"><img decoding=\"async\" class=\"alignnone\" src=\"https:\/\/farm6.staticflickr.com\/5327\/30711904616_b6365f9278.jpg\" alt=\"IMG_3423\" \/><\/a><\/p>\n<p>Un moment de musique a \u00e9t\u00e9 improvis\u00e9 o\u00f9 nous avons tous danser avec les enfants. L\u2019heure est vite arriv\u00e9e, et le moment de la f\u00eate \u00e0 d\u00e9marrer. La mise en place des bougies cr\u00e9er et des des autres d\u00e9corations.<\/p>\n<p><strong><span style=\"color: #ff0000\">Atelier du 29.10.2016 \u00e0 Epinay<\/span><br \/>\n<\/strong><\/p>\n<p><em><strong>Aujourd\u2019hui nous nous sommes rendus au camp d\u2019Epinay pour f\u00eater Halloween.<\/strong><\/em><\/p>\n<p>Ce fut un accueil agr\u00e9able.<\/p>\n<p><a title=\"IMG_20161029_154921\" href=\"http:\/\/www.flickr.com\/photos\/139937904@N08\/30631957422\"><img decoding=\"async\" class=\"alignnone\" src=\"https:\/\/farm6.staticflickr.com\/5764\/30631957422_724f79c13a.jpg\" alt=\"IMG_20161029_154921\" \/><\/a><\/p>\n<p>Nous avons commenc\u00e9s par des jeux collectifs \u00ab\u00a0Tic, Tac, BOUM\u00a0!\u00a0\u00bb et \u00ab\u00a0l\u2019\u00e9pervier\u00a0\u00bb.<\/p>\n<p>Les enfants ont gonfl\u00e9s des ballons et ont pu \u00eatre maquill\u00e9s pour l\u2019occasion.<\/p>\n<p><a title=\"IMG_20161029_161520\" href=\"http:\/\/www.flickr.com\/photos\/139937904@N08\/30660592051\"><img decoding=\"async\" class=\"alignnone\" src=\"https:\/\/farm6.staticflickr.com\/5702\/30660592051_fa6502b917.jpg\" alt=\"IMG_20161029_161520\" \/><\/a><\/p>\n<p><span style=\"color: #ff00ff\">Les autres\u00a0 ateliers \u00e9taient un peu laiss\u00e9s \u00e0 l\u2019abandon car les petits comme les grands voulaient tout d\u2019abord passer au maquillage.<\/span><\/p>\n<p>Certains petits ont tout de m\u00eame particip\u00e9s \u00e0 l\u2019atelier cr\u00e9atif o\u00f9 se faisait du d\u00e9coupage d\u2019\u00e9l\u00e9ments (chats, araign\u00e9es et chauves-souris) pour la cr\u00e9ation de guirlandes.<\/p>\n<p><a title=\"IMG_20161029_160910\" href=\"http:\/\/www.flickr.com\/photos\/139937904@N08\/30113323753\"><img decoding=\"async\" class=\"alignnone\" src=\"https:\/\/farm6.staticflickr.com\/5752\/30113323753_11f06a108d.jpg\" alt=\"IMG_20161029_160910\" \/><\/a><\/p>\n<p>Nous avons finis par le go\u00fbter puis par une distribution de stylos \u00e0 billes pour chaque enfant.<\/p>\n<p><span style=\"color: #ff0000\"><strong>Vendredi soir : Pr\u00e9sentation du film sur TMT, \u00e0 la SCAM<\/strong><\/span><\/p>\n<p>Dans ce beau quartier parisien, \u00e9tait projet\u00e9 pour la premi\u00e8re fois \u00ab\u00a0Tam\u00e8rentong une \u00e9cole du vivre ensemble\u00a0\u00bb, par JP et Lily Franey, film dans lequel nous apparaissons .<\/p>\n<p><img loading=\"lazy\" decoding=\"async\" class=\"alignnone wp-image-5929\" src=\"http:\/\/recherche-action.fr\/intermedes\/wp-content\/uploads\/sites\/9\/2016\/10\/IMG_6814-300x225.jpg\" alt=\"img_6814\" width=\"496\" height=\"372\" srcset=\"http:\/\/recherche-action.fr\/intermedes\/wp-content\/uploads\/sites\/9\/2016\/10\/IMG_6814-300x225.jpg 300w, http:\/\/recherche-action.fr\/intermedes\/wp-content\/uploads\/sites\/9\/2016\/10\/IMG_6814.jpg 490w\" sizes=\"(max-width: 496px) 85vw, 496px\" \/><\/p>\n<p>Laura et Grazziella ont conquis le public . JP et Lily vont continuer avec nous sur de nouveaux projets<\/p>\n<p><span style=\"color: #ff0000\"><strong>Vendredi et Mardi: nos ateliers Fran\u00e7ais Langue \u00e9trang\u00e8re\u00a0<\/strong><\/span><\/p>\n<p>Et oui nous avons d\u00e9cid\u00e9 d&rsquo;ouvrir des ateliers linguistiques \u00e0 tous, o\u00f9 les profs ont d\u00fb aussi se confronter et se confrontent encore au Fran\u00e7ais langue \u00e9trang\u00e8re.<\/p>\n<p><img loading=\"lazy\" decoding=\"async\" class=\"alignnone wp-image-5930\" src=\"http:\/\/recherche-action.fr\/intermedes\/wp-content\/uploads\/sites\/9\/2016\/10\/IMG_6787-e1477738221690-225x300.jpg\" alt=\"img_6787\" width=\"438\" height=\"584\" srcset=\"http:\/\/recherche-action.fr\/intermedes\/wp-content\/uploads\/sites\/9\/2016\/10\/IMG_6787-e1477738221690-225x300.jpg 225w, http:\/\/recherche-action.fr\/intermedes\/wp-content\/uploads\/sites\/9\/2016\/10\/IMG_6787-e1477738221690.jpg 367w\" sizes=\"(max-width: 438px) 85vw, 438px\" \/><\/p>\n<p>Un atelier d&rsquo;\u00e9change et de vie avec les petits admis (et les plus grands enfants vont se promener avec nous pendant ce temps l\u00e0).<\/p>\n<p><img loading=\"lazy\" decoding=\"async\" class=\"alignnone wp-image-5931\" src=\"http:\/\/recherche-action.fr\/intermedes\/wp-content\/uploads\/sites\/9\/2016\/10\/IMG_6804-300x225.jpg\" alt=\"img_6804\" width=\"527\" height=\"395\" srcset=\"http:\/\/recherche-action.fr\/intermedes\/wp-content\/uploads\/sites\/9\/2016\/10\/IMG_6804-300x225.jpg 300w, http:\/\/recherche-action.fr\/intermedes\/wp-content\/uploads\/sites\/9\/2016\/10\/IMG_6804.jpg 490w\" sizes=\"(max-width: 527px) 85vw, 527px\" \/><\/p>\n<p>Un atelier corps, th\u00e9\u00e2tre et langue, o\u00f9 on rit beaucoup.<\/p>\n<p><em><strong><span style=\"color: #0000ff\">Chacun est le prof&#8230;<\/span><\/strong><\/em><\/p>\n<p>&nbsp;<\/p>\n<p><strong><em><span style=\"color: #ff0000\">Jardin Vendredi:<\/span><br \/>\n<\/em><\/strong><\/p>\n<p>&nbsp;<\/p>\n<p>On part au jardin en cette belle journ\u00e9e en emmenant avec nous aussi quelques gamins d\u2019Epinay.<\/p>\n<p><a title=\"SAM_2984\" href=\"http:\/\/www.flickr.com\/photos\/139937904@N08\/30687105491\"><img decoding=\"async\" class=\"alignnone\" src=\"https:\/\/farm6.staticflickr.com\/5674\/30687105491_854c59e295.jpg\" alt=\"SAM_2984\" \/><\/a><\/p>\n<p>La t\u00e2che d\u2019aujourd\u2019hui c\u2019est\u00a0 de retourner une grande parcelle qui fait 28m de longueur et 6 de largeur. Les enfants sont tr\u00e8s impatients de r\u00e9utiliser le motoculteur car \u00e7a les intrigue et les int\u00e9resse plus que tout autre chose, et chacun d\u2019entre \u2019eux d\u00e9tient du savoir, et du savoir-faire en l\u2019utilisant sans probl\u00e8me et surtout sans de danger.<\/p>\n<p><a title=\"SAM_2982\" href=\"http:\/\/www.flickr.com\/photos\/139937904@N08\/30139882963\"><img decoding=\"async\" class=\"alignnone\" src=\"https:\/\/farm6.staticflickr.com\/5461\/30139882963_e5fe63882c.jpg\" alt=\"SAM_2982\" \/><\/a><\/p>\n<p>Nicolae et Eric font du m\u00e9nage et\u00a0 du rangement dans la cabane au jardin et ensuite rejoins les autres.<\/p>\n<p><a title=\"SAM_2978\" href=\"http:\/\/www.flickr.com\/photos\/139937904@N08\/30687109661\"><img decoding=\"async\" class=\"alignnone\" src=\"https:\/\/farm6.staticflickr.com\/5344\/30687109661_574c22ce55.jpg\" alt=\"SAM_2978\" \/><\/a><\/p>\n<p>La parcelle est presque retourn\u00e9e en totalit\u00e9, les enfants sont tr\u00e8s fiers d\u2019eux et c\u2019est l\u2019heure de la r\u00e9compense,\u00a0 du go\u00fbter pour tout le monde.<\/p>\n<p>A bient\u00f4t\u00a0!<\/p>\n<p><strong><span style=\"color: #ff0000\"><u>VENDREDI: Atelier La Rocade<\/u><\/span><\/strong><\/p>\n<p><strong><u>Participants\u00a0: Dusko, abdel , Tito, Simena, Loreilei, Helena, Pierre <\/u><\/strong><\/p>\n<p>Aujourd\u2019hui, nous avons propos\u00e9 plusieurs ateliers \u00e0 la Rocade dont Petite enfance, Foot, atelier cuisine (pop-corn), Atelier musique. <span style=\"color: #0000ff\"><em><strong>POP CORN SUCCES ASSURE<\/strong><\/em><\/span><\/p>\n<p><a title=\"20161028_165539\" href=\"http:\/\/www.flickr.com\/photos\/139937904@N08\/30448126740\"><img decoding=\"async\" class=\"alignnone\" src=\"https:\/\/farm6.staticflickr.com\/5469\/30448126740_502342a631.jpg\" alt=\"20161028_165539\" \/><\/a><\/p>\n<p><span style=\"color: #ff0000\"><strong>L\u2019atelier musique<\/strong><\/span> s\u2019est tr\u00e8s bien pass\u00e9 plusieurs ont particip\u00e9 et ont \u00e9galement chant\u00e9 sur diff\u00e9rentes musiques. Des vid\u00e9os ont \u00e9taient prises.<\/p>\n<p><strong>Pour l\u2019atelier cuisine<\/strong>, la cr\u00e9ation de pop-corn a beaucoup int\u00e9ress\u00e9 les enfants et ont m\u00eame ador\u00e9 les gouter.<\/p>\n<p><a title=\"20161028_165612\" href=\"http:\/\/www.flickr.com\/photos\/139937904@N08\/30660637331\"><img decoding=\"async\" class=\"alignnone\" src=\"https:\/\/farm6.staticflickr.com\/5502\/30660637331_2144c36942.jpg\" alt=\"20161028_165612\" \/><\/a><\/p>\n<p>Pour l\u2019atelier Petit enfance tout s\u2019est bien pass\u00e9 et les enfants ont beaucoup aim\u00e9 jouer avec la dinette et les kaplas.<\/p>\n<p>Le\u00a0 foot a beaucoup attir\u00e9 d\u2019enfants notamment un groupe de gar\u00e7ons qui se sont bien d\u00e9foul\u00e9s.<\/p>\n<p>Pour finir, pour le go\u00fbter, les enfants ont pu avoir chacun<strong><span style=\"color: #0000ff\"> un sachet de pop-corn fait par eux-m\u00eames<\/span> <\/strong>et bien \u00e9videmment un chocolat chaud pour se r\u00e9chauffer.<\/p>\n<p><span style=\"color: #ff00ff\"><strong>ATELIER BONDOUFLE<\/strong><\/span><\/p>\n<p><strong>Aujourd\u2019hui, nous avons f\u00eat\u00e9 Halloween avec les enfants<\/strong>. Ils \u00e9taient ravis lorsque nous leur avons annonc\u00e9.<\/p>\n<p><a title=\"IMG_20161028_165400\" href=\"http:\/\/www.flickr.com\/photos\/139937904@N08\/30660755431\"><img decoding=\"async\" class=\"alignnone\" src=\"https:\/\/farm6.staticflickr.com\/5645\/30660755431_1c8a1213a5.jpg\" alt=\"IMG_20161028_165400\" \/><\/a><\/p>\n<p><span style=\"color: #0000ff\">Nous avons commenc\u00e9 par le rituel\u00a0: se pr\u00e9senter en \u00e9tant en ronde.<\/span><\/p>\n<p>Puis, les ateliers ont d\u00e9marr\u00e9. Il y avait un atelier maquillage, un atelier cr\u00e9pon et un atelier petite enfance.<\/p>\n<p><a title=\"IMG_20161028_163816\" href=\"http:\/\/www.flickr.com\/photos\/139937904@N08\/30748848475\"><img decoding=\"async\" class=\"alignnone\" src=\"https:\/\/farm6.staticflickr.com\/5448\/30748848475_457894cbfc.jpg\" alt=\"IMG_20161028_163816\" \/><\/a><\/p>\n<p><strong>Tous les enfants ont voulu se faire maquiller.<\/strong> Nous \u00e9tions 4 \u00e0 maquiller, c\u2019\u00e9tait parfait car les enfants n\u2019avaient pas \u00e0 patienter. Les petits comme les grands \u00e9taient maquill\u00e9s. Une m\u00e8re nous a aussi aid\u00e9 \u00e0 faire les maquillages.<\/p>\n<p><a title=\"IMG_20161028_161748\" href=\"http:\/\/www.flickr.com\/photos\/139937904@N08\/30632134002\"><img decoding=\"async\" class=\"alignnone\" src=\"https:\/\/farm6.staticflickr.com\/5632\/30632134002_7ed7047f71.jpg\" alt=\"IMG_20161028_161748\" \/><\/a><\/p>\n<p>Lorsque les enfants patientaient ou une fois qu\u2019ils \u00e9taient maquill\u00e9s, ils ont \u00e9t\u00e9 sur l\u2019atelier cr\u00e9pon pour d\u00e9couper. C\u2019est une mati\u00e8re qu\u2019ils ne connaissent pas beaucoup mais qu\u2019ils prennent plaisir \u00e0 manipuler.<\/p>\n<p><span style=\"color: #ff00ff\"><strong>L\u2019atelier petite enfance \u00e0 tr\u00e8s bien fonctionn\u00e9<\/strong><\/span> gr\u00e2ce \u00e0 Lari qui a su l\u2019animer avec brio.<\/p>\n<p>Ensuite, lorsque tous les maquillages fut termin\u00e9, nous avons mis de la musique pour faire la f\u00eate tous ensemble. Nous avons dans\u00e9 et chanter.<\/p>\n<p><span style=\"color: #0000ff\"><strong>Dans cette ambiance festive<\/strong><\/span> nous nous sommes assis en rond sur les tapis afin de chanter quelques chansonnettes. Pour finir, nous avons pris le go\u00fbter et c\u2019\u00e9tait l\u2019heure de donner des bonbons\u00a0! Les enfants \u00e9taient tr\u00e8s heureux de l\u2019atelier et nous on remercier chacun \u00e0 leur fa\u00e7on.<\/p>\n<p>&nbsp;<\/p>\n<p><strong><span style=\"color: #ff0000\">Atelier cuisine du Vendredi<\/span> <\/strong><\/p>\n<p>Un atelier tr\u00e8s r\u00e9ussi avec une recette qu fait recette chez nous : poulet , sauce et riz .<\/p>\n<p><a title=\"IMG_3404\" href=\"http:\/\/www.flickr.com\/photos\/139937904@N08\/30116749984\"><img decoding=\"async\" class=\"alignnone\" src=\"https:\/\/farm6.staticflickr.com\/5680\/30116749984_a18947d7bb.jpg\" alt=\"IMG_3404\" \/><\/a><\/p>\n<p>60 assiettes et participants dans un vrai plaisir de table partag\u00e9e.<\/p>\n<p><a title=\"IMG_3413\" href=\"http:\/\/www.flickr.com\/photos\/139937904@N08\/30448325350\"><img decoding=\"async\" class=\"alignnone\" src=\"https:\/\/farm6.staticflickr.com\/5761\/30448325350_b7c78328db.jpg\" alt=\"IMG_3413\" \/><\/a><\/p>\n<p><span style=\"color: #0000ff\"><strong>\u00a0 On remercie Thomas une fois encore venu nous prendre de belles photos<\/strong><\/span> comme celle qui est en t\u00eate de ces KroniKs.<\/p>\n<p><span style=\"color: #ff0000\"><strong>Atelier Skate Park JEUDI<\/strong><\/span><\/p>\n<p>Aujourd\u2019hui, nous avons propos\u00e9 un atelier cr\u00e9atif, la petite enfance, les jeux de soci\u00e9t\u00e9 et le foot.<\/p>\n<p><a title=\"20161027_154636\" href=\"http:\/\/www.flickr.com\/photos\/139937904@N08\/30660876331\"><img decoding=\"async\" class=\"alignnone\" src=\"https:\/\/farm6.staticflickr.com\/5468\/30660876331_4debeedf4c.jpg\" alt=\"20161027_154636\" \/><\/a><\/p>\n<p>Sur l\u2019atelier cr\u00e9atif, les enfants ont cr\u00e9\u00e9 des fant\u00f4mes en papier. Ils ont beaucoup aim\u00e9. Leurs cr\u00e9ations feront partie de la d\u00e9coration de la soir\u00e9e conviviale sp\u00e9ciale Halloween.<\/p>\n<p><span style=\"color: #0000ff\"><strong>L\u2019atelier petite enfance a eu du succ\u00e8s<\/strong><\/span>. Les enfants ont colori\u00e9 diff\u00e9rents mod\u00e8les que nous avions imprim\u00e9s.<\/p>\n<p><a title=\"20161027_154336\" href=\"http:\/\/www.flickr.com\/photos\/139937904@N08\/30712280566\"><img decoding=\"async\" class=\"alignnone\" src=\"https:\/\/farm6.staticflickr.com\/5548\/30712280566_e79307397c.jpg\" alt=\"20161027_154336\" \/><\/a><\/p>\n<p><strong>Sur l\u2019atelier jeux de soci\u00e9t\u00e9, les enfants ont jou\u00e9 \u00e0 croque-carotte<\/strong>. C\u2019est le jeux que les enfants pr\u00e9f\u00e8rent, chaque semaine il a du succ\u00e8s\u00a0!<\/p>\n<p><strong>Concernant le foot, au d\u00e9but il y avait tr\u00e8s peu d\u2019enfants. Nous sommes all\u00e9s les chercher dans le quartier. Nous avons eu beaucoup d\u2019enfants qui nous ont suivis et qui ont accept\u00e9 de jouer<\/strong>. Nous avons fait plusieurs matchs. Les enfants \u00e9taient tr\u00e8s contents et ne voulaient\u00a0 plus s\u2019arr\u00eater\u00a0!<\/p>\n<p>Puis, nous avons pris le go\u00fbter tous ensemble. C\u2019\u00e9tait un super atelier, l\u2019ambiance \u00e9tait chaleureuse et le temps \u00e9tait de la partie\u00a0!<\/p>\n<p><span style=\"color: #ff0000\"><strong>Jeudi Atelier Massy<\/strong><\/span><\/p>\n<p><strong><u>Atelier Massy<\/u><\/strong><\/p>\n<p><strong><u>Participants\u00a0: Iasmina, Melanie, Laura, Melissa, Simena, Najami et Helena<\/u><\/strong><\/p>\n<p>Aujourd\u2019hui, Nous sommes arriv\u00e9s \u00e0 Massy pour proposer diff\u00e9rents ateliers et activit\u00e9s.<\/p>\n<p><span style=\"color: #0000ff\"><strong>Nous avons commenc\u00e9 par l\u2019atelier manuel, c\u2019est-\u00e0-dire construire des chapeaux de sorci\u00e8res pour Halloween avec les enfants.<\/strong><\/span> Un adulte nomm\u00e9 Franck est venu nous rendre visite comme tous les jeudis pour nous ramener des id\u00e9es d\u2019atelier manuels \u00e0 proposer aux enfants la prochaine fois.<a title=\"IMG_3390\" href=\"http:\/\/www.flickr.com\/photos\/139937904@N08\/30113677393\"><img decoding=\"async\" class=\"alignnone\" src=\"https:\/\/farm6.staticflickr.com\/5629\/30113677393_8af21e538f.jpg\" alt=\"IMG_3390\" \/><\/a><\/p>\n<p>Ensuite, d\u2019un autre c\u00f4t\u00e9, un groupe d\u2019enfants pour commencer la cuisine, pr\u00e9paration de cr\u00eapes avec \u00e9galement les mamans qui \u00e9taient tr\u00e8s int\u00e9ress\u00e9.<\/p>\n<p>Un match de foot s\u2019est mis en place par les enfants et nous-m\u00eames ce qui a \u00e9tait appr\u00e9ci\u00e9 de tous.\u00a0 Par ailleurs, l\u2019\u00e9quipe des gar\u00e7ons ont perdus contre l\u2019\u00e9quipe des filles, elles \u00e9taient tr\u00e8s fi\u00e8res d\u2019elles d\u2019ailleurs.<\/p>\n<p><a title=\"IMG_3398\" href=\"http:\/\/www.flickr.com\/photos\/139937904@N08\/30749028085\"><img decoding=\"async\" class=\"alignnone\" src=\"https:\/\/farm6.staticflickr.com\/5699\/30749028085_57b2a88d1a.jpg\" alt=\"IMG_3398\" \/><\/a><\/p>\n<p>Un coin petite enfance a \u00e9tait install\u00e9, les mamans sont venus et ont particip\u00e9\u00a0 \u00e0 l\u2019atelier en buvant un th\u00e9 et en mangeant des petits g\u00e2teaux qui ont \u00e9taient propos\u00e9.<\/p>\n<p><strong>Pour finir, nous nous sommes r\u00e9unies pour le conseil des quartiers<\/strong> pour donner la parole aux enfants et aux mamans pour savoir s\u2019ils ont aim\u00e9 cette journ\u00e9e d\u2019atelier et ce qu\u2019ils aimeraient faire la semaine prochaine.<\/p>\n<p><a title=\"IMG_3401\" href=\"http:\/\/www.flickr.com\/photos\/139937904@N08\/30113670763\"><img decoding=\"async\" class=\"alignnone\" src=\"https:\/\/farm6.staticflickr.com\/5689\/30113670763_debfd7ca32.jpg\" alt=\"IMG_3401\" \/><\/a><\/p>\n<p>Et le meilleur pour la fin, pour le gouter, la d\u00e9gustation des d\u00e9licieuses cr\u00eapes faite par les enfants avec de la confiture ou soit nature.<\/p>\n<p><span style=\"color: #ff0000\"><strong>Atelier jardin du jeudi<\/strong><\/span><\/p>\n<p>Un atelier d\u2019habitu\u00e9s pour une fin de saison qu&rsquo;on avance . Les fleurs sont de plus en belles.<\/p>\n<p><a title=\"SAM_2975\" href=\"http:\/\/www.flickr.com\/photos\/139937904@N08\/30113719793\"><img decoding=\"async\" class=\"alignnone\" src=\"https:\/\/farm6.staticflickr.com\/5620\/30113719793_ee57d030cd.jpg\" alt=\"SAM_2975\" \/><\/a><\/p>\n<p>Nous pr\u00e9parons la terre \u00e0 recevoir le fumier. Nous avons command\u00e9 le BRF.<\/p>\n<p>Ilm est agr\u00e9able de r\u00e9colter encore des l\u00e9gumes.<\/p>\n<p><a title=\"SAM_2974\" href=\"http:\/\/www.flickr.com\/photos\/139937904@N08\/30712366216\"><img decoding=\"async\" class=\"alignnone\" src=\"https:\/\/farm6.staticflickr.com\/5834\/30712366216_2fa2c533d3.jpg\" alt=\"SAM_2974\" \/><\/a><\/p>\n<p>Nous r\u00e9fl\u00e9chissons aux futures parcelles. Avec un jardin , nous avons toujours \u00e0 faire.<\/p>\n<p><a title=\"SAM_2969\" href=\"http:\/\/www.flickr.com\/photos\/139937904@N08\/30660961671\"><img decoding=\"async\" class=\"alignnone\" src=\"https:\/\/farm6.staticflickr.com\/5481\/30660961671_36e9013866.jpg\" alt=\"SAM_2969\" \/><\/a><\/p>\n<p><strong><span style=\"color: #ff0000\">Atelier Bondoufle du MERCREDI<\/span><\/strong><\/p>\n<p><strong><u>Atelier Bandoufle<\/u><\/strong><\/p>\n<p><strong><u>Participants\u00a0: Marion, Melissa, Simena, Melanie, Laura, Alisson, Iasmina et H\u00e9l\u00e8na<\/u><\/strong><\/p>\n<p>Aujourd\u2019hui, Nous sommes all\u00e9es sur le camp de Bondoufle pour faire diverses activit\u00e9s. Une fois, arriv\u00e9, nous nous sommes divis\u00e9s en deux groupes, <em><strong>dont un qui installe les activit\u00e9s dans le parc et l\u2019autre qui partait chercher les enfants sur le camp.<\/strong><\/em><\/p>\n<p><a title=\"IMG_3339\" href=\"http:\/\/www.flickr.com\/photos\/139937904@N08\/30448590610\"><img decoding=\"async\" class=\"alignnone\" src=\"https:\/\/farm6.staticflickr.com\/5761\/30448590610_2ba985003e.jpg\" alt=\"IMG_3339\" \/><\/a><\/p>\n<p><span style=\"color: #0000ff\"><strong>En bref ce fut un atelier qui ressemblait pour une fois \u00e0 nos ateliers de rue \u00ab\u00a0en quartier\u00a0\u00bb.<\/strong><\/span><\/p>\n<p>Les enfants \u00e9taient r\u00e9jouies d\u2019\u00eatre \u00e0 l\u2019ext\u00e9rieur du terrain pour faire plusieurs jeux collectifs et ateliers.<\/p>\n<p><a title=\"IMG_3368\" href=\"http:\/\/www.flickr.com\/photos\/139937904@N08\/30712438996\"><img decoding=\"async\" class=\"alignnone\" src=\"https:\/\/farm6.staticflickr.com\/5487\/30712438996_e701908b7a.jpg\" alt=\"IMG_3368\" \/><\/a><\/p>\n<p>Nous avons propos\u00e9 pour commencer, le jeu de connaissances, afin que chaque enfant et adultes connaissent les pr\u00e9noms de chacun.<\/p>\n<p><span style=\"color: #ff00ff\"><strong>Par la suite, les enfants de 3 \u00e0 6 ans sont venus sur l\u2019atelier petite enfance,<\/strong> <\/span>les moyens et grands sont rest\u00e9 pour jouer au B\u00e9ret, foot et balle au prisonnier. Ils ont pu \u00e0 travers ses jeux, se d\u00e9penser et \u00e9galement de lib\u00e9rer l\u2019\u00e9nergie qu\u2019ils ont.<\/p>\n<p>Un autre atelier de jeux de soci\u00e9t\u00e9 \u00e0 \u00e9tait propos\u00e9\u00a0: puzzle, devine t\u00eate, les jeux des sens.<\/p>\n<p><a title=\"IMG_3339\" href=\"http:\/\/www.flickr.com\/photos\/139937904@N08\/30448605100\"><img decoding=\"async\" class=\"alignnone\" src=\"https:\/\/farm6.staticflickr.com\/5578\/30448605100_6d1155533e.jpg\" alt=\"IMG_3339\" \/><\/a><\/p>\n<p><span style=\"color: #0000ff\">Pour cl\u00f4turer ces ateliers, nous avons propos\u00e9 aux enfants de se mettre en cercle sur le tapis, afin que les enfants se d\u00e9tendent, nous leur avons propos\u00e9 de s\u2019imaginer sur une plage, \u00e0 la mer<\/span> pour cr\u00e9er un moment calme et apaisant avant de commencer le gouter.<\/p>\n<p><a title=\"IMG_3333\" href=\"http:\/\/www.flickr.com\/photos\/139937904@N08\/30448583320\"><img decoding=\"async\" class=\"alignnone\" src=\"https:\/\/farm6.staticflickr.com\/5666\/30448583320_359a9b5057.jpg\" alt=\"IMG_3333\" \/><\/a><\/p>\n<p>A la fin de ce gouter,\u00a0 nous nous sommes dit tous au revoir et deux groupes se sont diviser, un pour ramener les enfants et l\u2019autre pour charger le mat\u00e9riel dans le camion.<\/p>\n<p><span style=\"color: #ff0000\"><strong><em>Jardin de Saulx-les-Chartreux\u00a0:<\/em><\/strong><\/span><\/p>\n<p><strong><em><span style=\"color: #ff0000\">Mercredi\u00a0 16_10_26<\/span> <\/em><\/strong><\/p>\n<p>&nbsp;<\/p>\n<p>Nous commen\u00e7ons la semaine avec notre atelier habituel de jardinage avec les enfants et comme c\u2019est la saison nous allons r\u00e9fl\u00e9chir \u00e0 combien il nous faudra prendre du fumier, terreau et brf.<\/p>\n<p><a title=\"SAM_2949\" href=\"http:\/\/www.flickr.com\/photos\/139937904@N08\/30139952423\"><img decoding=\"async\" class=\"alignnone\" src=\"https:\/\/farm6.staticflickr.com\/5706\/30139952423_847bc59c49.jpg\" alt=\"SAM_2949\" \/><\/a><\/p>\n<p>Madalin descend le motoculteur avec Eric et Franck, pour chercher les outils pour d\u00e9sherber et Nicolae avec Costi, Andrei et Andreea vont d\u00e9sherber les choux sur le terrain avant de rejoindre les autres pour les aider \u00e0 charger les mauvaises herbes et plants haricots dans la brouette.<\/p>\n<p><a title=\"SAM_2953\" href=\"http:\/\/www.flickr.com\/photos\/139937904@N08\/30687192521\"><img decoding=\"async\" class=\"alignnone\" src=\"https:\/\/farm6.staticflickr.com\/5501\/30687192521_61b251af3f.jpg\" alt=\"SAM_2953\" \/><\/a><\/p>\n<p>Sans d\u00e9lai le travail arrive \u00e0 la fin et c\u2019est l\u2019heure du go\u00fbter qui nous annonce le d\u00e9part.<\/p>\n<p><a title=\"SAM_2941\" href=\"http:\/\/www.flickr.com\/photos\/139937904@N08\/30143682254\"><img decoding=\"async\" class=\"alignnone\" src=\"https:\/\/farm6.staticflickr.com\/5679\/30143682254_a8f38f7d6c.jpg\" alt=\"SAM_2941\" \/><\/a><\/p>\n<p>A plus\u00a0!<\/p>\n<p>&nbsp;<\/p>\n<p><span style=\"color: #ff0000\"><strong>Atelier Fran\u00e7ais et linguistique du MARDI<\/strong><\/span><\/p>\n<p><u>Atelier Fle (Fran\u00e7ais et langue \u00e9trang\u00e8re)<\/u><\/p>\n<p>Aujourd\u2019hui, nous (Iasmina et H\u00e9l\u00e8na) avons propos\u00e9 aux mamans (Oumou,Sadio, Fatimata, Angelica, Ndna et plus encore \u2026)<span style=\"color: #0000ff\"><strong> un jeu o\u00f9 nous simulons le march\u00e9 de fruits et l\u00e9gumes mais avec de faux billets et monnaies afin d\u2019apprendre \u00e0 compter et \u00e0 rendre l\u2019argent.<\/strong><\/span><\/p>\n<p><a title=\"IMG_3322\" href=\"http:\/\/www.flickr.com\/photos\/139937904@N08\/30113798663\"><img decoding=\"async\" class=\"alignnone\" src=\"https:\/\/farm6.staticflickr.com\/5465\/30113798663_ab93106c55.jpg\" alt=\"IMG_3322\" \/><\/a><\/p>\n<p>Chaque maman est pass\u00e9e chacun leur tour en choisissant des fruits et l\u00e9gumes en pronon\u00e7ant \u00e9galement le nom des fruits et l\u00e9gumes. Puis elles pass\u00e8rent \u00e0 la caisse, o\u00f9 nous disions un prix et elles nous donnaient les pi\u00e8ces et billets correspondant.<\/p>\n<p><a title=\"IMG_3321\" href=\"http:\/\/www.flickr.com\/photos\/139937904@N08\/30712478366\"><img decoding=\"async\" class=\"alignnone\" src=\"https:\/\/farm6.staticflickr.com\/5650\/30712478366_b4e77a595e.jpg\" alt=\"IMG_3321\" \/><\/a><\/p>\n<p><strong>Deuxi\u00e8me partie du jeu, c\u2019\u00e9tait \u00e0 leur tour d\u2019\u00eatre la vendeuse et l\u2019acheteuse.<\/strong> L\u2019acheteuse donnait un billet plus \u00e9lev\u00e9 que le prix donn\u00e9 et la vendeuse devait rendre la monnaie.<\/p>\n<p>Les mamans ont appr\u00e9ci\u00e9 l\u2019a<a title=\"IMG_3325\" href=\"http:\/\/www.flickr.com\/photos\/139937904@N08\/30661047941\"><img decoding=\"async\" class=\"alignnone\" src=\"https:\/\/farm6.staticflickr.com\/5686\/30661047941_ec77d757e6.jpg\" alt=\"IMG_3325\" \/><\/a>telier et ce jeu avec les faux billets et la monnaie les ont beaucoup fait rire, ce qui a apporter de la joie et de la bonheur.<\/p>\n","protected":false},"excerpt":{"rendered":"<p>Nous sommes \u00ab\u00a0communo-Terre\u00a0\u00bb, nous avons une terre en commun et les pieds dessus. L&rsquo;exp\u00e9rience des Robinsons nous donne l&rsquo;occasion de voir ce qu&rsquo;un travail social communautaire peut \u00eatre ou peut devenir. Ce sont ces mamans d&rsquo;h\u00f4tel qui veulent s&rsquo;organiser\u00a0pour se garder mutuellement leurs enfants dans nos locaux ; ce sont ces parents qui entre deux &hellip; <a href=\"http:\/\/recherche-action.fr\/intermedes\/2016\/10\/29\/nous-sommes-communo-terre\/\" class=\"more-link\">Continuer la lecture<span class=\"screen-reader-text\"> de &laquo;&nbsp;Nous sommes communo-Terre&nbsp;&raquo;<\/span><\/a><\/p>\n","protected":false},"author":16,"featured_media":0,"comment_status":"open","ping_status":"open","sticky":false,"template":"","format":"standard","meta":{"footnotes":""},"categories":[1],"tags":[],"class_list":["post-5925","post","type-post","status-publish","format-standard","hentry","category-non-classe"],"jetpack_featured_media_url":"","_links":{"self":[{"href":"http:\/\/recherche-action.fr\/intermedes\/wp-json\/wp\/v2\/posts\/5925","targetHints":{"allow":["GET"]}}],"collection":[{"href":"http:\/\/recherche-action.fr\/intermedes\/wp-json\/wp\/v2\/posts"}],"about":[{"href":"http:\/\/recherche-action.fr\/intermedes\/wp-json\/wp\/v2\/types\/post"}],"author":[{"embeddable":true,"href":"http:\/\/recherche-action.fr\/intermedes\/wp-json\/wp\/v2\/users\/16"}],"replies":[{"embeddable":true,"href":"http:\/\/recherche-action.fr\/intermedes\/wp-json\/wp\/v2\/comments?post=5925"}],"version-history":[{"count":16,"href":"http:\/\/recherche-action.fr\/intermedes\/wp-json\/wp\/v2\/posts\/5925\/revisions"}],"predecessor-version":[{"id":5956,"href":"http:\/\/recherche-action.fr\/intermedes\/wp-json\/wp\/v2\/posts\/5925\/revisions\/5956"}],"wp:attachment":[{"href":"http:\/\/recherche-action.fr\/intermedes\/wp-json\/wp\/v2\/media?parent=5925"}],"wp:term":[{"taxonomy":"category","embeddable":true,"href":"http:\/\/recherche-action.fr\/intermedes\/wp-json\/wp\/v2\/categories?post=5925"},{"taxonomy":"post_tag","embeddable":true,"href":"http:\/\/recherche-action.fr\/intermedes\/wp-json\/wp\/v2\/tags?post=5925"}],"curies":[{"name":"wp","href":"https:\/\/api.w.org\/{rel}","templated":true}]}}