{"id":71,"date":"2011-08-30T13:19:11","date_gmt":"1999-11-29T23:00:00","guid":{"rendered":"http:\/\/recherche-action.fr\/intermedes\/2011\/08\/30\/lart-du-quartier\/"},"modified":"2011-08-30T13:19:11","modified_gmt":"1999-11-29T23:00:00","slug":"lart-du-quartier","status":"publish","type":"post","link":"http:\/\/recherche-action.fr\/intermedes\/2011\/08\/30\/lart-du-quartier\/","title":{"rendered":"L\u2019Art du quartier"},"content":{"rendered":"<p>&nbsp;<\/p>\n<p>&nbsp;<\/p>\n<p><span><span><strong><span><a href=\"http:\/\/4.bp.blogspot.com\/-UaHwk6rPcOY\/TlknpdfLh0I\/AAAAAAAAEto\/fCImbeDyPEA\/s1600\/DSC04619.JPG\"><img decoding=\"async\" class=\"aligncenter\" src=\"http:\/\/4.bp.blogspot.com\/-UaHwk6rPcOY\/TlknpdfLh0I\/AAAAAAAAEto\/fCImbeDyPEA\/s320\/DSC04619.JPG\" alt=\"\" border=\"0\" \/><\/a><\/span><\/strong><\/span><\/span><\/p>\n<p><span><span><strong><span><a href=\"http:\/\/4.bp.blogspot.com\/-UaHwk6rPcOY\/TlknpdfLh0I\/AAAAAAAAEto\/fCImbeDyPEA\/s1600\/DSC04619.JPG\">Notre art, nous le mettons dans le quartier, \u00e0 travers les relations que nous tissons jour apr\u00e8s jour avec les gens<\/a><\/span><\/strong><\/span><\/span><\/p>\n<div><strong><br \/>\n<\/strong><\/p>\n<div>Notre f\u00eate conviviale de ce vendredi 26 au soir \u00e9tait belle car elle est MENSUELLE; elle \u00e9tait belle car elle \u00e9tait tiss\u00e9e de confiance, et reposait sur la joie des familles, des enfants, des permanents, des stagiaires, des b\u00e9n\u00e9voles de se se retrouver.<\/div>\n<div>Merci aux familles qui ont cuisin\u00e9 pour tous, qui ont pr\u00e9par\u00e9 repas et boissons; merci \u00e0 tous d&#8217;avoir am\u00e9nag\u00e9 le lieu et surtout et avant tout de l&#8217;avoir HABITE<\/div>\n<div><strong>Encore une fois, nous \u00e9tions plus de 50<\/strong><\/div>\n<div><strong><br \/>\n<\/strong><\/div>\n<div>Nous ne faisons pas des f\u00eates pour animer, des f\u00eates qui disparaissent et qui se terminent par <strong>&#8220;Circulez y&#8217;a rien \u00e0 voir&#8221;&#8230;<\/strong><\/div>\n<div><strong><br \/>\n<\/strong><\/div>\n<div>Nous faisons <strong>au contraire <\/strong>des f\u00eates , cr\u00e9ations collectives partag\u00e9es, entrecrois\u00e9es, de portes \u00e0 portes, enfant \u00e0 enfant, famille \u00e0 famille. Une r\u00e9action en cha\u00eene contre les cha\u00eenes. Ce sont des f\u00eates qui laissent des TRACES, entre les \u00e2ges, entre les gens, entre les cultures.<\/div>\n<div>\n<div><span><img decoding=\"async\" class=\"aligncenter\" src=\"http:\/\/3.bp.blogspot.com\/-PyH50nw7yh8\/Tlkm6D7PJiI\/AAAAAAAAEtg\/qsZVWQwb-Lc\/s320\/DSC04612.JPG\" alt=\"\" border=\"0\" \/><\/span><\/div>\n<\/div>\n<div><span><strong>Car, QU&#8217;ON SE LE DISE, malgr\u00e9 une m\u00e9t\u00e9o globalement d\u00e9cevante<\/strong><\/span><\/div>\n<div><span><strong> (y compris pour nos cultures), ces deux mois d&#8217;\u00e9t\u00e9, pour nous , \u00e7a a donn\u00e9 lieu:<\/strong><\/span><\/div>\n<div><span><strong><br \/>\n<\/strong><\/span><\/div>\n<div><span><strong>&#8211; A <em>cinq ateliers par semaine<\/em>, MAINTENUS, \u00e9tendus en horaires , dont trois dans le quartier, deux aux camps rroms<\/strong><\/span><\/div>\n<div><strong>&#8211; Aux groupes des enfants, du mercredi,avec leurs petit journalistes qui ont fait des sorties, des projets graphiques, audio et vid\u00e9o<\/strong><\/div>\n<div><strong>&#8211; Au ch\u00e2teau des Robinsons, un chantier de p\u00e9dagogie sociale sur deux jours, un week end des familles, un week end des enfants et un weeck end des ados<\/strong><\/div>\n<div><strong>&#8211; Le &#8220;raid&#8221; de nos ados \u00e0 Sisteron (en cours)<\/strong><\/div>\n<div><strong>&#8211;<\/strong><strong>les groupes adultes de jardinage, plus intenses, en cette saison de culture.<\/strong><\/div>\n<div><strong><br \/>\n<\/strong><\/div>\n<div><strong>Et bien s\u00fbr ENCORE , les dimanches au terrain, une formation &#8220;apiculture&#8221; par Robin, et LES SOIREES CONVIVIALES. Plus tout le travail pour rendre tout cela possible. On en oublie, on en oublie&#8230;<\/strong><\/div>\n<div>\n<div><strong><span><img decoding=\"async\" class=\"aligncenter\" src=\"http:\/\/2.bp.blogspot.com\/-ZyoroJeL_k8\/TlqBCX1oiLI\/AAAAAAAAEuQ\/bmYRS-7jyTw\/s320\/DSC04649.JPG\" alt=\"\" border=\"0\" \/><\/span><\/strong><\/div>\n<\/div>\n<div><strong><span><span>Sur la m\u00eame p\u00e9riode&#8230;<\/span><\/span><\/strong><\/div>\n<div><strong><span>Dimanche<\/span><\/strong><\/div>\n<div><strong><br \/>\n<\/strong><\/div>\n<div><strong> <\/strong>H\u00e9l\u00e8ne et moi n&#8217;avions plus vu le terrain depuis un mois; avec les pluies, le d\u00e9broussaillage s&#8217;imposait , comme le d\u00e9sherbage autour des plants.<\/div>\n<div><span><img decoding=\"async\" class=\"aligncenter\" src=\"http:\/\/3.bp.blogspot.com\/-g8DiytS3pVo\/TlqAk9KnZoI\/AAAAAAAAEuI\/Ds1BqOSHmCo\/s320\/CIMG4140.JPG\" alt=\"\" border=\"0\" \/><\/span><\/div>\n<div><span><em>pommes, pommes, pommes<\/em><\/span><\/div>\n<div>Nous avons commenc\u00e9 la r\u00e9colte des pommes, ramass\u00e9 tant et tant de framboises, mais encore carottes, courgettes, oseille, radis noirs, etc<\/div>\n<div>Les enfants nous ont bien aid\u00e9 puis ils se sont install\u00e9s sur les arbres, et encore ont entam\u00e9 une nouvelle cabane.<\/div>\n<p><a href=\"http:\/\/3.bp.blogspot.com\/-aR3AnEhfh20\/TlqAMDXudTI\/AAAAAAAAEuA\/XcTvht5n3rE\/s1600\/CIMG4161.JPG\"><img decoding=\"async\" class=\"aligncenter\" src=\"http:\/\/3.bp.blogspot.com\/-aR3AnEhfh20\/TlqAMDXudTI\/AAAAAAAAEuA\/XcTvht5n3rE\/s320\/CIMG4161.JPG\" alt=\"\" border=\"0\" \/><\/a><\/p>\n<div><span class=\"Apple-style-span\" style=\"color:#800080;font-size:16px;line-height:24px\"><strong>SAMEDI\u00a0:<\/strong><\/span><\/div>\n<div>\n<p><span style=\"color:#ff6600\"><strong>A la VSM :<\/strong><\/span><\/p>\n<p>L\u2019atelier de ce samedi est plac\u00e9 sous le signe d\u2019une m\u00e9t\u00e9o capricieuse. On s\u2019est retrouv\u00e9 \u00e0 affronter les<a href=\"..\/files\/2011\/08\/104_3583.jpg\"><img fetchpriority=\"high\" decoding=\"async\" class=\"alignleft size-medium wp-image-50\" src=\"..\/files\/2011\/08\/104_3583-300x224.jpg\" alt=\"\" width=\"300\" height=\"224\" \/><\/a> \u00e9l\u00e9ments. De belles averses mais aussi de belles \u00e9claircies car il faut rester positif\u00a0! On a pu faire des jeux de soci\u00e9t\u00e9 et des bracelets. Mais apr\u00e8s la plus grosse averse, place au jeu de plein air avec une grosse gamelle tous ensembles\u00a0! On fini par un petit gouter rapide en \u00e9vitant les gouttes mais toujours dans la bonne humeur\u00a0!<\/p>\n<p><a href=\"http:\/\/blog.recherche-action.fr\/intermedes\/files\/2011\/08\/104_3585.jpg\"><img decoding=\"async\" class=\"alignnone size-medium wp-image-51\" src=\"http:\/\/blog.recherche-action.fr\/intermedes\/files\/2011\/08\/104_3585-300x224.jpg\" alt=\"\" width=\"300\" height=\"224\" \/><\/a> <a href=\"http:\/\/blog.recherche-action.fr\/intermedes\/files\/2011\/08\/104_3584.jpg\"><img decoding=\"async\" class=\"alignnone size-medium wp-image-52\" src=\"http:\/\/blog.recherche-action.fr\/intermedes\/files\/2011\/08\/104_3584-300x224.jpg\" alt=\"\" width=\"300\" height=\"224\" \/><\/a><\/p>\n<p>Au local, la formation apiculture se poursuit. Cet apr\u00e8s-midi sera pratique et th\u00e9orique. Nous pr\u00e9parons de nouveaux cadres qui serviront \u00e0 l\u2019accueil de nouveaux essaims notamment gr\u00e2ce \u00e0 de la cire gaufr\u00e9e. L\u2019aspect th\u00e9orique se r\u00e9sumera aux diff\u00e9rents travaux \u00e0 appliquer en fonction des saisons au rucher.<\/p>\n<p><a href=\"http:\/\/blog.recherche-action.fr\/intermedes\/files\/2011\/08\/104_3592.jpg\"><img loading=\"lazy\" decoding=\"async\" class=\"alignnone size-medium wp-image-48\" src=\"http:\/\/blog.recherche-action.fr\/intermedes\/files\/2011\/08\/104_3592-300x224.jpg\" alt=\"\" width=\"300\" height=\"224\" \/><\/a><a href=\"http:\/\/blog.recherche-action.fr\/intermedes\/files\/2011\/08\/104_35881.jpg\"><img loading=\"lazy\" decoding=\"async\" class=\"alignnone size-medium wp-image-49\" src=\"http:\/\/blog.recherche-action.fr\/intermedes\/files\/2011\/08\/104_35881-300x224.jpg\" alt=\"\" width=\"300\" height=\"224\" \/><\/a><\/p>\n<p><span style=\"color:#800080\"><strong>VENDREDI\u00a0:<\/strong><\/span><\/p>\n<p><span style=\"color:#ff6600\"><strong>Au fond de l\u2019\u00e9glise\u2026<\/strong><\/span><\/p>\n<p>Nous profitons de la pr\u00e9sence de Robin pour aller faire un tour aux rucher dans le cadre d\u2019une petite formation th\u00e9orique et pratique sur les abeilles. Les pr\u00e9cieux conseils de Robin nous aident \u00e0 mieux comprendre la vie des ces insectes. Nous d\u00e9cidons d\u2019ouvrir la ruche et d\u2019en d\u00e9couvrir rapidement l\u2019int\u00e9rieur car les abeilles appr\u00e9cient peu d\u2019\u00eatre d\u00e9rang\u00e9es durant un temps plut\u00f4t humide. Des souvenirs qui resteront longtemps grav\u00e9s\u00a0 dans l\u2019esprit\u00a0 des participants \u00e0 cet atelier.<\/p>\n<p><span style=\"color:#ff6600\"><strong>A la Rocade :<\/strong><\/span><\/p>\n<p>Peu d\u2019enfants \u00e0 l\u2019atelier aujourd\u2019hui \u00e0 cause du mauvais temps. C\u2019est un bon moyen de partager un moment privil\u00e9gi\u00e9 avec les quelques robinsons pr\u00e9sents. Au programme de notre atelier, des jeux de soci\u00e9t\u00e9 et des confections de bracelet en perle.<\/p>\n<p><a href=\"http:\/\/blog.recherche-action.fr\/intermedes\/files\/2011\/08\/DSC04585.jpg\"><img loading=\"lazy\" decoding=\"async\" src=\"http:\/\/blog.recherche-action.fr\/intermedes\/files\/2011\/08\/DSC04585-300x224.jpg\" alt=\"\" width=\"300\" height=\"224\" \/><\/a> <a href=\"http:\/\/blog.recherche-action.fr\/intermedes\/files\/2011\/08\/DSC04586.jpg\"><img loading=\"lazy\" decoding=\"async\" class=\"alignnone size-medium wp-image-54\" src=\"http:\/\/blog.recherche-action.fr\/intermedes\/files\/2011\/08\/DSC04586-300x224.jpg\" alt=\"\" width=\"300\" height=\"224\" \/><\/a><\/p>\n<p><span style=\"color:#ff0000\"><strong>JEUDI\u00a0:<\/strong><\/span><\/p>\n<p><span style=\"color:#ff0000\"><strong>Massy\u00a0: <\/strong><\/span><\/p>\n<p>Les enfants \u00e9taient aujourd\u2019hui tr\u00e8s agit\u00e9s. Certains couraient dans tous les sens, tandis que d\u2019autres continuaient leur coloriage ou jouaient au billard en bois.<a href=\"http:\/\/blog.recherche-action.fr\/intermedes\/files\/2011\/08\/DSC04559.jpg\"><img loading=\"lazy\" decoding=\"async\" src=\"http:\/\/blog.recherche-action.fr\/intermedes\/files\/2011\/08\/DSC04559-300x224.jpg\" alt=\"\" width=\"300\" height=\"224\" \/><\/a><\/p>\n<p><span style=\"color:#ff0000\"><strong>La croix Breton\u00a0:<\/strong><\/span><\/p>\n<p><a href=\"http:\/\/blog.recherche-action.fr\/intermedes\/files\/2011\/08\/DSC04567.jpg\"><img loading=\"lazy\" decoding=\"async\" class=\"alignleft size-medium wp-image-57\" src=\"http:\/\/blog.recherche-action.fr\/intermedes\/files\/2011\/08\/DSC04567-300x224.jpg\" alt=\"\" width=\"300\" height=\"224\" \/><\/a>Sandra, une nouvelle b\u00e9n\u00e9vole \u00e0 l\u2019association est venue se joindre \u00e0 nous pour cet atelier.<\/p>\n<p>Le grand tube \u00e0 arceaux a eu beaucoup de succ\u00e8s aupr\u00e8s des grandes qui se sont roul\u00e9s dedans \u00e0 tord et \u00e0 travers\u00a0 pendant que les plus jeunes r\u00e9alisaient des bracelets en perles, ou\u00a0 faisaient un tournois de uno.<\/p>\n<p>&nbsp;<\/p>\n<p><a href=\"..\/files\/2011\/08\/DSC04575.jpg\"><img loading=\"lazy\" decoding=\"async\" class=\"size-medium wp-image-58 alignnone\" src=\"..\/files\/2011\/08\/DSC04575-300x224.jpg\" alt=\"\" width=\"300\" height=\"224\" \/><\/a><\/p>\n<p><span style=\"background-color:#ffffff;color:#ff0000\"><strong>MERCREDI\u00a0: camp rrom<\/strong><\/span><strong><a href=\"http:\/\/blog.recherche-action.fr\/intermedes\/files\/2011\/08\/DSC04543.jpg\"><img loading=\"lazy\" decoding=\"async\" class=\"alignleft size-medium wp-image-59\" src=\"http:\/\/blog.recherche-action.fr\/intermedes\/files\/2011\/08\/DSC04543-300x224.jpg\" alt=\"\" width=\"300\" height=\"224\" \/><\/a><\/strong><\/p>\n<p><strong>Moulin Galant\u00a0:<\/strong><\/p>\n<p>Sous un beau soleil, des enfants habitu\u00e9s \u00a0\u00e0 notre atelier arrivent en courant pour nous rejoindre tandis que de nouvelles t\u00eates viennent petit \u00e0 petit accompagn\u00e9es pour quelques un d\u2019un parent. On alterne alors jeux de soci\u00e9t\u00e9 et jeux d\u2019\u00e9criture, et des jeux plus a\u00e9riens comme le frisbee et\u00a0 la corde russe.<\/p>\n<p><img loading=\"lazy\" decoding=\"async\" class=\"alignnone size-medium wp-image-60\" src=\"http:\/\/blog.recherche-action.fr\/intermedes\/files\/2011\/08\/DSC04548-300x224.jpg\" alt=\"\" width=\"300\" height=\"224\" \/> <a href=\"http:\/\/blog.recherche-action.fr\/intermedes\/files\/2011\/08\/DSC04558.jpg\"><img loading=\"lazy\" decoding=\"async\" class=\"alignnone size-medium wp-image-61\" src=\"http:\/\/blog.recherche-action.fr\/intermedes\/files\/2011\/08\/DSC04558-300x224.jpg\" alt=\"\" width=\"300\" height=\"224\" \/><\/a><\/p>\n<p><strong>LUNDI ET MARDI\u00a0:<\/strong><\/p>\n<p><span style=\"color:#ff6600\"><strong>Bivouac au Ch\u00e2teau de Buno\u00a0:\u00a0 <img src='https:\/\/s0.wp.com\/wp-includes\/images\/smilies\/icon_cool.gif' alt='8-)' class='wp-smiley' \/> <\/strong><\/span><\/p>\n<p>2 jours de pur bonheur pour nos petits robinsons qui d\u00e9couvrent le lieu avec des cris de joie et une \u00e9nergie dont ils nous feront profiter pendant tout notre petit s\u00e9jour de d\u00e9couverte. Les journ\u00e9es ont \u00e9t\u00e9 bien remplies, au programme\u00a0:<\/p>\n<p>&#8211;\u00a0\u00a0\u00a0\u00a0\u00a0\u00a0\u00a0\u00a0\u00a0 Des ateliers de cirque avec du jonglage parmi les herbes folles de l\u2019\u00e9chiquier g\u00e9ant, des acrobaties sur tapis, des jeux pour apprendre \u00e0 faire confiance \u00e0 son partenaire, des roulades \u00e0 deux, une initiation au trap\u00e8ze et \u00e0 la corde lisse \u00e0 l\u2019or\u00e9e du bois du ch\u00e2teau, sans oublier de jouer aux clowns dans la grande salle du haut pour ouvrir le bal.<\/p>\n<p><a href=\"http:\/\/blog.recherche-action.fr\/intermedes\/files\/2011\/08\/DSC04415.jpg\"><img loading=\"lazy\" decoding=\"async\" class=\"alignnone size-medium wp-image-62\" src=\"http:\/\/blog.recherche-action.fr\/intermedes\/files\/2011\/08\/DSC04415-300x224.jpg\" alt=\"\" width=\"300\" height=\"224\" \/><\/a> <a href=\"http:\/\/blog.recherche-action.fr\/intermedes\/files\/2011\/08\/DSC04431.jpg\"><img loading=\"lazy\" decoding=\"async\" class=\"alignnone size-medium wp-image-63\" src=\"http:\/\/blog.recherche-action.fr\/intermedes\/files\/2011\/08\/DSC04431-224x300.jpg\" alt=\"\" width=\"224\" height=\"300\" \/><\/a><\/p>\n<p>Nous avons ainsi fait 2 ateliers avec Le\u00efla et Frida qui nous ont fait d\u00e9couvrir leur passion et fait un spectacle de clown et de trap\u00e8ze juste avant notre retour sur Longjumeau.<\/p>\n<p><a href=\"http:\/\/blog.recherche-action.fr\/intermedes\/files\/2011\/08\/DSC04436.jpg\"><img loading=\"lazy\" decoding=\"async\" class=\"alignnone size-medium wp-image-66\" src=\"http:\/\/blog.recherche-action.fr\/intermedes\/files\/2011\/08\/DSC04436-224x300.jpg\" alt=\"\" width=\"224\" height=\"300\" \/><\/a> <a href=\"http:\/\/blog.recherche-action.fr\/intermedes\/files\/2011\/08\/DSC04447.jpg\"><img loading=\"lazy\" decoding=\"async\" class=\"alignnone size-medium wp-image-67\" src=\"http:\/\/blog.recherche-action.fr\/intermedes\/files\/2011\/08\/DSC04447-224x300.jpg\" alt=\"\" width=\"224\" height=\"300\" \/><\/a><\/p>\n<p>Nos 2 plus jeunes Robinsons ont jou\u00e9 les journalistes et interviewer nos 2 artistes.<\/p>\n<p>&#8211;\u00a0\u00a0\u00a0\u00a0\u00a0\u00a0\u00a0<a href=\"..\/files\/2011\/08\/DSC04476.jpg\"><img loading=\"lazy\" decoding=\"async\" class=\"alignleft size-medium wp-image-64\" src=\"..\/files\/2011\/08\/DSC04476-300x224.jpg\" alt=\"\" width=\"300\" height=\"224\" \/><\/a>\u00a0\u00a0 Nous avons \u00e9galement fait de petits tours de barque sur l\u2019Essonne, un peu de v\u00e9lo pr\u00eat\u00e9 par notre h\u00f4te, Vincent, et de la peinture.<\/p>\n<p>&#8211;\u00a0\u00a0\u00a0\u00a0\u00a0\u00a0\u00a0\u00a0\u00a0 Notre soir\u00e9e autour des grillades, puis de chamallows et d\u2019un conte a cl\u00f4tur\u00e9 notre premi\u00e8re journ\u00e9e en beaut\u00e9.<\/p>\n<p>&nbsp;<\/p>\n<p><a href=\"http:\/\/blog.recherche-action.fr\/intermedes\/files\/2011\/08\/DSC04478.jpg\"><img loading=\"lazy\" decoding=\"async\" class=\"alignleft size-medium wp-image-65\" src=\"http:\/\/blog.recherche-action.fr\/intermedes\/files\/2011\/08\/DSC04478-300x224.jpg\" alt=\"\" width=\"300\" height=\"224\" \/><\/a>Tout au long de ce s\u00e9jour, nos petits Robinsons ont particip\u00e9 \u00e0 tout, installation des chambr\u00e9es, cuisine, rangement, m\u00e9nage, tout pour apprendre \u00e0 vivre ensemble, \u00e0 respecter ce beau ch\u00e2teau et son ch\u00e2telain, qui nous ouvrent grand leurs bras et leurs portes et qu\u2019il faut respecter, pour pouvoir y revenir encore et encore\u00a0!<\/p>\n<p>&nbsp;<\/p>\n<p>Un grand merci \u00e0 Vincent, Cindy, notre super b\u00e9n\u00e9vole et amie, \u00e0 nos 2 artistes, et aux enfants\u00a0!<\/p>\n<h1><strong>&#8221; L&#8217;effet R vescent&#8221;, par Abdelnasser Pochet: seconde partie.<\/strong><\/h1>\n<div>\n<p><strong>(L\u2019effet versecent Abdelnasser suite)<\/strong><\/p>\n<p>&nbsp;<\/p>\n<p><em><strong>Rappel du d\u00e9but: Abdel raconte ici ses impressions lors de son premier atelier \u00e9ducatif de rue , aupr\u00e8s des enfants Rroms, de Robinson<\/strong>.<\/em><\/p>\n<p>&nbsp;<\/p>\n<p><em>(&#8230;)\u00a0<\/em>Sophie et moi sommes tout \u00e0 notre t\u00e2che, zigzaguant d&#8217;un coin \u00e0 l&#8217;autre de la b\u00e2che pour ranger un carton donner un tablier passer un pinceau, prendre une photo, r\u00e9pondre \u00e0 une question. A chaque \u0153uvre achev\u00e9e, nous immortalisons l&#8217;instant en la prenant en photo avec son propri\u00e9taire. Les enfants ont d\u00e9laiss\u00e9 les tabliers en sac poubelle, et les parents n&#8217;ont pas l&#8217;air de ce soucier des t\u00e2ches sur leurs v\u00eatements. Lorsqu&#8217;une pile cons\u00e9quente de toile commence \u00e0 ce former, nous commen\u00e7ons \u00e0 vouloir les redistribuer \u00e0 leurs auteurs respectifs. On se retrouve un peu b\u00eates en constatant que personne ne veut r\u00e9cup\u00e9rer son dessin. En effet, o\u00f9 pourraient-ils les exposer dans des caravanes d\u00e9j\u00e0 surpeupl\u00e9es? On d\u00e9cide alors de les ramener avec nous, tant pis pour nos grandes id\u00e9es.<\/p>\n<p>&nbsp;<\/p>\n<p>Une fois tous les cartons recouverts de peintures, alors que d&#8217;autres enfants continuent \u00e0 affluer, nous d\u00e9cidons de remballer, satisfaits de cette premi\u00e8re exp\u00e9rience. Apr\u00e8s avoir bourr\u00e9 le coffre de la voiture avec les toiles et mat\u00e9riels restant, nous revenons devant la caravane pour dire au revoir. Maria nous invite dans sa caravane et nous pr\u00e9sente sa famille. On reste l\u00e0 un moment \u00e0 discuter. Ils nous racontent leur exode, les conditions de vie en Roumanie, l&#8217;arriv\u00e9e en France, la police qui vient dans le camp pour distribuer les OQTF(*). Une phrase ce jour l\u00e0 m&#8217;a frapp\u00e9, un homme qui nous regardait et avec qui je parlais des conditions de vie dans le camp, m&#8217;a dit: \u00ab On est toujours mieux ici que en Roumanie, m\u00eame si il y a la boue, la police, c&#8217;est mieux! \u00bb<\/p>\n<p>&nbsp;<\/p>\n<p>On retourne dans la voiture apr\u00e8s avoir salu\u00e9 tout le monde. Une fois les cl\u00e9s sur le contact, un silence pesant nous apparut dans l&#8217;habitacle. Sur le chemin une impression \u00e9trange nous assaillit alors que nous retournions \u00e0 la ville, avec ses immeubles, ces publicit\u00e9s, ces rue propres, ces passant indiff\u00e9rents. Je me sentais comme un cachet d&#8217;aspirine en train de ce dissoudre dans la civilisation.<strong><em>C&#8217;est comme si on avait fait un long voyage en quelque seconde, pour passer d&#8217;un pays \u00e0 un autre. On a du mal \u00e0 croire ce que l&#8217;on voit, \u00e0 croire qu&#8217;une telle mis\u00e8re c\u00f4toie de si pr\u00e8s la civilisation aseptis\u00e9e. On en discute avec Sophie, et on donne un nom \u00e0 cette sensation, ca s&#8217;appelle : \u00ab l&#8217;effet r&#8217;vescent \u00bb.<\/em><\/strong><\/p>\n<p>&nbsp;<\/p>\n<p>A partir de l\u00e0, nous sommes retourn\u00e9s toute les semaines. Toutes les semaines, cette m\u00eame appr\u00e9hension avant de rentrer dans le camp. Toutes les semaines le m\u00eame \u00ab effet r&#8217;v\u00e9scent \u00bb en en sortant. Toutes les semaines le caf\u00e9 en arrivant, d&#8217;abords chez Maria, puis quand elle est partie, chez Lola, chez Ceausescu, chez Rodolphe. La langue \u00e9trange et inconnue nous est devenue famili\u00e8re. Nous \u00e9tions les \u00ab gadjos \u00bb qui venait faire la \u00ab schkol \u00bb aux \u00ab tsigans \u00bb parmi les \u00ab chobolanes \u00bb les silhouettes timides se sont entich\u00e9es de pr\u00e9noms, de sourires et de caract\u00e8res propres. Il y avait Beni, David, Denisa, Iasmina, Cosmin&#8230; Petit \u00e0 petit, nous avons appris \u00e0 les conna\u00eetre, nous avons partag\u00e9 certaines de leurs joies, de leurs peines, leurs avons appris \u00e0 dessiner pour certains, \u00e0 \u00e9crire pour d&#8217;autres, \u00e0 compter aussi, \u00e0 jongler, \u00e0 jouer. Avec\u00a0<strong>Sophie, puis Aur\u00e9lien, Elise, Van Chien, Borys, Caro, Ana\u00efs,<\/strong>\u00a0nous les avons accompagn\u00e9s, cherchant \u00e0 apporter aux enfants quelques gouttes de connaissance dans leur soif d&#8217;apprendre, quelques outils pour cultiver leurs jardins.<\/p>\n<p>&nbsp;<\/p>\n<\/div>\n<\/div>\n<\/div>\n","protected":false},"excerpt":{"rendered":"<p>&nbsp; &nbsp; Notre art, nous le mettons dans le quartier, \u00e0 travers les relations que nous tissons jour apr\u00e8s jour avec les gens Notre f\u00eate conviviale de ce vendredi 26 au soir \u00e9tait belle car elle est MENSUELLE; elle \u00e9tait belle car elle \u00e9tait tiss\u00e9e de confiance, et reposait sur la joie des familles, des [&#8230;]<\/p>\n","protected":false},"author":1,"featured_media":0,"comment_status":"open","ping_status":"open","sticky":false,"template":"","format":"standard","meta":{"footnotes":""},"categories":[1],"tags":[],"class_list":["post-71","post","type-post","status-publish","format-standard","hentry","category-non-classe"],"jetpack_featured_media_url":"","_links":{"self":[{"href":"http:\/\/recherche-action.fr\/intermedes\/wp-json\/wp\/v2\/posts\/71","targetHints":{"allow":["GET"]}}],"collection":[{"href":"http:\/\/recherche-action.fr\/intermedes\/wp-json\/wp\/v2\/posts"}],"about":[{"href":"http:\/\/recherche-action.fr\/intermedes\/wp-json\/wp\/v2\/types\/post"}],"author":[{"embeddable":true,"href":"http:\/\/recherche-action.fr\/intermedes\/wp-json\/wp\/v2\/users\/1"}],"replies":[{"embeddable":true,"href":"http:\/\/recherche-action.fr\/intermedes\/wp-json\/wp\/v2\/comments?post=71"}],"version-history":[{"count":0,"href":"http:\/\/recherche-action.fr\/intermedes\/wp-json\/wp\/v2\/posts\/71\/revisions"}],"wp:attachment":[{"href":"http:\/\/recherche-action.fr\/intermedes\/wp-json\/wp\/v2\/media?parent=71"}],"wp:term":[{"taxonomy":"category","embeddable":true,"href":"http:\/\/recherche-action.fr\/intermedes\/wp-json\/wp\/v2\/categories?post=71"},{"taxonomy":"post_tag","embeddable":true,"href":"http:\/\/recherche-action.fr\/intermedes\/wp-json\/wp\/v2\/tags?post=71"}],"curies":[{"name":"wp","href":"https:\/\/api.w.org\/{rel}","templated":true}]}}