{"id":113,"date":"2013-07-18T17:18:17","date_gmt":"2013-07-18T16:18:17","guid":{"rendered":"http:\/\/recherche-action.fr\/labo-social\/?p=113"},"modified":"2013-07-18T17:18:17","modified_gmt":"2013-07-18T16:18:17","slug":"financer-l-humain","status":"publish","type":"post","link":"http:\/\/recherche-action.fr\/labo-social\/2013\/07\/18\/financer-l-humain\/","title":{"rendered":"Financer l humain"},"content":{"rendered":"<p>Ceci est une proposition deRecherche Action qui prend pour cadre , en premier l&rsquo;association Interm\u00e8des Robinson de Longjumeau , en lien avec son territoire (quartier populaire de la ville de Longjumeau, CUCS, 10 000 habitants)<\/p>\n<p>Il s&rsquo;agit d&rsquo;une recherche visant \u00e0 analyser et \u00e0 accompagner l&rsquo;introduction d&rsquo;un nouvel outil d&rsquo;intervention sociale qui va petit \u00e0 petit impacter l&rsquo;ensemble des activit\u00e9s de l&rsquo;association.<\/p>\n<p>Il s&rsquo;agit de la mise en place d&rsquo;une monnaie locale, interne \u00e0 l&rsquo;association, destin\u00e9e \u00e0 valoriser les productions de ses membres. Dans le cadre de l&rsquo;association Interm\u00e8des Robinson, il s&rsquo;agit d&rsquo;agriculture, d&rsquo;apiculture, de brocante, et d&rsquo;expression artistique et plastique.<\/p>\n<p>Cette introduction de la monnaie vient d&rsquo;une r\u00e9flexion engag\u00e9e au sein de l&rsquo;association concernant d&rsquo;une part \u00a0la n\u00e9cessit\u00e9 de prendre en compte les r\u00e9alit\u00e9s \u00e9conomiques dans le cadre de nos activit\u00e9s (autrement bas\u00e9es sur le don et la gratuit\u00e9) et d&rsquo;autre part de valoriser ce qui est produit en son sein et dont nous avons l&rsquo;impression que le public ne s&rsquo;en saisit pas forc\u00e9ment .<\/p>\n<p>&nbsp;<\/p>\n<p>Remarques:<\/p>\n<p>1. \u00a0L&rsquo;utilisation dans le carre p\u00e9dagogique d&rsquo;une monnaie interne est un \u00e9l\u00e9ment qui a \u00e9t\u00e9 d\u00e9velopp\u00e9 et \u00e9tudi\u00e9 particuli\u00e8rement dans le cadre scolaire et le cadre ferm\u00e9 de la classe. Il s&rsquo;agit ici des travaux de \u00a0la P\u00e9dagogie Institutionnelle (Oury\/ Vasquez, Laffitte) .<br \/>\nIl ne s&rsquo;agit pas ici tout \u00e0 fait du m\u00eame cadre et donc de la m\u00eame chose. L&rsquo;utilisation dans le cadre de l&rsquo;association Interm\u00e8des d&rsquo;une \u00ab\u00a0monnaie int\u00e9rieure\u00a0\u00bb, impactera un public bien plus large et ouvert sur son environnement.<\/p>\n<p>&nbsp;<\/p>\n<p>2. Le d\u00e9veloppement de monnaies alternatives dans le cadre d&rsquo;une \u00e9conomie humaniste \u00a0a fait et fait toujours l&rsquo;objet de diff\u00e9rents types d&rsquo;exp\u00e9rimentation: \u00e0 l&rsquo;\u00e9chelle d&rsquo;un quartier, par entente entre diff\u00e9rentes structures, enseignes ou boutiques, \u00e0 l&rsquo;initiative de collectivit\u00e9s, etc. \u00a0Des exemples internationaux existent \u00e0 grande \u00e9chelle.<\/p>\n<p>Il est \u00e0 noter que la pr\u00e9sente exp\u00e9rimentation\/action est un peu particuli\u00e8re car elle ne vise pas tant \u00e0 agir pour une autre \u00e9conomie, c&rsquo;est \u00e0 dire en fonction d&rsquo;un id\u00e9al ou au profit d&rsquo;une vision ou doctrine sociale, que pour constituer un levier d&rsquo;animation et de d\u00e9veloppement d&rsquo;activit\u00e9 locale.<\/p>\n<p>3. L&rsquo;annonce de recourir \u00e0 une monnaie, m\u00eame \u00ab\u00a0int\u00e9rieure\u00a0\u00bb, provoque des r\u00e9actions:<\/p>\n<p>&#8211; r\u00e9actions de frayeur ou de craintes, de la part des acteurs sociaux d&rsquo;une part, qui se demandent comment ils peuvent concilier l&rsquo;image d&rsquo;une monnaie, de la \u00ab\u00a0valeur argent\u00a0\u00bb avec les valeurs immat\u00e9rielles qui les animent.<\/p>\n<p>&#8211; r\u00e9actions possibles , \u00e0 v\u00e9rifier ou infirmer de craintes institutionnelles, sociales ou autres,<\/p>\n<p>Il y a donc au cours de cette exp\u00e9rimentation\/ action bien deux plans privil\u00e9gi\u00e9s \u00e0 \u00e9tudier:<\/p>\n<p>&#8211; le plan de la dynamique interne des acteurs li\u00e9s \u00e0 l&rsquo;association , et l&rsquo;impact de l&rsquo;outil \u00ab\u00a0monnaie\u00a0\u00bb au coeur de cette dynamique<\/p>\n<p>&#8211; le plan \u00ab\u00a0du territoire\u00a0\u00bb et de l&rsquo;effet de l&rsquo;utilisation de cet outil sur ses propres dynamiques relationnelles et sociales<\/p>\n<p>4- L&rsquo;int\u00e9r\u00eat d&rsquo;ouvrir cette recherche action \u00e0 la comparaison avec un \u00ab\u00a0autre terrain\u00a0\u00bb<\/p>\n<p>Il serait int\u00e9ressant de mettre en lien ce projet de recherche\/ action avec un autre projet voisin qui anime \u00ab\u00a0l&rsquo;\u00e9chomus\u00e9e\u00a0\u00bb de Paris (Goutte d&rsquo;or). En effet il y a l\u00e0 une volont\u00e9 de mettre en oeuvre une forme \u00ab\u00a0d&rsquo;AMAP\u00a0\u00bb culturelle ou socioculturelle dans son environnement.<\/p>\n<p>Le principe de l&rsquo;AMAP est connu; il s&rsquo;agit d&rsquo;un achat anticip\u00e9 de marchandises incertaines. Port\u00e9 sur le plan culturel, de l&rsquo;accession au savoir, de la formation, ce principe permettrait \u00e0 la fois de valoriser les \u00ab\u00a0productions culturelles\u00a0\u00bb \u00a0et de d\u00e9velopper une meilleure communication autour de ces offres.<\/p>\n<p>Sans id\u00e9e a priori des \u00e9l\u00e9ments \u00e0 comparer entre ces deux exp\u00e9riences, on pourra certainement rapprocher certains \u00e9l\u00e9ments des dynamiques cr\u00e9es et de leurs effets.<\/p>\n<p>&nbsp;<\/p>\n<p>Calendrier de cette recherche action: mise en oeuvre progressive au cours de l&rsquo;ann\u00e9e 2013<\/p>\n<p>&nbsp;<\/p>\n<p>Personne coordinatrice et ressource: Laurent Ott, docteur en Philosophie, acteur social engag\u00e9<\/p>\n","protected":false},"excerpt":{"rendered":"<p>Ceci est une proposition deRecherche Action qui prend pour cadre , en premier l&rsquo;association Interm\u00e8des Robinson de Longjumeau , en lien avec son territoire (quartier populaire de la ville de Longjumeau, CUCS, 10 000 habitants) Il s&rsquo;agit d&rsquo;une recherche visant \u00e0 analyser et \u00e0 accompagner l&rsquo;introduction d&rsquo;un nouvel outil d&rsquo;intervention [&hellip;]<\/p>\n","protected":false},"author":16,"featured_media":0,"comment_status":"open","ping_status":"open","sticky":false,"template":"","format":"standard","meta":{"_jetpack_memberships_contains_paid_content":false,"footnotes":"","jetpack_publicize_message":"","jetpack_publicize_feature_enabled":true,"jetpack_social_post_already_shared":true,"jetpack_social_options":{"image_generator_settings":{"template":"highway","default_image_id":0,"font":"","enabled":false},"version":2},"_links_to":"","_links_to_target":""},"categories":[3],"tags":[],"class_list":["post-113","post","type-post","status-publish","format-standard","hentry","category-contributions"],"jetpack_publicize_connections":[],"jetpack_featured_media_url":"","jetpack_sharing_enabled":true,"jetpack_shortlink":"https:\/\/wp.me\/p3rD7a-1P","jetpack-related-posts":[{"id":558,"url":"http:\/\/recherche-action.fr\/labo-social\/2015\/01\/19\/rencontre-participation-aux-ateliers-dintermedes-robinson\/","url_meta":{"origin":113,"position":0},"title":"Rencontre \/ participation aux ateliers d&rsquo;Interm\u00e8des Robinson","author":"","date":"19 janvier 2015","format":false,"excerpt":"Bonjour, l'association Interm\u00e8des Robinson, cr\u00e9\u00e9e en 2005 anime des ateliers de rue \u00e0 Longjumeau pour les petits, les grands et les adultes. Une d\u00e9marche \u00e9ducative non formelle relevant de la p\u00e9dagogie sociale, en dehors des institutions. Le site de l'association En 2015, nous entamons une d\u00e9marche de recherche action et\u2026","rel":"","context":"Dans &quot;Actualit\u00e9&quot;","block_context":{"text":"Actualit\u00e9","link":"http:\/\/recherche-action.fr\/labo-social\/category\/actualite\/"},"img":{"alt_text":"","src":"https:\/\/i0.wp.com\/recherche-action.fr\/labo-social\/wp-content\/uploads\/sites\/3\/2015\/01\/Logo_Robinson_fond_transparent-290x290.png?resize=350%2C200","width":350,"height":200},"classes":[]},{"id":408,"url":"http:\/\/recherche-action.fr\/labo-social\/2014\/08\/22\/fab-lab-ecole-urbaine-une-ecole-integrale-et-mutuelle-en-pedagogie-sociale\/","url_meta":{"origin":113,"position":1},"title":"\u00ab Fab Lab Ecole Urbaine \u00bb : Une \u00e9cole int\u00e9grale et mutuelle en P\u00e9dagogie Sociale (Champlan-91)","author":"intermedes","date":"22 ao\u00fbt 2014","format":false,"excerpt":"Contexte de l\u2019exp\u00e9rimentation L\u2019association Interm\u00e8des Robinson , cr\u00e9\u00e9e en 2005 est connue pour d\u00e9velopper un programme innovant mais local, \u00e0 Longjumeau\u00a0 et communes environnantes (Nord Essonne) Il s\u2019agit d\u2019un programme d\u2019\u00e9ducation non formelle ouvert \u00e0 tous les \u00e2ges dont la particularit\u00e9 est que toutes les actions se d\u00e9roulent en dehors\u2026","rel":"","context":"Dans &quot;Exp\u00e9rimentation&quot;","block_context":{"text":"Exp\u00e9rimentation","link":"http:\/\/recherche-action.fr\/labo-social\/category\/experimentation\/"},"img":{"alt_text":"","src":"https:\/\/i0.wp.com\/recherche-action.fr\/labo-social\/wp-content\/uploads\/sites\/3\/2014\/08\/DSC00438.jpg?resize=350%2C200","width":350,"height":200},"classes":[]},{"id":450,"url":"http:\/\/recherche-action.fr\/labo-social\/2014\/09\/25\/fab-lab-ecole-urbaine-atelier-de-recherche-action\/","url_meta":{"origin":113,"position":2},"title":"Fab Lab Ecole Urbaine  Atelier de recherche action( champlan-91)","author":"intermedes","date":"25 septembre 2014","format":false,"excerpt":"Recherche-action \u00ab\u00a0Fab Lab \u00c9cole Urbaine\u00a0\u00bb Atelier recherche action anim\u00e9 par l\u2019association Interm\u00e8des Robinson (91) en partenariat avec le Laboratoire d'Innovation Sociale par la Recherche-Action L'Espace de Vie Sociale Interm\u00e8des Robinson, qui r\u00e9alise des actions \u00e9ducatives en milieu ouvert et de d\u00e9veloppement social communautaire dans les espaces publics d'un quartier \u00ab\u00a0zone\u2026","rel":"","context":"Dans &quot;Actualit\u00e9&quot;","block_context":{"text":"Actualit\u00e9","link":"http:\/\/recherche-action.fr\/labo-social\/category\/actualite\/"},"img":{"alt_text":"","src":"","width":0,"height":0},"classes":[]},{"id":4411,"url":"http:\/\/recherche-action.fr\/labo-social\/2019\/07\/30\/journees-de-formation-recherche-actions-et-education-populaire\/","url_meta":{"origin":113,"position":3},"title":"Journ\u00e9es de formation Recherche Actions et \u00c9ducation Populaire","author":"Hugues Bazin","date":"30 juillet 2019","format":false,"excerpt":"4e Festival de P\u00e9dagogie sociale \u00ab Recherche et Actions populaires en \u00c9ducation \u00bb 18-19 octobre 2019 - Chilly-Mazarin (91) Ces deux journ\u00e9es sont l'occasion de croiser la d\u00e9marche de p\u00e9dagogie sociale d'Interm\u00e8des Robinson et de recherche-action du LISRA qui se connaissent et travaillent ensemble depuis de nombreuses ann\u00e9es. Elles ont\u2026","rel":"","context":"Dans &quot;Formation-action&quot;","block_context":{"text":"Formation-action","link":"http:\/\/recherche-action.fr\/labo-social\/category\/formation-action\/"},"img":{"alt_text":"","src":"https:\/\/i0.wp.com\/recherche-action.fr\/labo-social\/wp-content\/uploads\/sites\/3\/2019\/07\/AFFICHE-WEB-724x1024.jpg?resize=350%2C200","width":350,"height":200,"srcset":"https:\/\/i0.wp.com\/recherche-action.fr\/labo-social\/wp-content\/uploads\/sites\/3\/2019\/07\/AFFICHE-WEB-724x1024.jpg?resize=350%2C200 1x, https:\/\/i0.wp.com\/recherche-action.fr\/labo-social\/wp-content\/uploads\/sites\/3\/2019\/07\/AFFICHE-WEB-724x1024.jpg?resize=525%2C300 1.5x, https:\/\/i0.wp.com\/recherche-action.fr\/labo-social\/wp-content\/uploads\/sites\/3\/2019\/07\/AFFICHE-WEB-724x1024.jpg?resize=700%2C400 2x"},"classes":[]},{"id":4976,"url":"http:\/\/recherche-action.fr\/labo-social\/2022\/04\/19\/pedagogie-sociale-et-recherche-action\/","url_meta":{"origin":113,"position":4},"title":"P\u00e9dagogie sociale et recherche-action","author":"Hugues Bazin","date":"19 avril 2022","format":false,"excerpt":"Comme la recherche-action, la P\u00e9dagogie sociale ne s\u2019appuie pas sur des mod\u00e8les ; elle repose sur l\u2019engagement et la rupture. ; elle est \u00e0 la fois pratique et th\u00e9orie et repose sur l\u2019analyse et la r\u00e9flexion sur l\u2019action. De ce fait, nous devons nous interroger sur ce que permet la\u2026","rel":"","context":"Dans &quot;Formation-action&quot;","block_context":{"text":"Formation-action","link":"http:\/\/recherche-action.fr\/labo-social\/category\/formation-action\/"},"img":{"alt_text":"","src":"https:\/\/i0.wp.com\/recherche-action.fr\/labo-social\/wp-content\/uploads\/sites\/3\/2022\/04\/26910234254_9819684c30_k-1024x577-1.jpg?resize=350%2C200","width":350,"height":200,"srcset":"https:\/\/i0.wp.com\/recherche-action.fr\/labo-social\/wp-content\/uploads\/sites\/3\/2022\/04\/26910234254_9819684c30_k-1024x577-1.jpg?resize=350%2C200 1x, https:\/\/i0.wp.com\/recherche-action.fr\/labo-social\/wp-content\/uploads\/sites\/3\/2022\/04\/26910234254_9819684c30_k-1024x577-1.jpg?resize=525%2C300 1.5x, https:\/\/i0.wp.com\/recherche-action.fr\/labo-social\/wp-content\/uploads\/sites\/3\/2022\/04\/26910234254_9819684c30_k-1024x577-1.jpg?resize=700%2C400 2x"},"classes":[]},{"id":832,"url":"http:\/\/recherche-action.fr\/labo-social\/2016\/10\/10\/biffins-recuperateurs-vendeurs-acteurs-de-la-ville-et-du-reemploi\/","url_meta":{"origin":113,"position":5},"title":"FORUM\/D\u00c9BAT Les biffins r\u00e9cup\u00e9rateurs-vendeurs, acteurs de la ville et du r\u00e9emploi : un autre visage de l\u2019\u00e9co-d\u00e9veloppement et de l\u2019\u00e9conomie solidaire","author":"Hugues Bazin","date":"10 octobre 2016","format":false,"excerpt":"Le Laboratoire d'Innovation Sociale par la Recherche-Action, la Maison des Sciences de l\u2019Homme Paris-Nord et les acteurs du collectif Rues Marchandes : Amelior, Aurore, Interm\u00e8des, Makesense, Le r\u00e9seau de recherche Soci\u00e9t\u00e9s Urbaines et D\u00e9chets, Sauve qui Peut, WOS-agence des Hypoth\u00e8ses... \u2026 sont heureux de vous inviter au forum public :\u2026","rel":"","context":"Dans &quot;Actualit\u00e9&quot;","block_context":{"text":"Actualit\u00e9","link":"http:\/\/recherche-action.fr\/labo-social\/category\/actualite\/"},"img":{"alt_text":"","src":"https:\/\/i0.wp.com\/recherche-action.fr\/labo-social\/wp-content\/uploads\/sites\/3\/2016\/10\/rue-marchande-1-1024x456.jpg?resize=350%2C200","width":350,"height":200,"srcset":"https:\/\/i0.wp.com\/recherche-action.fr\/labo-social\/wp-content\/uploads\/sites\/3\/2016\/10\/rue-marchande-1-1024x456.jpg?resize=350%2C200 1x, https:\/\/i0.wp.com\/recherche-action.fr\/labo-social\/wp-content\/uploads\/sites\/3\/2016\/10\/rue-marchande-1-1024x456.jpg?resize=525%2C300 1.5x, https:\/\/i0.wp.com\/recherche-action.fr\/labo-social\/wp-content\/uploads\/sites\/3\/2016\/10\/rue-marchande-1-1024x456.jpg?resize=700%2C400 2x"},"classes":[]}],"post_mailing_queue_ids":[],"_links":{"self":[{"href":"http:\/\/recherche-action.fr\/labo-social\/wp-json\/wp\/v2\/posts\/113","targetHints":{"allow":["GET"]}}],"collection":[{"href":"http:\/\/recherche-action.fr\/labo-social\/wp-json\/wp\/v2\/posts"}],"about":[{"href":"http:\/\/recherche-action.fr\/labo-social\/wp-json\/wp\/v2\/types\/post"}],"author":[{"embeddable":true,"href":"http:\/\/recherche-action.fr\/labo-social\/wp-json\/wp\/v2\/users\/16"}],"replies":[{"embeddable":true,"href":"http:\/\/recherche-action.fr\/labo-social\/wp-json\/wp\/v2\/comments?post=113"}],"version-history":[{"count":0,"href":"http:\/\/recherche-action.fr\/labo-social\/wp-json\/wp\/v2\/posts\/113\/revisions"}],"wp:attachment":[{"href":"http:\/\/recherche-action.fr\/labo-social\/wp-json\/wp\/v2\/media?parent=113"}],"wp:term":[{"taxonomy":"category","embeddable":true,"href":"http:\/\/recherche-action.fr\/labo-social\/wp-json\/wp\/v2\/categories?post=113"},{"taxonomy":"post_tag","embeddable":true,"href":"http:\/\/recherche-action.fr\/labo-social\/wp-json\/wp\/v2\/tags?post=113"}],"curies":[{"name":"wp","href":"https:\/\/api.w.org\/{rel}","templated":true}]}}