{"id":219,"date":"2013-12-25T22:45:06","date_gmt":"2013-12-25T21:45:06","guid":{"rendered":"http:\/\/recherche-action.fr\/labo-social\/?p=219"},"modified":"2013-12-25T22:45:06","modified_gmt":"2013-12-25T21:45:06","slug":"les-laboratoires-de-linnovation-sociale","status":"publish","type":"post","link":"http:\/\/recherche-action.fr\/labo-social\/2013\/12\/25\/les-laboratoires-de-linnovation-sociale\/","title":{"rendered":"Les laboratoires de l\u2019innovation sociale"},"content":{"rendered":"<p>La recherche au c\u0153ur des mobilisations citoyennes ? Forum de r\u00e9flexion partag\u00e9e entre acteurs et chercheurs, les jeudi 8 et vendredi 9 novembre 2012, \u00e0 Rennes II. Cet \u00e9v\u00e9nement est co-organis\u00e9 par le CCB, ESO (Universit\u00e9 Rennes 2), l\u2019ARS (UBO-Brest), l\u2019Association Rennaise des Centres Sociaux et la CRES Bretagne.<\/p>\n<p>Ce forum, aboutissement d\u2019une recherche partenariale de 3 ans intitul\u00e9e \u00ab La fabrique du social \u00bb, souhaite mettre l\u2019accent sur une dimension centrale et pourtant largement occult\u00e9e par les politiques de soutien aux projets innovants, \u00e0 l\u2019hybridation des savoirs, au transfert de connaissances\u2026 les collectifs d\u2019acteurs, parce qu\u2019ils d\u00e9sirent pr\u00e9cis\u00e9ment s\u2019\u00e9manciper des routines, de la dimension normative de l\u2019action ordinaire, ne sont pas seulement des r\u00e9ceptacles des savoirs th\u00e9oriques mais produisent aussi, par leur r\u00e9flexivit\u00e9, une activit\u00e9 de recherche. Ce constat suppose bien \u00e9videmment de rompre avec les traditions acad\u00e9miques de la recherche suivant lesquelles la v\u00e9rit\u00e9 s\u2019incarnerait n\u00e9cessairement dans les savoirs th\u00e9oriques produits par des chercheurs <a href=\"http:\/\/recherche-action.fr\/labo-social\/files\/2013\/12\/breves40lfs1.jpg\"><img fetchpriority=\"high\" decoding=\"async\" class=\"alignright size-medium wp-image-221\" alt=\"breves40lfs1\" src=\"http:\/\/recherche-action.fr\/labo-social\/files\/2013\/12\/breves40lfs1-300x181.jpg\" width=\"300\" height=\"181\" \/><\/a>professionnels. Il ne s\u2019agit plus d\u00e8s lors d\u2019opposer les savoirs th\u00e9oriques des chercheurs aux savoirs d\u2019exp\u00e9rience et d\u2019action des acteurs mais d\u2019envisager autrement de stimulantes compl\u00e9mentarit\u00e9s en reconnaissant le caract\u00e8re proprement cr\u00e9atif des mobilisations citoyennes et l\u2019ensemble des pratiques de recherche qui les alimentent. Cela oblige \u00e0 reconsid\u00e9rer tant l\u2019apport original des collectifs d\u2019acteurs que les apports singuliers de la recherche acad\u00e9mique dans une nouvelle r\u00e9partition non pas des savoirs mais des contributions. Aussi, \u00e0 travers ce forum, il est souhait\u00e9 pouvoir mettre en exergue la fonction de laboratoire des innovations sociales, c\u2019est-\u00e0-dire l\u2019imbrication de l\u2019action et de la r\u00e9flexion comme marque singuli\u00e8re de leur fabrique, stimul\u00e9e par un d\u00e9sir d\u2019expressivit\u00e9 et de cr\u00e9ativit\u00e9. Ce forum se veut un espace ouvert de r\u00e9flexion et d\u2019\u00e9change autour de l\u2019ensemble des activit\u00e9s de recherche, au sens large du terme (recherche de sens, recherche d\u2019alternatives, d\u00e9marche d\u2019enqu\u00eate par des citoyens, etc.), qui produisent ou accompagnent des formes d\u2019innovation sociale.<\/p>\n<p>Ce projet est soutenu par la r\u00e9gion Bretagne, la DRJSCS et la MACIF dans le cadre d\u2019un programme ASOSc (Appropriation Sociale des Sciences)<\/p>\n<p>JEUDI 8 NOVEMBRE 2012<\/p>\n<p>MATIN\u00c9E : ACTEUR-CHERCHEUR, CHERCHEUR-ACTEUR<\/p>\n<p>9h00-9h30 Accueil<\/p>\n<p>9h30-10h00 Pr\u00e9sentation par le groupe projet de la d\u00e9marche \u00ab La Fabrique du Social \u00bb CCB, ESO\/Universit\u00e9 Rennes 2, ARS\/UBO, CRES Bretagne et ARCS<\/p>\n<p>10h00-11h00 \u00ab Le laboratoire social au coeur des innovations \u00bb Hugues BAZIN, Chercheur ind\u00e9pendant en sciences sociales<\/p>\n<p>11h00-11h30 D\u00e9bat avec la salle<\/p>\n<p>11h30- 12h30 \u00ab Recherche, innovation sociale et d\u00e9mocratie \u00bb Yves BONNY, ma\u00eetre de conf\u00e9rence en sociologie &#8211; Universit\u00e9 Rennes 2 \u00ab Changer d\u2019\u00e9chelle, faire bouger les lignes : un enjeu au sein des collectifs d\u2019acteurs pour soutenir l\u2019innovation \u00bb Am\u00e9lie TRAPPLER, Directrice &#8211; Association Rennaise des Centres Sociaux et Bernard MERAND, D\u00e9l\u00e9gu\u00e9 g\u00e9n\u00e9ral &#8211; Chambre R\u00e9gionale d\u2019Economie Sociale<\/p>\n<p>12h30-14h00 Pause d\u00e9jeuner<\/p>\n<p>APR\u00c8S-MIDI : LA R\u00c9FLEXION AU COEUR DE L\u2019ACTION<\/p>\n<p>14h00-15h30 Table ronde avec des acteurs-chercheurs<\/p>\n<p>\u00ab\u00a0 Dynamiques r\u00e9flexives et impulsions novatrices \u00bb Association D\u00e9fis \u00ab Entre recherche et exp\u00e9rimentation, la fonction de m\u00e9diation dans un programme de recherche partenariale \u00bb Palliacom et Acadial \u00ab La cr\u00e9ation d\u2019un espace de r\u00e9flexivit\u00e9 au coeur de l\u2019action \u00bb Les Articulteurs \u00ab Hybridation des savoirs, r\u00e9flexivit\u00e9 et capacit\u00e9 d\u2019innovation \u00bb Louis RAMIREZ et Nathalie PIERRET &#8211; Le collectif de Kerfl\u00e9au 16h00-17h30 Ateliers : r\u00e9fl\u00e9chir, se questionner et faire des propositions Coll\u00e8ge Coop\u00e9ratif en Bretagne<\/p>\n<p>VENDREDI 9 NOVEMBRE 2012<\/p>\n<p>MATIN\u00c9E : SE METTRE EN RECHERCHE ENSEMBLE<\/p>\n<p>9h00-9h15 Synth\u00e8se des ateliers et introduction de la journ\u00e9e 9h15-10h30 Table ronde \u00ab Espaces hybrides \u00bb Diff\u00e9rentes formes de recherches partenariales en d\u00e9bat : \u00ab L\u2019incubateur d\u2019entreprises sociales du Languedoc-Roussillon \u00bb Fatima BELLAREDJ, Coordinatrice d\u2019Alter-Incub (Montpellier) \u00ab L\u2019incubateur universitaire : \u00ab Paroles d\u2019excluEs \u00bb et les ARUC (Alliance de recherche Universit\u00e9s-Communaut\u00e9) au Qu\u00e9bec \u00bb Denis BUSSI\u00c8RES, membre du CRISES (Centre de recherches sur les innovations sociales, Montr\u00e9al) \u00ab Soutenir l\u2019expertise de la soci\u00e9t\u00e9 civile : la Fondation Sciences citoyennes \u00bb B\u00e9rang\u00e8re STORUP, charg\u00e9e de mission \u00e0 la Fondation Sciences citoyennes \u00ab Penser la m\u00e9diation scientifique \u00bb St\u00e9phanie BRUL\u00c9-JOSSO, docteure en ethnologie, impliqu\u00e9e dans la SCOP Chrysalide (Quimper) 10h30-11h00 Pause 11h00-12h30 Ateliers : r\u00e9fl\u00e9chir, se questionner et faire des propositions<\/p>\n<p>APR\u00c8S-MIDI : FAIRE BOUGER LES LIGNES<\/p>\n<p>14h00-15h00 Synth\u00e8se des ateliers et lancement d\u2019id\u00e9es 15h00-16h00 \u00ab Quelles pratiques de la recherche en situation d\u2019exp\u00e9rimentation sociale ? \u00bb Pascal NICOLAS-LE STRAT, ma\u00eetre de conf\u00e9rences en science politique &#8211; Universit\u00e9 de Montpellier 16h00-16h30 \u00ab Soutenir des innovations sociales ou l\u2019innovation soci\u00e9tale ? \u00bb<\/p>\n","protected":false},"excerpt":{"rendered":"<p>La recherche au c\u0153ur des mobilisations citoyennes ? Forum de r\u00e9flexion partag\u00e9e entre acteurs et chercheurs, les jeudi 8 et vendredi 9 novembre 2012, \u00e0 Rennes II. Cet \u00e9v\u00e9nement est co-organis\u00e9 par le CCB, ESO (Universit\u00e9 Rennes 2), l\u2019ARS (UBO-Brest), l\u2019Association Rennaise des Centres Sociaux et la CRES Bretagne. Ce [&hellip;]<\/p>\n","protected":false},"author":1,"featured_media":0,"comment_status":"open","ping_status":"open","sticky":false,"template":"","format":"standard","meta":{"_jetpack_memberships_contains_paid_content":false,"footnotes":"","jetpack_publicize_message":"","jetpack_publicize_feature_enabled":true,"jetpack_social_post_already_shared":true,"jetpack_social_options":{"image_generator_settings":{"template":"highway","default_image_id":0,"font":"","enabled":false},"version":2},"_links_to":"","_links_to_target":""},"categories":[2],"tags":[],"class_list":["post-219","post","type-post","status-publish","format-standard","hentry","category-actualite"],"jetpack_publicize_connections":[],"jetpack_featured_media_url":"","jetpack_sharing_enabled":true,"jetpack_shortlink":"https:\/\/wp.me\/p3rD7a-3x","jetpack-related-posts":[{"id":915,"url":"http:\/\/recherche-action.fr\/labo-social\/2018\/04\/05\/laboratoire-sociale-au-croisement-des-savoirs\/","url_meta":{"origin":219,"position":0},"title":"Laboratoire social au croisement des savoirs","author":"Hugues Bazin","date":"5 avril 2018","format":false,"excerpt":"Pr\u00e9sentation de la d\u00e9marche en laboratoire social Le Laboratoire d'Innovation Sociale par la Recherche-Action est actuellement compos\u00e9 d\u2019une trentaine d\u2019acteurs-chercheurs et de chercheurs-acteurs porteurs d\u2019exp\u00e9rimentations sociales dans diff\u00e9rentes r\u00e9gions (principalement\u00a0: Pays de la Loire, Rh\u00f4ne-Alpes, Limousin, \u00cele-de-France, PACA) Il s\u2019est constitu\u00e9 progressivement \u00e0 partir des ann\u00e9es 2000 dans la rencontre\u2026","rel":"","context":"Dans &quot;Actualit\u00e9&quot;","block_context":{"text":"Actualit\u00e9","link":"http:\/\/recherche-action.fr\/labo-social\/category\/actualite\/"},"img":{"alt_text":"","src":"https:\/\/i0.wp.com\/recherche-action.fr\/labo-social\/wp-content\/uploads\/sites\/3\/2018\/04\/20150615_193733.jpg?resize=350%2C200","width":350,"height":200,"srcset":"https:\/\/i0.wp.com\/recherche-action.fr\/labo-social\/wp-content\/uploads\/sites\/3\/2018\/04\/20150615_193733.jpg?resize=350%2C200 1x, https:\/\/i0.wp.com\/recherche-action.fr\/labo-social\/wp-content\/uploads\/sites\/3\/2018\/04\/20150615_193733.jpg?resize=525%2C300 1.5x, https:\/\/i0.wp.com\/recherche-action.fr\/labo-social\/wp-content\/uploads\/sites\/3\/2018\/04\/20150615_193733.jpg?resize=700%2C400 2x, https:\/\/i0.wp.com\/recherche-action.fr\/labo-social\/wp-content\/uploads\/sites\/3\/2018\/04\/20150615_193733.jpg?resize=1050%2C600 3x, https:\/\/i0.wp.com\/recherche-action.fr\/labo-social\/wp-content\/uploads\/sites\/3\/2018\/04\/20150615_193733.jpg?resize=1400%2C800 4x"},"classes":[]},{"id":304,"url":"http:\/\/recherche-action.fr\/labo-social\/2014\/06\/27\/implication-collaborative-en-situation-de-recherche-le-laboratoire-dinnovation-sociale-par-la-recherche-action\/","url_meta":{"origin":219,"position":1},"title":"Implication collaborative pour sortir de l&rsquo;injonction de la participation","author":"Hugues Bazin","date":"27 juin 2014","format":false,"excerpt":"Implication collaborative en situation de recherche, Ou comment d\u00e9passer l\u2019injonction de la participation en l\u00e9gitimant un tiers espace de l\u2019exp\u00e9rience Hugues Bazin et Nicolas Guerrier, Laboratoire d'Innovation Sociale par la Recherche-Action, www.recherche-action.fr Pour d\u00e9passer la \u00ab\u00a0participation\u00a0\u00bb La question de la \u00ab\u00a0participation\u00a0\u00bb nous conduit \u00e0 un terrain min\u00e9, car elle est\u2026","rel":"","context":"Dans &quot;Actualit\u00e9&quot;","block_context":{"text":"Actualit\u00e9","link":"http:\/\/recherche-action.fr\/labo-social\/category\/actualite\/"},"img":{"alt_text":"Image Article","src":"https:\/\/i0.wp.com\/recherche-action.fr\/labo-social\/files\/2014\/06\/Image-Article-300x212.jpg?resize=350%2C200","width":350,"height":200},"classes":[]},{"id":215,"url":"http:\/\/recherche-action.fr\/labo-social\/2013\/12\/25\/maison-des-sciences-de-lhomme-paris-nord\/","url_meta":{"origin":219,"position":2},"title":"Maison des sciences de l&rsquo;Homme Paris Nord","author":"Hugues Bazin","date":"25 d\u00e9cembre 2013","format":false,"excerpt":"S\u00e9minaire \"Pratiques des espaces et innovation sociale dans le cadre de l'axe \"Penser la ville contemporaine\" anim\u00e9 par Alain Bertho, projets soutenus par la MSH Paris Nord \u00e0 l'issue de son appel \u00e0 projets 2009 Ce programme 2010-2011 a eu pour ambition la constitution d'un r\u00e9seau de chercheurs et d'experts\u2026","rel":"","context":"Dans &quot;Recherche collaborative&quot;","block_context":{"text":"Recherche collaborative","link":"http:\/\/recherche-action.fr\/labo-social\/category\/recherche-collaborative\/"},"img":{"alt_text":"","src":"","width":0,"height":0},"classes":[]},{"id":925,"url":"http:\/\/recherche-action.fr\/labo-social\/2018\/05\/16\/modeles-economiques-dans-la-production-de-savoirs-et-transformations-sociales\/","url_meta":{"origin":219,"position":3},"title":"Mod\u00e8les \u00e9conomiques dans la production de savoirs et transformations sociales","author":"Hugues Bazin","date":"16 mai 2018","format":false,"excerpt":"Atelier du Laboratoire d'Innovation Sociale par la Recherche-Action en partenariat avec la Maison des Sciences de l'Homme Paris Nord Jeudi 31 mai 2018 \u2013 MSH Paris Nord- 20 Avenue George Sand, 93210 Saint-Denis M\u00e9tro 12 : Front populaire (sortie n\u00b03 Maison des Sciences de l'Homme) RER B : La Plaine\u2026","rel":"","context":"Dans &quot;Recherche collaborative&quot;","block_context":{"text":"Recherche collaborative","link":"http:\/\/recherche-action.fr\/labo-social\/category\/recherche-collaborative\/"},"img":{"alt_text":"","src":"https:\/\/i0.wp.com\/recherche-action.fr\/hugues-bazin\/wp-content\/uploads\/sites\/2\/2017\/09\/1493536_10152917920274516_3497127595583411539_o-1024x683-1024x683.jpg?resize=350%2C200","width":350,"height":200,"srcset":"https:\/\/i0.wp.com\/recherche-action.fr\/hugues-bazin\/wp-content\/uploads\/sites\/2\/2017\/09\/1493536_10152917920274516_3497127595583411539_o-1024x683-1024x683.jpg?resize=350%2C200 1x, https:\/\/i0.wp.com\/recherche-action.fr\/hugues-bazin\/wp-content\/uploads\/sites\/2\/2017\/09\/1493536_10152917920274516_3497127595583411539_o-1024x683-1024x683.jpg?resize=525%2C300 1.5x"},"classes":[]},{"id":408,"url":"http:\/\/recherche-action.fr\/labo-social\/2014\/08\/22\/fab-lab-ecole-urbaine-une-ecole-integrale-et-mutuelle-en-pedagogie-sociale\/","url_meta":{"origin":219,"position":4},"title":"\u00ab Fab Lab Ecole Urbaine \u00bb : Une \u00e9cole int\u00e9grale et mutuelle en P\u00e9dagogie Sociale (Champlan-91)","author":"intermedes","date":"22 ao\u00fbt 2014","format":false,"excerpt":"Contexte de l\u2019exp\u00e9rimentation L\u2019association Interm\u00e8des Robinson , cr\u00e9\u00e9e en 2005 est connue pour d\u00e9velopper un programme innovant mais local, \u00e0 Longjumeau\u00a0 et communes environnantes (Nord Essonne) Il s\u2019agit d\u2019un programme d\u2019\u00e9ducation non formelle ouvert \u00e0 tous les \u00e2ges dont la particularit\u00e9 est que toutes les actions se d\u00e9roulent en dehors\u2026","rel":"","context":"Dans &quot;Exp\u00e9rimentation&quot;","block_context":{"text":"Exp\u00e9rimentation","link":"http:\/\/recherche-action.fr\/labo-social\/category\/experimentation\/"},"img":{"alt_text":"","src":"https:\/\/i0.wp.com\/recherche-action.fr\/labo-social\/wp-content\/uploads\/sites\/3\/2014\/08\/DSC00438.jpg?resize=350%2C200","width":350,"height":200},"classes":[]},{"id":874,"url":"http:\/\/recherche-action.fr\/labo-social\/2017\/09\/19\/forum-debat-sur-les-espaces-demancipation-collective-et-de-transformation-sociale-st-denis\/","url_meta":{"origin":219,"position":5},"title":"Forum d\u00e9bat sur les Espaces d\u2019\u00e9mancipation collective et de transformation sociale (St Denis)","author":"Hugues Bazin","date":"19 septembre 2017","format":false,"excerpt":"Lundi 16 octobre de 9h \u00e0 13h \u00e0 l\u2019auditorium de la Maison des Sciences de l\u2019Homme Paris-Nord 20 av George Sand 93210 St-Denis la Plaine RER B La Plaine - Stade de France \u2013 M\u00b0 12 Front populaire Les acteurs-chercheurs en r\u00e9seau avec le Laboratoire d'Innovation Sociale par la Recherche-Action\u2026","rel":"","context":"Dans &quot;Actualit\u00e9&quot;","block_context":{"text":"Actualit\u00e9","link":"http:\/\/recherche-action.fr\/labo-social\/category\/actualite\/"},"img":{"alt_text":"","src":"https:\/\/i0.wp.com\/recherche-action.fr\/labo-social\/wp-content\/uploads\/sites\/3\/2017\/09\/1493536_10152917920274516_3497127595583411539_o-1024x683.jpg?resize=350%2C200","width":350,"height":200,"srcset":"https:\/\/i0.wp.com\/recherche-action.fr\/labo-social\/wp-content\/uploads\/sites\/3\/2017\/09\/1493536_10152917920274516_3497127595583411539_o-1024x683.jpg?resize=350%2C200 1x, https:\/\/i0.wp.com\/recherche-action.fr\/labo-social\/wp-content\/uploads\/sites\/3\/2017\/09\/1493536_10152917920274516_3497127595583411539_o-1024x683.jpg?resize=525%2C300 1.5x, https:\/\/i0.wp.com\/recherche-action.fr\/labo-social\/wp-content\/uploads\/sites\/3\/2017\/09\/1493536_10152917920274516_3497127595583411539_o-1024x683.jpg?resize=700%2C400 2x"},"classes":[]}],"post_mailing_queue_ids":[],"_links":{"self":[{"href":"http:\/\/recherche-action.fr\/labo-social\/wp-json\/wp\/v2\/posts\/219","targetHints":{"allow":["GET"]}}],"collection":[{"href":"http:\/\/recherche-action.fr\/labo-social\/wp-json\/wp\/v2\/posts"}],"about":[{"href":"http:\/\/recherche-action.fr\/labo-social\/wp-json\/wp\/v2\/types\/post"}],"author":[{"embeddable":true,"href":"http:\/\/recherche-action.fr\/labo-social\/wp-json\/wp\/v2\/users\/1"}],"replies":[{"embeddable":true,"href":"http:\/\/recherche-action.fr\/labo-social\/wp-json\/wp\/v2\/comments?post=219"}],"version-history":[{"count":0,"href":"http:\/\/recherche-action.fr\/labo-social\/wp-json\/wp\/v2\/posts\/219\/revisions"}],"wp:attachment":[{"href":"http:\/\/recherche-action.fr\/labo-social\/wp-json\/wp\/v2\/media?parent=219"}],"wp:term":[{"taxonomy":"category","embeddable":true,"href":"http:\/\/recherche-action.fr\/labo-social\/wp-json\/wp\/v2\/categories?post=219"},{"taxonomy":"post_tag","embeddable":true,"href":"http:\/\/recherche-action.fr\/labo-social\/wp-json\/wp\/v2\/tags?post=219"}],"curies":[{"name":"wp","href":"https:\/\/api.w.org\/{rel}","templated":true}]}}