{"id":238,"date":"2014-04-15T23:31:53","date_gmt":"2014-04-15T22:31:53","guid":{"rendered":"http:\/\/recherche-action.fr\/labo-social\/?p=238"},"modified":"2016-05-11T17:55:01","modified_gmt":"2016-05-11T15:55:01","slug":"ecritures-collaboratives-en-recherche-action-emergence-dun-chercheur-collectif","status":"publish","type":"post","link":"http:\/\/recherche-action.fr\/labo-social\/2014\/04\/15\/ecritures-collaboratives-en-recherche-action-emergence-dun-chercheur-collectif\/","title":{"rendered":"\u00c9critures collaboratives en recherche-action, \u00e9mergence d\u2019un chercheur collectif"},"content":{"rendered":"<p style=\"text-align: left;\">\u00c9crit \u00e0 l&rsquo;occasion d&rsquo;une intervention dans un s\u00e9minaire sur \u00ab \u00c9crire la recherche en travail sanitaire et social \u00bb, ce texte est issu d\u2019un travail collaboratif avec un groupe de travailleurs sociaux du Limousin qui se nomme \u00ab Groupe d\u2019Action Collective \u00bb et qui est engag\u00e9 dans une d\u00e9marche en recherche-action dans le cadre du PREFASS Limousin (P\u00f4le Resource \u00c9tude Formation en Action Sanitaire et Sociale du Limousin ). Il puise \u00e0 la fois dans les contributions des participants et dans l\u2019histoire originale qui assista \u00e0 la cr\u00e9ation du Laboratoire d&rsquo;Innovation Sociale par la Recherche-Action (LISRA).<\/p>\n<p style=\"text-align: center;\">\n<p>Il existe un lien entre \u00e9criture collaborative et \u00e9mergence d\u2019un chercheur collectif. Il n\u2019y a pas en soi d\u2019\u00e9criture \u00ab facile \u00bb ou \u00ab libre \u00bb, mais des \u00e9critures qui facilitent et qui lib\u00e8rent. Le chercheur collectif est un groupe-sujet de recherche d\u00e9passant l\u2019addition des postures socioprofessionnelles pour construire une position collective n\u00e9goci\u00e9e. Le dispositif privil\u00e9gi\u00e9 est l\u2019atelier de recherche-action. C\u2019est en cela que nous construisons une intelligence sociale qui se traduit par la capacit\u00e9 \u00e0 cr\u00e9er des liens in\u00e9dits entre parcours d\u2019exp\u00e9rience et comp\u00e9tences afin de comprendre une situation et r\u00e9soudre des probl\u00e8mes.<\/p>\n<p>Sommaire :<\/p>\n<p>La dimension r\u00e9flexive<br \/>\nLa dimension instituante<br \/>\nLa dimension collaborative<br \/>\nPR\u00c9FASS Limousin<\/p>\n<p>En <a href=\"http:\/\/biblio.recherche-action.fr\/document.php?id=665\" target=\"_blank\">Ligne ici<\/a>.<\/p>\n","protected":false},"excerpt":{"rendered":"<p>\u00c9crit \u00e0 l&rsquo;occasion d&rsquo;une intervention dans un s\u00e9minaire sur \u00ab \u00c9crire la recherche en travail sanitaire et social \u00bb, ce texte est issu d\u2019un travail collaboratif avec un groupe de travailleurs sociaux du Limousin qui se nomme \u00ab Groupe d\u2019Action Collective \u00bb et qui est engag\u00e9 dans une d\u00e9marche en [&hellip;]<\/p>\n","protected":false},"author":1,"featured_media":811,"comment_status":"open","ping_status":"open","sticky":false,"template":"","format":"standard","meta":{"_jetpack_memberships_contains_paid_content":false,"footnotes":"","jetpack_publicize_message":"","jetpack_publicize_feature_enabled":true,"jetpack_social_post_already_shared":true,"jetpack_social_options":{"image_generator_settings":{"template":"highway","default_image_id":0,"font":"","enabled":false},"version":2},"_links_to":"","_links_to_target":""},"categories":[2,5],"tags":[],"class_list":["post-238","post","type-post","status-publish","format-standard","has-post-thumbnail","hentry","category-actualite","category-formation-action"],"jetpack_publicize_connections":[],"jetpack_featured_media_url":"http:\/\/recherche-action.fr\/labo-social\/wp-content\/uploads\/sites\/3\/2014\/04\/ecriture-TS.jpg","jetpack_sharing_enabled":true,"jetpack_shortlink":"https:\/\/wp.me\/p3rD7a-3Q","jetpack-related-posts":[{"id":304,"url":"http:\/\/recherche-action.fr\/labo-social\/2014\/06\/27\/implication-collaborative-en-situation-de-recherche-le-laboratoire-dinnovation-sociale-par-la-recherche-action\/","url_meta":{"origin":238,"position":0},"title":"Implication collaborative pour sortir de l&rsquo;injonction de la participation","author":"Hugues Bazin","date":"27 juin 2014","format":false,"excerpt":"Implication collaborative en situation de recherche, Ou comment d\u00e9passer l\u2019injonction de la participation en l\u00e9gitimant un tiers espace de l\u2019exp\u00e9rience Hugues Bazin et Nicolas Guerrier, Laboratoire d'Innovation Sociale par la Recherche-Action, www.recherche-action.fr Pour d\u00e9passer la \u00ab\u00a0participation\u00a0\u00bb La question de la \u00ab\u00a0participation\u00a0\u00bb nous conduit \u00e0 un terrain min\u00e9, car elle est\u2026","rel":"","context":"Dans &quot;Actualit\u00e9&quot;","block_context":{"text":"Actualit\u00e9","link":"http:\/\/recherche-action.fr\/labo-social\/category\/actualite\/"},"img":{"alt_text":"Image Article","src":"https:\/\/i0.wp.com\/recherche-action.fr\/labo-social\/files\/2014\/06\/Image-Article-300x212.jpg?resize=350%2C200","width":350,"height":200},"classes":[]},{"id":961,"url":"http:\/\/recherche-action.fr\/labo-social\/2018\/10\/09\/production-de-savoirs-issue-de-lexperimentation-populaire-comme-levier-de-transformation-sociale\/","url_meta":{"origin":238,"position":1},"title":"Production de savoirs issue de l\u2019exp\u00e9rimentation populaire comme levier de transformation sociale","author":"Hugues Bazin","date":"9 octobre 2018","format":false,"excerpt":"\u00ab Recherche-action et \u00e9criture r\u00e9flexive : la pratique innovante des espaces comme levier de transformation sociale \u00bb Revue Cahiers de l\u2019action, 2018\/2 N\u00b0 51-52 en libre acc\u00e8s sur la plate-forme cairn.info Fruit d\u2019un an et demi d\u2019\u00e9criture collaborative entre une vingtaine d\u2019acteurs-chercheurs, ce dossier relate l\u2019exp\u00e9rience d\u2019une production originale de\u2026","rel":"","context":"Dans &quot;Ecriture r\u00e9flexive&quot;","block_context":{"text":"Ecriture r\u00e9flexive","link":"http:\/\/recherche-action.fr\/labo-social\/category\/ecriture-reflexive\/"},"img":{"alt_text":"","src":"https:\/\/i0.wp.com\/recherche-action.fr\/labo-social\/wp-content\/uploads\/sites\/3\/2018\/10\/Injep51-52.jpg?resize=350%2C200","width":350,"height":200,"srcset":"https:\/\/i0.wp.com\/recherche-action.fr\/labo-social\/wp-content\/uploads\/sites\/3\/2018\/10\/Injep51-52.jpg?resize=350%2C200 1x, https:\/\/i0.wp.com\/recherche-action.fr\/labo-social\/wp-content\/uploads\/sites\/3\/2018\/10\/Injep51-52.jpg?resize=525%2C300 1.5x, https:\/\/i0.wp.com\/recherche-action.fr\/labo-social\/wp-content\/uploads\/sites\/3\/2018\/10\/Injep51-52.jpg?resize=700%2C400 2x, https:\/\/i0.wp.com\/recherche-action.fr\/labo-social\/wp-content\/uploads\/sites\/3\/2018\/10\/Injep51-52.jpg?resize=1050%2C600 3x, https:\/\/i0.wp.com\/recherche-action.fr\/labo-social\/wp-content\/uploads\/sites\/3\/2018\/10\/Injep51-52.jpg?resize=1400%2C800 4x"},"classes":[]},{"id":215,"url":"http:\/\/recherche-action.fr\/labo-social\/2013\/12\/25\/maison-des-sciences-de-lhomme-paris-nord\/","url_meta":{"origin":238,"position":2},"title":"Maison des sciences de l&rsquo;Homme Paris Nord","author":"Hugues Bazin","date":"25 d\u00e9cembre 2013","format":false,"excerpt":"S\u00e9minaire \"Pratiques des espaces et innovation sociale dans le cadre de l'axe \"Penser la ville contemporaine\" anim\u00e9 par Alain Bertho, projets soutenus par la MSH Paris Nord \u00e0 l'issue de son appel \u00e0 projets 2009 Ce programme 2010-2011 a eu pour ambition la constitution d'un r\u00e9seau de chercheurs et d'experts\u2026","rel":"","context":"Dans &quot;Recherche collaborative&quot;","block_context":{"text":"Recherche collaborative","link":"http:\/\/recherche-action.fr\/labo-social\/category\/recherche-collaborative\/"},"img":{"alt_text":"","src":"","width":0,"height":0},"classes":[]},{"id":863,"url":"http:\/\/recherche-action.fr\/labo-social\/2017\/08\/11\/recherche-action-en-laboratoire-social\/","url_meta":{"origin":238,"position":3},"title":"Recherche-action en laboratoire social","author":"Hugues Bazin","date":"11 ao\u00fbt 2017","format":false,"excerpt":"Qu\u2019est-ce que la Recherche-action ? La recherche-action est une d\u00e9marche qui peut s\u2019inscrire ou non dans un cadre professionnel, mais est toujours une recherche impliqu\u00e9e qui n\u00e9cessite un engagement de l\u2019individu dans son enti\u00e8ret\u00e9 et pas seulement dans sa \u00ab surcouche \u00bb technicienne. C\u2019est en cela aussi une d\u00e9marche existentielle.\u2026","rel":"","context":"Dans &quot;Actualit\u00e9&quot;","block_context":{"text":"Actualit\u00e9","link":"http:\/\/recherche-action.fr\/labo-social\/category\/actualite\/"},"img":{"alt_text":"","src":"https:\/\/i0.wp.com\/recherche-action.fr\/labo-social\/wp-content\/uploads\/sites\/3\/2017\/08\/admin-ajax.php_.jpg?resize=350%2C200","width":350,"height":200},"classes":[]},{"id":915,"url":"http:\/\/recherche-action.fr\/labo-social\/2018\/04\/05\/laboratoire-sociale-au-croisement-des-savoirs\/","url_meta":{"origin":238,"position":4},"title":"Laboratoire social au croisement des savoirs","author":"Hugues Bazin","date":"5 avril 2018","format":false,"excerpt":"Pr\u00e9sentation de la d\u00e9marche en laboratoire social Le Laboratoire d'Innovation Sociale par la Recherche-Action est actuellement compos\u00e9 d\u2019une trentaine d\u2019acteurs-chercheurs et de chercheurs-acteurs porteurs d\u2019exp\u00e9rimentations sociales dans diff\u00e9rentes r\u00e9gions (principalement\u00a0: Pays de la Loire, Rh\u00f4ne-Alpes, Limousin, \u00cele-de-France, PACA) Il s\u2019est constitu\u00e9 progressivement \u00e0 partir des ann\u00e9es 2000 dans la rencontre\u2026","rel":"","context":"Dans &quot;Actualit\u00e9&quot;","block_context":{"text":"Actualit\u00e9","link":"http:\/\/recherche-action.fr\/labo-social\/category\/actualite\/"},"img":{"alt_text":"","src":"https:\/\/i0.wp.com\/recherche-action.fr\/labo-social\/wp-content\/uploads\/sites\/3\/2018\/04\/20150615_193733.jpg?resize=350%2C200","width":350,"height":200,"srcset":"https:\/\/i0.wp.com\/recherche-action.fr\/labo-social\/wp-content\/uploads\/sites\/3\/2018\/04\/20150615_193733.jpg?resize=350%2C200 1x, https:\/\/i0.wp.com\/recherche-action.fr\/labo-social\/wp-content\/uploads\/sites\/3\/2018\/04\/20150615_193733.jpg?resize=525%2C300 1.5x, https:\/\/i0.wp.com\/recherche-action.fr\/labo-social\/wp-content\/uploads\/sites\/3\/2018\/04\/20150615_193733.jpg?resize=700%2C400 2x, https:\/\/i0.wp.com\/recherche-action.fr\/labo-social\/wp-content\/uploads\/sites\/3\/2018\/04\/20150615_193733.jpg?resize=1050%2C600 3x, https:\/\/i0.wp.com\/recherche-action.fr\/labo-social\/wp-content\/uploads\/sites\/3\/2018\/04\/20150615_193733.jpg?resize=1400%2C800 4x"},"classes":[]},{"id":4597,"url":"http:\/\/recherche-action.fr\/labo-social\/2019\/12\/01\/production-de-savoirs-issue-de-lexperimentation-populaire-comme-levier-de-transformation-sociale-2\/","url_meta":{"origin":238,"position":5},"title":"Production de savoirs issue de l\u2019exp\u00e9rimentation populaire comme levier de transformation sociale","author":"Hugues Bazin","date":"1 d\u00e9cembre 2019","format":false,"excerpt":"Nous nous inspirerons de la publication d\u2019un travail collectif qui regroupe une quinzaine d\u2019exp\u00e9riences pour \u00e9tayer nos propos : \u00ab Recherche-action et \u00e9criture r\u00e9flexive : la pratique innovante des espaces comme levier de transformation sociale \u00bb (Cahiers de l\u2019action n\u00b051, injep, 2018) Nous aborderons notamment trois enjeux soulev\u00e9s par cette\u2026","rel":"","context":"Dans &quot;Formation-action&quot;","block_context":{"text":"Formation-action","link":"http:\/\/recherche-action.fr\/labo-social\/category\/formation-action\/"},"img":{"alt_text":"","src":"https:\/\/i0.wp.com\/recherche-action.fr\/labo-social\/wp-content\/uploads\/sites\/3\/2019\/12\/Capture.jpg?resize=350%2C200","width":350,"height":200,"srcset":"https:\/\/i0.wp.com\/recherche-action.fr\/labo-social\/wp-content\/uploads\/sites\/3\/2019\/12\/Capture.jpg?resize=350%2C200 1x, https:\/\/i0.wp.com\/recherche-action.fr\/labo-social\/wp-content\/uploads\/sites\/3\/2019\/12\/Capture.jpg?resize=525%2C300 1.5x, https:\/\/i0.wp.com\/recherche-action.fr\/labo-social\/wp-content\/uploads\/sites\/3\/2019\/12\/Capture.jpg?resize=700%2C400 2x"},"classes":[]}],"post_mailing_queue_ids":[],"_links":{"self":[{"href":"http:\/\/recherche-action.fr\/labo-social\/wp-json\/wp\/v2\/posts\/238","targetHints":{"allow":["GET"]}}],"collection":[{"href":"http:\/\/recherche-action.fr\/labo-social\/wp-json\/wp\/v2\/posts"}],"about":[{"href":"http:\/\/recherche-action.fr\/labo-social\/wp-json\/wp\/v2\/types\/post"}],"author":[{"embeddable":true,"href":"http:\/\/recherche-action.fr\/labo-social\/wp-json\/wp\/v2\/users\/1"}],"replies":[{"embeddable":true,"href":"http:\/\/recherche-action.fr\/labo-social\/wp-json\/wp\/v2\/comments?post=238"}],"version-history":[{"count":1,"href":"http:\/\/recherche-action.fr\/labo-social\/wp-json\/wp\/v2\/posts\/238\/revisions"}],"predecessor-version":[{"id":812,"href":"http:\/\/recherche-action.fr\/labo-social\/wp-json\/wp\/v2\/posts\/238\/revisions\/812"}],"wp:featuredmedia":[{"embeddable":true,"href":"http:\/\/recherche-action.fr\/labo-social\/wp-json\/wp\/v2\/media\/811"}],"wp:attachment":[{"href":"http:\/\/recherche-action.fr\/labo-social\/wp-json\/wp\/v2\/media?parent=238"}],"wp:term":[{"taxonomy":"category","embeddable":true,"href":"http:\/\/recherche-action.fr\/labo-social\/wp-json\/wp\/v2\/categories?post=238"},{"taxonomy":"post_tag","embeddable":true,"href":"http:\/\/recherche-action.fr\/labo-social\/wp-json\/wp\/v2\/tags?post=238"}],"curies":[{"name":"wp","href":"https:\/\/api.w.org\/{rel}","templated":true}]}}