{"id":304,"date":"2014-06-27T09:34:49","date_gmt":"2014-06-27T08:34:49","guid":{"rendered":"http:\/\/recherche-action.fr\/labo-social\/?p=304"},"modified":"2014-06-27T09:34:49","modified_gmt":"2014-06-27T08:34:49","slug":"implication-collaborative-en-situation-de-recherche-le-laboratoire-dinnovation-sociale-par-la-recherche-action","status":"publish","type":"post","link":"http:\/\/recherche-action.fr\/labo-social\/2014\/06\/27\/implication-collaborative-en-situation-de-recherche-le-laboratoire-dinnovation-sociale-par-la-recherche-action\/","title":{"rendered":"Implication collaborative pour sortir de l&rsquo;injonction de la participation"},"content":{"rendered":"<p><span style=\"font-family: Calibri Light,sans-serif\"><span style=\"font-size: x-large\"><a href=\"http:\/\/recherche-action.fr\/labo-social\/files\/2014\/06\/Image-Article.jpg\"><img fetchpriority=\"high\" decoding=\"async\" class=\"alignnone size-medium wp-image-310\" src=\"http:\/\/recherche-action.fr\/labo-social\/files\/2014\/06\/Image-Article-300x212.jpg\" alt=\"Image Article\" width=\"300\" height=\"212\" \/><\/a><\/span><\/span><\/p>\n<p style=\"margin-bottom: 0cm;text-align: justify\"><span style=\"font-family: Calibri Light,sans-serif\"><span style=\"font-size: x-large\">Implication collaborative en situation de recherche, <\/span><\/span><\/p>\n<p style=\"margin-bottom: 0cm;text-align: justify\"><em>Ou comment d\u00e9passer l\u2019injonction de la participation en l\u00e9gitimant un tiers espace de l\u2019exp\u00e9rience<\/em><\/p>\n<p style=\"margin-bottom: 0cm;text-align: justify\">Hugues Bazin et Nicolas Guerrier, Laboratoire d&rsquo;Innovation Sociale par la Recherche-Action, www.recherche-action.fr<\/p>\n<div id=\"ez-toc-container\" class=\"ez-toc-v2_0_82_2 counter-hierarchy ez-toc-counter ez-toc-grey ez-toc-container-direction\">\n<div class=\"ez-toc-title-container\">\n<p class=\"ez-toc-title\" style=\"cursor:inherit\">Sommaire<\/p>\n<span class=\"ez-toc-title-toggle\"><a href=\"#\" class=\"ez-toc-pull-right ez-toc-btn ez-toc-btn-xs ez-toc-btn-default ez-toc-toggle\" aria-label=\"Toggle Table of Content\"><span class=\"ez-toc-js-icon-con\"><span class=\"\"><span class=\"eztoc-hide\" style=\"display:none;\">Toggle<\/span><span class=\"ez-toc-icon-toggle-span\"><svg style=\"fill: #999;color:#999\" xmlns=\"http:\/\/www.w3.org\/2000\/svg\" class=\"list-377408\" width=\"20px\" height=\"20px\" viewBox=\"0 0 24 24\" fill=\"none\"><path d=\"M6 6H4v2h2V6zm14 0H8v2h12V6zM4 11h2v2H4v-2zm16 0H8v2h12v-2zM4 16h2v2H4v-2zm16 0H8v2h12v-2z\" fill=\"currentColor\"><\/path><\/svg><svg style=\"fill: #999;color:#999\" class=\"arrow-unsorted-368013\" xmlns=\"http:\/\/www.w3.org\/2000\/svg\" width=\"10px\" height=\"10px\" viewBox=\"0 0 24 24\" version=\"1.2\" baseProfile=\"tiny\"><path d=\"M18.2 9.3l-6.2-6.3-6.2 6.3c-.2.2-.3.4-.3.7s.1.5.3.7c.2.2.4.3.7.3h11c.3 0 .5-.1.7-.3.2-.2.3-.5.3-.7s-.1-.5-.3-.7zM5.8 14.7l6.2 6.3 6.2-6.3c.2-.2.3-.5.3-.7s-.1-.5-.3-.7c-.2-.2-.4-.3-.7-.3h-11c-.3 0-.5.1-.7.3-.2.2-.3.5-.3.7s.1.5.3.7z\"\/><\/svg><\/span><\/span><\/span><\/a><\/span><\/div>\n<nav><ul class='ez-toc-list ez-toc-list-level-1 ' ><li class='ez-toc-page-1 ez-toc-heading-level-1'><a class=\"ez-toc-link ez-toc-heading-1\" href=\"http:\/\/recherche-action.fr\/labo-social\/2014\/06\/27\/implication-collaborative-en-situation-de-recherche-le-laboratoire-dinnovation-sociale-par-la-recherche-action\/#Pour_depasser_la_%C2%AB_participation_%C2%BB\" >Pour d\u00e9passer la \u00ab\u00a0participation\u00a0\u00bb<\/a><\/li><li class='ez-toc-page-1 ez-toc-heading-level-1'><a class=\"ez-toc-link ez-toc-heading-2\" href=\"http:\/\/recherche-action.fr\/labo-social\/2014\/06\/27\/implication-collaborative-en-situation-de-recherche-le-laboratoire-dinnovation-sociale-par-la-recherche-action\/#Ouvrir_des_espaces_reflexifs\" >Ouvrir des espaces r\u00e9flexifs<\/a><\/li><li class='ez-toc-page-1 ez-toc-heading-level-1'><a class=\"ez-toc-link ez-toc-heading-3\" href=\"http:\/\/recherche-action.fr\/labo-social\/2014\/06\/27\/implication-collaborative-en-situation-de-recherche-le-laboratoire-dinnovation-sociale-par-la-recherche-action\/#Definir_un_tiers_espace_de_lexperience_humaine_et_scientifique\" >D\u00e9finir un tiers espace de l\u2019exp\u00e9rience humaine et scientifique<\/a><\/li><li class='ez-toc-page-1 ez-toc-heading-level-1'><a class=\"ez-toc-link ez-toc-heading-4\" href=\"http:\/\/recherche-action.fr\/labo-social\/2014\/06\/27\/implication-collaborative-en-situation-de-recherche-le-laboratoire-dinnovation-sociale-par-la-recherche-action\/#En_resume\" >En r\u00e9sum\u00e9<\/a><\/li><\/ul><\/nav><\/div>\n<h1 class=\"western\"><span class=\"ez-toc-section\" id=\"Pour_depasser_la_%C2%AB_participation_%C2%BB\"><\/span>Pour d\u00e9passer la \u00ab\u00a0participation\u00a0\u00bb<span class=\"ez-toc-section-end\"><\/span><\/h1>\n<p style=\"margin-bottom: 0cm;text-align: justify\">La question de la \u00ab\u00a0participation\u00a0\u00bb nous conduit \u00e0 un terrain min\u00e9, car elle est bien souvent de l\u2019ordre de <b>l\u2019injonction paradoxale<\/b> qui se traduit dans les appels \u00e0 projets par la n\u00e9cessit\u00e9 de trouver un mode collaboratif entre structure de recherche et association citoyenne, institutions et soci\u00e9t\u00e9 civile. Mais cette forme injonctive ne se r\u00e9sume pas \u00e0 des dispositifs, ce sont des formes paradigmatiques qui parcourent les \u00e9poques\u00a0: apr\u00e8s l\u2019injonction du \u00ab\u00a0lien social\u00a0\u00bb, de l\u2019\u00ab\u00a0art contre l\u2019exclusion\u00a0\u00bb voil\u00e0 celle de la \u00ab\u00a0participation\u00a0\u00bb. Le caract\u00e8re paradoxal tient au fait qu\u2019elle r\u00e9pond moins \u00e0 un besoin de participation qu\u2019\u00e0 une incapacit\u00e9 des pouvoirs publics \u00e0 r\u00e9former les <b>mod\u00e8les de gouvernance<\/b>. Comment permettre \u00e0 la soci\u00e9t\u00e9 de travailler sur elle-m\u00eame en instaurant notamment de nouveaux liens entre sciences et soci\u00e9t\u00e9, formes sociales \u00e9mergentes et politiques publiques\u00a0?Les entretiens de parcours d&rsquo;exp\u00e9rience que nous menons sur le terrain font \u00e9tat d&rsquo;une volont\u00e9 partag\u00e9e de transformation sociale. Or cette aspiration ne prend que tr\u00e8s rarement forme dans les dispositifs participatifs et soumet ceux qui veulent la porter \u00e0 une gestion de la pr\u00e9carit\u00e9.\u00c0 titre d\u2019exemple, nous sommes en droit de nous poser la question en quoi trente ann\u00e9es de politique de la ville nous enseignent sur comment faire la ville ensemble&#8230; La connaissance issue de l\u2019\u00e9valuation de cette injonction participative n\u2019est finalement pas en mesure de susciter de nouvelles perspectives aussi bien sur le plan de la recherche que de l\u2019action puisqu\u2019elle ne lib\u00e8re par la pens\u00e9e pour imaginer comment produire de la connaissance ensemble et d\u2019une mani\u00e8re g\u00e9n\u00e9rale faire soci\u00e9t\u00e9 ensemble. Ce qui manque le plus, ce n\u2019est donc pas de nouveaux outils m\u00e9thodologiques ou de nouveaux dispositifs, mais de nouveaux <b>espaces du commun \u00ab\u00a0lib\u00e9r\u00e9s\u00a0\u00bb<\/b>.<\/p>\n<h1 class=\"western\"><span class=\"ez-toc-section\" id=\"Ouvrir_des_espaces_reflexifs\"><\/span>Ouvrir des espaces r\u00e9flexifs<span class=\"ez-toc-section-end\"><\/span><\/h1>\n<p style=\"margin-bottom: 0cm;text-align: justify\">Ainsi, d\u00e8s que nous avons l\u2019occasion de d\u00e9velopper une approche biographique aupr\u00e8s de diff\u00e9rents acteurs, les parcours de vie laissent entrevoir des \u00ab\u00a0<b>espaces interm\u00e9diaires de l\u2019existence<\/b>\u00a0\u00bb susceptibles de favoriser une posture r\u00e9flexive. Ces espaces-temps de reformulation et de recomposition sont source d\u2019enseignement sur les enjeux contemporains, mais ils n\u2019apparaissent pas comme <b>l\u00e9gitimes pour produire de la connaissance<\/b> parce que les acteurs concern\u00e9s ne sont reconnus comme chercheur et que le processus de production est g\u00e9n\u00e9ralement issu d\u2019une exp\u00e9rimentation sociale autodidacte hors cadre institutionnel. Ces acteurs sont-ils \u00ab\u00a0outsiders\u00a0\u00bb ou au contraire au centre de formes culturelles et \u00e9conomiques \u00e9mergentes\u00a0? N\u2019est-ce pas le manque d\u2019interface avec les pouvoirs publics qui est en cause\u00a0?<\/p>\n<p style=\"margin-bottom: 0cm;text-align: justify\">Le Laboratoire d&rsquo;Innovation Sociale par la Recherche-Action est n\u00e9 de ce constat il y a une dizaine d\u2019ann\u00e9es<sup><a class=\"sdfootnoteanc\" href=\"#sdfootnote1sym\" name=\"sdfootnote1anc\"><sup>1<\/sup><\/a><\/sup>. Il correspond \u00e0 l\u2019int\u00e9r\u00eat d\u2019ouvrir des espaces r\u00e9flexifs et d\u2019en l\u00e9gitimer la production aussi bien sur un plan scientifique qu\u2019op\u00e9rationnel. Cependant, il ne suffit pas de provoquer des rencontres ou des ateliers. Nous resterions dans l\u2019injonction paradoxale de la participation si les acteurs n\u2019\u00e9taient pas <b>coproducteur et coauteur du processus<\/b> de recherche-action (formation de l\u2019acteur-chercheur, du chercheur collectif, du laboratoire social).<\/p>\n<p style=\"margin-bottom: 0cm;text-align: justify\">Autrement dit, pour que cette \u00ab\u00a0parole en acte\u00a0\u00bb d\u00e9tienne un r\u00e9el pouvoir de transformation, il est important de conjuguer l\u2019espace r\u00e9flexif aux pluriels en travaillant conjointement sur trois dimensions : individuelle, collective et institutionnelle. Rappelons que la <b>r\u00e9flexivit\u00e9<\/b> ne proc\u00e8de pas simplement d\u2019une r\u00e9flexion sur sa pratique, mais de la conscience que dans cet aller-retour entre pratique et r\u00e9flexion se produit quelque chose, un \u00e9clairage, une connaissance qui nous aident \u00e0 nous positionner dans nos modes d\u2019implication. Ce savoir r\u00e9investi en situation est un levier de changement qui va lui-m\u00eame \u00eatre source de nouvelles connaissances dans un processus continuel en spirale.<\/p>\n<h1 class=\"western\"><span class=\"ez-toc-section\" id=\"Definir_un_tiers_espace_de_lexperience_humaine_et_scientifique\"><\/span>D\u00e9finir un tiers espace de l\u2019exp\u00e9rience humaine et scientifique<span class=\"ez-toc-section-end\"><\/span><\/h1>\n<p style=\"margin-bottom: 0cm;text-align: justify\">Notre intervention \u00e9tay\u00e9e par des exp\u00e9rimentations<sup><a class=\"sdfootnoteanc\" href=\"#sdfootnote2sym\" name=\"sdfootnote2anc\"><sup>2<\/sup><\/a><\/sup> propose de d\u00e9velopper ces trois dimensions de la r\u00e9flexivit\u00e9\u00a0: individuelle selon une \u00ab\u00a0recherche-action int\u00e9grale\u00a0\u00bb de l\u2019acteur-chercheur, collective selon un \u00ab\u00a0chercheur collectif\u00a0\u00bb et instituante selon le \u00ab\u00a0laboratoire social\u00a0\u00bb. Nous essayerons ainsi de cerner les contours d\u2019un \u00ab\u00a0<b>tiers secteur de l\u2019activit\u00e9<\/b>\u00a0\u00bb en comparaison historique avec les courants de la <b>recherche-action<\/b> et en correspondance avec les formes \u00e9mergentes de <b>l\u2019innovation sociale<\/b> telles que la culture num\u00e9rique open source et les tiers lieux, la culture do it yourself et les processus d\u2019auto fabrication, les circuits cours et l\u2019\u00e9cod\u00e9veloppement, etc.<\/p>\n<p style=\"margin-bottom: 0cm;text-align: justify\">La <b>recherche-action int\u00e9grale de l\u2019acteur-chercheur<\/b> souligne que nous sommes dans une d\u00e9marche qui prend en compte l\u2019ensemble des domaines de l\u2019implication humaine. Elle est favoris\u00e9e par un travail autobiographique et la capacit\u00e9 de faire un \u00ab\u00a0pas de c\u00f4t\u00e9\u00a0\u00bb entre les postures d&rsquo;agent, d\u2019acteur et d\u2019auteur qui r\u00e9gissent nos modes d\u2019implication socioprofessionnels. Cette d\u00e9marche n\u2019est donc pas l\u00e9gitim\u00e9e par un outillage m\u00e9thodologique et un corps de m\u00e9tier, mais par la clarification d\u2019une <b>posture existentielle<\/b> qui est celle de l\u2019\u00ab\u00a0acteur-chercheur\u00a0\u00bb. Nous constatons que beaucoup d&rsquo;acteurs sont identifi\u00e9s et d\u00e9finis de mani\u00e8res parcellaires par les politiques sectorielles, en fonction de leurs \u00e2ges, de leurs statuts sociaux, de leurs origines culturelles ou g\u00e9ographiques. Nous y voyons l\u00e0 une des causes du manque de r\u00e9sonance qu&rsquo;elles ont aupr\u00e8s de la population, qui elle, refuse de se penser par le prisme cat\u00e9goriel. Les <b>espaces o\u00f9 il est possible de se d\u00e9finir soi-m\u00eame de mani\u00e8re coh\u00e9rente<\/b> et globale ne sont pas monnaie courante. La recherche-action int\u00e9grale encourage la construction de cet espace mental qui s&rsquo;\u00e9mancipe des repr\u00e9sentations sociales.<\/p>\n<p style=\"margin-bottom: 0cm;text-align: justify\">Le <b>chercheur collectif<\/b> est un groupe-sujet de recherche d\u00e9passant l\u2019addition des postures socioprofessionnelles pour construire une position collective n\u00e9goci\u00e9e tout en permettant \u00e0 chacun de se r\u00e9approprier le fruit de ce travail collectif. La place de chacun n\u2019est pas d\u00e9finie \u00e0 l\u2019avance. Un exemple est l\u2019atelier collaboratif qui n\u2019est pas une addition de comp\u00e9tences au service d\u2019un projet commun, mais un <b>travail sur des mat\u00e9riaux communs pour cr\u00e9er de nouvelles formes de pens\u00e9e et d\u2019action<\/b> \u00e0 l\u2019instar de la pens\u00e9e complexe et de l\u2019innovation sociale. Le chercheur collectif comme entit\u00e9 autonome est la suite logique du travail de recherche-action int\u00e9grale, il prolonge collectivement l&rsquo;effort de coh\u00e9rence et de d\u00e9construction des repr\u00e9sentations qui a \u00e9t\u00e9 entam\u00e9 individuellement. Il existe un rapport \u00e9troit entre la production de connaissances et la capacit\u00e9 d&rsquo;un groupe de se produire comme collectif, c&rsquo;est-\u00e0-dire de se poser \u00e0 la fois comme sujet, mais aussi comme r\u00e9alit\u00e9 sociale \u00e0 reconna\u00eetre.<\/p>\n<p style=\"margin-bottom: 0cm;text-align: justify\">Le <b>laboratoire social<\/b> caract\u00e9rise la capacit\u00e9 du chercheur collectif \u00e0 s\u2019auto-missionner, d\u2019\u00eatre commanditaire de la recherche. En s\u2019appropriant les outils de la recherche tels que l\u2019exp\u00e9rimentation ou la formation-action, il cr\u00e9e des liens in\u00e9dits entre parcours d\u2019exp\u00e9rience et comp\u00e9tences afin de comprendre une situation et r\u00e9soudre des probl\u00e8mes. Il ne peut donc que s\u2019\u00e9laborer in situ \u00e0 partir du mode d\u2019implication des acteurs concern\u00e9s. Cette <b>intelligence sociale<\/b> conduit \u00e0 concevoir de nouveaux dispositifs, \u00e0 recombiner les \u00e9l\u00e9ments d\u2019un contexte pour rechercher des mod\u00e8les instituant alternatifs, qui permettront ainsi de servir de r\u00e9f\u00e9rentiel pour d\u2019autres, en particulier les institutions dont le laboratoire social devient alors partenaire sous un mode collaboratif. C&rsquo;est une mani\u00e8re d&rsquo;aborder de front les probl\u00e9matiques d\u00e9mocratiques que les injonctions \u00e0 la \u00ab\u00a0participation\u00a0\u00bb peinent \u00e0 r\u00e9soudre.<\/p>\n<h1 class=\"western\"><span class=\"ez-toc-section\" id=\"En_resume\"><\/span>En r\u00e9sum\u00e9<span class=\"ez-toc-section-end\"><\/span><\/h1>\n<p>Ces trois dimensions r\u00e9flexives de l\u2019acteur-chercheur, du chercheur collectif et du laboratoire social d\u00e9crivent la mani\u00e8re pour un individu, un groupe ou un morceau de soci\u00e9t\u00e9 de travailler sur leurs propres mat\u00e9riaux. Elles participent \u00e0 la formation d\u2019entit\u00e9s sociales nouvelles et autonomes, c\u2019est-\u00e0-dire un <b>\u00ab\u00a0tiers espace\u00a0\u00bb social, \u00e9conomique et scientifique<\/b> qui s&rsquo;affranchit des logiques sectorielles et disciplinaires. La recherche-action l\u00e9gitime cette d\u00e9marche dans la capacit\u00e9 de dire et d\u2019agir tant pour l\u2019acteur que pour le chercheur. Elle permet notamment aux personnes sans capital \u00e9conomique et culturel valoris\u00e9, ceux qui constituent un \u00ab\u00a0tiers \u00e9tat\u00a0\u00bb, de <b>valider un capital social<\/b> en termes de comp\u00e9tences et d\u2019initiatives en r\u00e9seau.<\/p>\n<p>&nbsp;<\/p>\n<div id=\"sdfootnote1\">\n<p class=\"sdfootnote\"><a class=\"sdfootnotesym\" href=\"#sdfootnote1anc\" name=\"sdfootnote1sym\">1<\/a> http:\/\/recherche-action.fr\/labo-social<\/p>\n<\/div>\n<div id=\"sdfootnote2\">\n<p class=\"sdfootnote\"><a class=\"sdfootnotesym\" href=\"#sdfootnote2anc\" name=\"sdfootnote2sym\">2<\/a> Organisation de journ\u00e9es \u00ab\u00a0interstices\u00a0\u00bb selon une logique de work in progress, ateliers d\u2019auto-formation et travail autobiographique, \u00e9critures collaboratives, cycle de formation-action, accompagnement d\u2019exp\u00e9rimentations<\/p>\n<\/div>\n","protected":false},"excerpt":{"rendered":"<p>Implication collaborative en situation de recherche, Ou comment d\u00e9passer l\u2019injonction de la participation en l\u00e9gitimant un tiers espace de l\u2019exp\u00e9rience Hugues Bazin et Nicolas Guerrier, Laboratoire d&rsquo;Innovation Sociale par la Recherche-Action, www.recherche-action.fr Pour d\u00e9passer la \u00ab\u00a0participation\u00a0\u00bb La question de la \u00ab\u00a0participation\u00a0\u00bb nous conduit \u00e0 un terrain min\u00e9, car elle est [&hellip;]<\/p>\n","protected":false},"author":1,"featured_media":0,"comment_status":"open","ping_status":"open","sticky":false,"template":"","format":"standard","meta":{"_jetpack_memberships_contains_paid_content":false,"footnotes":"","jetpack_publicize_message":"","jetpack_publicize_feature_enabled":true,"jetpack_social_post_already_shared":true,"jetpack_social_options":{"image_generator_settings":{"template":"highway","default_image_id":0,"font":"","enabled":false},"version":2},"_links_to":"","_links_to_target":""},"categories":[2,3],"tags":[],"class_list":["post-304","post","type-post","status-publish","format-standard","hentry","category-actualite","category-contributions"],"jetpack_publicize_connections":[],"jetpack_featured_media_url":"","jetpack_sharing_enabled":true,"jetpack_shortlink":"https:\/\/wp.me\/p3rD7a-4U","jetpack-related-posts":[{"id":238,"url":"http:\/\/recherche-action.fr\/labo-social\/2014\/04\/15\/ecritures-collaboratives-en-recherche-action-emergence-dun-chercheur-collectif\/","url_meta":{"origin":304,"position":0},"title":"\u00c9critures collaboratives en recherche-action, \u00e9mergence d\u2019un chercheur collectif","author":"Hugues Bazin","date":"15 avril 2014","format":false,"excerpt":"\u00c9crit \u00e0 l'occasion d'une intervention dans un s\u00e9minaire sur \u00ab \u00c9crire la recherche en travail sanitaire et social \u00bb, ce texte est issu d\u2019un travail collaboratif avec un groupe de travailleurs sociaux du Limousin qui se nomme \u00ab Groupe d\u2019Action Collective \u00bb et qui est engag\u00e9 dans une d\u00e9marche en\u2026","rel":"","context":"Dans &quot;Actualit\u00e9&quot;","block_context":{"text":"Actualit\u00e9","link":"http:\/\/recherche-action.fr\/labo-social\/category\/actualite\/"},"img":{"alt_text":"","src":"https:\/\/i0.wp.com\/recherche-action.fr\/labo-social\/wp-content\/uploads\/sites\/3\/2014\/04\/ecriture-TS.jpg?resize=350%2C200","width":350,"height":200,"srcset":"https:\/\/i0.wp.com\/recherche-action.fr\/labo-social\/wp-content\/uploads\/sites\/3\/2014\/04\/ecriture-TS.jpg?resize=350%2C200 1x, https:\/\/i0.wp.com\/recherche-action.fr\/labo-social\/wp-content\/uploads\/sites\/3\/2014\/04\/ecriture-TS.jpg?resize=525%2C300 1.5x"},"classes":[]},{"id":863,"url":"http:\/\/recherche-action.fr\/labo-social\/2017\/08\/11\/recherche-action-en-laboratoire-social\/","url_meta":{"origin":304,"position":1},"title":"Recherche-action en laboratoire social","author":"Hugues Bazin","date":"11 ao\u00fbt 2017","format":false,"excerpt":"Qu\u2019est-ce que la Recherche-action ? La recherche-action est une d\u00e9marche qui peut s\u2019inscrire ou non dans un cadre professionnel, mais est toujours une recherche impliqu\u00e9e qui n\u00e9cessite un engagement de l\u2019individu dans son enti\u00e8ret\u00e9 et pas seulement dans sa \u00ab surcouche \u00bb technicienne. C\u2019est en cela aussi une d\u00e9marche existentielle.\u2026","rel":"","context":"Dans &quot;Actualit\u00e9&quot;","block_context":{"text":"Actualit\u00e9","link":"http:\/\/recherche-action.fr\/labo-social\/category\/actualite\/"},"img":{"alt_text":"","src":"https:\/\/i0.wp.com\/recherche-action.fr\/labo-social\/wp-content\/uploads\/sites\/3\/2017\/08\/admin-ajax.php_.jpg?resize=350%2C200","width":350,"height":200},"classes":[]},{"id":450,"url":"http:\/\/recherche-action.fr\/labo-social\/2014\/09\/25\/fab-lab-ecole-urbaine-atelier-de-recherche-action\/","url_meta":{"origin":304,"position":2},"title":"Fab Lab Ecole Urbaine  Atelier de recherche action( champlan-91)","author":"intermedes","date":"25 septembre 2014","format":false,"excerpt":"Recherche-action \u00ab\u00a0Fab Lab \u00c9cole Urbaine\u00a0\u00bb Atelier recherche action anim\u00e9 par l\u2019association Interm\u00e8des Robinson (91) en partenariat avec le Laboratoire d'Innovation Sociale par la Recherche-Action L'Espace de Vie Sociale Interm\u00e8des Robinson, qui r\u00e9alise des actions \u00e9ducatives en milieu ouvert et de d\u00e9veloppement social communautaire dans les espaces publics d'un quartier \u00ab\u00a0zone\u2026","rel":"","context":"Dans &quot;Actualit\u00e9&quot;","block_context":{"text":"Actualit\u00e9","link":"http:\/\/recherche-action.fr\/labo-social\/category\/actualite\/"},"img":{"alt_text":"","src":"","width":0,"height":0},"classes":[]},{"id":842,"url":"http:\/\/recherche-action.fr\/labo-social\/2016\/11\/11\/journee-detude-les-chercheurs-et-laction\/","url_meta":{"origin":304,"position":3},"title":"Journ\u00e9e d&rsquo;\u00e9tude \u00ab\u00a0Les chercheurs et l&rsquo;action &#8211; Situations, collaborations et finalit\u00e9s\u00a0\u00bb (St Denis)","author":"Hugues Bazin","date":"11 novembre 2016","format":false,"excerpt":"Recherches collaboratives, participatives, contributives, impliqu\u00e9es\u2026 : si le vocabulaire n\u2019est pas vraiment fix\u00e9, les exp\u00e9riences se multiplient, donnant une nouvelle jeunesse aux recherches-actions. Souvent mal reconnues au regard des crit\u00e8res acad\u00e9miques, ces d\u00e9marches r\u00e9pondent \u00e0 un double besoin : celui des chercheurs et celui des acteurs. D\u2019un c\u00f4t\u00e9, les disciplines\u2026","rel":"","context":"Dans &quot;Actualit\u00e9&quot;","block_context":{"text":"Actualit\u00e9","link":"http:\/\/recherche-action.fr\/labo-social\/category\/actualite\/"},"img":{"alt_text":"","src":"https:\/\/i0.wp.com\/recherche-action.fr\/labo-social\/wp-content\/uploads\/sites\/3\/2016\/11\/161129_msh2.jpg?resize=350%2C200","width":350,"height":200},"classes":[]},{"id":4548,"url":"http:\/\/recherche-action.fr\/labo-social\/2019\/10\/09\/atelier-tiers-espace-de-la-recherche-action\/","url_meta":{"origin":304,"position":4},"title":"Atelier \u00ab Tiers Espace de la recherche-action \u00bb","author":"Hugues Bazin","date":"9 octobre 2019","format":false,"excerpt":"Le r\u00e9seau inter-r\u00e9gional d\u2019acteurs-chercheurs du LISRA (Laboratoire Innovation Sociale par la Recherche-action) et le collectif de recherche DAM (D\u00e9mocratie Alimentaire dans les March\u00e9s) de l\u2019UMR 951 Innovation lancent le premier atelier d\u2019un cycle de rencontres concernant les enjeux \u00e9pist\u00e9mologiques du croisement des savoirs, entre l\u2019action et la recherche. L\u2019objectif est\u2026","rel":"","context":"Dans &quot;Formation-action&quot;","block_context":{"text":"Formation-action","link":"http:\/\/recherche-action.fr\/labo-social\/category\/formation-action\/"},"img":{"alt_text":"","src":"https:\/\/i0.wp.com\/recherche-action.fr\/labo-social\/wp-content\/uploads\/sites\/3\/2019\/10\/DSC2674.jpg?resize=350%2C200","width":350,"height":200,"srcset":"https:\/\/i0.wp.com\/recherche-action.fr\/labo-social\/wp-content\/uploads\/sites\/3\/2019\/10\/DSC2674.jpg?resize=350%2C200 1x, https:\/\/i0.wp.com\/recherche-action.fr\/labo-social\/wp-content\/uploads\/sites\/3\/2019\/10\/DSC2674.jpg?resize=525%2C300 1.5x"},"classes":[]},{"id":930,"url":"http:\/\/recherche-action.fr\/labo-social\/2018\/06\/13\/pour-la-constitution-dun-tiers-espace-de-la-recherche-et-de-laction\/","url_meta":{"origin":304,"position":5},"title":"Pour la constitution d\u2019un tiers espace de la recherche et de l\u2019action","author":"Hugues Bazin","date":"13 juin 2018","format":false,"excerpt":"Invitation \u00e0 la r\u00e9union pour la constitution d\u2019un tiers espace de la recherche et de l\u2019action 22 juin 17h30-19h30 \u2013 salle 412 Maison des Sciences de l\u2019Homme Paris-Nord 20 av George Sand, 93210 Saint-Denis \u2013 M\u00b012 Front populaire \u2013 RER B : La Plaine \u2013 Stade de France L'objectif de\u2026","rel":"","context":"Dans &quot;Actualit\u00e9&quot;","block_context":{"text":"Actualit\u00e9","link":"http:\/\/recherche-action.fr\/labo-social\/category\/actualite\/"},"img":{"alt_text":"","src":"https:\/\/i0.wp.com\/recherche-action.fr\/labo-social\/wp-content\/uploads\/sites\/3\/2018\/06\/IMG_20180224_165622.jpg?resize=350%2C200","width":350,"height":200,"srcset":"https:\/\/i0.wp.com\/recherche-action.fr\/labo-social\/wp-content\/uploads\/sites\/3\/2018\/06\/IMG_20180224_165622.jpg?resize=350%2C200 1x, https:\/\/i0.wp.com\/recherche-action.fr\/labo-social\/wp-content\/uploads\/sites\/3\/2018\/06\/IMG_20180224_165622.jpg?resize=525%2C300 1.5x, https:\/\/i0.wp.com\/recherche-action.fr\/labo-social\/wp-content\/uploads\/sites\/3\/2018\/06\/IMG_20180224_165622.jpg?resize=700%2C400 2x, https:\/\/i0.wp.com\/recherche-action.fr\/labo-social\/wp-content\/uploads\/sites\/3\/2018\/06\/IMG_20180224_165622.jpg?resize=1050%2C600 3x, https:\/\/i0.wp.com\/recherche-action.fr\/labo-social\/wp-content\/uploads\/sites\/3\/2018\/06\/IMG_20180224_165622.jpg?resize=1400%2C800 4x"},"classes":[]}],"post_mailing_queue_ids":[],"_links":{"self":[{"href":"http:\/\/recherche-action.fr\/labo-social\/wp-json\/wp\/v2\/posts\/304","targetHints":{"allow":["GET"]}}],"collection":[{"href":"http:\/\/recherche-action.fr\/labo-social\/wp-json\/wp\/v2\/posts"}],"about":[{"href":"http:\/\/recherche-action.fr\/labo-social\/wp-json\/wp\/v2\/types\/post"}],"author":[{"embeddable":true,"href":"http:\/\/recherche-action.fr\/labo-social\/wp-json\/wp\/v2\/users\/1"}],"replies":[{"embeddable":true,"href":"http:\/\/recherche-action.fr\/labo-social\/wp-json\/wp\/v2\/comments?post=304"}],"version-history":[{"count":0,"href":"http:\/\/recherche-action.fr\/labo-social\/wp-json\/wp\/v2\/posts\/304\/revisions"}],"wp:attachment":[{"href":"http:\/\/recherche-action.fr\/labo-social\/wp-json\/wp\/v2\/media?parent=304"}],"wp:term":[{"taxonomy":"category","embeddable":true,"href":"http:\/\/recherche-action.fr\/labo-social\/wp-json\/wp\/v2\/categories?post=304"},{"taxonomy":"post_tag","embeddable":true,"href":"http:\/\/recherche-action.fr\/labo-social\/wp-json\/wp\/v2\/tags?post=304"}],"curies":[{"name":"wp","href":"https:\/\/api.w.org\/{rel}","templated":true}]}}