{"id":63,"date":"2013-05-05T09:11:42","date_gmt":"2013-05-05T08:11:42","guid":{"rendered":"http:\/\/recherche-action.fr\/labo-social\/?p=63"},"modified":"2013-05-05T09:11:42","modified_gmt":"2013-05-05T08:11:42","slug":"observatoire-des-discours-dadhesion-professionnels","status":"publish","type":"post","link":"http:\/\/recherche-action.fr\/labo-social\/2013\/05\/05\/observatoire-des-discours-dadhesion-professionnels\/","title":{"rendered":"Observatoire des discours d&rsquo;adh\u00e9sion professionnels"},"content":{"rendered":"<p><span style=\"text-decoration: underline\"><\/span><\/p>\n<div>Observatoire des discours d&rsquo;adh\u00e9sion des professionnels aux institutions<\/div>\n<div><\/div>\n<div>Conceptualisation<\/div>\n<div>\u00a0 \u00a0 Les discours d&rsquo;adh\u00e9sion des \u00a0professionnels (sociaux, \u00e9ducatifs ou autres) aux institutions qui les emploient sont caract\u00e9ris\u00e9s par le recours des professionnels \u00e0 l&rsquo;argumentation officielle \u00a0des structures qui les emploient, sans aucune forme de distanciation ou d&rsquo;appropriation. \u00a0De plus ces situations de recours \u00e0 ces discours d&rsquo;adh\u00e9sion, survient quand ces m\u00eames professionnels se trouvent en difficult\u00e9 pour justifier leur action, face \u00e0 des partenaires ou des usagers et qu&rsquo;ils ne parviennent pas \u00e0 produire de justification \u00a0ou une argumentation qui leur \u00a0soit propre<\/div>\n<div><\/div>\n<div>\u00a0 Concr\u00e8tement, le recours \u00e0 de tels discours, rel\u00e8ve \u00a0d une\u00a0\u00a0une situation d\u00e9fensive et aboutit \u00e0 une renonciation vis avis de toute position personnelle ou originale qui impliquerait un d\u00e9calage vis \u00e0 vis de la position institutionnelle. \u00a0Le \u00a0recours \u00e0 ce type de positionnement \u00a0peut \u00eatre assimil\u00e9 \u00a0a une forme de renonciation vis a vis de toute libert\u00e9 d agir mais \u00e9galement de penser, dans un cadre professionnel\u00a0La possibilit\u00e9, comme la n\u00e9cessit\u00e9 d&rsquo;une telle libert\u00e9 est \u00e0 cette occasion, couramment d\u00e9ni\u00e9e par l&rsquo;int\u00e9ress\u00e9<\/div>\n<div><\/div>\n<div>L&rsquo;adh\u00e9sion \u00a0apparait des lors comme l&rsquo;unique solution pour endurer une posture professionnelle qu&rsquo;on supporte d\u00e8s lors qu&rsquo;on ne peut plus la justifier autrement que par sa soumission<\/div>\n<div><\/div>\n<div>Contexte<\/div>\n<div><\/div>\n<div>\u00c0 partir des\u00a0ann\u00e9es 80 , les institutions \u00e9ducatives se sont volontiers pr\u00e9sent\u00e9es elles m\u00eames comme \u00e9tant en difficult\u00e9 soit pour contacter soit pour fid\u00e9liser leur public, soit pour r\u00e9pondre \u00e0 de nouveaux besoins sociaux. Elles ont ainsi permis que s&rsquo;exprime couramment au sein de la soci\u00e9t\u00e9 des discours de souffrance ou difficult\u00e9 \u00a0la part de leurs employ\u00e9s. \u00a0Nous connaissons ainsi mille exemples m\u00e9diatis\u00e9s de \u00a0 \u00a0\u00bb t\u00e9moignages\u00a0\u00bb de professeurs en souffrance , ou r\u00e9volt\u00e9s, etc.<\/div>\n<div><\/div>\n<div>On\u00a0peut ainsi se r\u00e9f\u00e9rer par exemple aux discours concernant une forme de la d\u00e9mission parentale qui \u00a0se sont cristallis\u00e9s autour de l&rsquo;\u00e9cole et des institutions \u00e9ducatives et sociales \u00e0 partir de 1984. Mais nous pensons \u00e9galement aux perp\u00e9tuelles interrogations autour del\u00e0 question de l \u00e9chec scolaire, ou aux premi\u00e8res g\u00e9n\u00e9rations de mesures en lien avec la politique de la Ville qui mettaient en avant le d\u00e9s\u0153uvrement de la jeunesse et sa marginalis\u00e2t ion croissante<\/div>\n<div><\/div>\n<div>Ces discours dans leur ensemble mettaient en avant des probl\u00e8mes non solutionn\u00e9s , non r\u00e9solus \u00a0 En ce sens ces discours contribuaient \u00e0 d\u00e9mocratiser une forme de r\u00e9flexion collective \u00a0concernant des probl\u00e9matiques sociales et \u00e9ducatives.<\/div>\n<div><\/div>\n<div>\u00a0Les acteurs sociaux engag\u00e9s dans des pratiques innovantes observent depuis quelques ann\u00e9es une modification substantielle de cette tendance. \u00a0 En effet , l&rsquo;ensemble des probl\u00e9matiques classiques a \u00e9t\u00e9 reformul\u00e9e sous l&rsquo;impulsion de politiques et mesures volontaristes. \u00a0Ainsi l&rsquo;\u00e9chec scolaire est il devenu lutte contre le d\u00e9crochage scolaire et les difficult\u00e9s \u00e9ducatives ont elles \u00e9t\u00e9 d\u00e9sign\u00e9es par le vocable de Reussite \u00c9ducative qui d\u00e9signe selon les cas, soit un dispositif soit une ligne politique.<\/div>\n<div>Les difficult\u00e9s pr\u00e9sent\u00e9es il y a peu comme des probl\u00e8mes insolubles \u00a0semblent aujourd&rsquo;hui hui s&rsquo;\u00e9puiser dans les r\u00e9ponses institutionnelles qui y sont apport\u00e9es. Une sorte de renversement s\u00e9mantique semble avoir identifi\u00e9 les difficult\u00e9s sociales \u00e0 des mesures dont les professionnels \u00a0sont les ex\u00e9cutants. D\u00e8s lors, les situations difficiles qui r\u00e9v\u00e8lent l inadaptation des m\u00e9thodes ou des solutions semblent d\u00e9ni\u00e9es et renvoy\u00e9es \u00e0 un vide de toute rationalit\u00e9 possible. Ce sont des situations dont la compr\u00e9hension est des lors limit\u00e9e et renvoy\u00e9e totalement aux particularit\u00e9s des individus qui les portent<\/div>\n<div><\/div>\n<div>Hypoth\u00e8se.<\/div>\n<div>\u00a0\u00c0 partir du constat de ces changements de discours, \u00a0un certain nombre d&rsquo;acteurs sociaux engag\u00e9s ont remarqu\u00e9 un changement de posture et de discours des professionnels eux m\u00eames.<\/div>\n<div><\/div>\n<div>\u00a0 Ainsi les professionnels de nombreux coll\u00e8ges qui tout au long des ann\u00e9es 90 jusqu&rsquo;\u00e0 2010 avaient mis en avant leurs difficult\u00e9 \u00e9ducatives , semblent aujourd&rsquo;hui hui avoir compl\u00e8tement modifi\u00e9 leurs discours \u00a0Au point de ne plus du tout communiquer autour de probl\u00e9matiques , mais au contraire de produire des annonces r\u00e9solument optimistes: on communique autour de l&rsquo;orientations , du succ\u00e8s de certains \u00a0eleves etc. Les exclusions d\u00b4\u00e9l\u00e8ves, dont nous savons pourtant \u00a0qu&rsquo;elles n&rsquo;ont en aucun cas d\u00e9clin\u00e9 tant sur le plan local que national, dans leur nombre, sont pr\u00e9sent\u00e9es sous des abords positifs quasiment comme des stages. Le renvoi d&rsquo;\u00e9lev\u00e9s \u00e2g\u00e9s de 16 ans et plus est pr\u00e9sent\u00e9 comme relevant selon le cas d&rsquo;orientations ou de partenariats. Ainsi les probl\u00e8mes ne sont plus nomm\u00e9s qu&rsquo;au travers des mesures qui \u00e9taient cens\u00e9es soit les \u00e9viter soit les r\u00e9soudre<\/div>\n<div><\/div>\n<div>\u00a0Du c\u00f4t\u00e9 de l&rsquo;action sociale , nous rep\u00e9rons des tendances similaires: les institutions et dispositifs mettent en avant une vision positiviste de leur activit\u00e9 qui masque l&rsquo;existence m\u00eame de probl\u00e9matiques non r\u00e9solues. Les professionnels qui dans leurs pratiques concr\u00e8tes rencontrent des situations qui les d\u00e9passent , refusent pour autant de les reconna\u00eetre et continuent de v\u00e9hiculer la position officielle. \u00a0Ceci est particuli\u00e8rement \u00e9tonnant dans le cadre d un secteur professionnel caract\u00e9ris\u00e9 au contraire par une culture ancienne \u00a0de l&rsquo;analyse des probl\u00e9matiques complexes et de la critique institutionnelle .<\/div>\n<div><\/div>\n<div><\/div>\n<div>\u00a0Les acteurs \u00e9ducatifs engag\u00e9s \u00a0aupr\u00e8s de populations en grande difficult\u00e9 sociale , et en particulier aupr\u00e8s des familles et enfants pr\u00e9caires, \u00a0rencontrent ainsi des professionnels socio\u00e9ducatifs qui peuvent affirmer contre toute logique que la situation \u00a0de mineurs en grande difficult\u00e9 ne rel\u00e8ve en rien de leurs fonctions ou responsabilit\u00e9s.<\/div>\n<div><\/div>\n<p><span style=\"text-decoration: underline\">\u00a0 Ces positions prennent parfois des proportions extr\u00eames quand ces discours aboutissent \u00e0 couvrir la situation d.enfants qui dorment dans la rue ou quand ils permettent de ne pas prendre en consid\u00e9ration que la \u00ab\u00a0solution d h\u00e9bergement\u00a0\u00bb qui a \u00e9t\u00e9 propos\u00e9e aboutit dans les faits \u00e0 d\u00e9scolariser durablement \u00a0tous les enfants d&rsquo; une m\u00eame famille.\u00a0<\/span><\/p>\n<div>\n<div>Ce qui est des lors \u00e9tonnant et qui justifie l&rsquo;int\u00e9r\u00eat d&rsquo;une telle action de recherche , n&rsquo;est pas tant l&rsquo;impossibilit\u00e9 pour ces s professionnels de trouver d autres solution \u00a0que l&rsquo;attitude d\u00e9termin\u00e9e de ces derniers \u00e0 justifier la dite situations, \u00e0 la juger normale , et \u00e0 d\u00e9nier \u00a0ainsi les principes m\u00eames de leur profession et de la mission de leurs services.<\/p>\n<div><\/div>\n<div>Mais en dehors de l&rsquo;\u00e9cole et de l&rsquo;action sociale, on rencontre une telle attitude,et plus couramment encore, chez des acteurs \u00a0administratifs ou fonctionnaires des collectivit\u00e9s en lien avec du public: professionnels de biblioth\u00e8ques, \u00a0ludoth\u00e8ques , mais aussi animateurs \u00a0, professionnels \u00a0de la petite enfances peuvent le cas \u00e9ch\u00e9ant et confront\u00e9s a des situations qui rentrent en contradiction avec les fondements m\u00eames des structures qui les emploient, d\u00e9velopper la m\u00eame attitude. \u00a0Des discours de justification seront ainsi repris avec la m\u00eame forme d adh\u00e9sions sans tenir compte des contradictions ou incoh\u00e9rences entre le sens m\u00eame de leur m\u00e9tier et les situations ainsi justifi\u00e9es. Il peut s&rsquo;agir d&rsquo;enfants exclus des cantine\u015b scolaires , rejet\u00e9s des structures municipales . Encore \u00a0une fois, ces discours ne se limitent pas \u00e0 justifier de telles situation\u015b ; ils visent en r\u00e9alit\u00e9 \u00e0 nier l&rsquo;existence m\u00eame du probl\u00e8me, selon quelques variantes que nous \u00e9tudierons<\/div>\n<div><\/div>\n<div>M\u00e9thodologie.<\/div>\n<div>\u00a0 \u00a0Une telle action de recherche n&rsquo;a pas pour but de quantifier le ph\u00e9nom\u00e8ne mais \u00e0 caract\u00e9riser son fonctionnement et \u00e0 produire un dispositif explicatif propre \u00e0 rendre compte des fonctions qu&rsquo;il remplit et des tendances au sein de la soci\u00e9t\u00e9 qu&rsquo;il\u00a0d\u00e9voile<\/div>\n<div>\u00a0 \u00a0 Cette r\u00eacherche s&rsquo;int\u00e8gre pleinement dans la d\u00e9marche d&rsquo;acteurs sociaux qui , confront\u00e9s a des situations qu&rsquo;ils jugent incoh\u00e9rentes de la part de professionnels\u00a0sociaux ou administratifs, souhaitent comprendre les ressorts de telles attitudes pour mieux les anticipe\u0155 et y faire \u00e9ventuellement face<\/div>\n<div>\u00a0 \u00a0C&rsquo;est un v\u00e9ritable enjeu de compr\u00e9hension pour ces acteurs qui sont souvent bouscule\u015b et \u00a0mis en difficult\u00e9 par le ph\u00e9nom\u00e8ne relev\u00e9 et qui les expose, faute d&rsquo;y trouver suffisamment de sens , au risque du d\u00e9couragement<\/div>\n<div><\/div>\n<div>\u00a0 Ainsi cette cherche action ne reposera pas sur des enqu\u00eates de type statistique\u015b mais sur des t\u00e9moignages. Du fait de la nature m\u00e9m\u00e9 d\u00e9fensive du ph\u00e9nom\u00e8ne observ\u00e9, il ne faut pas s&rsquo;attendre \u00e0 ce que ces t\u00e9moignages proviennent des professionnels concern\u00e9s eux m\u00eames, mais plut\u00f4t des acteurs qui en ont \u00e9t\u00e9 destinataires<\/div>\n<div>\n<div>\u00a0 Cela n&#8217;emp\u00eachera aucunement cependant que l&rsquo;on puisse comp\u00e9ter le mat\u00e9riau de ces t\u00e9moignages par des interviews de professionnels<\/div>\n<div><\/div>\n<div>Posture du chercheur<\/div>\n<div><\/div>\n<div>\u00a0 \u00a0Le chercheur coordinateur de cette \u00a0action de recherche b\u00e9n\u00e9ficie de qualifications universitaire (doctorat en Sciences Humaines et sociales, HDR en cours) mais prend en compte une posture d&rsquo;acteur social impliqu\u00e9 dans l&rsquo;objet m\u00eame de sa recherche<\/div>\n<div>\u00a0 \u00a0 Il souhaite \u00a0s&rsquo;entourer d&rsquo;acteurs sociaux qui ont \u00e9t\u00e9 confront\u00e9s aux m\u00eame type de ph\u00e9nom\u00e8ne et qui partagent le m\u00eame d\u00e9sir de caract\u00e9riser, faire conna\u00eetre et comprendre de telles situations<\/div>\n<div><\/div>\n<div>Mat\u00e9riel de la recherche<\/div>\n<div><\/div>\n<div>\u00a0 \u00c0 ce stade, cette action de recherche est \u00a0au stade du d\u00e9marrage. Elle peut cependant s&rsquo;appuyer sur le t\u00e9moignage de nombreux acteurs sociaux ou \u00e9ducatifs d\u00e9j\u00e0 rencontr\u00e9s: militants associatifs, artistes de rue, confront\u00e9s aux discours d&rsquo;adh\u00e9sion d\u00e9j\u00e0 d\u00e9crits<\/div>\n<div><\/div>\n<div>Une premi\u00e8re \u00e9bauche de ce mat\u00e9riel est disponible sous la forme de deux articles de Laurent OTT, publi\u00e9s dans la revue professionnelle du secteur sociale, RAJ\u015a dans son num\u00e9ro du mois de Mai, aux pages 14 \u00e5 21<\/div>\n<\/div>\n<\/div>\n<\/div>\n","protected":false},"excerpt":{"rendered":"<p>Observatoire des discours d&rsquo;adh\u00e9sion des professionnels aux institutions Conceptualisation \u00a0 \u00a0 Les discours d&rsquo;adh\u00e9sion des \u00a0professionnels (sociaux, \u00e9ducatifs ou autres) aux institutions qui les emploient sont caract\u00e9ris\u00e9s par le recours des professionnels \u00e0 l&rsquo;argumentation officielle \u00a0des structures qui les emploient, sans aucune forme de distanciation ou d&rsquo;appropriation. \u00a0De plus ces [&hellip;]<\/p>\n","protected":false},"author":16,"featured_media":0,"comment_status":"open","ping_status":"open","sticky":false,"template":"","format":"standard","meta":{"_jetpack_memberships_contains_paid_content":false,"footnotes":"","jetpack_publicize_message":"","jetpack_publicize_feature_enabled":true,"jetpack_social_post_already_shared":true,"jetpack_social_options":{"image_generator_settings":{"template":"highway","default_image_id":0,"font":"","enabled":false},"version":2},"_links_to":"","_links_to_target":""},"categories":[3],"tags":[],"class_list":["post-63","post","type-post","status-publish","format-standard","hentry","category-contributions"],"jetpack_publicize_connections":[],"jetpack_featured_media_url":"","jetpack_sharing_enabled":true,"jetpack_shortlink":"https:\/\/wp.me\/p3rD7a-11","jetpack-related-posts":[{"id":849,"url":"http:\/\/recherche-action.fr\/labo-social\/2016\/11\/23\/appel-pour-le-developpement-des-recherches-participatives-en-croisement-des-savoirs\/","url_meta":{"origin":63,"position":0},"title":"Appel pour le d\u00e9veloppement des recherches participatives en croisement des savoirs","author":"Hugues Bazin","date":"23 novembre 2016","format":false,"excerpt":"Cet appel \u00e9mane d'un s\u00e9minaire sur \u00ab l'\u00e9pist\u00e9mologie des recherches participatives et en croisement des savoirs avec des personnes en situation de pauvret\u00e91 \u00bb. L'objectif \u00e9tait de confronter les questions et m\u00e9thodes port\u00e9es par diff\u00e9rentes \u00e9quipes ayant r\u00e9alis\u00e9 des recherches participatives et en croisement des savoirs 2, afin d'analyser leur\u2026","rel":"","context":"Dans &quot;Actualit\u00e9&quot;","block_context":{"text":"Actualit\u00e9","link":"http:\/\/recherche-action.fr\/labo-social\/category\/actualite\/"},"img":{"alt_text":"","src":"https:\/\/i0.wp.com\/recherche-action.fr\/labo-social\/wp-content\/uploads\/sites\/3\/2016\/11\/cropped-MG_9889_1024-940x405.jpeg?resize=350%2C200","width":350,"height":200,"srcset":"https:\/\/i0.wp.com\/recherche-action.fr\/labo-social\/wp-content\/uploads\/sites\/3\/2016\/11\/cropped-MG_9889_1024-940x405.jpeg?resize=350%2C200 1x, https:\/\/i0.wp.com\/recherche-action.fr\/labo-social\/wp-content\/uploads\/sites\/3\/2016\/11\/cropped-MG_9889_1024-940x405.jpeg?resize=525%2C300 1.5x, https:\/\/i0.wp.com\/recherche-action.fr\/labo-social\/wp-content\/uploads\/sites\/3\/2016\/11\/cropped-MG_9889_1024-940x405.jpeg?resize=700%2C400 2x, https:\/\/i0.wp.com\/recherche-action.fr\/labo-social\/wp-content\/uploads\/sites\/3\/2016\/11\/cropped-MG_9889_1024-940x405.jpeg?resize=1050%2C600 3x"},"classes":[]},{"id":866,"url":"http:\/\/recherche-action.fr\/labo-social\/2017\/08\/09\/espaces-demancipation-et-de-transformation\/","url_meta":{"origin":63,"position":1},"title":"Espaces d\u2019\u00e9mancipation et de transformation","author":"Hugues Bazin","date":"9 ao\u00fbt 2017","format":false,"excerpt":"L\u2019\u00e9ducation populaire r\u00e9interrog\u00e9e par la recherche-action dans un travail de la culture O\u00f9 et comment s\u2019incarne le projet \u00e9mancipateur et transformateur ? Qui sont les acteurs populaires de ces mouvements ? Quels sont les dispositifs et les outils de ce processus ? Pourquoi ces acteurs ne se revendiquent pas n\u00e9cessairement\u2026","rel":"","context":"Dans &quot;Actualit\u00e9&quot;","block_context":{"text":"Actualit\u00e9","link":"http:\/\/recherche-action.fr\/labo-social\/category\/actualite\/"},"img":{"alt_text":"","src":"https:\/\/i0.wp.com\/recherche-action.fr\/labo-social\/wp-content\/uploads\/sites\/3\/2017\/08\/emancipation1.jpg?resize=350%2C200","width":350,"height":200,"srcset":"https:\/\/i0.wp.com\/recherche-action.fr\/labo-social\/wp-content\/uploads\/sites\/3\/2017\/08\/emancipation1.jpg?resize=350%2C200 1x, https:\/\/i0.wp.com\/recherche-action.fr\/labo-social\/wp-content\/uploads\/sites\/3\/2017\/08\/emancipation1.jpg?resize=525%2C300 1.5x, https:\/\/i0.wp.com\/recherche-action.fr\/labo-social\/wp-content\/uploads\/sites\/3\/2017\/08\/emancipation1.jpg?resize=700%2C400 2x"},"classes":[]},{"id":408,"url":"http:\/\/recherche-action.fr\/labo-social\/2014\/08\/22\/fab-lab-ecole-urbaine-une-ecole-integrale-et-mutuelle-en-pedagogie-sociale\/","url_meta":{"origin":63,"position":2},"title":"\u00ab Fab Lab Ecole Urbaine \u00bb : Une \u00e9cole int\u00e9grale et mutuelle en P\u00e9dagogie Sociale (Champlan-91)","author":"intermedes","date":"22 ao\u00fbt 2014","format":false,"excerpt":"Contexte de l\u2019exp\u00e9rimentation L\u2019association Interm\u00e8des Robinson , cr\u00e9\u00e9e en 2005 est connue pour d\u00e9velopper un programme innovant mais local, \u00e0 Longjumeau\u00a0 et communes environnantes (Nord Essonne) Il s\u2019agit d\u2019un programme d\u2019\u00e9ducation non formelle ouvert \u00e0 tous les \u00e2ges dont la particularit\u00e9 est que toutes les actions se d\u00e9roulent en dehors\u2026","rel":"","context":"Dans &quot;Exp\u00e9rimentation&quot;","block_context":{"text":"Exp\u00e9rimentation","link":"http:\/\/recherche-action.fr\/labo-social\/category\/experimentation\/"},"img":{"alt_text":"","src":"https:\/\/i0.wp.com\/recherche-action.fr\/labo-social\/wp-content\/uploads\/sites\/3\/2014\/08\/DSC00438.jpg?resize=350%2C200","width":350,"height":200},"classes":[]},{"id":863,"url":"http:\/\/recherche-action.fr\/labo-social\/2017\/08\/11\/recherche-action-en-laboratoire-social\/","url_meta":{"origin":63,"position":3},"title":"Recherche-action en laboratoire social","author":"Hugues Bazin","date":"11 ao\u00fbt 2017","format":false,"excerpt":"Qu\u2019est-ce que la Recherche-action ? La recherche-action est une d\u00e9marche qui peut s\u2019inscrire ou non dans un cadre professionnel, mais est toujours une recherche impliqu\u00e9e qui n\u00e9cessite un engagement de l\u2019individu dans son enti\u00e8ret\u00e9 et pas seulement dans sa \u00ab surcouche \u00bb technicienne. C\u2019est en cela aussi une d\u00e9marche existentielle.\u2026","rel":"","context":"Dans &quot;Actualit\u00e9&quot;","block_context":{"text":"Actualit\u00e9","link":"http:\/\/recherche-action.fr\/labo-social\/category\/actualite\/"},"img":{"alt_text":"","src":"https:\/\/i0.wp.com\/recherche-action.fr\/labo-social\/wp-content\/uploads\/sites\/3\/2017\/08\/admin-ajax.php_.jpg?resize=350%2C200","width":350,"height":200},"classes":[]},{"id":915,"url":"http:\/\/recherche-action.fr\/labo-social\/2018\/04\/05\/laboratoire-sociale-au-croisement-des-savoirs\/","url_meta":{"origin":63,"position":4},"title":"Laboratoire social au croisement des savoirs","author":"Hugues Bazin","date":"5 avril 2018","format":false,"excerpt":"Pr\u00e9sentation de la d\u00e9marche en laboratoire social Le Laboratoire d'Innovation Sociale par la Recherche-Action est actuellement compos\u00e9 d\u2019une trentaine d\u2019acteurs-chercheurs et de chercheurs-acteurs porteurs d\u2019exp\u00e9rimentations sociales dans diff\u00e9rentes r\u00e9gions (principalement\u00a0: Pays de la Loire, Rh\u00f4ne-Alpes, Limousin, \u00cele-de-France, PACA) Il s\u2019est constitu\u00e9 progressivement \u00e0 partir des ann\u00e9es 2000 dans la rencontre\u2026","rel":"","context":"Dans &quot;Actualit\u00e9&quot;","block_context":{"text":"Actualit\u00e9","link":"http:\/\/recherche-action.fr\/labo-social\/category\/actualite\/"},"img":{"alt_text":"","src":"https:\/\/i0.wp.com\/recherche-action.fr\/labo-social\/wp-content\/uploads\/sites\/3\/2018\/04\/20150615_193733.jpg?resize=350%2C200","width":350,"height":200,"srcset":"https:\/\/i0.wp.com\/recherche-action.fr\/labo-social\/wp-content\/uploads\/sites\/3\/2018\/04\/20150615_193733.jpg?resize=350%2C200 1x, https:\/\/i0.wp.com\/recherche-action.fr\/labo-social\/wp-content\/uploads\/sites\/3\/2018\/04\/20150615_193733.jpg?resize=525%2C300 1.5x, https:\/\/i0.wp.com\/recherche-action.fr\/labo-social\/wp-content\/uploads\/sites\/3\/2018\/04\/20150615_193733.jpg?resize=700%2C400 2x, https:\/\/i0.wp.com\/recherche-action.fr\/labo-social\/wp-content\/uploads\/sites\/3\/2018\/04\/20150615_193733.jpg?resize=1050%2C600 3x, https:\/\/i0.wp.com\/recherche-action.fr\/labo-social\/wp-content\/uploads\/sites\/3\/2018\/04\/20150615_193733.jpg?resize=1400%2C800 4x"},"classes":[]},{"id":192,"url":"http:\/\/recherche-action.fr\/labo-social\/2013\/12\/25\/ateliers-regionaux\/","url_meta":{"origin":63,"position":5},"title":"Ateliers r\u00e9gionaux","author":"Hugues Bazin","date":"25 d\u00e9cembre 2013","format":false,"excerpt":"Ateliers de recherche-action r\u00e9gionaux et d\u00e9veloppement en r\u00e9seau Depuis son d\u00e9veloppement en 2002, le r\u00e9seau espaces populaires de cr\u00e9ation culturelle a mis en lien des acteurs de nombreuses r\u00e9gions. Actuellement, il existe des correspondants dans les r\u00e9gions\u00a0: \u00cele de France, Bourgogne, Bretagne, Pays de la Loire, PACA, Franche-Comt\u00e9, Limousin, Midi-Pyr\u00e9n\u00e9es.\u2026","rel":"","context":"Dans &quot;Formation-action&quot;","block_context":{"text":"Formation-action","link":"http:\/\/recherche-action.fr\/labo-social\/category\/formation-action\/"},"img":{"alt_text":"","src":"https:\/\/i0.wp.com\/recherche-action.fr\/labo-social\/wp-content\/uploads\/sites\/3\/2013\/12\/10495315_10152671894044516_5240357234716898064_o-1024x682.jpg?resize=350%2C200","width":350,"height":200,"srcset":"https:\/\/i0.wp.com\/recherche-action.fr\/labo-social\/wp-content\/uploads\/sites\/3\/2013\/12\/10495315_10152671894044516_5240357234716898064_o-1024x682.jpg?resize=350%2C200 1x, https:\/\/i0.wp.com\/recherche-action.fr\/labo-social\/wp-content\/uploads\/sites\/3\/2013\/12\/10495315_10152671894044516_5240357234716898064_o-1024x682.jpg?resize=525%2C300 1.5x, https:\/\/i0.wp.com\/recherche-action.fr\/labo-social\/wp-content\/uploads\/sites\/3\/2013\/12\/10495315_10152671894044516_5240357234716898064_o-1024x682.jpg?resize=700%2C400 2x"},"classes":[]}],"post_mailing_queue_ids":[],"_links":{"self":[{"href":"http:\/\/recherche-action.fr\/labo-social\/wp-json\/wp\/v2\/posts\/63","targetHints":{"allow":["GET"]}}],"collection":[{"href":"http:\/\/recherche-action.fr\/labo-social\/wp-json\/wp\/v2\/posts"}],"about":[{"href":"http:\/\/recherche-action.fr\/labo-social\/wp-json\/wp\/v2\/types\/post"}],"author":[{"embeddable":true,"href":"http:\/\/recherche-action.fr\/labo-social\/wp-json\/wp\/v2\/users\/16"}],"replies":[{"embeddable":true,"href":"http:\/\/recherche-action.fr\/labo-social\/wp-json\/wp\/v2\/comments?post=63"}],"version-history":[{"count":0,"href":"http:\/\/recherche-action.fr\/labo-social\/wp-json\/wp\/v2\/posts\/63\/revisions"}],"wp:attachment":[{"href":"http:\/\/recherche-action.fr\/labo-social\/wp-json\/wp\/v2\/media?parent=63"}],"wp:term":[{"taxonomy":"category","embeddable":true,"href":"http:\/\/recherche-action.fr\/labo-social\/wp-json\/wp\/v2\/categories?post=63"},{"taxonomy":"post_tag","embeddable":true,"href":"http:\/\/recherche-action.fr\/labo-social\/wp-json\/wp\/v2\/tags?post=63"}],"curies":[{"name":"wp","href":"https:\/\/api.w.org\/{rel}","templated":true}]}}