{"id":20,"date":"2020-01-15T21:46:46","date_gmt":"2020-01-15T20:46:46","guid":{"rendered":"http:\/\/recherche-action.fr\/lieux-urbains\/?p=20"},"modified":"2020-01-15T21:57:44","modified_gmt":"2020-01-15T20:57:44","slug":"recherche-action-ville-en-commun","status":"publish","type":"post","link":"http:\/\/recherche-action.fr\/lieux-urbains\/2020\/01\/15\/recherche-action-ville-en-commun\/","title":{"rendered":"ville en commun"},"content":{"rendered":"\n<p>Le 26 novembre 2019, <a href=\"https:\/\/twitter.com\/LandonAurelie\">@LandonAurelie<\/a> du <a href=\"https:\/\/twitter.com\/CRH_LAVUE\">@CRH_LAVUE<\/a>  a pr\u00e9sent\u00e9 une recherche-action men\u00e9 avec Ville en Commun dans le cadre  de l&rsquo;appel en commun mensuel de Remix.<\/p>\n\n\n\n<p> Le rapport peut \u00eatre t\u00e9l\u00e9charg\u00e9  ici :  <a rel=\"noreferrer noopener\" href=\"https:\/\/t.co\/nTgZaoJX7N\" target=\"_blank\">https:\/\/nuage.en-commun.net\/s\/R5FEzGZmnk5XH7d&nbsp;\u2026<\/a><\/p>\n\n\n\n<p>On trouve des traces de ce community call sur le wiki de Remix <a rel=\"noreferrer noopener\" href=\"https:\/\/t.co\/2yQoCOCMLp?amp=1\" target=\"_blank\">https:\/\/wiki.remixthecommons.org\/index.php\/19.11Usage_du_concept_de_dignit%C3%A9_dans_des_politiques_publiques_locales<\/a><a href=\"https:\/\/twitter.com\/hashtag\/rechercheaction?src=hashtag_click\">#rechercheaction<\/a><\/p>\n","protected":false},"excerpt":{"rendered":"<p>Le 26 novembre 2019, @LandonAurelie du @CRH_LAVUE a pr\u00e9sent\u00e9 une recherche-action men\u00e9 avec Ville en Commun dans le cadre de l&rsquo;appel en commun mensuel de Remix. Le rapport peut \u00eatre t\u00e9l\u00e9charg\u00e9 ici : https:\/\/nuage.en-commun.net\/s\/R5FEzGZmnk5XH7d&nbsp;\u2026 On trouve des traces de ce community call sur le wiki de Remix https:\/\/wiki.remixthecommons.org\/index.php\/19.11Usage_du_concept_de_dignit%C3%A9_dans_des_politiques_publiques_locales#rechercheaction<\/p>\n","protected":false},"author":87,"featured_media":0,"comment_status":"open","ping_status":"open","sticky":false,"template":"","format":"standard","meta":{"footnotes":""},"categories":[1],"tags":[2],"class_list":["post-20","post","type-post","status-publish","format-standard","hentry","category-non-classe","tag-recherche-action"],"jetpack_featured_media_url":"","_links":{"self":[{"href":"http:\/\/recherche-action.fr\/lieux-urbains\/wp-json\/wp\/v2\/posts\/20","targetHints":{"allow":["GET"]}}],"collection":[{"href":"http:\/\/recherche-action.fr\/lieux-urbains\/wp-json\/wp\/v2\/posts"}],"about":[{"href":"http:\/\/recherche-action.fr\/lieux-urbains\/wp-json\/wp\/v2\/types\/post"}],"author":[{"embeddable":true,"href":"http:\/\/recherche-action.fr\/lieux-urbains\/wp-json\/wp\/v2\/users\/87"}],"replies":[{"embeddable":true,"href":"http:\/\/recherche-action.fr\/lieux-urbains\/wp-json\/wp\/v2\/comments?post=20"}],"version-history":[{"count":4,"href":"http:\/\/recherche-action.fr\/lieux-urbains\/wp-json\/wp\/v2\/posts\/20\/revisions"}],"predecessor-version":[{"id":24,"href":"http:\/\/recherche-action.fr\/lieux-urbains\/wp-json\/wp\/v2\/posts\/20\/revisions\/24"}],"wp:attachment":[{"href":"http:\/\/recherche-action.fr\/lieux-urbains\/wp-json\/wp\/v2\/media?parent=20"}],"wp:term":[{"taxonomy":"category","embeddable":true,"href":"http:\/\/recherche-action.fr\/lieux-urbains\/wp-json\/wp\/v2\/categories?post=20"},{"taxonomy":"post_tag","embeddable":true,"href":"http:\/\/recherche-action.fr\/lieux-urbains\/wp-json\/wp\/v2\/tags?post=20"}],"curies":[{"name":"wp","href":"https:\/\/api.w.org\/{rel}","templated":true}]}}