{"id":398,"date":"1991-01-12T17:50:00","date_gmt":"1991-01-12T16:50:00","guid":{"rendered":"http:\/\/recherche-action.fr\/peps\/?p=398"},"modified":"1991-01-12T17:50:00","modified_gmt":"1991-01-12T16:50:00","slug":"no-36-sommaire-edito","status":"publish","type":"post","link":"http:\/\/recherche-action.fr\/revue-peps\/1991\/01\/12\/no-36-sommaire-edito\/","title":{"rendered":"No 36 &#8211; Sommaire \/ Edito"},"content":{"rendered":"<h1>Sommaire<\/h1>\n<p>En bouclant ce dossier nous nous sommes aper\u00e7us que nombreux th\u00e8mes abord\u00e9s ici m\u00e9riteraient un prolongement. Cependant l&rsquo;ampleur du sujet rend l&rsquo;exhaustivit\u00e9 difficile.<br \/>\nFruit de plusieurs mois de rencontres, de travail entre jeunes du \u00ab Mouvement \u00bb, travailleurs sociaux, universitaires et chercheurs, le num\u00e9ro 36 de PEPS est con\u00e7u comme un outil de r\u00e9flexion.<br \/>\nLe premier chapitre donne quelques clefs de compr\u00e9hension en retra\u00e7ant les sources de la culture urbaine et propose une d\u00e9finition des principaux termes employ\u00e9s dans ce dossier.<br \/>\nLe second chapitre pose un regard sur les mouvements et mutations sous la forme d&rsquo;une critique sociale.<br \/>\nLe troisi\u00e8me chapitre envisage comment ce ph\u00e9nom\u00e8ne conduit \u00e0 une \u00e9volution des institutions d&rsquo;\u00e9ducation et d&rsquo;insertion.<br \/>\nL&rsquo;\u00e9quipe du dossier,<br \/>\nAli ABDERRAHMANE, Hugues BAZIN, Raymond CURIE, Mehdi FARZAD, Damien MABIALA<\/p>\n<h2>Chapitre 1 : M\u00e9moires<\/h2>\n<p>A partir du moment o\u00f9 on a commenc\u00e9 par falsifier notre histoire, il faut qu\u2019on r\u00e9agisse en reprenant notre histoire et notre culture.<\/p>\n<ul>\n<li>P.6 : Le rock est mort vive le rock par Jorge de la Barre<\/li>\n<li>P.10 : Reggae et hip-hop par Hugues Bazin<\/li>\n<li>P.11 : Aux sources du raggamuffin par Super John<\/li>\n<li>P.12 Nation Zulu par Damien Mabiala<\/li>\n<li>P.14: Dix ans d\u2019histoire dans les banlieues par Adil Jazouli<\/li>\n<li>P.18 : Br\u00e8ve histoire du hip-hop fran\u00e7ais par Georges Lapassade<\/li>\n<li>P.21 : Tag, Graff, danse et rap par Damien Mabiala<\/li>\n<\/ul>\n<h2>Chapitre 2 : Regards<\/h2>\n<p>C\u2019est la perception de ce qui est visible : les bandes l\u2019\u00c9tat, la retranscription des faits par les m\u00e9dias. En fait, peu de gens savent ce qui se passe\u2026<\/p>\n<ul>\n<li>P.26 : Le hip-hop dans la soci\u00e9t\u00e9 m\u00e9diatique par Georges Lapassade<\/li>\n<li>P.32 : Les bandes, mythes et r\u00e9alit\u00e9s par Adil Jazouli<\/li>\n<li>P.34 : Histoire des bandes, reflet de la soci\u00e9t\u00e9 par Maryse Esterle<\/li>\n<li>P.38 : Identit\u00e9, violence et critique sociale par Raymond Curie<\/li>\n<li>P.41 : Histoire d\u2019Antonio pas Pascal Obolo<\/li>\n<li>P.42 : Vent de couleur sur la ville par Nathalie Begot<\/li>\n<li>P.43 : Femme de Toulouse par Karima Ouabache<\/li>\n<\/ul>\n<h2>Chapitre 3 : Mouvement<\/h2>\n<p>Des jeunes disent appartenir un mouvement mais dans quel mouvement sinc\u00e8re les traverses sociaux entre parenth\u00e8ses et autres professeurs, \u00e9ducateurs, universitaires, intervenants), de quelle appartenance revendique-t-il ?<\/p>\n<ul>\n<li>P.46 : Hip-hop, un d\u00e9fi pour les traverses sociaux par Guy Magin<\/li>\n<li>P.48 : Pour une v\u00e9ritable action sociale par Anne Lyse Viel<\/li>\n<li>P.50 : Lutte contre l\u2019\u00e9chec scolaire par Mehdi Farzad<\/li>\n<li>P.56: Un espace culturel \u00e0 l\u2019universit\u00e9 par Georges Lapassade<\/li>\n<\/ul>\n<h1>\u00c9dito<\/h1>\n<p>PEPS se mettrait-elle \u00e0 \u00abrapper\u00bb ? Il est de bon ton aujourd&rsquo;hui pour <a href=\"http:\/\/recherche-action.fr\/revue-peps\/wp-content\/uploads\/sites\/21\/2017\/12\/peps36.jpg\"><img fetchpriority=\"high\" decoding=\"async\" class=\"alignright size-medium wp-image-53\" src=\"http:\/\/recherche-action.fr\/revue-peps\/wp-content\/uploads\/sites\/21\/2017\/12\/peps36-207x300.jpg\" alt=\"\" width=\"207\" height=\"300\" srcset=\"http:\/\/recherche-action.fr\/revue-peps\/wp-content\/uploads\/sites\/21\/2017\/12\/peps36-207x300.jpg 207w, http:\/\/recherche-action.fr\/revue-peps\/wp-content\/uploads\/sites\/21\/2017\/12\/peps36-708x1024.jpg 708w, http:\/\/recherche-action.fr\/revue-peps\/wp-content\/uploads\/sites\/21\/2017\/12\/peps36-768x1112.jpg 768w, http:\/\/recherche-action.fr\/revue-peps\/wp-content\/uploads\/sites\/21\/2017\/12\/peps36-1061x1536.jpg 1061w, http:\/\/recherche-action.fr\/revue-peps\/wp-content\/uploads\/sites\/21\/2017\/12\/peps36-1415x2048.jpg 1415w, http:\/\/recherche-action.fr\/revue-peps\/wp-content\/uploads\/sites\/21\/2017\/12\/peps36-1200x1737.jpg 1200w, http:\/\/recherche-action.fr\/revue-peps\/wp-content\/uploads\/sites\/21\/2017\/12\/peps36-1980x2866.jpg 1980w, http:\/\/recherche-action.fr\/revue-peps\/wp-content\/uploads\/sites\/21\/2017\/12\/peps36-scaled.jpg 1769w\" sizes=\"(max-width: 207px) 100vw, 207px\" \/><\/a>para\u00eetre \u00abbranch\u00e9\u00bb de suivre ce mouvement. Certains m\u00e9dias, producteurs ou d\u00e9cideurs peu scrupuleux cherchent \u00e0 r\u00e9colter quelques b\u00e9n\u00e9fices en le parant des habits de la mode. Nous ne d\u00e9sirons pas jouer \u00e0 ce \u00abtop 50\u00bb dont la superficialit\u00e9 transforme une aspiration l\u00e9gitime \u00e0 la dignit\u00e9 d&rsquo;une frange importante de la population en un simple produit de supermarch\u00e9.<br \/>\nIl ne se d\u00e9roule pas une semaine sans que paraisse un article extasie sur ce \u00abnouveau ph\u00e9nom\u00e8ne\u00bb ou qu&rsquo;un politique d\u00e9couvre \u00e9berlu\u00e9 une banlieue avec des gens qui y vivent et s&rsquo;expriment, parfois avec violence.<br \/>\nLe nombre de paroles d\u00e9vers\u00e9es sur le \u00abph\u00e9nom\u00e8ne\u00bb social et culturel urbain est inverse-ment proportionnel \u00e0 la connaissance effective de ce qui se passe aujourd&rsquo;hui dans la rue. Les m\u00e9dias, en premi\u00e8res lignes des accusations, repr\u00e9sentent fid\u00e8lement un syst\u00e8me bas\u00e9 sur l&rsquo;imm\u00e9diatet\u00e9 et l&rsquo;\u00e9v\u00e9nementiel. L&rsquo;\u00e9v\u00e9nement existe, il est d&rsquo;un autre ordre. Sans \u00eatre spectaculaire il r\u00e9v\u00e8le une mutation profonde.<br \/>\nCe dossier &#8211; fruit du travail d&rsquo;un collectif (jeunes, travailleurs sociax, universitaires,&#8230;) &#8211; s&rsquo;inscrit dans une d\u00e9marche d&rsquo;ensemble:<br \/>\nLe num\u00e9ro sp\u00e9cial de PEPS <a href=\"http:\/\/recherche-action.fr\/peps\/project\/peps-28-banlieue-cent-visages\/\" target=\"_blank\" rel=\"noopener noreferrer\">\u00abBanlieue Cent Visages\u00bb (mars 89)<\/a> suivi en mars 90 par la rencontre nationale du m\u00eame nom, partait d&rsquo;une intuition qui nous est apparue \u00e0 tous comme une \u00e9vidence:<br \/>\n&#8211; il existe une fracture profonde de la soci\u00e9t\u00e9, nous parlions de \u00absoci\u00e9t\u00e9 \u00e0 deux vitesses\u00bb<br \/>\n&#8211; dans des zones urbaines &#8211; appel\u00e9es \u00abbanlieues\u00bb -, \u00e9taient en train de se forger les outils qui transformeront la soci\u00e9t\u00e9 de demain<br \/>\n&#8211; que l&rsquo;un de ces outils puissants \u00e9tait repr\u00e9sent\u00e9 par l&rsquo;expression culturelle et artistique; moyen de reconnaissance et d&rsquo;affirmation d&rsquo;une dignit\u00e9.<br \/>\n&#8211; enfin qu&rsquo;il \u00e9tait urgent et vital de tisser des r\u00e9seaux, de renouer les fils d&rsquo;un dialogue entre les principaux acteurs (la population des 15\/30 ans principalement) et les diff\u00e9rents partenaires et intervenants dans les quartiers (travailleurs sociaux, \u00e9lus, repr\u00e9sentants institutionnels et minist\u00e9riels)<br \/>\n&#8211; que ces liens devaient \u00eatre directs et marquer la fin de l&rsquo;aristocratie de ceux qui \u00abparlent pour..\u00bb ou \u00abfont pour&#8230;\u00bb Il fallait restituer aux jeunes leur titre \u00abd&rsquo;auteur\u00bb.<br \/>\nLes \u00e9v\u00e9nements qui se sont pr\u00e9cipit\u00e9s depuis ont confirm\u00e9 cette premi\u00e8re perception; et quand M Delebarre rencontre directement des jeunes de Sartrouville (2), il ne fait pas preuve d&rsquo;une \u00abpolitique \u00e9clair\u00e9e\u00bb mais d&rsquo;un simple bon sens.<br \/>\nNous pouvons regretter qu&rsquo;il eut fallu autant d&rsquo;ann\u00e9es et de sang vers\u00e9 pour reconna\u00eetre l&rsquo;\u00e9vidence. Mais l&rsquo;heure n&rsquo;est plus au constat. Il est temps pour tous, non pas de mettre en place un nouveau d\u00e9veloppement, mais r\u00e9inventer la notion de d\u00e9veloppement qui rangera enfin dans les rayons de la caricature les murs des cit\u00e9s transform\u00e9s en murs d&rsquo;escalade au m\u00eame titre que le concept r\u00e9volu \u00abd&rsquo;int\u00e9gration\u00bb.<br \/>\nCeci exige de comprendre de fa\u00e7on intime les bouleversements et les mutations qui s&rsquo;op\u00e8rent actuellement en commen\u00e7ant par ce qui en constitue la fibre m\u00eame: le sentiment d&rsquo;appartenance et de dignit\u00e9.<br \/>\nCe dossier pose une premi\u00e8re pierre. Il sera suivi d&rsquo;autres actions significatives tout au long de cette ann\u00e9e qui reprennent les principes et la m\u00e9thodologie de \u00abBanlieue Cent Visages\u00bb: se doter de moyens de r\u00e9flexion et de formation, ouvrir un espace de rencontre et d&rsquo;expression&#8230;. Nos lecteurs en seront bien s\u00fbr les premiers inform\u00e9s.<br \/>\nHugues BAZIN<\/p>\n<p>(1) Le mardi 26 mars Djamel Chettouh (18 ans) habitant la cit\u00e9 \u00abdes Indes\u00bb \u00e0 Sartrouville (banlieue nord-ouest de Paris) est tu\u00e9 par un vigile du centre commercial \u00abEuromarch\u00e9\u00bb. Ce meurtre d\u00e9clenche chez les jeunes de la cit\u00e9 une r\u00e9volte attis\u00e9e par les propos du maire de la ville qui les traite de \u00abvoyous\u00bb&#8230; Apr\u00e8s plusieurs jours de flottement politique (aucun responsable gouvernemental n&rsquo;ose se d\u00e9placer), Michel Delebarre, Ministre de la ville, rencontre une d\u00e9l\u00e9gation des jeunes de Sartrouville le 4 avril \u00e0 Versailles.<\/p>\n\n","protected":false},"excerpt":{"rendered":"<p>Sommaire En bouclant ce dossier nous nous sommes aper\u00e7us que nombreux th\u00e8mes abord\u00e9s ici m\u00e9riteraient un prolongement. Cependant l&rsquo;ampleur du sujet rend l&rsquo;exhaustivit\u00e9 difficile. Fruit de plusieurs mois de rencontres, de travail entre jeunes du \u00ab Mouvement \u00bb, travailleurs sociaux, universitaires et chercheurs, le num\u00e9ro 36 de PEPS est con\u00e7u comme un outil de r\u00e9flexion. &#8230; <a title=\"No 36 &#8211; Sommaire \/ Edito\" class=\"read-more\" href=\"http:\/\/recherche-action.fr\/revue-peps\/1991\/01\/12\/no-36-sommaire-edito\/\" aria-label=\"En savoir plus sur No 36 &#8211; Sommaire \/ Edito\">Lire la suite<\/a><\/p>\n","protected":false},"author":1,"featured_media":53,"comment_status":"open","ping_status":"open","sticky":false,"template":"","format":"standard","meta":{"_jetpack_memberships_contains_paid_content":false,"footnotes":""},"categories":[30],"tags":[29],"ppma_author":[3],"class_list":["post-398","post","type-post","status-publish","format-standard","has-post-thumbnail","hentry","category-no-36-les-cultures-de-la-rue","tag-culture"],"jetpack_featured_media_url":"http:\/\/recherche-action.fr\/revue-peps\/wp-content\/uploads\/sites\/21\/2017\/12\/peps36-scaled.jpg","jetpack_sharing_enabled":true,"authors":[{"term_id":3,"user_id":0,"is_guest":1,"slug":"hugues-bazin","display_name":"Hugues Bazin","avatar_url":"https:\/\/secure.gravatar.com\/avatar\/?s=96&d=mm&r=g","1":"","2":"","3":"","4":"","5":"","6":"","7":"","8":""}],"post_mailing_queue_ids":[],"_links":{"self":[{"href":"http:\/\/recherche-action.fr\/revue-peps\/wp-json\/wp\/v2\/posts\/398","targetHints":{"allow":["GET"]}}],"collection":[{"href":"http:\/\/recherche-action.fr\/revue-peps\/wp-json\/wp\/v2\/posts"}],"about":[{"href":"http:\/\/recherche-action.fr\/revue-peps\/wp-json\/wp\/v2\/types\/post"}],"author":[{"embeddable":true,"href":"http:\/\/recherche-action.fr\/revue-peps\/wp-json\/wp\/v2\/users\/1"}],"replies":[{"embeddable":true,"href":"http:\/\/recherche-action.fr\/revue-peps\/wp-json\/wp\/v2\/comments?post=398"}],"version-history":[{"count":0,"href":"http:\/\/recherche-action.fr\/revue-peps\/wp-json\/wp\/v2\/posts\/398\/revisions"}],"wp:featuredmedia":[{"embeddable":true,"href":"http:\/\/recherche-action.fr\/revue-peps\/wp-json\/wp\/v2\/media\/53"}],"wp:attachment":[{"href":"http:\/\/recherche-action.fr\/revue-peps\/wp-json\/wp\/v2\/media?parent=398"}],"wp:term":[{"taxonomy":"category","embeddable":true,"href":"http:\/\/recherche-action.fr\/revue-peps\/wp-json\/wp\/v2\/categories?post=398"},{"taxonomy":"post_tag","embeddable":true,"href":"http:\/\/recherche-action.fr\/revue-peps\/wp-json\/wp\/v2\/tags?post=398"},{"taxonomy":"author","embeddable":true,"href":"http:\/\/recherche-action.fr\/revue-peps\/wp-json\/wp\/v2\/ppma_author?post=398"}],"curies":[{"name":"wp","href":"https:\/\/api.w.org\/{rel}","templated":true}]}}