{"id":402,"date":"1982-11-12T18:03:00","date_gmt":"1982-11-12T17:03:00","guid":{"rendered":"http:\/\/recherche-action.fr\/peps\/?p=402"},"modified":"2020-04-30T10:06:49","modified_gmt":"2020-04-30T08:06:49","slug":"no-1-sommaire-edito","status":"publish","type":"post","link":"http:\/\/recherche-action.fr\/revue-peps\/1982\/11\/12\/no-1-sommaire-edito\/","title":{"rendered":"No 01 &#8211; Sommaire \/ Edito"},"content":{"rendered":"<h1>Sommaire<\/h1>\n<p>Ce n&rsquo;est qu&rsquo;un au revoir P.4<\/p>\n<p>L&rsquo;argent :lien social ou institutionnalisation de la<br \/>\nd\u00e9pendance ?&nbsp; P. 6<\/p>\n<p>Dossier D\u00e9centralisation<\/p>\n<ul>\n<li>Un feuilleton sur 4 ans, P.7<\/li>\n<li>CGT Sant\u00e9-\u00c9ducation sp\u00e9cialis\u00e9e P.11<\/li>\n<li>Point de vue de la CFDT, P.12<\/li>\n<li>Les interrogations de L&rsquo;ANRC, P.13<\/li>\n<li>A qui profite la r\u00e9forme ?&nbsp; P.14<\/li>\n<\/ul>\n<p>Point jeunes&#8230; Point d&rsquo;interrogation P.17<\/p>\n<p>Le B\u00e9n\u00e9volat au service de la fugue P.19<\/p>\n<p>Travailleurs Sociaux en Formation \u00abCessation concert\u00e9e d&rsquo;activit\u00e9\u00bb P.19<\/p>\n<h1>Edito<\/h1>\n<p>Les travailleurs sociaux s&rsquo;interrogent souvent, mais leurs propositions sont rarement transcrites quelque part. Les r\u00e9ponses retenues sont g\u00e9n\u00e9ralement celles de sp\u00e9cialistes ne se situant pas directement dans la pratique quotidienne.<br \/>\nQuant au champ du travail social, malgr\u00e9 quelques exp\u00e9riences<br \/>\net tentatives innovantes, il se trouve d\u00e9coup\u00e9 en secteurs isol\u00e9s les uns des autres, en concurrence, s&rsquo;abandonnant \u00e0 l&rsquo;individualisme et au corporatisme.<\/p>\n<p>Ces mani\u00e8res d&rsquo;exercer nos professions, d&rsquo;y r\u00e9fl\u00e9chir, de suivre nos formations ne nous conviennent pas. Nous voulons essayer, avec d&rsquo;autres, de modifier cette situation par :<br \/>\n\u2014 l&rsquo;appropriation de nos paroles et de nos r\u00e9flexions, leur inscription dans une m\u00e9moire sans laquelle il, n&rsquo;y a ni conscience ni force collective.<br \/>\n\u2014 l&rsquo;existence d&rsquo;un espace d&rsquo;\u00e9change et de large confrontation ouvert \u00e0 tous les secteurs du travail social, aux courants politiques, id\u00e9ologiques et syndicaux.<br \/>\nla prise en main de la conception et de la r\u00e9alisation de la revue par les travailleurs sociaux eux-m\u00eames et de fa\u00e7on d\u00e9centralis\u00e9e.<br \/>\n\u2014 une formule vivante dans le ton, la forme et le contenu,<br \/>\nRechercher le d\u00e9bat et l&rsquo;expression des travailleurs sociaux, formuler, questionner et analyser nos v\u00e9cus et nos pratiques, s&rsquo;engager sur les terrains professionnels, institutionnels et lieux de formation par nos critiques, propositions et initiatives, rendre compte et participer \u00e0 ce qui s&rsquo;\u00e9labore dans le champ des id\u00e9es et des pratiques nouvelles, telles sont les orientations actuelles de la revue.<\/p>\n\n","protected":false},"excerpt":{"rendered":"<p>Sommaire Ce n&rsquo;est qu&rsquo;un au revoir P.4 L&rsquo;argent :lien social ou institutionnalisation de la d\u00e9pendance ?&nbsp; P. 6 Dossier D\u00e9centralisation Un feuilleton sur 4 ans, P.7 CGT Sant\u00e9-\u00c9ducation sp\u00e9cialis\u00e9e P.11 Point de vue de la CFDT, P.12 Les interrogations de L&rsquo;ANRC, P.13 A qui profite la r\u00e9forme ?&nbsp; P.14 Point jeunes&#8230; Point d&rsquo;interrogation P.17 Le &#8230; <a title=\"No 01 &#8211; Sommaire \/ Edito\" class=\"read-more\" href=\"http:\/\/recherche-action.fr\/revue-peps\/1982\/11\/12\/no-1-sommaire-edito\/\" aria-label=\"En savoir plus sur No 01 &#8211; Sommaire \/ Edito\">Lire la suite<\/a><\/p>\n","protected":false},"author":1,"featured_media":61,"comment_status":"open","ping_status":"open","sticky":false,"template":"","format":"standard","meta":{"_jetpack_memberships_contains_paid_content":false,"footnotes":""},"categories":[34],"tags":[15,32],"ppma_author":[9],"class_list":["post-402","post","type-post","status-publish","format-standard","has-post-thumbnail","hentry","category-no-1-decentralisation-la-paille-et-le-grain","tag-citoyennete","tag-politiques"],"jetpack_featured_media_url":"http:\/\/recherche-action.fr\/revue-peps\/wp-content\/uploads\/sites\/21\/2017\/12\/peps1-1-scaled.jpg","jetpack_sharing_enabled":true,"authors":[{"term_id":9,"user_id":0,"is_guest":1,"slug":"collectif","display_name":"Collectif","avatar_url":"https:\/\/secure.gravatar.com\/avatar\/?s=96&d=mm&r=g","1":"","2":"","3":"","4":"","5":"","6":"","7":"","8":""}],"post_mailing_queue_ids":[],"_links":{"self":[{"href":"http:\/\/recherche-action.fr\/revue-peps\/wp-json\/wp\/v2\/posts\/402","targetHints":{"allow":["GET"]}}],"collection":[{"href":"http:\/\/recherche-action.fr\/revue-peps\/wp-json\/wp\/v2\/posts"}],"about":[{"href":"http:\/\/recherche-action.fr\/revue-peps\/wp-json\/wp\/v2\/types\/post"}],"author":[{"embeddable":true,"href":"http:\/\/recherche-action.fr\/revue-peps\/wp-json\/wp\/v2\/users\/1"}],"replies":[{"embeddable":true,"href":"http:\/\/recherche-action.fr\/revue-peps\/wp-json\/wp\/v2\/comments?post=402"}],"version-history":[{"count":1,"href":"http:\/\/recherche-action.fr\/revue-peps\/wp-json\/wp\/v2\/posts\/402\/revisions"}],"predecessor-version":[{"id":514,"href":"http:\/\/recherche-action.fr\/revue-peps\/wp-json\/wp\/v2\/posts\/402\/revisions\/514"}],"wp:featuredmedia":[{"embeddable":true,"href":"http:\/\/recherche-action.fr\/revue-peps\/wp-json\/wp\/v2\/media\/61"}],"wp:attachment":[{"href":"http:\/\/recherche-action.fr\/revue-peps\/wp-json\/wp\/v2\/media?parent=402"}],"wp:term":[{"taxonomy":"category","embeddable":true,"href":"http:\/\/recherche-action.fr\/revue-peps\/wp-json\/wp\/v2\/categories?post=402"},{"taxonomy":"post_tag","embeddable":true,"href":"http:\/\/recherche-action.fr\/revue-peps\/wp-json\/wp\/v2\/tags?post=402"},{"taxonomy":"author","embeddable":true,"href":"http:\/\/recherche-action.fr\/revue-peps\/wp-json\/wp\/v2\/ppma_author?post=402"}],"curies":[{"name":"wp","href":"https:\/\/api.w.org\/{rel}","templated":true}]}}