{"id":1167,"date":"2019-05-09T09:35:25","date_gmt":"2019-05-09T07:35:25","guid":{"rendered":"http:\/\/recherche-action.fr\/ruesmarchandes\/?p=1167"},"modified":"2019-05-09T09:35:35","modified_gmt":"2019-05-09T07:35:35","slug":"marche-solidaire-3","status":"publish","type":"post","link":"http:\/\/recherche-action.fr\/ruesmarchandes\/2019\/05\/09\/marche-solidaire-3\/","title":{"rendered":"March\u00e9 solidaire"},"content":{"rendered":"\n<p style=\"text-align:center\"><em>Le satellite et le collectif de recherche-action Rues Marchandes <br> vous invitent au <\/em><\/p>\n\n\n\n<p style=\"text-align:center\"> <strong>MARCHE SOLIDAIRE<br> Brocante\/vide grenier\/artisanat\/r\u00e9cup\/diy<\/strong><\/p>\n\n\n\n<p style=\"text-align:center\"> le samedi 11 mai 2019 de 10h \u00e0 17h<br> 108 Rue des Cit\u00e9s \u2013 93300 Aubervilliers <br> M\u00b0 Aubervilliers-Quatre Chemin<\/p>\n\n\n\n<figure class=\"wp-block-image\"><img fetchpriority=\"high\" decoding=\"async\" width=\"1024\" height=\"728\" src=\"http:\/\/recherche-action.fr\/ruesmarchandes\/wp-content\/uploads\/sites\/5\/2019\/05\/marche\u0301-du-11_05_19-1024x728.jpg\" alt=\"\" class=\"wp-image-1168\" srcset=\"http:\/\/recherche-action.fr\/ruesmarchandes\/wp-content\/uploads\/sites\/5\/2019\/05\/marche\u0301-du-11_05_19-1024x728.jpg 1024w, http:\/\/recherche-action.fr\/ruesmarchandes\/wp-content\/uploads\/sites\/5\/2019\/05\/marche\u0301-du-11_05_19-300x213.jpg 300w, http:\/\/recherche-action.fr\/ruesmarchandes\/wp-content\/uploads\/sites\/5\/2019\/05\/marche\u0301-du-11_05_19-768x546.jpg 768w, http:\/\/recherche-action.fr\/ruesmarchandes\/wp-content\/uploads\/sites\/5\/2019\/05\/marche\u0301-du-11_05_19-400x284.jpg 400w\" sizes=\"(max-width: 1024px) 100vw, 1024px\" \/><\/figure>\n\n\n\n<p> R\u00e9cup, biffe, brocante, seconde main, vide-grenier, occaze, \ndrouille, tr\u00e9sors\u2026  Venez faire des bonnes affaires et partager un \nmoment tou.te.s ensemble ! Le march\u00e9 solidaire r\u00e9unit biffin.e.s, \ncr\u00e9ateur.rice.s et toute personne ayant besoin de vendre sa r\u00e9cup ou ses\n cr\u00e9ations pour une journ\u00e9e d\u2019\u00e9changes conviviaux et solidaires au \nSatellite, lieu occup\u00e9 \u00e0 Aubervilliers. <\/p>\n\n\n\n<p>Nous vous invitons \u00e0 rencontrer des acteur.rice.s de la \nr\u00e9cup\u00e9ration-revente, du squat en milieu urbain, de la recherche-action,\n de l\u2019artisanat DIY, de la bouffe collective, de la musique inclusive\u2026 \nEt \u00e0 en \u00eatre vous-m\u00eames acteurs et actrices!<\/p>\n\n\n\n<ul class=\"wp-block-list\"><li><em><strong>Rues marchandes <\/strong><\/em>est un collectif qui \nr\u00e9unit chercheurs et acteurs autour de l\u2019\u00e9conomie populaire, marchande \net non marchande, sur les territoires franciliens \n(&#x63;&#x6f;&#x6e;&#x74;&#x61;&#99;&#116;&#64;rech&#x65;&#x72;&#x63;&#x68;&#x65;&#x2d;&#97;&#99;tion&#x2e;&#x66;&#x72; \u2013 \nhttp:\/\/recherche-action.fr\/ruesmarchandes\/ ).<\/li><li><em><strong>Le Satellite<\/strong><\/em>\n est un lieu occup\u00e9 et autog\u00e9r\u00e9 ouvert \u00e0 Aubervilliers depuis huit mois.\n Il est port\u00e9 par un collectif pluridisciplinaire r\u00e9unissant des \nartistes, des \u00e9tudiant.e.s, et des travailleur.se.s sociaux qui \ncherchent \u00e0 faire vivre un espace d\u2019entraide, de cr\u00e9ation et de \nconvivialit\u00e9, gratuit et ouvert \u00e0 tous.<\/li><\/ul>\n","protected":false},"excerpt":{"rendered":"<p>Le satellite et le collectif de recherche-action Rues Marchandes vous invitent au MARCHE SOLIDAIRE Brocante\/vide grenier\/artisanat\/r\u00e9cup\/diy le samedi 11 mai 2019 de 10h \u00e0 17h 108 Rue des Cit\u00e9s \u2013 [&hellip;]<\/p>\n","protected":false},"author":1,"featured_media":1168,"comment_status":"open","ping_status":"open","sticky":false,"template":"","format":"standard","meta":{"jetpack_post_was_ever_published":false,"footnotes":""},"categories":[2],"tags":[],"class_list":["post-1167","post","type-post","status-publish","format-standard","has-post-thumbnail","hentry","category-actualite"],"jetpack_featured_media_url":"http:\/\/recherche-action.fr\/ruesmarchandes\/wp-content\/uploads\/sites\/5\/2019\/05\/marche\u0301-du-11_05_19.jpg","jetpack_sharing_enabled":true,"jetpack_shortlink":"https:\/\/wp.me\/p7xknf-iP","post_mailing_queue_ids":[],"_links":{"self":[{"href":"http:\/\/recherche-action.fr\/ruesmarchandes\/wp-json\/wp\/v2\/posts\/1167","targetHints":{"allow":["GET"]}}],"collection":[{"href":"http:\/\/recherche-action.fr\/ruesmarchandes\/wp-json\/wp\/v2\/posts"}],"about":[{"href":"http:\/\/recherche-action.fr\/ruesmarchandes\/wp-json\/wp\/v2\/types\/post"}],"author":[{"embeddable":true,"href":"http:\/\/recherche-action.fr\/ruesmarchandes\/wp-json\/wp\/v2\/users\/1"}],"replies":[{"embeddable":true,"href":"http:\/\/recherche-action.fr\/ruesmarchandes\/wp-json\/wp\/v2\/comments?post=1167"}],"version-history":[{"count":1,"href":"http:\/\/recherche-action.fr\/ruesmarchandes\/wp-json\/wp\/v2\/posts\/1167\/revisions"}],"predecessor-version":[{"id":1169,"href":"http:\/\/recherche-action.fr\/ruesmarchandes\/wp-json\/wp\/v2\/posts\/1167\/revisions\/1169"}],"wp:featuredmedia":[{"embeddable":true,"href":"http:\/\/recherche-action.fr\/ruesmarchandes\/wp-json\/wp\/v2\/media\/1168"}],"wp:attachment":[{"href":"http:\/\/recherche-action.fr\/ruesmarchandes\/wp-json\/wp\/v2\/media?parent=1167"}],"wp:term":[{"taxonomy":"category","embeddable":true,"href":"http:\/\/recherche-action.fr\/ruesmarchandes\/wp-json\/wp\/v2\/categories?post=1167"},{"taxonomy":"post_tag","embeddable":true,"href":"http:\/\/recherche-action.fr\/ruesmarchandes\/wp-json\/wp\/v2\/tags?post=1167"}],"curies":[{"name":"wp","href":"https:\/\/api.w.org\/{rel}","templated":true}]}}