{"id":333,"date":"2015-06-28T23:44:42","date_gmt":"2015-06-28T22:44:42","guid":{"rendered":"http:\/\/recherche-action.fr\/ruesmarchandes\/?p=333"},"modified":"2016-05-11T22:13:05","modified_gmt":"2016-05-11T20:13:05","slug":"haiku-video-raconte-moi-ta-rue-marchande","status":"publish","type":"post","link":"http:\/\/recherche-action.fr\/ruesmarchandes\/2015\/06\/28\/haiku-video-raconte-moi-ta-rue-marchande\/","title":{"rendered":"Ha\u00efku vid\u00e9o \u00ab\u00a0Raconte-moi Ta Rue Marchande\u00a0\u00bb"},"content":{"rendered":"<p>Raconte-moi Ta Rue Marchande associe et combine plusieurs sources audiovisuelles, reportages sur les carr\u00e9s-biffins et dans les rues pendant les collectes d&rsquo;objets, r\u00e9cits d&rsquo;exp\u00e9riences communes etc&#8230; et vise \u00e0 mettre en \u00e9vidence l&rsquo;apport de l&rsquo;activit\u00e9 biffine au plan \u00e9cologique et sociales.<\/p>\n<p>Le film est un outil de visibilit\u00e9 pour Rues Marchandes, plate-forme collective de recherche-action qui regroupe artistes, chercheurs, sociologues, juristes, \u00e9conomistes, ethnologues, associations de terrain comme Am\u00e9lior et Sauve-qui-Peut&#8230;<\/p>\n<p><span class=\"embed-youtube\" style=\"text-align:center; display: block;\"><iframe class=\"youtube-player\" width=\"1280\" height=\"720\" src=\"https:\/\/www.youtube.com\/embed\/314J2GkrDZE?version=3&#038;rel=1&#038;showsearch=0&#038;showinfo=1&#038;iv_load_policy=1&#038;fs=1&#038;hl=fr-FR&#038;autohide=2&#038;wmode=transparent\" allowfullscreen=\"true\" style=\"border:0;\" sandbox=\"allow-scripts allow-same-origin allow-popups allow-presentation allow-popups-to-escape-sandbox\"><\/iframe><\/span><\/p>\n<p>Film r\u00e9alis\u00e9 par Claire Dehove et Julie Boillot Savarin de <a href=\"http:\/\/wos-agencedeshypotheses.com\/wos-reportage\/rues-marchandes\/\" target=\"_blank\">Wos Agence des Hypotheses<\/a> avec les contributions de Hugues Bazin , Yvan grimaldi, Jeanne Guien , Samuel Le Coeur, Mohammed Zouari, les biffins de Paris et sa banlieue.<\/p>\n","protected":false},"excerpt":{"rendered":"<p>Raconte-moi Ta Rue Marchande associe et combine plusieurs sources audiovisuelles, reportages sur les carr\u00e9s-biffins et dans les rues pendant les collectes d&rsquo;objets, r\u00e9cits d&rsquo;exp\u00e9riences communes etc&#8230; et vise \u00e0 mettre [&hellip;]<\/p>\n","protected":false},"author":1,"featured_media":616,"comment_status":"open","ping_status":"open","sticky":false,"template":"","format":"standard","meta":{"jetpack_post_was_ever_published":false,"footnotes":""},"categories":[5],"tags":[],"class_list":["post-333","post","type-post","status-publish","format-standard","has-post-thumbnail","hentry","category-productions-audiovisuelles"],"jetpack_featured_media_url":"http:\/\/recherche-action.fr\/ruesmarchandes\/wp-content\/uploads\/sites\/5\/2016\/05\/cropped-Capture2.jpg","jetpack_sharing_enabled":true,"jetpack_shortlink":"https:\/\/wp.me\/p7xknf-5n","post_mailing_queue_ids":[],"_links":{"self":[{"href":"http:\/\/recherche-action.fr\/ruesmarchandes\/wp-json\/wp\/v2\/posts\/333","targetHints":{"allow":["GET"]}}],"collection":[{"href":"http:\/\/recherche-action.fr\/ruesmarchandes\/wp-json\/wp\/v2\/posts"}],"about":[{"href":"http:\/\/recherche-action.fr\/ruesmarchandes\/wp-json\/wp\/v2\/types\/post"}],"author":[{"embeddable":true,"href":"http:\/\/recherche-action.fr\/ruesmarchandes\/wp-json\/wp\/v2\/users\/1"}],"replies":[{"embeddable":true,"href":"http:\/\/recherche-action.fr\/ruesmarchandes\/wp-json\/wp\/v2\/comments?post=333"}],"version-history":[{"count":1,"href":"http:\/\/recherche-action.fr\/ruesmarchandes\/wp-json\/wp\/v2\/posts\/333\/revisions"}],"predecessor-version":[{"id":625,"href":"http:\/\/recherche-action.fr\/ruesmarchandes\/wp-json\/wp\/v2\/posts\/333\/revisions\/625"}],"wp:featuredmedia":[{"embeddable":true,"href":"http:\/\/recherche-action.fr\/ruesmarchandes\/wp-json\/wp\/v2\/media\/616"}],"wp:attachment":[{"href":"http:\/\/recherche-action.fr\/ruesmarchandes\/wp-json\/wp\/v2\/media?parent=333"}],"wp:term":[{"taxonomy":"category","embeddable":true,"href":"http:\/\/recherche-action.fr\/ruesmarchandes\/wp-json\/wp\/v2\/categories?post=333"},{"taxonomy":"post_tag","embeddable":true,"href":"http:\/\/recherche-action.fr\/ruesmarchandes\/wp-json\/wp\/v2\/tags?post=333"}],"curies":[{"name":"wp","href":"https:\/\/api.w.org\/{rel}","templated":true}]}}