{"id":396,"date":"2015-09-23T10:05:14","date_gmt":"2015-09-23T08:05:14","guid":{"rendered":"http:\/\/recherche-action.fr\/ruesmarchandes\/?p=396"},"modified":"2017-11-11T19:51:47","modified_gmt":"2017-11-11T18:51:47","slug":"rues-marchandes-presente-a-la-voie-est-libre-a-montreuil","status":"publish","type":"post","link":"http:\/\/recherche-action.fr\/ruesmarchandes\/2015\/09\/23\/rues-marchandes-presente-a-la-voie-est-libre-a-montreuil\/","title":{"rendered":"\u201cRues Marchandes\u201d pr\u00e9sente \u00e0 La Voie est Libre \u00e0 Montreuil"},"content":{"rendered":"<p><span style=\"font-family: Arial;\"><span style=\"font-size: 14.0px;\">Conjuguer ces deux projets nous avait sembl\u00e9 bien aller ensemble &#8230; Gr\u00e2ce \u00e0 une excellente organisation du collectif \u201cLa Voie est libre\u201d nous avons pu tenir un stand \u201cRues Marchandes\u201d entre les centaines de repr\u00e9sentants associatifs b\u00e9n\u00e9voles qui ont partag\u00e9 quelques heures au cours de cette belle journ\u00e9e du 20 septembre \u00a0sur la RN186 rendue aux pi\u00e9tons, aux v\u00e9los, aux skates et tout ce qui roulait \u00e0 l\u2019\u00e9nergie humaine &#8230; Pr\u00e8s de 35 000 personnes ont arpent\u00e9 les quelques centaines de m\u00e8tres de bitume dans une ambiance de f\u00eate et de rencontres &#8230; Une partie d\u2019entre eux (heureusement !) se sont arr\u00eat\u00e9s sur notre stand, attir\u00e9s par le son du film de Claire sur les biffins, les photos expos\u00e9es, et intrigu\u00e9s par l\u2019appellation \u201cRues Marchandes\u201d. La plupart ne savait \u00a0pas ce que repr\u00e9sentaient \u201cles biffins\u201d. Des conversations se sont engag\u00e9es, des questions pos\u00e9es, des possibilit\u00e9s de rester inform\u00e9s des actions de \u201cRues Marchandes\u201d &#8230; La Charte et le tract sur les biffins ont fil\u00e9s &#8230; Une dizaine de personnes ont laiss\u00e9 leurs coordonn\u00e9es, d\u2019autres ont dit qu\u2019elles se manifesteraient sur le site &#8230; Dans l\u2019apr\u00e8s midi, nous \u00e9tions plusieurs\u00a0\u00e0 \u00eatre pr\u00e9sents sur le site dont Claire, Julie, Martine, Jeanne, Isabelle, Tsouar\u00e8s, Christian &#8230;<br \/>\nCette premi\u00e8re \u201cmanifestation publique\u201d nous semble tr\u00e8s positive et confirme une attente sociale des personnes avec qui nous avons convers\u00e9<br \/>\nde \u201cfaire quelque chose d\u2019autre\u201d &#8230; \u00a0\u00e0 suivre<\/span><\/span><\/p>\n<p><img decoding=\"async\" src=\"3525697119_823119\" alt=\"\" \/><\/p>\n","protected":false},"excerpt":{"rendered":"<p>Conjuguer ces deux projets nous avait sembl\u00e9 bien aller ensemble &#8230; Gr\u00e2ce \u00e0 une excellente organisation du collectif \u201cLa Voie est libre\u201d nous avons pu tenir un stand \u201cRues Marchandes\u201d [&hellip;]<\/p>\n","protected":false},"author":15,"featured_media":568,"comment_status":"open","ping_status":"open","sticky":false,"template":"","format":"standard","meta":{"jetpack_post_was_ever_published":false,"footnotes":""},"categories":[1],"tags":[],"class_list":["post-396","post","type-post","status-publish","format-standard","has-post-thumbnail","hentry","category-non-classe"],"jetpack_featured_media_url":"http:\/\/recherche-action.fr\/ruesmarchandes\/wp-content\/uploads\/sites\/5\/2016\/05\/Rues-Marchandes-d-La-Voie-est-libre-2092015-.jpg","jetpack_sharing_enabled":true,"jetpack_shortlink":"https:\/\/wp.me\/p7xknf-6o","post_mailing_queue_ids":[],"_links":{"self":[{"href":"http:\/\/recherche-action.fr\/ruesmarchandes\/wp-json\/wp\/v2\/posts\/396","targetHints":{"allow":["GET"]}}],"collection":[{"href":"http:\/\/recherche-action.fr\/ruesmarchandes\/wp-json\/wp\/v2\/posts"}],"about":[{"href":"http:\/\/recherche-action.fr\/ruesmarchandes\/wp-json\/wp\/v2\/types\/post"}],"author":[{"embeddable":true,"href":"http:\/\/recherche-action.fr\/ruesmarchandes\/wp-json\/wp\/v2\/users\/15"}],"replies":[{"embeddable":true,"href":"http:\/\/recherche-action.fr\/ruesmarchandes\/wp-json\/wp\/v2\/comments?post=396"}],"version-history":[{"count":1,"href":"http:\/\/recherche-action.fr\/ruesmarchandes\/wp-json\/wp\/v2\/posts\/396\/revisions"}],"predecessor-version":[{"id":638,"href":"http:\/\/recherche-action.fr\/ruesmarchandes\/wp-json\/wp\/v2\/posts\/396\/revisions\/638"}],"wp:featuredmedia":[{"embeddable":true,"href":"http:\/\/recherche-action.fr\/ruesmarchandes\/wp-json\/wp\/v2\/media\/568"}],"wp:attachment":[{"href":"http:\/\/recherche-action.fr\/ruesmarchandes\/wp-json\/wp\/v2\/media?parent=396"}],"wp:term":[{"taxonomy":"category","embeddable":true,"href":"http:\/\/recherche-action.fr\/ruesmarchandes\/wp-json\/wp\/v2\/categories?post=396"},{"taxonomy":"post_tag","embeddable":true,"href":"http:\/\/recherche-action.fr\/ruesmarchandes\/wp-json\/wp\/v2\/tags?post=396"}],"curies":[{"name":"wp","href":"https:\/\/api.w.org\/{rel}","templated":true}]}}