{"id":993,"date":"2017-11-11T21:57:23","date_gmt":"2017-11-11T20:57:23","guid":{"rendered":"http:\/\/recherche-action.fr\/ruesmarchandes\/?p=993"},"modified":"2017-11-11T21:58:38","modified_gmt":"2017-11-11T20:58:38","slug":"seminaire-penser-lales-transitions","status":"publish","type":"post","link":"http:\/\/recherche-action.fr\/ruesmarchandes\/2017\/11\/11\/seminaire-penser-lales-transitions\/","title":{"rendered":"S\u00e9minaire \u00ab Penser la\/les transition(s) \u00bb"},"content":{"rendered":"<p>Le \u00ab social \u00bb des transitions : de l\u2019\u00e9quipement de populations d\u2019individus pour l\u2019insertion marchande \u00e0 la constitution de publics interm\u00e9diaires &#8211; S\u00e9minaire de l&rsquo;atelier \u00ab Penser la\/les transition(s) \u00bb<\/p>\n<p><a href=\"http:\/\/recherche-action.fr\/hugues-bazin\/wp-content\/uploads\/sites\/2\/2017\/10\/1.jpg\"><img fetchpriority=\"high\" decoding=\"async\" class=\"aligncenter size-full wp-image-2053\" src=\"http:\/\/recherche-action.fr\/hugues-bazin\/wp-content\/uploads\/sites\/2\/2017\/10\/1.jpg\" alt=\"\" width=\"599\" height=\"135\" \/><\/a><\/p>\n<p>S\u00e9ance avec Hughes Bazin (Laboratoire d\u2019Innovation sociale par la Recherche-Action), Boris Chevrot (Centre Max Weber, Universit\u00e9 Lyon 2), Sonja Kellenberger (IRTESS Bourgogne) et Marielle Poussou-Plesse (CGC UMR CNRS uB 7366)<\/p>\n<p>14 d\u00e9cembre 2017 \u2013 uB \u2013 MSH de Dijon &#8211; salle des s\u00e9minaires de 14 h. \u00e0 17 h (<a href=\"http:\/\/tristan.u-bourgogne.fr\/CGC\/accueil\/Informations_pratiques_MSH.html\" target=\"_blank\" rel=\"noopener\">acc\u00e8s\/informations pratiques ici<\/a>)<\/p>\n<p>La social-d\u00e9mocratie europ\u00e9enne cherche \u00e0 se tailler des habits neufs dans le maillage de droits toujours plus individualis\u00e9s \u00e0 transition. L\u2019individu est enjoint de mobiliser ces droits comme des \u00e9quipements \u00e0 g\u00e9rer, des cr\u00e9ances qu\u2019il peut tirer sur la collectivit\u00e9 en contrepartie d\u2019une obligation \u00e0 se construire comme autonome et mobile (ne pas s\u2019enfermer dans le ch\u00f4mage, dans un emploi d\u00e9qualifiant ou p\u00e9nible, en se formant ; se socialiser aux normes d\u2019un savoir-habiter pour int\u00e9grer au plus vite un logement de droit commun ; se soigner pour pr\u00e9server son capital sant\u00e9 \u00e0 long terme, etc.). Un \u00c9tat d\u2019investissement social d\u00e9finit et quadrille des populations pour rendre leurs individus solvables, cr\u00e9dibles et flexibles face aux march\u00e9s du travail, du logement, de l\u2019enseignement, de la sant\u00e9. Les difficult\u00e9s des travailleurs et intervenants sociaux (mais aussi des syndicats) \u00e0 faire avec et mettre en \u0153uvre ces nouveaux droits offrent une entr\u00e9e privil\u00e9gi\u00e9e sur un spectre de d\u00e9bordements : un autre \u00ab social \u00bb d\u00e9borde les logiques surplombantes pr\u00e9-cat\u00e9gorisant les individus comme plus ou moins \u00e9loign\u00e9s du march\u00e9 du travail et d\u00e9borde plus largement les postures d\u2019autorit\u00e9 pr\u00e9tendant circonscrire des besoins ind\u00e9pendamment de leur expression par les int\u00e9ress\u00e9s. Des dispositifs prenant le risque de l\u2019ouverture \u00e0 ces d\u00e9bordements (l\u2019accueil de familles Roms dans un village de stabilisation, la qualification de biffins comme \u00e9co-d\u00e9veloppeurs, la lutte contre l\u2019isolement de pr\u00e9caires ruraux) permettent de qualifier l\u2019enjeu d\u2019autres transitions sociales autour de la constitution de \u00ab publics interm\u00e9diaires \u00bb (Cottereau).<\/p>\n<p>Toutes les s\u00e9ances du s\u00e9minaire 2017-2018 <a href=\"http:\/\/tristan.u-bourgogne.fr\/CGC\/manifestations\/17_18\/2017_2018_seminaire_Transition(s).html\" target=\"_blank\" rel=\"noopener\">ici<\/a><\/p>\n<p>&nbsp;<\/p>\n","protected":false},"excerpt":{"rendered":"<p>Le \u00ab social \u00bb des transitions : de l\u2019\u00e9quipement de populations d\u2019individus pour l\u2019insertion marchande \u00e0 la constitution de publics interm\u00e9diaires &#8211; S\u00e9minaire de l&rsquo;atelier \u00ab Penser la\/les transition(s) \u00bb [&hellip;]<\/p>\n","protected":false},"author":1,"featured_media":994,"comment_status":"open","ping_status":"open","sticky":false,"template":"","format":"standard","meta":{"jetpack_post_was_ever_published":false,"footnotes":""},"categories":[2,8],"tags":[],"class_list":["post-993","post","type-post","status-publish","format-standard","has-post-thumbnail","hentry","category-actualite","category-seminaire"],"jetpack_featured_media_url":"http:\/\/recherche-action.fr\/ruesmarchandes\/wp-content\/uploads\/sites\/5\/2017\/11\/1.jpg","jetpack_sharing_enabled":true,"jetpack_shortlink":"https:\/\/wp.me\/p7xknf-g1","post_mailing_queue_ids":[],"_links":{"self":[{"href":"http:\/\/recherche-action.fr\/ruesmarchandes\/wp-json\/wp\/v2\/posts\/993","targetHints":{"allow":["GET"]}}],"collection":[{"href":"http:\/\/recherche-action.fr\/ruesmarchandes\/wp-json\/wp\/v2\/posts"}],"about":[{"href":"http:\/\/recherche-action.fr\/ruesmarchandes\/wp-json\/wp\/v2\/types\/post"}],"author":[{"embeddable":true,"href":"http:\/\/recherche-action.fr\/ruesmarchandes\/wp-json\/wp\/v2\/users\/1"}],"replies":[{"embeddable":true,"href":"http:\/\/recherche-action.fr\/ruesmarchandes\/wp-json\/wp\/v2\/comments?post=993"}],"version-history":[{"count":1,"href":"http:\/\/recherche-action.fr\/ruesmarchandes\/wp-json\/wp\/v2\/posts\/993\/revisions"}],"predecessor-version":[{"id":995,"href":"http:\/\/recherche-action.fr\/ruesmarchandes\/wp-json\/wp\/v2\/posts\/993\/revisions\/995"}],"wp:featuredmedia":[{"embeddable":true,"href":"http:\/\/recherche-action.fr\/ruesmarchandes\/wp-json\/wp\/v2\/media\/994"}],"wp:attachment":[{"href":"http:\/\/recherche-action.fr\/ruesmarchandes\/wp-json\/wp\/v2\/media?parent=993"}],"wp:term":[{"taxonomy":"category","embeddable":true,"href":"http:\/\/recherche-action.fr\/ruesmarchandes\/wp-json\/wp\/v2\/categories?post=993"},{"taxonomy":"post_tag","embeddable":true,"href":"http:\/\/recherche-action.fr\/ruesmarchandes\/wp-json\/wp\/v2\/tags?post=993"}],"curies":[{"name":"wp","href":"https:\/\/api.w.org\/{rel}","templated":true}]}}