{"id":66,"date":"2019-04-09T08:16:14","date_gmt":"2019-04-09T06:16:14","guid":{"rendered":"http:\/\/recherche-action.fr\/cetra\/?p=66"},"modified":"2019-04-09T08:16:14","modified_gmt":"2019-04-09T06:16:14","slug":"la-fonction-de-reverberation","status":"publish","type":"post","link":"https:\/\/recherche-action.fr\/cetra\/2019\/04\/09\/la-fonction-de-reverberation\/","title":{"rendered":"La fonction de r\u00e9verb\u00e9ration."},"content":{"rendered":"\n<figure class=\"wp-block-image\"><img fetchpriority=\"high\" decoding=\"async\" width=\"960\" height=\"540\" src=\"http:\/\/recherche-action.fr\/cetra\/wp-content\/uploads\/sites\/19\/2019\/04\/20108280_10208745364424976_1379632685110853037_n.jpg\" alt=\"\" class=\"wp-image-67\" srcset=\"https:\/\/recherche-action.fr\/cetra\/wp-content\/uploads\/sites\/19\/2019\/04\/20108280_10208745364424976_1379632685110853037_n.jpg 960w, https:\/\/recherche-action.fr\/cetra\/wp-content\/uploads\/sites\/19\/2019\/04\/20108280_10208745364424976_1379632685110853037_n-300x169.jpg 300w, https:\/\/recherche-action.fr\/cetra\/wp-content\/uploads\/sites\/19\/2019\/04\/20108280_10208745364424976_1379632685110853037_n-768x432.jpg 768w\" sizes=\"(max-width: 960px) 100vw, 960px\" \/><figcaption>De la germination des \u00e9toiles , collection priv\u00e9e . <\/figcaption><\/figure>\n\n\n\n<p> Dans la perspective de \nchangement et de transformation par ontog\u00e9n\u00e8se qu&rsquo;apporte une d\u00e9marche \nde recherche action , on per\u00e7oit en tant que praticien chercheur que le \npublic participant ,  les techniciens, les institutionnels  s&rsquo;ouvrent en\n perspective d&rsquo;aller vers ce qui se fait propice et se fait porteur : le\n sens d&rsquo;une action commune et reli\u00e9e . <\/p>\n\n\n\n<p>De cette fonction  dynamique qui entraine un sentiment ontologique d&rsquo;individuation dans une  perspective bio-psychologique ( Galvani ) la pertinence du praticien  chercheur devient alors un reflet de son individu en tant que point  d&rsquo;attache pour le public .  <br>Celui ci  se lie par la dynamique de groupe dans une r\u00e9flexivit\u00e9 tout \u00e0 fait particuli\u00e8re qui r\u00e9pond \u00e0 ce besoin de sens .<\/p>\n\n\n\n<p>A cet engagement personnel dans ce qui devient plus qu&rsquo;une somme  d&rsquo;individus mais la valeur int\u00e9grante d&rsquo;une pierre d&rsquo;achoppement , la  d\u00e9marche de transformation  op\u00e8re en se r\u00e9v\u00e9lant \u00eatre besoin primordial  ne demandant qu&rsquo;\u00e0 \u00eatre aliment\u00e9 et nourri par l&rsquo;\u00e9change et la  verbalisation. <\/p>\n\n\n\n<p> C&rsquo;est ainsi qu&rsquo;on observe ce changement  psycho-ph\u00e9nom\u00e9nologique dans le groupe de recherche action et ceux si ne  demandent alors qu&rsquo;\u00e0 s&rsquo;exprimer , qu&rsquo;\u00e0 observer , qu&rsquo;\u00e0 d\u00e9finir ce qui  est de l&rsquo;ordre d&rsquo;un sentiment d&rsquo;appartenance \u00e0 une dynamique de groupe .  <\/p>\n\n\n\n<p>C&rsquo;est de ce point particulier qu&rsquo;\u00e9merge l&rsquo;objectif  d&rsquo;auto-formation , de formation action dans une mati\u00e8re riche qu&rsquo;il  devient alors possible de capter par des processus tel que  l&rsquo;auto-ethnographie , les r\u00e9cits de vie , les autobiographies raisonn\u00e9es  . <\/p>\n\n\n\n<p>Dans cette approche relevant d&rsquo;une forme m\u00e9thodologique  proche de la psychologie exp\u00e9rimentale , on permet,  dans et par la  dynamique d\u00e9finie et mobilis\u00e9e , d&rsquo;approcher la nature de cette fonction  dynamique qui permet un \u00e9lan vibratoire de l&rsquo;individuation , semblable \u00e0  la notion de halo en psycho-sociologie . <\/p>\n\n\n\n<p> Quand Kurt Lewin avait\n fond\u00e9 en d\u00e9couverte la dynamique de groupe en s&rsquo;appuyant sur la \nphysique classique par le biais de sa th\u00e9orie des champs , il est ainsi \ntrac\u00e9 une perspective de recherche qui se nourrit de l&rsquo;observation \nparticipante du public cibl\u00e9e . <\/p>\n\n\n\n<p> Ainsi quand on observe qu&rsquo;en  chimie mol\u00e9culaire , un atome d&rsquo;eau isol\u00e9 ne g\u00e8le pas malgr\u00e9 une  temp\u00e9rature froide et que plusieurs mol\u00e9cules d&rsquo;eau r\u00e9unies dans un  contenant voient alors la fonction de gel \u00e9merger : quel peut \u00eatre le  cheminement d&rsquo;une dynamique de groupe au plus proche contact des  diff\u00e9rentes dimensions de la soci\u00e9t\u00e9 ?  <\/p>\n\n\n\n<p> Comment propager comme  une fonction d&rsquo;onde la perspective de transformation que peut vivre un  groupe en dynamique de recherche action ? <\/p>\n\n\n\n<p> Il est probable que  l&rsquo;on puisse mod\u00e9liser une fonction de \u00a0\u00bb REVERBERATION \u00a0\u00bb semblant \u00e9maner  comme un \u00e9cho que le groupe de recherche action pourrait alors entrainer  dans cette notion syst\u00e9mique de r\u00e9cursivit\u00e9 : ceci va en s&rsquo;amplifiant  par retour de boucle r\u00e9gulatrice .<\/p>\n\n\n\n<p><\/p>\n\n\n\n<p>Gr\u00e9gory Seguin pour le C.E.T.R.A . <\/p>\n","protected":false},"excerpt":{"rendered":"<p>Dans la perspective de changement et de transformation par ontog\u00e9n\u00e8se qu&rsquo;apporte une d\u00e9marche de recherche action , on per\u00e7oit en tant que praticien chercheur que le public participant , les techniciens, les institutionnels s&rsquo;ouvrent en perspective d&rsquo;aller vers ce qui se fait propice et se fait porteur : le sens d&rsquo;une action commune et reli\u00e9e &hellip; <a href=\"https:\/\/recherche-action.fr\/cetra\/2019\/04\/09\/la-fonction-de-reverberation\/\" class=\"more-link\">Continuer la lecture de <span class=\"screen-reader-text\">La fonction de r\u00e9verb\u00e9ration.<\/span><\/a><\/p>\n","protected":false},"author":84,"featured_media":0,"comment_status":"open","ping_status":"open","sticky":false,"template":"","format":"standard","meta":{"footnotes":""},"categories":[1],"tags":[],"class_list":["post-66","post","type-post","status-publish","format-standard","hentry","category-non-classe"],"jetpack_featured_media_url":"","_links":{"self":[{"href":"https:\/\/recherche-action.fr\/cetra\/wp-json\/wp\/v2\/posts\/66","targetHints":{"allow":["GET"]}}],"collection":[{"href":"https:\/\/recherche-action.fr\/cetra\/wp-json\/wp\/v2\/posts"}],"about":[{"href":"https:\/\/recherche-action.fr\/cetra\/wp-json\/wp\/v2\/types\/post"}],"author":[{"embeddable":true,"href":"https:\/\/recherche-action.fr\/cetra\/wp-json\/wp\/v2\/users\/84"}],"replies":[{"embeddable":true,"href":"https:\/\/recherche-action.fr\/cetra\/wp-json\/wp\/v2\/comments?post=66"}],"version-history":[{"count":3,"href":"https:\/\/recherche-action.fr\/cetra\/wp-json\/wp\/v2\/posts\/66\/revisions"}],"predecessor-version":[{"id":70,"href":"https:\/\/recherche-action.fr\/cetra\/wp-json\/wp\/v2\/posts\/66\/revisions\/70"}],"wp:attachment":[{"href":"https:\/\/recherche-action.fr\/cetra\/wp-json\/wp\/v2\/media?parent=66"}],"wp:term":[{"taxonomy":"category","embeddable":true,"href":"https:\/\/recherche-action.fr\/cetra\/wp-json\/wp\/v2\/categories?post=66"},{"taxonomy":"post_tag","embeddable":true,"href":"https:\/\/recherche-action.fr\/cetra\/wp-json\/wp\/v2\/tags?post=66"}],"curies":[{"name":"wp","href":"https:\/\/api.w.org\/{rel}","templated":true}]}}