{"id":3098,"global_id":"recherche-action.fr\/hugues-bazin?id=3098","global_id_lineage":["recherche-action.fr\/hugues-bazin?id=3098"],"author":"1","status":"publish","date":"2022-04-27 01:52:17","date_utc":"2022-04-26 23:52:17","modified":"2023-01-03 04:41:32","modified_utc":"2023-01-03 03:41:32","url":"https:\/\/recherche-action.fr\/hugues-bazin\/event\/recherche-creation-et-recherche-action\/","rest_url":"https:\/\/recherche-action.fr\/hugues-bazin\/wp-json\/tribe\/events\/v1\/events\/3098","title":"Recherche-cr\u00e9ation et Recherche-action","description":"<ul>\n<li>Pr\u00e9sentation du \u00ab\u00a0Plateau de recherche-cr\u00e9ation\u00a0\u00bb,<\/li>\n<li>Du th\u00e9\u00e2tre communautaire aux politiques culturelles\u00a0: le mouvement Cultura Viva Comunitaria en Am\u00e9rique latine.<\/li>\n<li>Cultures urbaines et culture de r\u00e9sistance, m\u00e9moire de la colonisation et de l&rsquo;immigration<\/li>\n<li>Recherche en friche et friches culturelles.<\/li>\n<li>Exp\u00e9rimentation en danse forum<\/li>\n<\/ul>","excerpt":"<p>Ce \u00ab\u00a0travail de la culture\u00a0\u00bb dans sa dimension singuli\u00e8re et universelle, mat\u00e9rielle et symbolique appara\u00eet d\u2019autant plus central dans la formation d\u2019une pens\u00e9e politique et corolairement des politiques culturelles comme r\u00e9ponse aux assignations identitaires et \u00e0 l\u2019ethnicisation des rapports sociaux.<\/p>","slug":"recherche-creation-et-recherche-action","image":{"url":"https:\/\/recherche-action.fr\/hugues-bazin\/wp-content\/uploads\/sites\/2\/2022\/04\/les-disparus.jpg","id":3096,"extension":"jpg","width":1846,"height":1003,"sizes":{"medium":{"width":300,"height":163,"mime-type":"image\/jpeg","url":"https:\/\/recherche-action.fr\/hugues-bazin\/wp-content\/uploads\/sites\/2\/2022\/04\/les-disparus-300x163.jpg"},"large":{"width":1024,"height":556,"mime-type":"image\/jpeg","url":"https:\/\/recherche-action.fr\/hugues-bazin\/wp-content\/uploads\/sites\/2\/2022\/04\/les-disparus-1024x556.jpg"},"thumbnail":{"width":150,"height":150,"mime-type":"image\/jpeg","url":"https:\/\/recherche-action.fr\/hugues-bazin\/wp-content\/uploads\/sites\/2\/2022\/04\/les-disparus-150x150.jpg"},"medium_large":{"width":768,"height":417,"mime-type":"image\/jpeg","url":"https:\/\/recherche-action.fr\/hugues-bazin\/wp-content\/uploads\/sites\/2\/2022\/04\/les-disparus-768x417.jpg"},"1536x1536":{"width":1536,"height":835,"mime-type":"image\/jpeg","url":"https:\/\/recherche-action.fr\/hugues-bazin\/wp-content\/uploads\/sites\/2\/2022\/04\/les-disparus-1536x835.jpg"},"post-thumbnail":{"width":300,"height":163,"mime-type":"image\/jpeg","url":"https:\/\/recherche-action.fr\/hugues-bazin\/wp-content\/uploads\/sites\/2\/2022\/04\/les-disparus-300x163.jpg"},"slider":{"width":720,"height":391,"mime-type":"image\/jpeg","url":"https:\/\/recherche-action.fr\/hugues-bazin\/wp-content\/uploads\/sites\/2\/2022\/04\/les-disparus-720x391.jpg"}}},"all_day":false,"start_date":"2022-05-23 14:00:00","start_date_details":{"year":"2022","month":"05","day":"23","hour":"14","minutes":"00","seconds":"00"},"end_date":"2022-05-23 18:00:00","end_date_details":{"year":"2022","month":"05","day":"23","hour":"18","minutes":"00","seconds":"00"},"utc_start_date":"2022-05-23 12:00:00","utc_start_date_details":{"year":"2022","month":"05","day":"23","hour":"12","minutes":"00","seconds":"00"},"utc_end_date":"2022-05-23 16:00:00","utc_end_date_details":{"year":"2022","month":"05","day":"23","hour":"16","minutes":"00","seconds":"00"},"timezone":"Europe\/Paris","timezone_abbr":"CEST","cost":"","cost_details":{"currency_symbol":"","currency_code":"","currency_position":"prefix","values":[]},"website":"https:\/\/recherche-action.fr\/hugues-bazin\/2022\/04\/27\/recherche-creation-et-recherche-action\/","show_map":true,"show_map_link":true,"hide_from_listings":false,"sticky":false,"featured":false,"categories":[{"name":"Atelier recherche-action","slug":"atelier-recherche-action","term_group":0,"term_taxonomy_id":111,"taxonomy":"tribe_events_cat","description":"","parent":116,"count":2,"filter":"raw","id":111,"urls":{"self":"https:\/\/recherche-action.fr\/hugues-bazin\/wp-json\/tribe\/events\/v1\/categories\/111","collection":"https:\/\/recherche-action.fr\/hugues-bazin\/wp-json\/tribe\/events\/v1\/categories","up":"https:\/\/recherche-action.fr\/hugues-bazin\/wp-json\/tribe\/events\/v1\/categories\/116"}},{"name":"Ev\u00e8nement","slug":"evenement","term_group":0,"term_taxonomy_id":116,"taxonomy":"tribe_events_cat","description":"","parent":0,"count":6,"filter":"raw","id":116,"urls":{"self":"https:\/\/recherche-action.fr\/hugues-bazin\/wp-json\/tribe\/events\/v1\/categories\/116","collection":"https:\/\/recherche-action.fr\/hugues-bazin\/wp-json\/tribe\/events\/v1\/categories"}}],"tags":[{"name":"atelier recherche-action","slug":"atelier-recherche-action","term_group":0,"term_taxonomy_id":14,"taxonomy":"post_tag","description":"","parent":0,"count":19,"filter":"raw","id":14,"urls":{"self":"https:\/\/recherche-action.fr\/hugues-bazin\/wp-json\/tribe\/events\/v1\/tags\/14","collection":"https:\/\/recherche-action.fr\/hugues-bazin\/wp-json\/tribe\/events\/v1\/tags"}},{"name":"d\u00e9veloppement culturel","slug":"developpement-culturel","term_group":0,"term_taxonomy_id":31,"taxonomy":"post_tag","description":"","parent":0,"count":24,"filter":"raw","id":31,"urls":{"self":"https:\/\/recherche-action.fr\/hugues-bazin\/wp-json\/tribe\/events\/v1\/tags\/31","collection":"https:\/\/recherche-action.fr\/hugues-bazin\/wp-json\/tribe\/events\/v1\/tags"}},{"name":"Laboratoire social","slug":"laboratoire-social","term_group":0,"term_taxonomy_id":57,"taxonomy":"post_tag","description":"","parent":0,"count":58,"filter":"raw","id":57,"urls":{"self":"https:\/\/recherche-action.fr\/hugues-bazin\/wp-json\/tribe\/events\/v1\/tags\/57","collection":"https:\/\/recherche-action.fr\/hugues-bazin\/wp-json\/tribe\/events\/v1\/tags"}}],"venue":{"id":3086,"author":"1","status":"publish","date":"2022-04-18 00:08:34","date_utc":"2022-04-17 22:08:34","modified":"2022-04-18 00:25:21","modified_utc":"2022-04-17 22:25:21","url":"https:\/\/recherche-action.fr\/hugues-bazin\/lieu\/msh-paris-nord\/","venue":"MSH Paris Nord","slug":"msh-paris-nord","address":"20 Avenue George Sand","city":"Saint-Denis","country":"France","zip":"93210","website":"https:\/\/www.mshparisnord.fr\/","json_ld":{"@type":"Place","name":"MSH Paris Nord","description":"","url":"","address":{"@type":"PostalAddress","streetAddress":"20 Avenue George Sand","addressLocality":"Saint-Denis","postalCode":"93210","addressCountry":"France"},"telephone":"","sameAs":"https:\/\/www.mshparisnord.fr\/"},"show_map":true,"show_map_link":true,"global_id":"recherche-action.fr\/hugues-bazin?id=3086","global_id_lineage":["recherche-action.fr\/hugues-bazin?id=3086"]},"organizer":[{"id":3090,"author":"1","status":"publish","date":"2022-04-18 00:29:19","date_utc":"2022-04-17 22:29:19","modified":"2022-04-18 10:33:26","modified_utc":"2022-04-18 08:33:26","url":"https:\/\/recherche-action.fr\/hugues-bazin\/organisateur\/lisra\/","organizer":"LISRA","slug":"lisra","website":"https:\/\/recherche-action.fr\/hugues-bazin\/2022\/03\/22\/pedagogie-sociale-et-recherche-action\/","email":"contact@recherche-action.fr","json_ld":{"@type":"Person","name":"LISRA","description":"","url":"https:\/\/recherche-action.fr\/hugues-bazin\/2022\/03\/22\/pedagogie-sociale-et-recherche-action\/","telephone":"","email":"&#99;o&#110;tac&#116;&#64;re&#99;h&#101;&#114;che&#45;&#97;&#99;&#116;ion&#46;f&#114;","sameAs":"https:\/\/recherche-action.fr\/hugues-bazin\/2022\/03\/22\/pedagogie-sociale-et-recherche-action\/"},"global_id":"recherche-action.fr\/hugues-bazin?id=3090","global_id_lineage":["recherche-action.fr\/hugues-bazin?id=3090"]}],"custom_fields":[],"json_ld":{"@context":"http:\/\/schema.org","@type":"Event","name":"Recherche-cr\u00e9ation et Recherche-action","description":"&lt;p&gt;Ce \u00ab\u00a0travail de la culture\u00a0\u00bb dans sa dimension singuli\u00e8re et universelle, mat\u00e9rielle et symbolique appara\u00eet d\u2019autant plus central dans la formation d\u2019une pens\u00e9e politique et corolairement des politiques culturelles comme r\u00e9ponse aux assignations identitaires et \u00e0 l\u2019ethnicisation des rapports sociaux.&lt;\/p&gt;\\n","image":"https:\/\/recherche-action.fr\/hugues-bazin\/wp-content\/uploads\/sites\/2\/2022\/04\/les-disparus.jpg","url":"https:\/\/recherche-action.fr\/hugues-bazin\/event\/recherche-creation-et-recherche-action\/","eventAttendanceMode":"https:\/\/schema.org\/OfflineEventAttendanceMode","eventStatus":"https:\/\/schema.org\/EventScheduled","startDate":"2022-05-23T14:00:00+02:00","endDate":"2022-05-23T18:00:00+02:00","location":{"@type":"Place","name":"MSH Paris Nord","description":"","url":"","address":{"@type":"PostalAddress","streetAddress":"20 Avenue George Sand","addressLocality":"Saint-Denis","postalCode":"93210","addressCountry":"France"},"telephone":"","sameAs":"https:\/\/www.mshparisnord.fr\/"},"organizer":{"@type":"Person","name":"LISRA","description":"","url":"https:\/\/recherche-action.fr\/hugues-bazin\/2022\/03\/22\/pedagogie-sociale-et-recherche-action\/","telephone":"","email":"&#99;&#111;n&#116;&#97;&#99;&#116;&#64;&#114;e&#99;h&#101;r&#99;&#104;&#101;-act&#105;o&#110;.fr","sameAs":"https:\/\/recherche-action.fr\/hugues-bazin\/2022\/03\/22\/pedagogie-sociale-et-recherche-action\/"},"performer":"Organization"}}