{"id":100,"date":"2005-11-18T08:08:06","date_gmt":"2005-11-18T07:08:06","guid":{"rendered":"http:\/\/recherche-action.fr\/hugues-bazin\/2005\/11\/18\/quelle-est-la-place-de-laction-culturelle-dans-les-centres-sociaux-paris\/"},"modified":"2005-11-18T08:08:06","modified_gmt":"2005-11-18T07:08:06","slug":"quelle-est-la-place-de-laction-culturelle-dans-les-centres-sociaux-paris","status":"publish","type":"post","link":"https:\/\/recherche-action.fr\/hugues-bazin\/2005\/11\/18\/quelle-est-la-place-de-laction-culturelle-dans-les-centres-sociaux-paris\/","title":{"rendered":"Quelle est la place de l\u2019action culturelle dans les centres sociaux ? (Paris)"},"content":{"rendered":"<p><a href=\"http:\/\/blog.recherche-action.fr\/hugues-bazin\/files\/2012\/04\/esp-devcul.jpg\"><img fetchpriority=\"high\" decoding=\"async\" class=\"size-full wp-image-918 alignright\" src=\"http:\/\/blog.recherche-action.fr\/hugues-bazin\/files\/2012\/04\/esp-devcul.jpg\" alt=\"\" width=\"300\" height=\"231\" \/><\/a>Avec Marcella Bernardo, metteur en sc\u00e8ne \u2013 Hugues Bazin, sociologue \u2013 Dominique Garet (Groupe D\u00e9veloppement culturel Fcsf), et Philippe Paillotin, FD 2 savoies,\u00a0 anim\u00e9 par Jean Paul Fallet, d\u00e9l\u00e9gu\u00e9 Ni\u00e8vre (<a href=\"http:\/\/scv.csx.free.fr\/contenu\/films\/cite_devcul.htm\" target=\"_blank\">vid\u00e9o<\/a>)<\/p>\n<p>Ue d\u00e9marche mobilisant les Centres Sociaux et Socioculturels de France, depuis de longs mois,lors de ce rassemblement de la Cit\u00e9 de la Participation des 18 et 19 novembre, plus de 1300 acteurs b\u00e9n\u00e9voles et salari\u00e9s se sont retrouv\u00e9s et rencontr\u00e9s en Ile de France pour<\/p>\n<ul>\n<li>\u00a0\u00a0\u00a0 Approfondir et interroger les pratiques de d\u00e9veloppement social local des centres sociaux.<\/li>\n<li>\u00a0\u00a0\u00a0 Echanger sur des outils d\u2019expression et de participation des personnes, des groupes.<\/li>\n<li>\u00a0\u00a0\u00a0 Construire le message politique des acteurs des centres sociaux, en dialogue avec les partenaire<\/li>\n<\/ul>\n","protected":false},"excerpt":{"rendered":"<p>Avec Marcella Bernardo, metteur en sc\u00e8ne \u2013 Hugues Bazin, sociologue \u2013 Dominique Garet (Groupe D\u00e9veloppement culturel Fcsf), et Philippe Paillotin, FD 2 savoies,\u00a0 anim\u00e9 par Jean Paul Fallet, d\u00e9l\u00e9gu\u00e9 Ni\u00e8vre (vid\u00e9o) Ue d\u00e9marche mobilisant les Centres Sociaux et Socioculturels de France, depuis de longs mois,lors de ce rassemblement de la Cit\u00e9 de la Participation des [&#8230;]<\/p>\n","protected":false},"author":1,"featured_media":0,"comment_status":"open","ping_status":"open","sticky":false,"template":"","format":"standard","meta":{"h5ap_radio_sources":[],"jetpack_post_was_ever_published":false,"_jetpack_newsletter_access":"","_jetpack_dont_email_post_to_subs":false,"_jetpack_newsletter_tier_id":0,"_jetpack_memberships_contains_paywalled_content":false,"_jetpack_memberships_contains_paid_content":false,"footnotes":"","jetpack_publicize_message":"","jetpack_publicize_feature_enabled":true,"jetpack_social_post_already_shared":false,"jetpack_social_options":{"image_generator_settings":{"template":"highway","default_image_id":0,"font":"","enabled":false},"version":2},"_links_to":"","_links_to_target":""},"categories":[3],"tags":[5,23,39],"class_list":["post-100","post","type-post","status-publish","format-standard","hentry","category-intervention","tag-action-culturelle","tag-centres-sociaux","tag-education-populaire"],"jetpack_publicize_connections":[],"jetpack_featured_media_url":"","jetpack_sharing_enabled":true,"jetpack_shortlink":"https:\/\/wp.me\/p2QGRI-1C","post_mailing_queue_ids":[],"_links":{"self":[{"href":"https:\/\/recherche-action.fr\/hugues-bazin\/wp-json\/wp\/v2\/posts\/100","targetHints":{"allow":["GET"]}}],"collection":[{"href":"https:\/\/recherche-action.fr\/hugues-bazin\/wp-json\/wp\/v2\/posts"}],"about":[{"href":"https:\/\/recherche-action.fr\/hugues-bazin\/wp-json\/wp\/v2\/types\/post"}],"author":[{"embeddable":true,"href":"https:\/\/recherche-action.fr\/hugues-bazin\/wp-json\/wp\/v2\/users\/1"}],"replies":[{"embeddable":true,"href":"https:\/\/recherche-action.fr\/hugues-bazin\/wp-json\/wp\/v2\/comments?post=100"}],"version-history":[{"count":0,"href":"https:\/\/recherche-action.fr\/hugues-bazin\/wp-json\/wp\/v2\/posts\/100\/revisions"}],"wp:attachment":[{"href":"https:\/\/recherche-action.fr\/hugues-bazin\/wp-json\/wp\/v2\/media?parent=100"}],"wp:term":[{"taxonomy":"category","embeddable":true,"href":"https:\/\/recherche-action.fr\/hugues-bazin\/wp-json\/wp\/v2\/categories?post=100"},{"taxonomy":"post_tag","embeddable":true,"href":"https:\/\/recherche-action.fr\/hugues-bazin\/wp-json\/wp\/v2\/tags?post=100"}],"curies":[{"name":"wp","href":"https:\/\/api.w.org\/{rel}","templated":true}]}}