{"id":1180,"date":"2015-11-29T14:00:00","date_gmt":"2015-11-29T13:00:00","guid":{"rendered":"http:\/\/recherche-action.fr\/hugues-bazin\/?p=1180"},"modified":"2016-05-10T13:28:23","modified_gmt":"2016-05-10T11:28:23","slug":"quand-le-terrorisme-devient-le-meilleur-allie-du-capitalisme","status":"publish","type":"post","link":"https:\/\/recherche-action.fr\/hugues-bazin\/2015\/11\/29\/quand-le-terrorisme-devient-le-meilleur-allie-du-capitalisme\/","title":{"rendered":"Quand le terrorisme devient le meilleur alli\u00e9 du capitalisme"},"content":{"rendered":"<div class=\"content-article\">\n<p>L\u2019\u00e9tat d&rsquo;urgence justifie une \u00ab\u00a0interdiction administrative de manifester\u00a0\u00bb (\u00e0 l&rsquo;occasion de la cop21) que certains aimeraient permanente(<sup>1)<\/sup>.<\/p>\n<p><a href=\"https:\/\/recherche-action.fr\/hugues-bazin\/wp-content\/uploads\/sites\/2\/2015\/11\/arton33193-40d78-1.jpg\"><img fetchpriority=\"high\" decoding=\"async\" class=\"aligncenter size-full wp-image-1448\" src=\"https:\/\/recherche-action.fr\/hugues-bazin\/wp-content\/uploads\/sites\/2\/2015\/11\/arton33193-40d78-1.jpg\" alt=\"arton33193-40d78\" width=\"650\" height=\"250\" srcset=\"https:\/\/recherche-action.fr\/hugues-bazin\/wp-content\/uploads\/sites\/2\/2015\/11\/arton33193-40d78-1.jpg 650w, https:\/\/recherche-action.fr\/hugues-bazin\/wp-content\/uploads\/sites\/2\/2015\/11\/arton33193-40d78-1-300x115.jpg 300w\" sizes=\"(max-width: 650px) 100vw, 650px\" \/><\/a><\/p>\n<p>C&rsquo;est bien connu, la culture bio est une \u00ab\u00a0menace pour la s\u00e9curit\u00e9 et l\u2019ordre publics\u00a0\u00bb. Tous les jeunes sont formidables, c&rsquo;est le Pr\u00e9sident qui l&rsquo;a dit, mais il y en a des meilleurs que d&rsquo;autres. Les bons sont ceux qui boivent \u00e0 la terrasse des caf\u00e9s et profitent des soldes pour aller acheter leurs cadeaux de fin d&rsquo;ann\u00e9e, bref ceux qui font fonctionner la r\u00e9elle \u00e9conomie (que d&rsquo;autres appellent m\u00e9chamment n\u00e9o-lib\u00e9rale) et surtout n&rsquo;ont pas d&rsquo;id\u00e9es politiques saugrenues (le r\u00eave de tout gouvernement paternaliste) ; les mauvais sont ceux qui refusent la soci\u00e9t\u00e9 consum\u00e9riste, exp\u00e9rimentent des circuits \u00e9conomiques diff\u00e9rents, des trucs ringards d&rsquo;autofabrication et d&rsquo;autogestion, r\u00e9invente la politique dans des dr\u00f4les de tribus appel\u00e9es \u00ab\u00a0ZAD\u00a0\u00bb et de plus ont l\u2019outrecuidance d\u2019aller le manifester aux puissants de ce monde.<\/p>\n<p>Allez, tous en r\u00e9sidence surveill\u00e9e<sup>(2)<\/sup>, non mais alors !\u00a0Les march\u00e9s de No\u00ebl, oui, la soci\u00e9t\u00e9 civile qui se mobilise, non. Pourtant, cette mobilisation citoyenne serait le meilleur rempart contre le terrorisme.<\/p>\n<p>La fa\u00e7on la plus efficace pour un corps social malade de gu\u00e9rir, c&rsquo;est de g\u00e9n\u00e9rer ses propres anti-corps exp\u00e9rientiels et intellectuels. Au contraire, l&rsquo;\u00e9tat d&rsquo;urgence impose une camisole de force, affaiblissant d&rsquo;autant plus le corps social en l&#8217;emp\u00eachant de bouger tout en liqu\u00e9fiant sa capacit\u00e9 de penser.<\/p>\n<p>Mais c&rsquo;est vrais, le capitalisme n&rsquo;a pas vraiment besoin de la d\u00e9mocratie pour prosp\u00e9rer, il n&rsquo;a besoin que de \u00ab\u00a0corps dociles\u00a0\u00bb : politique des coercitions d\u00e9crites par Michel Foucault dans \u00ab\u00a0Surveiller et punir\u00a0\u00bb qui sont un travail sur le corps, une manipulation calcul\u00e9e de ses \u00e9l\u00e9ments, de ses gestes, de ses comportements.\u00a0 La discipline fabrique des corps soumis et exerc\u00e9s, des corps \u00ab\u00a0dociles\u00a0\u00bb ; elle majore les forces du corps en termes \u00e9conomiques d\u2019utilit\u00e9 et diminue ces m\u00eames forces en termes politiques d\u2019ob\u00e9issance.<\/p>\n<\/div>\n<p>(1) Voir : Ligue des Droits de l&rsquo;Homme, \u00ab\u00a0<a href=\"http:\/\/www.ldh-france.org\/ministre-linterieur-perd-ses-nerfs-confond-assimile-mouvement-associatif-au-terrorisme\/\" target=\"_blank\">Le ministre de l\u2019Int\u00e9rieur perd ses nerfs, confond et assimile le mouvement associatif au terrorisme<\/a>\u00a0\u00bb\u00a0 &#8211; \u00ab\u00a0<a href=\"http:\/\/delinquance.blog.lemonde.fr\/2015\/11\/27\/etat-durgence-perquisitions-et-assignations-dans-les-milieux-zadistes-et-alternatifs\/\" target=\"_blank\">\u00c9tat d\u2019urgence: perquisitions et assignations dans les milieux zadistes et alternatifs<\/a>\u00ab\u00a0, Le Monde du 27 novembre 2015, par Laurent Borredon, voir \u00e9galement <a href=\"http:\/\/www.politis.fr\/Des-militants-ecologistes-assignes,33193.html\" target=\"_blank\">Politis<\/a>, <a href=\"http:\/\/www.bastamag.net\/Perquisition-administrative-chez-des-maraichers-bio-Ils-s-attendaient-a-quoi\" target=\"_blank\">Bastamag<\/a><\/p>\n<div class=\"content-article\">\n<p><sup>(2)<\/sup>\u00a0 Pour pr\u00e9venir de possibles recours devant la cour europ\u00e9enne des droits de l\u2019Homme, la France a notifi\u00e9 au Conseil de l\u2019Europe son intention de d\u00e9roger \u00e0 la Convention Europ\u00e9enne des Droits de l\u2019Homme.<\/p>\n<\/div>\n","protected":false},"excerpt":{"rendered":"<p>L\u2019\u00e9tat d&rsquo;urgence justifie une \u00ab\u00a0interdiction administrative de manifester\u00a0\u00bb (\u00e0 l&rsquo;occasion de la cop21) que certains aimeraient permanente(1). C&rsquo;est bien connu, la culture bio est une \u00ab\u00a0menace pour la s\u00e9curit\u00e9 et l\u2019ordre publics\u00a0\u00bb. Tous les jeunes sont formidables, c&rsquo;est le Pr\u00e9sident qui l&rsquo;a dit, mais il y en a des meilleurs que &hellip; <\/p>\n","protected":false},"author":1,"featured_media":1448,"comment_status":"open","ping_status":"open","sticky":false,"template":"","format":"standard","meta":{"h5ap_radio_sources":[],"jetpack_post_was_ever_published":false,"_jetpack_newsletter_access":"","_jetpack_dont_email_post_to_subs":false,"_jetpack_newsletter_tier_id":0,"_jetpack_memberships_contains_paywalled_content":false,"_jetpack_memberships_contains_paid_content":false,"footnotes":"","jetpack_publicize_message":"","jetpack_publicize_feature_enabled":true,"jetpack_social_post_already_shared":true,"jetpack_social_options":{"image_generator_settings":{"template":"highway","default_image_id":0,"font":"","enabled":false},"version":2},"_links_to":"","_links_to_target":""},"categories":[2],"tags":[25,35,36,47,61,62],"class_list":["post-1180","post","type-post","status-publish","format-standard","has-post-thumbnail","hentry","category-article","tag-citoyennete","tag-ecologie","tag-economie","tag-gouvernace","tag-minorite","tag-mobilite"],"jetpack_publicize_connections":[],"jetpack_featured_media_url":"https:\/\/recherche-action.fr\/hugues-bazin\/wp-content\/uploads\/sites\/2\/2015\/11\/arton33193-40d78-1.jpg","jetpack_sharing_enabled":true,"jetpack_shortlink":"https:\/\/wp.me\/p2QGRI-j2","post_mailing_queue_ids":[],"_links":{"self":[{"href":"https:\/\/recherche-action.fr\/hugues-bazin\/wp-json\/wp\/v2\/posts\/1180","targetHints":{"allow":["GET"]}}],"collection":[{"href":"https:\/\/recherche-action.fr\/hugues-bazin\/wp-json\/wp\/v2\/posts"}],"about":[{"href":"https:\/\/recherche-action.fr\/hugues-bazin\/wp-json\/wp\/v2\/types\/post"}],"author":[{"embeddable":true,"href":"https:\/\/recherche-action.fr\/hugues-bazin\/wp-json\/wp\/v2\/users\/1"}],"replies":[{"embeddable":true,"href":"https:\/\/recherche-action.fr\/hugues-bazin\/wp-json\/wp\/v2\/comments?post=1180"}],"version-history":[{"count":2,"href":"https:\/\/recherche-action.fr\/hugues-bazin\/wp-json\/wp\/v2\/posts\/1180\/revisions"}],"predecessor-version":[{"id":1449,"href":"https:\/\/recherche-action.fr\/hugues-bazin\/wp-json\/wp\/v2\/posts\/1180\/revisions\/1449"}],"wp:featuredmedia":[{"embeddable":true,"href":"https:\/\/recherche-action.fr\/hugues-bazin\/wp-json\/wp\/v2\/media\/1448"}],"wp:attachment":[{"href":"https:\/\/recherche-action.fr\/hugues-bazin\/wp-json\/wp\/v2\/media?parent=1180"}],"wp:term":[{"taxonomy":"category","embeddable":true,"href":"https:\/\/recherche-action.fr\/hugues-bazin\/wp-json\/wp\/v2\/categories?post=1180"},{"taxonomy":"post_tag","embeddable":true,"href":"https:\/\/recherche-action.fr\/hugues-bazin\/wp-json\/wp\/v2\/tags?post=1180"}],"curies":[{"name":"wp","href":"https:\/\/api.w.org\/{rel}","templated":true}]}}