{"id":1240,"date":"2016-03-01T12:26:34","date_gmt":"2016-03-01T11:26:34","guid":{"rendered":"http:\/\/recherche-action.fr\/hugues-bazin\/?p=1240"},"modified":"2016-05-06T07:57:42","modified_gmt":"2016-05-06T05:57:42","slug":"trajectoires-politiques-du-xxie-siecle-democratie-citoyennete-participation-dunkerque-59","status":"publish","type":"post","link":"https:\/\/recherche-action.fr\/hugues-bazin\/2016\/03\/01\/trajectoires-politiques-du-xxie-siecle-democratie-citoyennete-participation-dunkerque-59\/","title":{"rendered":"Trajectoires politiques du XXIe si\u00e8cle, D\u00e9mocratie, Citoyennet\u00e9, Participation (Dunkerque-59)"},"content":{"rendered":"<div id=\"ez-toc-container\" class=\"ez-toc-v2_0_82_2 counter-hierarchy ez-toc-counter ez-toc-transparent ez-toc-container-direction\">\n<div class=\"ez-toc-title-container\">\n<p class=\"ez-toc-title\" style=\"cursor:inherit\">Sommaire<\/p>\n<span class=\"ez-toc-title-toggle\"><\/span><\/div>\n<nav><ul class='ez-toc-list ez-toc-list-level-1 ' ><li class='ez-toc-page-1 ez-toc-heading-level-2'><a class=\"ez-toc-link ez-toc-heading-1\" href=\"https:\/\/recherche-action.fr\/hugues-bazin\/2016\/03\/01\/trajectoires-politiques-du-xxie-siecle-democratie-citoyennete-participation-dunkerque-59\/#1_De_quoi_la_democratie_est-elle_le_nom_20_fevrier_2016_%E2%80%93_14h_30\" >1.\u00a0\u00a0 \u00a0 De quoi la d\u00e9mocratie est-elle le nom ? (20 f\u00e9vrier 2016 \u2013 14h 30)<\/a><\/li><li class='ez-toc-page-1 ez-toc-heading-level-2'><a class=\"ez-toc-link ez-toc-heading-2\" href=\"https:\/\/recherche-action.fr\/hugues-bazin\/2016\/03\/01\/trajectoires-politiques-du-xxie-siecle-democratie-citoyennete-participation-dunkerque-59\/#2_Vous_avez_dit_education_populaire_19_mars_2016_%E2%80%93_14h_30\" >2.\u00a0\u00a0 \u00a0Vous avez dit \u00e9ducation populaire ? (19 mars 2016 \u2013 14h 30)<\/a><\/li><li class='ez-toc-page-1 ez-toc-heading-level-2'><a class=\"ez-toc-link ez-toc-heading-3\" href=\"https:\/\/recherche-action.fr\/hugues-bazin\/2016\/03\/01\/trajectoires-politiques-du-xxie-siecle-democratie-citoyennete-participation-dunkerque-59\/#3_Pourquoi_faire_participer_les_habitants_23_avril_2016_%E2%80%93_14h_30\" >3.\u00a0\u00a0 \u00a0Pourquoi faire participer les habitants ? (23 avril 2016 \u2013 14h 30)<\/a><\/li><li class='ez-toc-page-1 ez-toc-heading-level-2'><a class=\"ez-toc-link ez-toc-heading-4\" href=\"https:\/\/recherche-action.fr\/hugues-bazin\/2016\/03\/01\/trajectoires-politiques-du-xxie-siecle-democratie-citoyennete-participation-dunkerque-59\/#4_Changer_la_ville_pour_changer_la_vie_21_mai_2016_%E2%80%93_14h_30\" >4.\u00a0\u00a0 \u00a0Changer la ville pour changer la vie ? (21 mai 2016 \u2013 14h 30)<\/a><\/li><li class='ez-toc-page-1 ez-toc-heading-level-2'><a class=\"ez-toc-link ez-toc-heading-5\" href=\"https:\/\/recherche-action.fr\/hugues-bazin\/2016\/03\/01\/trajectoires-politiques-du-xxie-siecle-democratie-citoyennete-participation-dunkerque-59\/#5_Trajectoires_revolutionnaires_18_juin_2016_%E2%80%93_14h_30\" >5.\u00a0\u00a0 \u00a0Trajectoires r\u00e9volutionnaires (18 juin 2016 \u2013 14h 30)<\/a><\/li><li class='ez-toc-page-1 ez-toc-heading-level-2'><a class=\"ez-toc-link ez-toc-heading-6\" href=\"https:\/\/recherche-action.fr\/hugues-bazin\/2016\/03\/01\/trajectoires-politiques-du-xxie-siecle-democratie-citoyennete-participation-dunkerque-59\/#Organisation\" >Organisation<\/a><\/li><li class='ez-toc-page-1 ez-toc-heading-level-2'><a class=\"ez-toc-link ez-toc-heading-7\" href=\"https:\/\/recherche-action.fr\/hugues-bazin\/2016\/03\/01\/trajectoires-politiques-du-xxie-siecle-democratie-citoyennete-participation-dunkerque-59\/#Lieu\" >Lieu<\/a><\/li><\/ul><\/nav><\/div>\n<p>A une \u00e9poque o\u00f9 la politique n\u2019a plus bonne presse, o\u00f9 la d\u00e9fiance a pris le pas sur la confiance et o\u00f9 le divorce entre la soci\u00e9t\u00e9 et la classe politique est consomm\u00e9, il est urgent de d\u00e9gager des pistes de <a href=\"https:\/\/recherche-action.fr\/hugues-bazin\/wp-content\/uploads\/sites\/2\/2016\/05\/Capture.jpg\"><img fetchpriority=\"high\" decoding=\"async\" class=\"alignright size-medium wp-image-1283\" src=\"https:\/\/recherche-action.fr\/hugues-bazin\/wp-content\/uploads\/sites\/2\/2016\/05\/Capture-234x300.jpg\" alt=\"Capture\" width=\"234\" height=\"300\" srcset=\"https:\/\/recherche-action.fr\/hugues-bazin\/wp-content\/uploads\/sites\/2\/2016\/05\/Capture-234x300.jpg 234w, https:\/\/recherche-action.fr\/hugues-bazin\/wp-content\/uploads\/sites\/2\/2016\/05\/Capture-300x385.jpg 300w, https:\/\/recherche-action.fr\/hugues-bazin\/wp-content\/uploads\/sites\/2\/2016\/05\/Capture.jpg 315w\" sizes=\"(max-width: 234px) 100vw, 234px\" \/><\/a>renouvellement des exp\u00e9riences d\u00e9mocratiques au sein de nos territoires.<br \/>\nD\u00e9mocratie, citoyennet\u00e9, participation\u2026 ces termes ne sont plus que les \u00e9tendards malheureux d\u2019un monde en bout de course. Pour s\u2019en convaincre : le nombre de personnes \u00e0 d\u00e9serter les bureaux de vote, \u00e0 partager le sentiment de ne plus \u00eatre \u00e9cout\u00e9s et \u00e0 estimer ne plus rien avoir \u00e0 attendre de la politique.<br \/>\nCependant, ce d\u00e9faut de d\u00e9mocratie masque mal les alternatives, les mobilisations et les r\u00e9sistances citoyennes qui foisonnent un peu partout dans les territoires (zones \u00e0 d\u00e9fendre, habitats coop\u00e9ratifs, comit\u00e9s des indign\u00e9s, etc.). Ces quelques conf\u00e9rences seront l\u2019occasion de dessiner ensemble les conditions et les contours d\u2019une r\u00e9volution \u00e0 venir dont il faudra bien un jour se d\u00e9cider \u00e0 prendre la mesure\u2026<\/p>\n<h2><span class=\"ez-toc-section\" id=\"1_De_quoi_la_democratie_est-elle_le_nom_20_fevrier_2016_%E2%80%93_14h_30\"><\/span>1.\u00a0\u00a0 \u00a0 De quoi la d\u00e9mocratie est-elle le nom ? (20 f\u00e9vrier 2016 \u2013 14h 30)<span class=\"ez-toc-section-end\"><\/span><\/h2>\n<p>Alors que certains ont tendance \u00e0 se replier sur eux-m\u00eames, d\u2019autres explorent les chemins d\u2019une d\u00e9mocratie plus directe o\u00f9 le peuple (au sens fort du terme) serait au c\u0153ur de l\u2019exercice du pouvoir. El\u00e9ments d\u2019\u00e9claircissements \u00e0 l\u2019occasion de cette premi\u00e8re conf\u00e9rence.<br \/>\nAvec Ali KEBIR, philosophe, doctorant \u00e0 l\u2019universit\u00e9 de Rennes 1, auteur de \u00ab Sortir de la d\u00e9mocratie \u00bb (l\u2019Harmattan, 2015).<\/p>\n<h2><span class=\"ez-toc-section\" id=\"2_Vous_avez_dit_education_populaire_19_mars_2016_%E2%80%93_14h_30\"><\/span>2.\u00a0\u00a0 \u00a0Vous avez dit \u00e9ducation populaire ? (19 mars 2016 \u2013 14h 30)<span class=\"ez-toc-section-end\"><\/span><\/h2>\n<p>Qu\u2019on se le dise, la r\u00e9volution d\u00e9mocratique ne tombera pas du ciel \u2026 Et sans doute est-il utile pour cela de renouer avec une \u00e9ducation populaire digne de ce nom visant \u00e0 la transformation sociale et \u00e0 l\u2019\u00e9mancipation collective. Tour et d\u00e9tour de l\u2019histoire de l\u2019\u00e9ducation populaire en France et ailleurs.<br \/>\nAvec Hugues BAZIN, chercheur ind\u00e9pendant en sciences sociales, coordinateur du Laboratoire d\u2019Innovation Sociale par la Recherche-Action et Joackim REBECCA, sociologue et ancien membre de la SCOP d\u2019Education populaire Le Pav\u00e9.<\/p>\n<h2><span class=\"ez-toc-section\" id=\"3_Pourquoi_faire_participer_les_habitants_23_avril_2016_%E2%80%93_14h_30\"><\/span>3.\u00a0\u00a0 \u00a0Pourquoi faire participer les habitants ? (23 avril 2016 \u2013 14h 30)<span class=\"ez-toc-section-end\"><\/span><\/h2>\n<p>Les d\u00e9marches de \u00ab mise en mouvement \u00bb des citoyens se sont hiss\u00e9es depuis quelques ann\u00e9es au centre de toutes les actions publiques territoriales (d\u00e9bats publics, conseils citoyens, budgets participatifs). Aussi utiles qu\u2019elles puissent appara\u00eetre, elles permettent aussi souvent de contourner la question du partage de pouvoir de d\u00e9lib\u00e9ration et de d\u00e9cision entre les d\u00e9cideurs et la soci\u00e9t\u00e9 civile.<br \/>\nAvec Patrick NORYNBERG, cadre territorial, enseignant formateur et essayiste.et Guillaume FABUREL, g\u00e9ographe, professeur \u00e0 l\u2019Universit\u00e9 Lumi\u00e8re Lyon II.<\/p>\n<h2><span class=\"ez-toc-section\" id=\"4_Changer_la_ville_pour_changer_la_vie_21_mai_2016_%E2%80%93_14h_30\"><\/span>4.\u00a0\u00a0 \u00a0Changer la ville pour changer la vie ? (21 mai 2016 \u2013 14h 30)<span class=\"ez-toc-section-end\"><\/span><\/h2>\n<p>Dix ans apr\u00e8s les \u00e9meutes urbaines, la banlieue reste un sujet \u00e0 risque pour les politiques. Les fractures raciales, sociales et territoriales ne cessent de se creuser sans que les r\u00e9novations urbaines successives ne parviennent \u00e0 les r\u00e9sorber. La forme de la ville change, certes, mais la pauvret\u00e9 des populations demeure tout comme le sentiment d\u2019abandon et de stigmatisation dont elles font l\u2019objet.<br \/>\nAvec Hac\u00e8ne BELMESSOUS, chercheur ind\u00e9pendant et essayiste, auteur de plusieurs ouvrages sur les questions urbaines dont r\u00e9cemment \u00ab Le Grand Paris du s\u00e9paratisme social \u00bb (Post Editions, 2015).<\/p>\n<h2><span class=\"ez-toc-section\" id=\"5_Trajectoires_revolutionnaires_18_juin_2016_%E2%80%93_14h_30\"><\/span>5.\u00a0\u00a0 \u00a0Trajectoires r\u00e9volutionnaires (18 juin 2016 \u2013 14h 30)<span class=\"ez-toc-section-end\"><\/span><\/h2>\n<p>Squatteurs, zadistes, gr\u00e9vistes, hackeurs\u2026 exp\u00e9rimentent aujourd\u2019hui \u00e0 la marge des institutions de nouvelles constructions sociales plus humaines, solidaires et collectives. Comment interpr\u00e9ter le foisonnement de ces r\u00e9volutions sinon comme le signe d\u2019imaginaires politiques nouveaux en ces temps de crises o\u00f9 nous en aurions grandement besoin. Rencontre avec celles et ceux qui ont fait de l\u2019engagement politique un principe de vie.<br \/>\nAvec le Collectif Mauvaise Troupe, auteurs de \u00ab Constellations : trajectoires r\u00e9volutionnaires du jeune XXIe si\u00e8cle \u00bb (L\u2019Eclat, 2014).<\/p>\n<h2><span class=\"ez-toc-section\" id=\"Organisation\"><\/span>Organisation<span class=\"ez-toc-section-end\"><\/span><\/h2>\n<p><a href=\"http:\/\/learningcenters.nordpasdecalais.fr\/ville-durable\/fr\" target=\"_blank\">Learning center de la Halle aux sucres<\/a> est un \u00e9quipement de la Communaut\u00e9 Urbaine de Dunkerque et qui s\u2019inscrit dans le r\u00e9seau r\u00e9gional des Learning Centers du Nord-Pas de Calais. Il est le point central du projet de cr\u00e9ation d\u2019un p\u00f4le de ressources et d\u2019expertises enti\u00e8rement d\u00e9di\u00e9 \u00e0 l\u2019\u00e9cologie des villes et des territoires urbanis\u00e9s. Organis\u00e9 autour d\u2019espaces de mus\u00e9ographie, d\u2019un centre de ressources et d\u2019une programmation scientifique et culturelle,<\/p>\n<p>Coordination scientifique<br \/>\nRichard Pereira de Moura<br \/>\n03.28.29.40.97<br \/>\nrichard.pereira@cud.fr<\/p>\n<h2><span class=\"ez-toc-section\" id=\"Lieu\"><\/span>Lieu<span class=\"ez-toc-section-end\"><\/span><\/h2>\n<p>Halle aux sucres<a href=\"https:\/\/recherche-action.fr\/hugues-bazin\/wp-content\/uploads\/sites\/2\/2016\/05\/hallesauxsucres.jpg\"><img decoding=\"async\" class=\"alignright size-full wp-image-1285\" src=\"https:\/\/recherche-action.fr\/hugues-bazin\/wp-content\/uploads\/sites\/2\/2016\/05\/hallesauxsucres.jpg\" alt=\"hallesauxsucres\" width=\"203\" height=\"136\" \/><\/a><br \/>\n9003, Route du quai Freycinet 3<br \/>\n59140 Dunkerque<br \/>\nEntr\u00e9e et activit\u00e9s gratuites (dans la limite des places disponibles)<br \/>\nRenseignements au 03.28.64.60.49<br \/>\nhttp:\/\/halleauxsucres.fr\/<\/p>\n","protected":false},"excerpt":{"rendered":"<p>A une \u00e9poque o\u00f9 la politique n\u2019a plus bonne presse, o\u00f9 la d\u00e9fiance a pris le pas sur la confiance et o\u00f9 le divorce entre la soci\u00e9t\u00e9 et la classe politique est consomm\u00e9, il est urgent de d\u00e9gager des pistes de renouvellement des exp\u00e9riences d\u00e9mocratiques au sein de nos territoires. D\u00e9mocratie, &hellip; <\/p>\n","protected":false},"author":1,"featured_media":1283,"comment_status":"open","ping_status":"open","sticky":false,"template":"","format":"standard","meta":{"h5ap_radio_sources":[],"jetpack_post_was_ever_published":false,"_jetpack_newsletter_access":"","_jetpack_dont_email_post_to_subs":false,"_jetpack_newsletter_tier_id":0,"_jetpack_memberships_contains_paywalled_content":false,"_jetpack_memberships_contains_paid_content":false,"footnotes":"","jetpack_publicize_message":"","jetpack_publicize_feature_enabled":true,"jetpack_social_post_already_shared":true,"jetpack_social_options":{"image_generator_settings":{"template":"highway","default_image_id":0,"font":"","enabled":false},"version":2},"_links_to":"","_links_to_target":""},"categories":[3],"tags":[28,32,39,43,57,76,78,92],"class_list":["post-1240","post","type-post","status-publish","format-standard","has-post-thumbnail","hentry","category-intervention","tag-culture-populaire","tag-developpement-social","tag-education-populaire","tag-experimenation-sociale","tag-laboratoire-social","tag-rap","tag-recherche-action","tag-transmission"],"jetpack_publicize_connections":[],"jetpack_featured_media_url":"https:\/\/recherche-action.fr\/hugues-bazin\/wp-content\/uploads\/sites\/2\/2016\/05\/Capture.jpg","jetpack_sharing_enabled":true,"jetpack_shortlink":"https:\/\/wp.me\/p2QGRI-k0","post_mailing_queue_ids":[],"_links":{"self":[{"href":"https:\/\/recherche-action.fr\/hugues-bazin\/wp-json\/wp\/v2\/posts\/1240","targetHints":{"allow":["GET"]}}],"collection":[{"href":"https:\/\/recherche-action.fr\/hugues-bazin\/wp-json\/wp\/v2\/posts"}],"about":[{"href":"https:\/\/recherche-action.fr\/hugues-bazin\/wp-json\/wp\/v2\/types\/post"}],"author":[{"embeddable":true,"href":"https:\/\/recherche-action.fr\/hugues-bazin\/wp-json\/wp\/v2\/users\/1"}],"replies":[{"embeddable":true,"href":"https:\/\/recherche-action.fr\/hugues-bazin\/wp-json\/wp\/v2\/comments?post=1240"}],"version-history":[{"count":2,"href":"https:\/\/recherche-action.fr\/hugues-bazin\/wp-json\/wp\/v2\/posts\/1240\/revisions"}],"predecessor-version":[{"id":1302,"href":"https:\/\/recherche-action.fr\/hugues-bazin\/wp-json\/wp\/v2\/posts\/1240\/revisions\/1302"}],"wp:featuredmedia":[{"embeddable":true,"href":"https:\/\/recherche-action.fr\/hugues-bazin\/wp-json\/wp\/v2\/media\/1283"}],"wp:attachment":[{"href":"https:\/\/recherche-action.fr\/hugues-bazin\/wp-json\/wp\/v2\/media?parent=1240"}],"wp:term":[{"taxonomy":"category","embeddable":true,"href":"https:\/\/recherche-action.fr\/hugues-bazin\/wp-json\/wp\/v2\/categories?post=1240"},{"taxonomy":"post_tag","embeddable":true,"href":"https:\/\/recherche-action.fr\/hugues-bazin\/wp-json\/wp\/v2\/tags?post=1240"}],"curies":[{"name":"wp","href":"https:\/\/api.w.org\/{rel}","templated":true}]}}