{"id":13,"date":"2012-12-10T21:02:06","date_gmt":"2012-12-10T20:02:06","guid":{"rendered":"http:\/\/recherche-action.fr\/hugues-bazin\/2012\/04\/30\/atlas-artistique-et-culturel-des-centres-sociaux-de-gironde-bordeaux-33\/"},"modified":"2012-12-10T21:02:06","modified_gmt":"2012-12-10T20:02:06","slug":"atlas-artistique-et-culturel-des-centres-sociaux-de-gironde-bordeaux-33","status":"publish","type":"post","link":"https:\/\/recherche-action.fr\/hugues-bazin\/2012\/12\/10\/atlas-artistique-et-culturel-des-centres-sociaux-de-gironde-bordeaux-33\/","title":{"rendered":"Atlas artistique et culturel des centres sociaux de gironde (Bordeaux \u2013 33)"},"content":{"rendered":"<p>La F\u00e9d\u00e9ration des Centres Sociaux et Socioculturels de la Gironde a engag\u00e9 une r\u00e9flexion et une dynamique d\u2019\u00e9changes depuis 2005, qui, \u00e0 leur terme, doivent aboutir \u00e0 la cr\u00e9ation d\u2019un Atlas recensant les pratiques, les projets, les exp\u00e9riences et les savoir-\u00ad\u2010faire du r\u00e9seau f\u00e9d\u00e9ral en mati\u00e8re d\u2019action artistique et culturelle.<br \/>\nL\u2019objectif de cette d\u00e9marche est de rendre visible, de capitaliser et de valoriser \u00ab l\u2019agir\u00bb singulier des centres sociaux en tant qu\u2019espaces de rencontres, de cr\u00e9ation et de co\u2010\u2013production artistiques, culturelles et sociales, \u00e0 partir de leurs contextes, de leur(s) territoire(s) d\u2019action.<br \/>\nPour r\u00e9aliser cet Atlas, une d\u00e9marche de travail au long cours a \u00e9t\u00e9 men\u00e9e par l\u2019association Bruit du Frigo, en coop\u00e9ration avec la F\u00e9d\u00e9ration et avec les \u00e9quipes salari\u00e9es et b\u00e9n\u00e9voles des centres du r\u00e9seau.<\/p>\n<h3>Bouillon de culture(s) et art(s) de faire \u2013 (09h30-17h30) \u2013 11 Juin 2012<\/h3>\n<p>C\u2019est s\u2019interroger sur le choix des adjectifs social et culturel pour qualifier les centres puis sur le \u00abet de liaison\u00bb entre les deux : sur l\u2019espace qu\u2019il cr\u00e9\u00e9e.<br \/>\nEst-\u00ad\u2010ce qu\u2019un centre social c\u2019est un lieu culturel \u00ab comme les autres \u00bb ou un lieu de culture(s) avant tout ? Est-\u00ad\u2010ce qu\u2019un centre social est un espace de croisements \u00e0 part enti\u00e8re, un espace sp\u00e9cifique de \u00ab fabrique \u00bb, de \u00ab faire avec les autres \u00bb ?<br \/>\nEt les artistes, comment peuvent -\u00ad\u2010ils interagir dans \u00ab ces espaces \u00bb du centre : l\u2019espace du lien et de la rencontre avec les habitants, mais aussi l\u2019espace physique et public qu\u2019occupe le centre dans son environnement imm\u00e9diat ?<br \/>\nC\u2019est se demander, \u00e9galement, \u00ab ce qui fait culture \u00bb pour les centres sociaux (jardiner, cuisiner, habiter\u2026 \u00abfa\u00e7on \u00bb Michel de Certeau ?) et au-\u00ad\u2010del\u00e0 du concept, se demander ce que le terme de diversit\u00e9 culturelle peut signifier et repr\u00e9senter.<\/p>\n","protected":false},"excerpt":{"rendered":"<p>La F\u00e9d\u00e9ration des Centres Sociaux et Socioculturels de la Gironde a engag\u00e9 une r\u00e9flexion et une dynamique d\u2019\u00e9changes depuis 2005, qui, \u00e0 leur terme, doivent aboutir \u00e0 la cr\u00e9ation d\u2019un Atlas recensant les pratiques, les projets, les exp\u00e9riences et les savoir-\u00ad\u2010faire du r\u00e9seau f\u00e9d\u00e9ral en mati\u00e8re d\u2019action artistique et culturelle. L\u2019objectif de cette d\u00e9marche est [&#8230;]<\/p>\n","protected":false},"author":1,"featured_media":207,"comment_status":"open","ping_status":"open","sticky":false,"template":"","format":"standard","meta":{"h5ap_radio_sources":[],"jetpack_post_was_ever_published":false,"_jetpack_newsletter_access":"","_jetpack_dont_email_post_to_subs":false,"_jetpack_newsletter_tier_id":0,"_jetpack_memberships_contains_paywalled_content":false,"_jetpack_memberships_contains_paid_content":false,"footnotes":"","jetpack_publicize_message":"","jetpack_publicize_feature_enabled":true,"jetpack_social_post_already_shared":false,"jetpack_social_options":{"image_generator_settings":{"template":"highway","default_image_id":0,"font":"","enabled":false},"version":2},"_links_to":"","_links_to_target":""},"categories":[3],"tags":[22,23,33,87],"class_list":["post-13","post","type-post","status-publish","format-standard","has-post-thumbnail","hentry","category-intervention","tag-centre","tag-centres-sociaux","tag-diversite-culturelle","tag-territoire"],"jetpack_publicize_connections":[],"jetpack_featured_media_url":"","jetpack_sharing_enabled":true,"jetpack_shortlink":"https:\/\/wp.me\/p2QGRI-d","post_mailing_queue_ids":[],"_links":{"self":[{"href":"https:\/\/recherche-action.fr\/hugues-bazin\/wp-json\/wp\/v2\/posts\/13","targetHints":{"allow":["GET"]}}],"collection":[{"href":"https:\/\/recherche-action.fr\/hugues-bazin\/wp-json\/wp\/v2\/posts"}],"about":[{"href":"https:\/\/recherche-action.fr\/hugues-bazin\/wp-json\/wp\/v2\/types\/post"}],"author":[{"embeddable":true,"href":"https:\/\/recherche-action.fr\/hugues-bazin\/wp-json\/wp\/v2\/users\/1"}],"replies":[{"embeddable":true,"href":"https:\/\/recherche-action.fr\/hugues-bazin\/wp-json\/wp\/v2\/comments?post=13"}],"version-history":[{"count":0,"href":"https:\/\/recherche-action.fr\/hugues-bazin\/wp-json\/wp\/v2\/posts\/13\/revisions"}],"wp:featuredmedia":[{"embeddable":true,"href":"https:\/\/recherche-action.fr\/hugues-bazin\/wp-json\/"}],"wp:attachment":[{"href":"https:\/\/recherche-action.fr\/hugues-bazin\/wp-json\/wp\/v2\/media?parent=13"}],"wp:term":[{"taxonomy":"category","embeddable":true,"href":"https:\/\/recherche-action.fr\/hugues-bazin\/wp-json\/wp\/v2\/categories?post=13"},{"taxonomy":"post_tag","embeddable":true,"href":"https:\/\/recherche-action.fr\/hugues-bazin\/wp-json\/wp\/v2\/tags?post=13"}],"curies":[{"name":"wp","href":"https:\/\/api.w.org\/{rel}","templated":true}]}}