{"id":1571,"date":"2016-06-20T18:52:44","date_gmt":"2016-06-20T16:52:44","guid":{"rendered":"http:\/\/recherche-action.fr\/hugues-bazin\/?p=1571"},"modified":"2016-06-20T18:52:44","modified_gmt":"2016-06-20T16:52:44","slug":"biffins-glaneurs-collecteurs-quelle-place-pour-le-secteur-informel-dans-la-gestion-des-dechets","status":"publish","type":"post","link":"https:\/\/recherche-action.fr\/hugues-bazin\/2016\/06\/20\/biffins-glaneurs-collecteurs-quelle-place-pour-le-secteur-informel-dans-la-gestion-des-dechets\/","title":{"rendered":"Biffins, glaneurs, collecteurs &#8230; quelle place pour le secteur informel dans la gestion des d\u00e9chets"},"content":{"rendered":"<div id=\"ez-toc-container\" class=\"ez-toc-v2_0_82_2 counter-hierarchy ez-toc-counter ez-toc-transparent ez-toc-container-direction\">\n<div class=\"ez-toc-title-container\">\n<p class=\"ez-toc-title\" style=\"cursor:inherit\">Sommaire<\/p>\n<span class=\"ez-toc-title-toggle\"><\/span><\/div>\n<nav><ul class='ez-toc-list ez-toc-list-level-1 ' ><li class='ez-toc-page-1 ez-toc-heading-level-2'><a class=\"ez-toc-link ez-toc-heading-1\" href=\"https:\/\/recherche-action.fr\/hugues-bazin\/2016\/06\/20\/biffins-glaneurs-collecteurs-quelle-place-pour-le-secteur-informel-dans-la-gestion-des-dechets\/#Biffins_glaneurs_collecteurs_%E2%80%A6_quelle_place_pour_le_secteur_informel_dans_la_gestion_des_dechets\" >Biffins, glaneurs, collecteurs &#8230; quelle place pour le secteur informel dans la gestion des d\u00e9chets<\/a><\/li><li class='ez-toc-page-1 ez-toc-heading-level-2'><a class=\"ez-toc-link ez-toc-heading-2\" href=\"https:\/\/recherche-action.fr\/hugues-bazin\/2016\/06\/20\/biffins-glaneurs-collecteurs-quelle-place-pour-le-secteur-informel-dans-la-gestion-des-dechets\/#Projection-debat_les_biffins_dici_et_dailleurs\" >Projection-d\u00e9bat : les biffins d&rsquo;ici et d&rsquo;ailleurs<\/a><\/li><\/ul><\/nav><\/div>\n<p style=\"text-align: center;\">Dans la cadre de la premi\u00e8re \u00e9dition du <a href=\"http:\/\/www.festival.zerowastefrance.org\/\" target=\"_blank\">festival zerowaste France<\/a><\/p>\n<h2 style=\"text-align: center;\"><span class=\"ez-toc-section\" id=\"Biffins_glaneurs_collecteurs_%E2%80%A6_quelle_place_pour_le_secteur_informel_dans_la_gestion_des_dechets\"><\/span>Biffins, glaneurs, collecteurs &#8230; quelle place pour le secteur informel dans la gestion des d\u00e9chets<span class=\"ez-toc-section-end\"><\/span><\/h2>\n<p style=\"text-align: center;\"><a href=\"http:\/\/festivalzerowaste2016.sched.org\/event\/70jU\/biffins-glaneurs-collecteurs-quelle-place-pour-le-secteur-informel-dans-la-gestion-des-dechets?iframe=no\" target=\"_blank\">Vendredi 1er Juillet 2016 de 10h30 \u00e0 11h45<\/a> <a href=\"http:\/\/recherche-action.fr\/ruesmarchandes\/wp-content\/uploads\/sites\/5\/2016\/06\/zerowastefrance.jpg\"><img fetchpriority=\"high\" decoding=\"async\" class=\"alignright size-medium wp-image-690\" src=\"http:\/\/recherche-action.fr\/ruesmarchandes\/wp-content\/uploads\/sites\/5\/2016\/06\/zerowastefrance-300x229.jpg\" alt=\"zerowastefrance\" width=\"300\" height=\"229\" \/><\/a><\/p>\n<p style=\"text-align: center;\">P\u00e9niche &#8211; Salle de projection Amarr\u00e9e \u00e0 l&rsquo;ext\u00e9rieur du Cabaret Sauvage, Parc de la Villette, Paris 19e<\/p>\n<p>Regards crois\u00e9s de diff\u00e9rents acteurs (gl\u00e2neurs, biffins, chercheurs, collectivit\u00e9s) sur la place du secteur informel dans la gestion des d\u00e9chets. Comment int\u00e9grer ou non ces acteurs au syst\u00e8me et pour quels b\u00e9n\u00e9fices ?<\/p>\n<p>Intervenants :<\/p>\n<ul>\n<li>Hugues Bazin, <a href=\"http:\/\/recherche-action.fr\/labo-social\/\" target=\"_blank\">laboratoires d&rsquo;Innovation Sociale par la Recherche-Action<\/a>, collectif <a href=\"http:\/\/recherche-action.fr\/ruesmarchandes\/\" target=\"_blank\">Rues Marchandes<\/a><\/li>\n<li>Adeline Gerristen de l&rsquo;association <a href=\"http:\/\/www.oseonline.fr\/\">OSE (Organe de Sauvetage Ecologique)<\/a><\/li>\n<li>Samuel Lecoeur, de l&rsquo;association <a href=\"http:\/\/amelior.canalblog.com\">AMELIOR<\/a><\/li>\n<li>Ambroise Lesage, de Poubelles en (N)or(d)<\/li>\n<\/ul>\n<div>\n<div>\n<div>\n<div>\n<div>\n<div><\/div>\n<p>Parmi les th\u00e9matiques abord\u00e9es :<\/p>\n<\/div>\n<ul>\n<li>De la s\u00e9curit\u00e9 (contamination, danger de fouiller dans les poubelles, lieux de collecte \u00e0 risque, risque de blessures, ins\u00e9curit\u00e9s li\u00e9es \u00e0 la pr\u00e9carit\u00e9 etc.<\/li>\n<li>Insertion par le travail, insertion par le nettoyage, insertion \u00e0 la fois en termes culturels (migrants) mais aussi en termes de travail (reconnu ou non)<\/li>\n<li>Quel travail avec la ville ? (march\u00e9 des biffins ? quelles fins de march\u00e9 ? quelles relations sur la fouille des poubelles ? (Biffe); que faire des d\u00e9chets collect\u00e9s ? Quelles relations sur la r\u00e9cup\u00e9ration d&rsquo;invendus ?<\/li>\n<li>Quels sont les freins observ\u00e9s ? les revendications ?<\/li>\n<\/ul>\n<p>&nbsp;<\/p>\n<\/div>\n<\/div>\n<\/div>\n<h2 style=\"text-align: center;\"><span class=\"ez-toc-section\" id=\"Projection-debat_les_biffins_dici_et_dailleurs\"><\/span>Projection-d\u00e9bat : les biffins d&rsquo;ici et d&rsquo;ailleurs<span class=\"ez-toc-section-end\"><\/span><\/h2>\n<p style=\"text-align: center;\"><a href=\"http:\/\/festivalzerowaste2016.sched.org\/event\/70lk\/projection-debat-les-biffins-dici-et-dailleurs\">Samedi 2 juillet 2016 de 14h \u00e0 15h30<\/a><\/p>\n<p style=\"text-align: center;\">P\u00e9niche &#8211; Salle de projection Amarr\u00e9e \u00e0 l&rsquo;ext\u00e9rieur du Cabaret Sauvage, Parc de la Villette, Paris 19e<\/p>\n<\/div>\n<div>Projection de court-m\u00e9trages de pr\u00e9sentation du travail et des combats de biffins \u00e0 Paris et \u00e0 Bogota suivie d&rsquo;un d\u00e9bat en pr\u00e9sence d&rsquo;une g\u00e9ographe, de repr\u00e9sentants d&rsquo;associations de biffins et de biffins eux-m\u00eames.<\/div>\n<div><\/div>\n<div>Intervenants :<\/div>\n<ul>\n<li>Samuel Le Coeur, Pr\u00e9sident et Co-fondateur, AMELIOR (Association des March\u00e9s Economiques Locaux Individuels et Organis\u00e9s du Recyclage)<\/li>\n<li>B\u00e9n\u00e9dicte Florin, Ma\u00eetre de conf\u00e9rences en g\u00e9ographie humaine, urbaine, r\u00e9gionale et en g\u00e9ographie du monde arabe \u00e0 l&rsquo;Universit\u00e9 de Tours<\/li>\n<\/ul>\n<div><a href=\"http:\/\/recherche-action.fr\/ruesmarchandes\/wp-content\/uploads\/sites\/5\/2016\/06\/vilette.jpg\"><img decoding=\"async\" class=\"aligncenter wp-image-692 size-full\" src=\"http:\/\/recherche-action.fr\/ruesmarchandes\/wp-content\/uploads\/sites\/5\/2016\/06\/vilette.jpg\" alt=\"vilette\" width=\"600\" height=\"783\" \/><\/a><\/div>\n","protected":false},"excerpt":{"rendered":"<p>Dans la cadre de la premi\u00e8re \u00e9dition du festival zerowaste France Biffins, glaneurs, collecteurs &#8230; quelle place pour le secteur informel dans la gestion des d\u00e9chets Vendredi 1er Juillet 2016 de 10h30 \u00e0 11h45 P\u00e9niche &#8211; Salle de projection Amarr\u00e9e \u00e0 l&rsquo;ext\u00e9rieur du Cabaret Sauvage, Parc de la Villette, Paris 19e &hellip; <\/p>\n","protected":false},"author":1,"featured_media":1572,"comment_status":"open","ping_status":"open","sticky":false,"template":"","format":"standard","meta":{"h5ap_radio_sources":[],"jetpack_post_was_ever_published":false,"_jetpack_newsletter_access":"","_jetpack_dont_email_post_to_subs":false,"_jetpack_newsletter_tier_id":0,"_jetpack_memberships_contains_paywalled_content":false,"_jetpack_memberships_contains_paid_content":false,"footnotes":"","jetpack_publicize_message":"","jetpack_publicize_feature_enabled":true,"jetpack_social_post_already_shared":true,"jetpack_social_options":{"image_generator_settings":{"template":"highway","default_image_id":0,"font":"","enabled":false},"version":2},"_links_to":"","_links_to_target":""},"categories":[3],"tags":[18,19,24,25,32,35,37,43,52,53,78,95],"class_list":["post-1571","post","type-post","status-publish","format-standard","has-post-thumbnail","hentry","category-intervention","tag-biens-communs-espace-public","tag-biffins","tag-circuit-court","tag-citoyennete","tag-developpement-social","tag-ecologie","tag-economie-sociale","tag-experimenation-sociale","tag-ile-de-france","tag-innovation-sociale","tag-recherche-action","tag-ville"],"jetpack_publicize_connections":[],"jetpack_featured_media_url":"https:\/\/recherche-action.fr\/hugues-bazin\/wp-content\/uploads\/sites\/2\/2016\/06\/zerowastefrance.jpg","jetpack_sharing_enabled":true,"jetpack_shortlink":"https:\/\/wp.me\/p2QGRI-pl","post_mailing_queue_ids":[],"_links":{"self":[{"href":"https:\/\/recherche-action.fr\/hugues-bazin\/wp-json\/wp\/v2\/posts\/1571","targetHints":{"allow":["GET"]}}],"collection":[{"href":"https:\/\/recherche-action.fr\/hugues-bazin\/wp-json\/wp\/v2\/posts"}],"about":[{"href":"https:\/\/recherche-action.fr\/hugues-bazin\/wp-json\/wp\/v2\/types\/post"}],"author":[{"embeddable":true,"href":"https:\/\/recherche-action.fr\/hugues-bazin\/wp-json\/wp\/v2\/users\/1"}],"replies":[{"embeddable":true,"href":"https:\/\/recherche-action.fr\/hugues-bazin\/wp-json\/wp\/v2\/comments?post=1571"}],"version-history":[{"count":1,"href":"https:\/\/recherche-action.fr\/hugues-bazin\/wp-json\/wp\/v2\/posts\/1571\/revisions"}],"predecessor-version":[{"id":1573,"href":"https:\/\/recherche-action.fr\/hugues-bazin\/wp-json\/wp\/v2\/posts\/1571\/revisions\/1573"}],"wp:featuredmedia":[{"embeddable":true,"href":"https:\/\/recherche-action.fr\/hugues-bazin\/wp-json\/wp\/v2\/media\/1572"}],"wp:attachment":[{"href":"https:\/\/recherche-action.fr\/hugues-bazin\/wp-json\/wp\/v2\/media?parent=1571"}],"wp:term":[{"taxonomy":"category","embeddable":true,"href":"https:\/\/recherche-action.fr\/hugues-bazin\/wp-json\/wp\/v2\/categories?post=1571"},{"taxonomy":"post_tag","embeddable":true,"href":"https:\/\/recherche-action.fr\/hugues-bazin\/wp-json\/wp\/v2\/tags?post=1571"}],"curies":[{"name":"wp","href":"https:\/\/api.w.org\/{rel}","templated":true}]}}