{"id":1576,"date":"2016-07-11T22:38:00","date_gmt":"2016-07-11T20:38:00","guid":{"rendered":"http:\/\/recherche-action.fr\/hugues-bazin\/?p=1576"},"modified":"2016-07-13T01:26:33","modified_gmt":"2016-07-12T23:26:33","slug":"notre-dames-des-landes-lingouvernable","status":"publish","type":"post","link":"https:\/\/recherche-action.fr\/hugues-bazin\/2016\/07\/11\/notre-dames-des-landes-lingouvernable\/","title":{"rendered":"Notre-Dame des Landes l&rsquo;ingouvernable"},"content":{"rendered":"<p>Les \u00ab semailles de la d\u00e9mocratie \u00bb \u00e9taient l\u2019intitul\u00e9 des deux <a href=\"http:\/\/www.notredamedeslandes2016.org\/\" target=\"_blank\">journ\u00e9es de forums-d\u00e9bats concerts<\/a> du rassemblement annuel \u00e0 Notre-Dame des Landes, 9-10 juillet 2016.<\/p>\n<p><a href=\"https:\/\/recherche-action.fr\/hugues-bazin\/wp-content\/uploads\/sites\/2\/2016\/07\/160710_ndl_2.jpg\"><img fetchpriority=\"high\" decoding=\"async\" class=\"alignnone wp-image-1578 size-full\" src=\"https:\/\/recherche-action.fr\/hugues-bazin\/wp-content\/uploads\/sites\/2\/2016\/07\/160710_ndl_2.jpg\" alt=\"160710_ndl_2\" width=\"1000\" height=\"667\" srcset=\"https:\/\/recherche-action.fr\/hugues-bazin\/wp-content\/uploads\/sites\/2\/2016\/07\/160710_ndl_2.jpg 1000w, https:\/\/recherche-action.fr\/hugues-bazin\/wp-content\/uploads\/sites\/2\/2016\/07\/160710_ndl_2-300x200.jpg 300w, https:\/\/recherche-action.fr\/hugues-bazin\/wp-content\/uploads\/sites\/2\/2016\/07\/160710_ndl_2-768x512.jpg 768w, https:\/\/recherche-action.fr\/hugues-bazin\/wp-content\/uploads\/sites\/2\/2016\/07\/160710_ndl_2-720x480.jpg 720w\" sizes=\"(max-width: 1000px) 100vw, 1000px\" \/><\/a><\/p>\n<p>\u00ab\u00a0Non \u00e0 l&rsquo;a\u00e9roport, Le ciel nous appartient !\u00a0\u00bb, l\u00e2cher de lanternes en hommage \u00e0 R\u00e9mi Fraisse, 21 ans, tu\u00e9 dans la nuit du 25 au 26 octobre 2014 par un gendarme, \u00e0 Sivens.<a href=\"https:\/\/recherche-action.fr\/hugues-bazin\/wp-content\/uploads\/sites\/2\/2016\/07\/160710_ndl_10.jpg\"><img decoding=\"async\" class=\"aligncenter size-full wp-image-1589\" src=\"https:\/\/recherche-action.fr\/hugues-bazin\/wp-content\/uploads\/sites\/2\/2016\/07\/160710_ndl_10.jpg\" alt=\"160710_ndl_10\" width=\"1000\" height=\"667\" srcset=\"https:\/\/recherche-action.fr\/hugues-bazin\/wp-content\/uploads\/sites\/2\/2016\/07\/160710_ndl_10.jpg 1000w, https:\/\/recherche-action.fr\/hugues-bazin\/wp-content\/uploads\/sites\/2\/2016\/07\/160710_ndl_10-300x200.jpg 300w, https:\/\/recherche-action.fr\/hugues-bazin\/wp-content\/uploads\/sites\/2\/2016\/07\/160710_ndl_10-768x512.jpg 768w, https:\/\/recherche-action.fr\/hugues-bazin\/wp-content\/uploads\/sites\/2\/2016\/07\/160710_ndl_10-720x480.jpg 720w\" sizes=\"(max-width: 1000px) 100vw, 1000px\" \/><\/a>D\u00e9j\u00e0 la convivialit\u00e9 et l\u2019hospitalit\u00e9 d\u2019un territoire autonome en d\u00e9mocratie r\u00e9elle, le plaisir de venir \u00e0 un rassemblement sans contr\u00f4le hormis l\u2019aimable survol d\u2019un h\u00e9licopt\u00e8re de la gendarmerie.<\/p>\n<p><a href=\"https:\/\/recherche-action.fr\/hugues-bazin\/wp-content\/uploads\/sites\/2\/2016\/07\/160710_ndl_9.jpg\"><img decoding=\"async\" class=\"aligncenter size-full wp-image-1588\" src=\"https:\/\/recherche-action.fr\/hugues-bazin\/wp-content\/uploads\/sites\/2\/2016\/07\/160710_ndl_9.jpg\" alt=\"160710_ndl_9\" width=\"1000\" height=\"667\" srcset=\"https:\/\/recherche-action.fr\/hugues-bazin\/wp-content\/uploads\/sites\/2\/2016\/07\/160710_ndl_9.jpg 1000w, https:\/\/recherche-action.fr\/hugues-bazin\/wp-content\/uploads\/sites\/2\/2016\/07\/160710_ndl_9-300x200.jpg 300w, https:\/\/recherche-action.fr\/hugues-bazin\/wp-content\/uploads\/sites\/2\/2016\/07\/160710_ndl_9-768x512.jpg 768w, https:\/\/recherche-action.fr\/hugues-bazin\/wp-content\/uploads\/sites\/2\/2016\/07\/160710_ndl_9-720x480.jpg 720w\" sizes=\"(max-width: 1000px) 100vw, 1000px\" \/><\/a>Le \u00ab oui \u00bb \u00e0 la pseudo consultation d\u00e9partementale n\u2019a pas entam\u00e9 les convictions, sans doute renforc\u00e9es par l\u2019apport des troupes bless\u00e9es mais d\u00e9termin\u00e9es form\u00e9es aux luttes contre la loi travail et confront\u00e9es \u00e0 un arbitraire de m\u00eame nature, celui du 49.3<\/p>\n<p><a href=\"https:\/\/recherche-action.fr\/hugues-bazin\/wp-content\/uploads\/sites\/2\/2016\/07\/160710_ndl_4.jpg\"><img loading=\"lazy\" decoding=\"async\" class=\"aligncenter wp-image-1580 size-full\" src=\"https:\/\/recherche-action.fr\/hugues-bazin\/wp-content\/uploads\/sites\/2\/2016\/07\/160710_ndl_4.jpg\" alt=\"160710_ndl_4\" width=\"1000\" height=\"667\" srcset=\"https:\/\/recherche-action.fr\/hugues-bazin\/wp-content\/uploads\/sites\/2\/2016\/07\/160710_ndl_4.jpg 1000w, https:\/\/recherche-action.fr\/hugues-bazin\/wp-content\/uploads\/sites\/2\/2016\/07\/160710_ndl_4-300x200.jpg 300w, https:\/\/recherche-action.fr\/hugues-bazin\/wp-content\/uploads\/sites\/2\/2016\/07\/160710_ndl_4-768x512.jpg 768w, https:\/\/recherche-action.fr\/hugues-bazin\/wp-content\/uploads\/sites\/2\/2016\/07\/160710_ndl_4-720x480.jpg 720w\" sizes=\"(max-width: 1000px) 100vw, 1000px\" \/><\/a>Beaucoup de monde, beaucoup d\u2019id\u00e9es dans les forums et de paroles tendues sur la corde raide des chapiteaux.<\/p>\n<p><a href=\"https:\/\/recherche-action.fr\/hugues-bazin\/wp-content\/uploads\/sites\/2\/2016\/07\/160710_ndl_8.jpg\"><img loading=\"lazy\" decoding=\"async\" class=\"aligncenter size-full wp-image-1587\" src=\"https:\/\/recherche-action.fr\/hugues-bazin\/wp-content\/uploads\/sites\/2\/2016\/07\/160710_ndl_8.jpg\" alt=\"160710_ndl_8\" width=\"1000\" height=\"667\" srcset=\"https:\/\/recherche-action.fr\/hugues-bazin\/wp-content\/uploads\/sites\/2\/2016\/07\/160710_ndl_8.jpg 1000w, https:\/\/recherche-action.fr\/hugues-bazin\/wp-content\/uploads\/sites\/2\/2016\/07\/160710_ndl_8-300x200.jpg 300w, https:\/\/recherche-action.fr\/hugues-bazin\/wp-content\/uploads\/sites\/2\/2016\/07\/160710_ndl_8-768x512.jpg 768w, https:\/\/recherche-action.fr\/hugues-bazin\/wp-content\/uploads\/sites\/2\/2016\/07\/160710_ndl_8-720x480.jpg 720w\" sizes=\"(max-width: 1000px) 100vw, 1000px\" \/><\/a>Le sentiment qu\u2019ici les bribes d\u2019exp\u00e9riences et de luttes apparemment \u00e9parpill\u00e9es participent sans l\u2019obligation de la convergence d\u2019un m\u00eame r\u00e9cit collectif.<\/p>\n<p><a href=\"https:\/\/recherche-action.fr\/hugues-bazin\/wp-content\/uploads\/sites\/2\/2016\/07\/160710_ndl_3.jpg\"><img loading=\"lazy\" decoding=\"async\" class=\"aligncenter wp-image-1579 size-full\" src=\"https:\/\/recherche-action.fr\/hugues-bazin\/wp-content\/uploads\/sites\/2\/2016\/07\/160710_ndl_3.jpg\" alt=\"160710_ndl_3\" width=\"1000\" height=\"667\" srcset=\"https:\/\/recherche-action.fr\/hugues-bazin\/wp-content\/uploads\/sites\/2\/2016\/07\/160710_ndl_3.jpg 1000w, https:\/\/recherche-action.fr\/hugues-bazin\/wp-content\/uploads\/sites\/2\/2016\/07\/160710_ndl_3-300x200.jpg 300w, https:\/\/recherche-action.fr\/hugues-bazin\/wp-content\/uploads\/sites\/2\/2016\/07\/160710_ndl_3-768x512.jpg 768w, https:\/\/recherche-action.fr\/hugues-bazin\/wp-content\/uploads\/sites\/2\/2016\/07\/160710_ndl_3-720x480.jpg 720w\" sizes=\"(max-width: 1000px) 100vw, 1000px\" \/><\/a>C\u2019est quelque chose qui s\u2019\u00e9crit, dont les auteurs anonymes deviennent les acteurs historiques d\u2019un retournement du pouvoir et de ses appareils.<a href=\"https:\/\/recherche-action.fr\/hugues-bazin\/wp-content\/uploads\/sites\/2\/2016\/07\/160710_ndl_1.jpg\"><img loading=\"lazy\" decoding=\"async\" class=\"aligncenter wp-image-1577 size-full\" src=\"https:\/\/recherche-action.fr\/hugues-bazin\/wp-content\/uploads\/sites\/2\/2016\/07\/160710_ndl_1.jpg\" alt=\"160710_ndl_1\" width=\"1000\" height=\"357\" srcset=\"https:\/\/recherche-action.fr\/hugues-bazin\/wp-content\/uploads\/sites\/2\/2016\/07\/160710_ndl_1.jpg 1000w, https:\/\/recherche-action.fr\/hugues-bazin\/wp-content\/uploads\/sites\/2\/2016\/07\/160710_ndl_1-300x107.jpg 300w, https:\/\/recherche-action.fr\/hugues-bazin\/wp-content\/uploads\/sites\/2\/2016\/07\/160710_ndl_1-768x274.jpg 768w, https:\/\/recherche-action.fr\/hugues-bazin\/wp-content\/uploads\/sites\/2\/2016\/07\/160710_ndl_1-720x257.jpg 720w\" sizes=\"(max-width: 1000px) 100vw, 1000px\" \/><\/a>Un petit coup de main au stand de l&rsquo;association d&rsquo;\u00e9dition \u00ab\u00a0<a href=\"http:\/\/www.alacriee.org\/\" target=\"_blank\">A la cri\u00e9e\u00a0\u00bb<\/a><a href=\"https:\/\/recherche-action.fr\/hugues-bazin\/wp-content\/uploads\/sites\/2\/2016\/07\/160710_ndl_7.jpg\"><img loading=\"lazy\" decoding=\"async\" class=\"aligncenter wp-image-1583 size-full\" src=\"https:\/\/recherche-action.fr\/hugues-bazin\/wp-content\/uploads\/sites\/2\/2016\/07\/160710_ndl_7.jpg\" alt=\"160710_ndl_7\" width=\"1000\" height=\"667\" srcset=\"https:\/\/recherche-action.fr\/hugues-bazin\/wp-content\/uploads\/sites\/2\/2016\/07\/160710_ndl_7.jpg 1000w, https:\/\/recherche-action.fr\/hugues-bazin\/wp-content\/uploads\/sites\/2\/2016\/07\/160710_ndl_7-300x200.jpg 300w, https:\/\/recherche-action.fr\/hugues-bazin\/wp-content\/uploads\/sites\/2\/2016\/07\/160710_ndl_7-768x512.jpg 768w, https:\/\/recherche-action.fr\/hugues-bazin\/wp-content\/uploads\/sites\/2\/2016\/07\/160710_ndl_7-720x480.jpg 720w\" sizes=\"(max-width: 1000px) 100vw, 1000px\" \/><\/a>Le pouvoir r\u00e9gional et national qui r\u00eave d\u2019une \u00e9vacuation muscl\u00e9e de la ZAD, avec recours \u00e0 l\u2019arm\u00e9e \u00abcomme au Mali\u00bb (dixit l&rsquo;ancien pr\u00e9sident de r\u00e9gion) devrait justement retenir la le\u00e7on du retour de b\u00e2ton des zones occup\u00e9es.<\/p>\n<p><a href=\"https:\/\/recherche-action.fr\/hugues-bazin\/wp-content\/uploads\/sites\/2\/2016\/07\/160710_ndl_5.jpg\"><img loading=\"lazy\" decoding=\"async\" class=\"aligncenter wp-image-1581 size-full\" src=\"https:\/\/recherche-action.fr\/hugues-bazin\/wp-content\/uploads\/sites\/2\/2016\/07\/160710_ndl_5.jpg\" alt=\"160710_ndl_5\" width=\"1000\" height=\"516\" srcset=\"https:\/\/recherche-action.fr\/hugues-bazin\/wp-content\/uploads\/sites\/2\/2016\/07\/160710_ndl_5.jpg 1000w, https:\/\/recherche-action.fr\/hugues-bazin\/wp-content\/uploads\/sites\/2\/2016\/07\/160710_ndl_5-300x155.jpg 300w, https:\/\/recherche-action.fr\/hugues-bazin\/wp-content\/uploads\/sites\/2\/2016\/07\/160710_ndl_5-768x396.jpg 768w, https:\/\/recherche-action.fr\/hugues-bazin\/wp-content\/uploads\/sites\/2\/2016\/07\/160710_ndl_5-720x372.jpg 720w\" sizes=\"(max-width: 1000px) 100vw, 1000px\" \/><\/a>M\u00eame si la France \u00e0 la f\u00e2cheuse habitude \u00e0 l\u2019int\u00e9rieur comme \u00e0 l\u2019ext\u00e9rieur d\u2019imposer la d\u00e9mocratie \u00e0 la pointe des ba\u00efonnettes, les \u00ab semailles de la d\u00e9mocratie \u00bb poussent d\u00e9j\u00e0. Il est trop tard, ces \u00eelots font archipel, r\u00e9duire une zone ne r\u00e9duira pas le mouvement.<\/p>\n<p><a href=\"https:\/\/recherche-action.fr\/hugues-bazin\/wp-content\/uploads\/sites\/2\/2016\/07\/160710_ndl_6.jpg\"><img loading=\"lazy\" decoding=\"async\" class=\"aligncenter wp-image-1582 size-full\" src=\"https:\/\/recherche-action.fr\/hugues-bazin\/wp-content\/uploads\/sites\/2\/2016\/07\/160710_ndl_6.jpg\" alt=\"160710_ndl_6\" width=\"1000\" height=\"667\" srcset=\"https:\/\/recherche-action.fr\/hugues-bazin\/wp-content\/uploads\/sites\/2\/2016\/07\/160710_ndl_6.jpg 1000w, https:\/\/recherche-action.fr\/hugues-bazin\/wp-content\/uploads\/sites\/2\/2016\/07\/160710_ndl_6-300x200.jpg 300w, https:\/\/recherche-action.fr\/hugues-bazin\/wp-content\/uploads\/sites\/2\/2016\/07\/160710_ndl_6-768x512.jpg 768w, https:\/\/recherche-action.fr\/hugues-bazin\/wp-content\/uploads\/sites\/2\/2016\/07\/160710_ndl_6-720x480.jpg 720w\" sizes=\"(max-width: 1000px) 100vw, 1000px\" \/><\/a><\/p>\n","protected":false},"excerpt":{"rendered":"<p>Les \u00ab semailles de la d\u00e9mocratie \u00bb \u00e9taient l\u2019intitul\u00e9 des deux journ\u00e9es de forums-d\u00e9bats concerts du rassemblement annuel \u00e0 Notre-Dame des Landes, 9-10 juillet 2016. \u00ab\u00a0Non \u00e0 l&rsquo;a\u00e9roport, Le ciel nous appartient !\u00a0\u00bb, l\u00e2cher de lanternes en hommage \u00e0 R\u00e9mi Fraisse, 21 ans, tu\u00e9 dans la nuit du 25 au 26 &hellip; <\/p>\n","protected":false},"author":1,"featured_media":1578,"comment_status":"open","ping_status":"open","sticky":false,"template":"","format":"standard","meta":{"h5ap_radio_sources":[],"jetpack_post_was_ever_published":false,"_jetpack_newsletter_access":"","_jetpack_dont_email_post_to_subs":false,"_jetpack_newsletter_tier_id":0,"_jetpack_memberships_contains_paywalled_content":false,"_jetpack_memberships_contains_paid_content":false,"footnotes":"","jetpack_publicize_message":"","jetpack_publicize_feature_enabled":true,"jetpack_social_post_already_shared":true,"jetpack_social_options":{"image_generator_settings":{"template":"highway","default_image_id":0,"font":"","enabled":false},"version":2},"_links_to":"","_links_to_target":""},"categories":[2],"tags":[],"class_list":["post-1576","post","type-post","status-publish","format-standard","has-post-thumbnail","hentry","category-article"],"jetpack_publicize_connections":[],"jetpack_featured_media_url":"https:\/\/recherche-action.fr\/hugues-bazin\/wp-content\/uploads\/sites\/2\/2016\/07\/160710_ndl_2.jpg","jetpack_sharing_enabled":true,"jetpack_shortlink":"https:\/\/wp.me\/p2QGRI-pq","post_mailing_queue_ids":[],"_links":{"self":[{"href":"https:\/\/recherche-action.fr\/hugues-bazin\/wp-json\/wp\/v2\/posts\/1576","targetHints":{"allow":["GET"]}}],"collection":[{"href":"https:\/\/recherche-action.fr\/hugues-bazin\/wp-json\/wp\/v2\/posts"}],"about":[{"href":"https:\/\/recherche-action.fr\/hugues-bazin\/wp-json\/wp\/v2\/types\/post"}],"author":[{"embeddable":true,"href":"https:\/\/recherche-action.fr\/hugues-bazin\/wp-json\/wp\/v2\/users\/1"}],"replies":[{"embeddable":true,"href":"https:\/\/recherche-action.fr\/hugues-bazin\/wp-json\/wp\/v2\/comments?post=1576"}],"version-history":[{"count":18,"href":"https:\/\/recherche-action.fr\/hugues-bazin\/wp-json\/wp\/v2\/posts\/1576\/revisions"}],"predecessor-version":[{"id":1609,"href":"https:\/\/recherche-action.fr\/hugues-bazin\/wp-json\/wp\/v2\/posts\/1576\/revisions\/1609"}],"wp:featuredmedia":[{"embeddable":true,"href":"https:\/\/recherche-action.fr\/hugues-bazin\/wp-json\/wp\/v2\/media\/1578"}],"wp:attachment":[{"href":"https:\/\/recherche-action.fr\/hugues-bazin\/wp-json\/wp\/v2\/media?parent=1576"}],"wp:term":[{"taxonomy":"category","embeddable":true,"href":"https:\/\/recherche-action.fr\/hugues-bazin\/wp-json\/wp\/v2\/categories?post=1576"},{"taxonomy":"post_tag","embeddable":true,"href":"https:\/\/recherche-action.fr\/hugues-bazin\/wp-json\/wp\/v2\/tags?post=1576"}],"curies":[{"name":"wp","href":"https:\/\/api.w.org\/{rel}","templated":true}]}}