{"id":1635,"date":"2016-07-26T23:05:58","date_gmt":"2016-07-26T21:05:58","guid":{"rendered":"http:\/\/recherche-action.fr\/hugues-bazin\/?p=1635"},"modified":"2016-07-28T18:49:34","modified_gmt":"2016-07-28T16:49:34","slug":"revolution-et-contre-revolution-a-lepoque-des-tueries-suicidaires","status":"publish","type":"post","link":"https:\/\/recherche-action.fr\/hugues-bazin\/2016\/07\/26\/revolution-et-contre-revolution-a-lepoque-des-tueries-suicidaires\/","title":{"rendered":"R\u00e9volution et contre-r\u00e9volution \u00e0 l\u2019\u00e9poque des tueries suicidaires"},"content":{"rendered":"<p><a href=\"https:\/\/recherche-action.fr\/hugues-bazin\/wp-content\/uploads\/sites\/2\/2016\/07\/13495570_1021710951245407_7170852194447228113_o.jpg\"><img fetchpriority=\"high\" decoding=\"async\" class=\"aligncenter size-full wp-image-1612\" src=\"https:\/\/recherche-action.fr\/hugues-bazin\/wp-content\/uploads\/sites\/2\/2016\/07\/13495570_1021710951245407_7170852194447228113_o.jpg\" alt=\"13495570_1021710951245407_7170852194447228113_o\" width=\"1915\" height=\"914\" srcset=\"https:\/\/recherche-action.fr\/hugues-bazin\/wp-content\/uploads\/sites\/2\/2016\/07\/13495570_1021710951245407_7170852194447228113_o.jpg 1915w, https:\/\/recherche-action.fr\/hugues-bazin\/wp-content\/uploads\/sites\/2\/2016\/07\/13495570_1021710951245407_7170852194447228113_o-300x143.jpg 300w, https:\/\/recherche-action.fr\/hugues-bazin\/wp-content\/uploads\/sites\/2\/2016\/07\/13495570_1021710951245407_7170852194447228113_o-768x367.jpg 768w, https:\/\/recherche-action.fr\/hugues-bazin\/wp-content\/uploads\/sites\/2\/2016\/07\/13495570_1021710951245407_7170852194447228113_o-1024x489.jpg 1024w, https:\/\/recherche-action.fr\/hugues-bazin\/wp-content\/uploads\/sites\/2\/2016\/07\/13495570_1021710951245407_7170852194447228113_o-720x344.jpg 720w\" sizes=\"(max-width: 1915px) 100vw, 1915px\" \/><\/a><\/p>\n<div id=\"ez-toc-container\" class=\"ez-toc-v2_0_82_2 counter-hierarchy ez-toc-counter ez-toc-transparent ez-toc-container-direction\">\n<div class=\"ez-toc-title-container\">\n<p class=\"ez-toc-title\" style=\"cursor:inherit\">Sommaire<\/p>\n<span class=\"ez-toc-title-toggle\"><\/span><\/div>\n<nav><ul class='ez-toc-list ez-toc-list-level-1 ' ><li class='ez-toc-page-1 ez-toc-heading-level-1'><a class=\"ez-toc-link ez-toc-heading-1\" href=\"https:\/\/recherche-action.fr\/hugues-bazin\/2016\/07\/26\/revolution-et-contre-revolution-a-lepoque-des-tueries-suicidaires\/#Combattre_le_feu_par_le_feu\" >Combattre le feu par le feu<\/a><\/li><li class='ez-toc-page-1 ez-toc-heading-level-1'><a class=\"ez-toc-link ez-toc-heading-2\" href=\"https:\/\/recherche-action.fr\/hugues-bazin\/2016\/07\/26\/revolution-et-contre-revolution-a-lepoque-des-tueries-suicidaires\/#La_strategie_du_choc\" >La strat\u00e9gie du choc<\/a><\/li><li class='ez-toc-page-1 ez-toc-heading-level-1'><a class=\"ez-toc-link ez-toc-heading-3\" href=\"https:\/\/recherche-action.fr\/hugues-bazin\/2016\/07\/26\/revolution-et-contre-revolution-a-lepoque-des-tueries-suicidaires\/#Quand_le_PS_condamnait_linstrumentalisation_de_la_peur_du_terrorisme_a_des_fins_politiques\" >Quand le PS condamnait l\u2019instrumentalisation de la peur du terrorisme \u00e0 des fins politiques<\/a><\/li><li class='ez-toc-page-1 ez-toc-heading-level-1'><a class=\"ez-toc-link ez-toc-heading-4\" href=\"https:\/\/recherche-action.fr\/hugues-bazin\/2016\/07\/26\/revolution-et-contre-revolution-a-lepoque-des-tueries-suicidaires\/#Ideologie_par_capillarite\" >Id\u00e9ologie par capillarit\u00e9<\/a><\/li><li class='ez-toc-page-1 ez-toc-heading-level-1'><a class=\"ez-toc-link ez-toc-heading-5\" href=\"https:\/\/recherche-action.fr\/hugues-bazin\/2016\/07\/26\/revolution-et-contre-revolution-a-lepoque-des-tueries-suicidaires\/#Capitalisme_absolu\" >Capitalisme absolu<\/a><\/li><li class='ez-toc-page-1 ez-toc-heading-level-1'><a class=\"ez-toc-link ez-toc-heading-6\" href=\"https:\/\/recherche-action.fr\/hugues-bazin\/2016\/07\/26\/revolution-et-contre-revolution-a-lepoque-des-tueries-suicidaires\/#Theorie_du_drone\" >Th\u00e9orie du drone<\/a><\/li><li class='ez-toc-page-1 ez-toc-heading-level-1'><a class=\"ez-toc-link ez-toc-heading-7\" href=\"https:\/\/recherche-action.fr\/hugues-bazin\/2016\/07\/26\/revolution-et-contre-revolution-a-lepoque-des-tueries-suicidaires\/#Contre-espaces\" >Contre-espaces<\/a><\/li><\/ul><\/nav><\/div>\n\n<h1><span class=\"ez-toc-section\" id=\"Combattre_le_feu_par_le_feu\"><\/span><a name=\"_Toc457334145\"><\/a>Combattre le feu par le feu<span class=\"ez-toc-section-end\"><\/span><\/h1>\n<p>Le renouvellement en quasi-simultan\u00e9it\u00e9 par le parlement de la proc\u00e9dure du 49.3 sur la loi travail et de l\u2019\u00e9tat d\u2019urgence sur une p\u00e9riode de 6 mois n\u2019est pas d\u00fb au simple t\u00e9lescopage d\u2019un calendrier dramatique, c\u2019est la nature m\u00eame de cette concomitance qui conduit \u00e0 des cons\u00e9quences dramatiques.<\/p>\n<p>N\u00e9olib\u00e9ralisme et terrorisme n\u2019ont que faire des nations et se nourrissent de la d\u00e9composition de leur soci\u00e9t\u00e9, seule une alternative au capitalisme d\u00e9brid\u00e9 pourrait repousser l\u2019obscurantisme. Aucune militarisation de la soci\u00e9t\u00e9 et lois liberticides ne pourront \u00e9touffer l\u2019id\u00e9ologie terroriste parce qu\u2019un feu ne peut \u00eatre combattu que par un contre-feu de m\u00eame nature. Seul un mouvement d\u2019inspiration r\u00e9volutionnaire peut aspirer l\u2019oxyg\u00e8ne d\u2019une contre-r\u00e9volution.<\/p>\n<p>Une id\u00e9ologie n\u2019est pas qu\u2019un corpus d\u2019id\u00e9e justifiant d\u2019une r\u00e9alit\u00e9, cette activit\u00e9 th\u00e9orique poss\u00e8de aussi une dimension performative, elle structure pour le meilleur ou pour le pire les fonctions de formation, d\u2019encadrement, de programmation. Ces fonctions sont habituellement attribu\u00e9es aux corps interm\u00e9diaires \u00e9ducatifs, militant, politique, etc. Ces corps sont malades, car leur gouvernance institutionnelle s\u2019\u00e9loigne du mod\u00e8le d\u00e9mocratique sous les pressions d\u2019une \u00e9conomie d\u00e9territorialis\u00e9e d\u00e9fendant ses propres int\u00e9r\u00eats oligarchiques au d\u00e9triment du pouvoir citoyen de se constituer comme acteur historique.<\/p>\n<p>Le propre de l\u2019id\u00e9ologie n\u00e9o-lib\u00e9rale est de ne pas appara\u00eetre comme id\u00e9ologie en pr\u00e9sentant la marchandisation de tous les espaces comme seule alternative plausible sous le couvert de la fin de l\u2019histoire et des rapports de classes (le fameux slogan \u00ab\u00a0<a href=\"https:\/\/fr.wikipedia.org\/wiki\/There_is_no_alternative\">There is no alternative<\/a>\u00a0\u00bb de Margaret Thatcher). Cette fausse-vraie d\u00e9mocratie est appel\u00e9e aussi \u00ab\u00a0<a href=\"http:\/\/www.laviedesidees.fr\/Reflexions-sur-la-post-democratie.html\">post-d\u00e9mocratie<\/a>\u00a0\u00bb pour d\u00e9crire un \u00e9tat interm\u00e9diaire qui n\u2019est plus vraiment la d\u00e9mocratie tout en gardant l\u2019apparence o\u00f9 les \u00e9lites sous la f\u00e9rule des lobbies ou des groupes d\u2019int\u00e9r\u00eat ont appris \u00e0 g\u00e9rer et manipuler les exigences\u00a0 de ses \u00e9lecteurs.<\/p>\n<p>Une post-d\u00e9mocratie penche naturellement vers une d\u00e9rive autoritaire. Elle est confirm\u00e9e ici par l\u2019alliance objective du 49.3 imposant la loi travail et l\u2019institution de la plus longue dur\u00e9e d\u2019une situation d\u2019exception dans l\u2019histoire moderne de la France. L\u2019\u00e9tat d\u2019urgence est moins une opposition au terrorisme qu\u2019une ad\u00e9quation \u00e0 l\u2019ultralib\u00e9ralisme.<\/p>\n<h1><span class=\"ez-toc-section\" id=\"La_strategie_du_choc\"><\/span><a name=\"_Toc457334146\"><\/a>La strat\u00e9gie du choc<span class=\"ez-toc-section-end\"><\/span><\/h1>\n<p>Cette r\u00e9solution par implosion de la soci\u00e9t\u00e9 ressemble \u00e0 une attitude suicidaire puisqu\u2019elle sape ses propres fondements d\u00e9mocratiques tout en r\u00e9primant les mouvements sociaux susceptibles de porter une alternative \u00e0 la crise. Mais le principe m\u00eame du capitalisme n\u2019est-il pas de prosp\u00e9rer sur le d\u00e9sastre\u00a0? C\u2019est une <a href=\"https:\/\/developpementdurable.revues.org\/7533\">strat\u00e9gie du choc<\/a> comme en t\u00e9moigne le conflit en Afghanistan, puis en Irak, puis en Syrie dont est issu directement l\u2019\u00c9tat Islamique. Cet \u00e9chec cuisant de l\u2019option militaire am\u00e9ricaine incapable d\u2019endiguer les vagues terroristes a permis le renforcement des pouvoirs politico-\u00e9conomiques aux \u00c9tats-Unis alors que les lois du <a href=\"http:\/\/abonnes.lemonde.fr\/les-decodeurs\/article\/2015\/01\/12\/le-patriot-act-une-legislation-d-exception-au-bilan-tres-mitige_4554570_4355770.html\">Patriot Act<\/a> depuis le 11 septembre 2001 ont consacr\u00e9 la diminution des droits civils n\u2019emp\u00eachant en rien la multiplication des tueries de masse sur le sol am\u00e9ricain.<\/p>\n<p>De m\u00eame, le d\u00e9fil\u00e9 du 14 juillet dans un d\u00e9tournement des symboles r\u00e9publicains ne consacre plus la prise du pouvoir du \u00ab peuple \u00bb, mais cette emprise marchande dont l\u2019arm\u00e9e est l\u2019instrument. La politique interventionniste en Afrique et au Moyen-Orient ne se mesure pas \u00e0 la promotion d\u00e9mocratique dans ces pays, mais \u00e0 l\u2019\u00e9conomie de l\u2019armement dont la France est le principal exportateur mondial. Alors que sur le plan int\u00e9rieur, la \u00ab lacrymocratie \u00bb (gestion des mouvements par les gaz lacrymog\u00e8nes) et la <a href=\"http:\/\/www.politis.fr\/articles\/2016\/07\/ce-sont-les-medias-et-non-les-idees-qui-font-lelection-35113\/\">m\u00e9diacratie<\/a> (gouvernement par l\u2019opinion) conduisent \u00e0 la crise des institutions d\u00e9mocratique et confortent la concentration des pouvoirs financiers et m\u00e9diatiques.<\/p>\n<p>\u00c0 quelques heures d\u2019intervalles ce 14 juillet le pr\u00e9sident de la R\u00e9publique peut indiquer le midi la fin de l\u2019\u00e9tat d\u2019urgence et suite \u00e0 l\u2019attentat de Nice le soir sa prolongation, confirmant \u00e0 la fois l\u2019inefficacit\u00e9 du dispositif d\u00e9j\u00e0 point\u00e9e dans un <a href=\"http:\/\/abonnes.lemonde.fr\/idees\/article\/2016\/07\/18\/les-mesures-prises-sont-inefficaces-et-derisoires_4970971_3232.html\">rapport parlementaire<\/a> et sa vocation instrumentale au gr\u00e9 des surench\u00e8res \u00e9lectoralistes extr\u00eames-droiti\u00e8res pi\u00e9tinant all\u00e8grement l\u2019\u00c9tat de droit et la Constitution.<\/p>\n<p>Ce <a href=\"https:\/\/blogs.mediapart.fr\/hugues-bazin\/blog\/301115\/hold-mental\">hold-up mental<\/a> avait d\u00e9j\u00e0 \u00e9t\u00e9 tent\u00e9 apr\u00e8s les attentats de novembre 2015. Il s\u2019appuie toujours sur la m\u00eame strat\u00e9gie du choc comme <a href=\"https:\/\/vimeo.com\/39037720\">manipulation des masses<\/a>. Sous les effets conjugu\u00e9s et permanents de la sid\u00e9ration, de la peur et de la compassion comm\u00e9morative, nous devenons ob\u00e9issants, plus enclins \u00e0 suivre les leaders qui pr\u00e9tendent garantir notre s\u00e9curit\u00e9 quitte \u00e0 restreindre nos libert\u00e9s. Cette manipulation des repr\u00e9sentations symboliques de l\u2019unit\u00e9 de la nation s\u2019incarne dans la figure du chef d\u2019\u00c9tat paternaliste et protecteur.<\/p>\n<h1><span class=\"ez-toc-section\" id=\"Quand_le_PS_condamnait_linstrumentalisation_de_la_peur_du_terrorisme_a_des_fins_politiques\"><\/span><a name=\"_Toc457334147\"><\/a>Quand le PS condamnait l\u2019instrumentalisation de la peur du terrorisme \u00e0 des fins politiques<span class=\"ez-toc-section-end\"><\/span><\/h1>\n<p>Il est alors d\u2019autant plus instructif de revoir cette <a href=\"https:\/\/www.youtube.com\/watch?v=cVTGr44cgW8\">interview<\/a> de Fran\u00e7ois Hollande le 14 janvier 2008 par l\u2019excellent John Paul Lepers. Alors dans l\u2019opposition l&rsquo;ancien secr\u00e9taire du parti socialiste <a href=\"http:\/\/www.lemonde.fr\/societe\/article\/2015\/05\/07\/tarnac-quand-francois-hollande-denoncait-une-affaire-politique_4629330_3224.html\">critiquait l\u2019instrumentalisation de la peur terroriste \u00e0 des fins politiques<\/a> par le gouvernement sous Sarkozy.<\/p>\n<p>Morceaux choisis :<\/p>\n<ul>\n<li>JPL : Est-ce que vous trouvez dans notre pays vous Fran\u00e7ois Hollande que nos libert\u00e9s sont en danger ?<\/li>\n<li>FH : Je crois qu\u2019au nom d\u2019une cause qui est juste et n\u00e9cessaire, lutter contre le terrorisme, on est en train de faire des amalgames et des confusions. C\u2019est-\u00e0-dire, celui qui n\u2019est plus dans la norme, qui peut avoir un comportement d\u00e9viant, qui peut parfois m\u00eame \u00eatre au-del\u00e0 de la loi, peut \u00eatre assimil\u00e9 \u00e0 un terroriste, ce qui est une atteinte grave aux libert\u00e9s.<\/li>\n<li>JPL : Pourquoi le pouvoir politique fait cela selon vous ?<\/li>\n<li>FH : Je crois qu\u2019il y a d\u2019abord une esp\u00e8ce de mouvement politique, c\u2019est-\u00e0-dire donner le sentiment qu\u2019il y a une menace et que le pouvoir y r\u00e9pond. Donc il y a une intention politique\u2026<\/li>\n<li>JPL : Pourquoi il invente alors le pouvoir ?<\/li>\n<li>FH : Peut-\u00eatre pour montrer une efficacit\u00e9 qui sur d\u2019autres terrains, notamment \u00e9conomiques et sociaux, n\u2019est pas forc\u00e9ment au rendez-vous.<\/li>\n<li>JPL : C\u2019est grave quand m\u00eame vos accusations Monsieur Hollande !<\/li>\n<li>FH : Je pense que c\u2019est grave de mettre en cause des hommes et des femmes, et priv\u00e9s de libert\u00e9, les accus\u00e9s de terrorisme.<\/li>\n<\/ul>\n<p>C\u2019\u00e9tait \u00e0 propos de l\u2019\u00ab\u00a0affaire <a href=\"https:\/\/fr.wikipedia.org\/wiki\/Julien_Coupat\">Coupat<\/a> \u00bb ou \u00ab\u00a0affaire Tarnac\u00a0\u00bb. L\u2019<a href=\"http:\/\/la-tentation-insurrectionniste.blogspot.se\/\">insurrectionnalisme<\/a> est-il un terrorisme\u00a0? Les <a href=\"http:\/\/bloom0101.org\/?cat=5\">publications<\/a> de cette mouvance r\u00e9surgente sont vers\u00e9es au proc\u00e8s comme pi\u00e8ces \u00e0 conviction.t Apr\u00e8s 8 ans de proc\u00e9dure, le dossier se d\u00e9gonfle aujourd\u2019hui comme une baudruche et <a href=\"http:\/\/abonnes.lemonde.fr\/police-justice\/article\/2015\/05\/07\/comprendre-l-affaire-tarnac_4629462_1653578.html\">perd sa qualification de terrorisme<\/a> malgr\u00e9 la <a href=\"http:\/\/abonnes.lemonde.fr\/police-justice\/article\/2016\/06\/28\/le-groupe-de-tarnac-sera-juge-en-correctionnelle-mais-pas-pour-terrorisme_4959752_1653578.html?xtmc=tarnac&amp;xtcr=3\">d\u00e9cision du parquet g\u00e9n\u00e9ral de se pourvoir en cassation<\/a>.<\/p>\n<p>L\u2019ironie veut que cette m\u00eame <a href=\"http:\/\/www.liberation.fr\/france\/2016\/07\/13\/l-ultragauche-une-obsession-gouvernementale_1466043\">rh\u00e9torique de l\u2019ultragauche<\/a> soit reprise par le gouvernement Valls et on se demande bien pourquoi Fran\u00e7ois Hollande ne lui a pas r\u00e9p\u00e9t\u00e9 le contenu de son interview\u2026 Tout cela pour justifier l\u2019instrumentalisation de l\u2019\u00e9tat d\u2019urgence dans son application r\u00e9pressive des derniers mouvements sociaux (assignation pr\u00e9ventive \u00e0 r\u00e9sidence, interdiction de se d\u00e9placer dans certaines zones, mise en garde \u00e0 vue et inculpations sur simples pr\u00e9somptions, d\u00e9bridage des violences polici\u00e8res en guise de dissuasion \u00e0 manifester, etc.).<\/p>\n<p>On peut imaginer que le nouvel \u00e9tat d\u2019urgence, <a href=\"http:\/\/www.humanite.fr\/etat-durgence-rallonge-et-durci-612352\">rallong\u00e9 et durci<\/a>, ne manquera pas d\u2019\u00e9tendre cette r\u00e9pression d\u00e8s la rentr\u00e9e sociale \u00e0 toutes les formes de mobilisation, occupation, manifestation. La tendance est de passer de l\u2019\u00e9tat d\u2019urgence \u00e0 l\u2019\u00c9tat d\u2019urgence (avec majuscule), c\u2019est-\u00e0-dire d\u2019une situation d\u2019urgence avec ses dispositifs d\u2019exception \u00e0 un \u00c9tat d\u2019exception de type autoritaire (ce basculement peut se produire sans coup d\u2019\u00c9tat int\u00e9rieur comme en Turquie, simplement \u00e0 l\u2019occasion des prochaines \u00e9lections de 2017).<\/p>\n<p>Les occupants des places publiques ont \u00e9t\u00e9 trait\u00e9s de \u00ab\u00a0zadistes\u00a0\u00bb, les manifestants de \u00ab\u00a0casseurs\u00a0\u00bb, des supr\u00eames insultes sans doute dans la bouche des accusateurs qui voient selon eux prolif\u00e9rer toute la racaille gauchiste, populaire, marginale. Les renseignements g\u00e9n\u00e9raux ont m\u00eame cru apercevoir l\u2019ombre de Julien Coupat hanter les r\u00e9unions (que ne ferait-on pas sans lui\u00a0!).<\/p>\n<p>Cette stigmatisation d\u2019un mouvement protestataire jug\u00e9 trop radical voudrait attiser les peurs en amalgamant r\u00e9sistance politique et terrorisme. Et si au contraire c\u2019\u00e9tait lui le meilleur rempart contre le terrorisme\u00a0? Sa nature \u00e9ruptive et situationnelle n\u2019est-elle pas la mieux \u00e0 m\u00eame de d\u00e9construire le mod\u00e8le djihadiste\u00a0? Ce n\u2019est pas dans les <a href=\"http:\/\/zad.nadir.org\/spip.php?article3934\">ZAD<\/a> et l\u2019occupation des places que se forment les apprentis terroristes, mais dans les fans zones morbides d\u2019une logorrh\u00e9e mondialis\u00e9e.<\/p>\n<h1><span class=\"ez-toc-section\" id=\"Ideologie_par_capillarite\"><\/span><a name=\"_Toc457334148\"><\/a>Id\u00e9ologie par capillarit\u00e9<span class=\"ez-toc-section-end\"><\/span><\/h1>\n<p>Alors qu\u2019une vague d\u2019attentat frappe la France et l\u2019Allemagne ces derniers jours, les modes explicatifs restent inchang\u00e9s. La notion de \u00ab\u00a0radicalisation\u00a0\u00bb employ\u00e9e \u00e0 profusion n\u2019a pas grand lien avec la compr\u00e9hension de la radicalit\u00e9 et des processus en cours.<\/p>\n<p>Soutenir que ces assassins sont des forcen\u00e9s ou encore les soldats fous d\u2019une arm\u00e9e ennemie ne suffit plus \u00e0 comprendre un ph\u00e9nom\u00e8ne avant tout id\u00e9ologique. Et si la s\u00e9rie de tueries de la fusillade de Columbine en 1999 aux \u00c9tats-Unis jusqu\u2019aux 77 personnes tu\u00e9es en Norv\u00e8ge en 2011 par Anders Breivik n\u2019\u00e9taient que l\u2019annonce d\u2019un terrorisme suicidaire r\u00e9pandu aujourd&rsquo;hui sous la banni\u00e8re de l\u2019\u00c9tat Islamique\u00a0? Il est important de comprendre comme le soutient le philosophe italien <a href=\"http:\/\/serpent-libertaire.over-blog.com\/2016\/07\/christiane-passevant-tueries-forcenes-et-suicidaires-a-l-ere-du-capitalisme-absolu-franco-berardi-lux.html\" target=\"_blank\">Franco \u00ab Bifo \u00bb Berardi<\/a> en quoi ces courants autodestructeurs ne sont pas \u00e9loign\u00e9s.<\/p>\n<p>Chacun y va de son sociologisme ou de son psychologisme dont la seule pertinence d\u00e9monstrative est de se r\u00e9pandre dans les m\u00e9dias. Ainsi sort-on du chapeau la \u00ab\u00a0radicalisation rapide\u00a0\u00bb reprise par le ministre de l\u2019Int\u00e9rieur en mal d\u2019interpr\u00e9tation justificatrice. Bient\u00f4t viendra la \u00ab\u00a0radicalisation imm\u00e9diate\u00a0\u00bb\u00a0achevant de d\u00e9cr\u00e9dibiliser ce mode explicatif. En miroir les propositions de \u00ab\u00a0d\u00e9radicalisation\u00a0\u00bb ne peuvent gagner en pertinence.<\/p>\n<p>Il n\u2019est venu \u00e0 personne d\u2019accuser de \u00ab\u00a0radicalisation\u00a0\u00bb le co-pilote de la Germanwings qui a <a href=\"http:\/\/abonnes.lemonde.fr\/europe\/article\/2015\/03\/26\/un-des-pilotes-etait-coince-a-l-exterieur-du-cockpit-avant-le-crash-de-l-a320_4601341_3214.html\">volontairement crash\u00e9<\/a> le 24 mars 2015 dans les Alpes un avion de ligne avec ses 144 passagers et ses 6 membres d&rsquo;\u00e9quipage. Personne ne semble avoir fait le parall\u00e8le sans doute parce qu\u2019il \u00e9tait allemand et non musulman. Comme le remarque un journaliste aux \u00c9tats-Unis \u00ab <a href=\"http:\/\/www.liberation.fr\/debats\/2016\/07\/18\/l-horreur-ne-suffit-pas-a-faire-l-acte-terroriste_1467000\">Les tireurs de couleur sont appel\u00e9s terroristes et les tireurs blancs malades mentaux<\/a>\u00a0\u00bb.<\/p>\n<p>Or, si nous nous situons uniquement sur le <em>modus operandi<\/em>, nous pourrions trouver des sch\u00e9mas concordant dans la construction de l\u2019action du pilote de l\u2019avion et du conducteur du camion du 14 juillet. Il est important de souligner qu\u2019il s\u2019agit toujours d\u2019un suicide qui s\u2019accompagne d\u2019autres morts. Pour exercer leur violence, ils empruntent \u00e0 un r\u00e9pertoire mental et comportemental disponible \u00e0 une \u00e9poque donn\u00e9e.<\/p>\n<p>Le d\u00e9bat qui s\u2019est instaur\u00e9 au sujet du <a href=\"http:\/\/abonnes.lemonde.fr\/europe\/article\/2016\/07\/24\/fusillade-de-munich-le-tireur-preparait-son-geste-depuis-un-an_4974049_3214.html\">tireur \u00ab\u00a0fou\u00a0\u00bb de Munich<\/a> le 22 juillet est aussi r\u00e9v\u00e9lateur. Il est av\u00e9r\u00e9 qu\u2019il a \u00e9t\u00e9 fascin\u00e9 par les tueries suicidaires et s\u2019\u00e9tait inspir\u00e9 d\u2019un autre jeune allemand de 17 ans qui avait tu\u00e9 quinze personnes dans son ancien coll\u00e8ge. Il n\u2019a pas \u00e9t\u00e9 possible d\u2019\u00e9tablir un quelconque lien avec Daech ou une \u00ab\u00a0radicalisation islamique\u00a0\u00bb. En revanche toujours en Allemagne quelques jours plut\u00f4t le 18 juillet un jeune afghan <a href=\"http:\/\/abonnes.lemonde.fr\/europe\/article\/2016\/07\/18\/allemagne-attaque-a-la-hache-dans-un-train-plusieurs-blesses_4971507_3214.html\">attaquant \u00e0 la hache<\/a> les passagers d\u2019un train s\u2019est revendiqu\u00e9 \u00ab\u00a0soldat de l\u2019\u00c9tat Islamique\u00a0\u00bb. De m\u00eame, le 24 juillet toujours en Allemagne, un r\u00e9fugi\u00e9 syrien meurt en provoquant une <a href=\"http:\/\/abonnes.lemonde.fr\/europe\/article\/2016\/07\/25\/une-explosion-fait-un-mort-et-plusieurs-blesses-a-ansbach-en-baviere_4974118_3214.html\">explosion devant un restaurant<\/a>, le qualificatif d\u2019attentat est retenu, son pass\u00e9 psychiatrique est propos\u00e9 avant que l\u2019on d\u00e9couvre qu\u2019il a fait all\u00e9geance \u00bb au groupe djihadiste \u00c9tat islamique.<\/p>\n<p>Nous voyons donc que la qualification de \u00ab\u00a0terrorisme\u00a0\u00bb n\u2019est pas obligatoirement li\u00e9e \u00e0 la grandeur et la forme des crimes ni r\u00e9ductible \u00e0 un enchainement de causalit\u00e9s li\u00e9 au profil individuel de l\u2019auteur, mais \u00e0 la possibilit\u00e9 de raccrocher l\u2019acte \u00e0 une id\u00e9ologie et une organisation.<\/p>\n<p>\u00c0 partir du moment o\u00f9 ce lien n\u2019est pas av\u00e9r\u00e9, il perd le qualificatif. On peut poser l\u2019hypoth\u00e8se inverse que toutes ces tueries suicidaires aient un lien avec une id\u00e9ologie, qu\u2019elles s\u2019en revendiquent ou non ; seulement il existe diff\u00e9rentes couches plus ou moins apparentes. La couche daechienne \u00e9tant une surcouche, la plus visible et la plus communicative. Fluide, elle agit sur la surface par capillarit\u00e9 ayant trouv\u00e9 \u00ab\u00a0l\u2019astuce\u00a0\u00bb religieuse pour p\u00e9n\u00e9trer des couches plus profondes sans lesquelles elle ne pourrait se diffuser. Paradoxalement ce n\u2019est pas les id\u00e9ologies les plus visibles qui sont les plus dangereuses.<\/p>\n<h1><span class=\"ez-toc-section\" id=\"Capitalisme_absolu\"><\/span><a name=\"_Toc457334149\"><\/a>Capitalisme absolu<span class=\"ez-toc-section-end\"><\/span><\/h1>\n<p>Quand Nicolas Sarkozy dit en r\u00e9action au <a href=\"http:\/\/abonnes.lemonde.fr\/societe\/article\/2016\/07\/26\/un-mort-apres-une-prise-d-otages-dans-une-eglise-pres-de-rouen_4974794_3224.html\">dernier attentat \u00e0 Rouen<\/a> le 26 juillet \u00ab\u00a0notre ennemi n&rsquo;a pas de tabou, pas de limite, pas de morale, pas de fronti\u00e8re\u00a0\u00bb, nous pourrions parfaitement l\u2019appliquer \u00e0 une d\u00e9finition du capitalisme absolu qui ne reconnait aucune loi. Lui n\u2019a pas besoin de communiquer, son id\u00e9ologie p\u00e9n\u00e8tre au plus profond des corps, ses forces de destruction n\u2019ont pas d\u2019\u00e9quivalent avec le terrorisme de surface et cause directement ou indirectement bien plus de victimes. Le monde de la finance et des multinationales suicident en masse au point que cela \u00ab\u00a0devienne une mode \u00bb comme le disait si cyniquement l\u2019ancien <a href=\"http:\/\/www.20minutes.fr\/societe\/965929-20120704-suicides-chez-france-telecom-didier-lombard-mis-examen\">pr\u00e9sident de France T\u00e9l\u00e9com<\/a>. Une mode sans doute le <a href=\"https:\/\/www.mediapart.fr\/journal\/international\/030815\/pourquoi-les-paysans-se-suicident-par-milliers-en-inde?page_article=1\">suicide par milliers des petits paysans indiens<\/a> couverts de dette par l\u2019achat de semences <a href=\"http:\/\/www.combat-monsanto.org\/spip.php?article107\">OGM\u00a0 Monsanto<\/a>, etc., etc. Cette emprise id\u00e9ologie s\u2019incarne dans une profonde d\u00e9sesp\u00e9rance d\u00e9poss\u00e9dant la personne de la maitrise de sa vie. Le nihilisme suicidaire en est sa face obscure. Comprendre ces tueries comme processus syst\u00e9mique, c\u2019est donc engager une r\u00e9ponse politique.<\/p>\n<p>Daech peut faire beaucoup de mal, mais il ne peut d\u00e9truire une soci\u00e9t\u00e9 si elle-m\u00eame ne porte pas ses propres forces de destruction. Ce que provoque Daech, ce n\u2019est pas une \u00ab\u00a0conversion\u00a0\u00bb dont on sait qu\u2019elle n\u2019a pas grand rapport avec la ma\u00eetrise du religieux, mais une \u00ab\u00a0autorisation\u00a0\u00bb, au plus pr\u00e9cis\u00e9ment le d\u00e9blocage d\u2019un registre \u00e0 un autre sans en avoir n\u00e9cessairement conscience. Il n\u2019est donc pas \u00e9trange que ces \u00ab\u00a0conversions\u00a0\u00bb de personnes non religieuses soient plus nombreuses dans les dossiers antiterrorisme que l\u2019appartenance d\u2019origine \u00e0 une religion. On peut m\u00eame concevoir que plus la personne est religieuse, c\u2019est-\u00e0-dire d\u00e9tentrice consciente d\u2019une couche id\u00e9ologique structurante, moins ce basculement s\u2019effectue. Et si l\u2019option du fondamentalisme participe \u00e0 cette surcouche qui favorise la bascule, les fondamentalistes ne sont rarement ceux qui passent directement \u00e0 l\u2019acte.<\/p>\n<p>Il n\u2019est pas non plus \u00e9tonnant que ces forcen\u00e9es appartiennent essentiellement \u00e0 la gent masculine. Face \u00e0 la d\u00e9possession d\u2019un statut, sans incorporation de sa frustration dans une lutte de classe, soumis \u00e0 la comp\u00e9titivit\u00e9 exalt\u00e9e par le monde lib\u00e9ral d\u2019\u00eatre le gagnant, l\u2019individu \u00e0 l\u2019opportunit\u00e9 de n\u2019\u00eatre plus un \u00ab\u00a0fou isol\u00e9\u00a0\u00bb, il devient l\u2019\u00e9l\u00e9ment (sur)humain s\u2019embo\u00eetant \u00e0 d\u2019autres \u00e9l\u00e9ments, un point r\u00e9f\u00e9rentiel d\u2019un ordre s\u2019opposant \u00e0 un autre ordre, une comp\u00e9tition \u00e0 une autre comp\u00e9tition, une performance \u00e0 une autre performance. Cette autorisation \u00e0 tuer permet de changer de statut.<\/p>\n<p>Jean Rostand exprima simplement dans une maxime ce jeu des l\u00e9gitimit\u00e9s\u00a0: \u00ab\u00a0On tue un homme, on est un assassin. On tue des millions d&rsquo;hommes, on est un conqu\u00e9rant. On les tue tous, on est un dieu\u00a0\u00bb. D\u2019une mani\u00e8re plus prosa\u00efque, les services secrets de tout temps ont utilis\u00e9 ce jeu entre diff\u00e9rentes couches id\u00e9ologiques, retournant des individus \u00ab\u00a0normalement int\u00e9gr\u00e9s\u00a0\u00bb dans l\u2019ordre \u00e9tabli pour en faire des espions dormants d\u2019un ordre contre un autre. Ils leur offrent un r\u00e9pertoire d\u2019action.<\/p>\n<p>Ces registres de l\u2019action structur\u00e9s par couches sont aussi appel\u00e9s en sociologie \u00ab\u00a0pattern\u00a0\u00bb. C\u2019est par ce mode op\u00e9ratoire et non la biographie, la psychologie ou les croyances du personnage que l\u2019on peut relier des actes apparemment sans rapports, se d\u00e9roulant dans des zones socioculturelles \u00e9loign\u00e9es. En revanche le fait qu\u2019ils soient plut\u00f4t jeunes, voire tr\u00e8s jeune est un indicateur de la perm\u00e9abilit\u00e9 entre un horizon d\u2019attente et la possibilit\u00e9 de s\u2019approprier un kit id\u00e9ologique clefs en main.<\/p>\n<h1><span class=\"ez-toc-section\" id=\"Theorie_du_drone\"><\/span><a name=\"_Toc457334150\"><\/a>Th\u00e9orie du drone<span class=\"ez-toc-section-end\"><\/span><\/h1>\n<p>On aurait tort de r\u00e9duire la toile internet et ses r\u00e9seaux de sociaux \u00e0 un support de prolif\u00e9ration. Ce n\u2019est pas le web qui cr\u00e9e ces id\u00e9ologies, ce sont ces id\u00e9ologies qui \u00e9pousent la forme r\u00e9ticulaire de la d\u00e9mat\u00e9rialisation num\u00e9rique. La restriction des espaces d\u2019expression et les <a href=\"http:\/\/www.numerama.com\/politique\/133795-wi-fi-interdit-tor-bloque-nouvelles-idees-au-gouvernement.html\" target=\"_blank\">tentatives de contr\u00f4le<\/a> ne peuvent que renforcer l\u2019irradiation de la partie la plus obscure du web.<\/p>\n<p>Qui va d\u00e9cider d\u2019abaisser et selon quels crit\u00e8res le seuil de suspicion d\u2019une d\u00e9rive criminelle\u00a0? Les tentatives de profilage et de \u00ab\u00a0d\u00e9pistage pr\u00e9coce\u00a0\u00bb non seulement se montrent inop\u00e9rantes, mais particuli\u00e8rement dangereuses pour les <a href=\"http:\/\/www.numerama.com\/politique\/184152-les-donnees-dindividus-a-risque-faible-seront-accessibles-par-la-police-hors-etat-durgence.html\" target=\"_blank\">libert\u00e9s individuelles<\/a>, particuli\u00e8rement si elles s\u2019appuient sur des routines informatiques. La logique technicienne s\u2019auto-alimente comme une force de production autonome, une entit\u00e9 sp\u00e9cifique d\u00e9coupl\u00e9e moralement de l\u2019humain.<\/p>\n<p>Comme un \u00e9cran de fum\u00e9e masquant l\u2019id\u00e9ologie profonde, r\u00e9pandre obsessionnellement la rh\u00e9torique du terrorisme n\u2019est nullement un amalgame ou un d\u00e9rapage verbal. Ce n\u2019est pas une gradation suppl\u00e9mentaire sur l\u2019\u00e9chelle de la r\u00e9pression, mais une mise en condition d\u2019un nouveau r\u00e9gime politique. Ce qui est nouveau, ce n\u2019est pas la nature de l\u2019ordre p\u00e9nal, mais c\u2019est de s\u2019en passer.<\/p>\n<p>C\u2019est l\u2019arbitraire technocratique de l\u2019\u00e9tat d\u2019urgence qui ne peut s\u2019accomplir sans l\u2019apport d\u2019une logique technicien qui enl\u00e8ve tout libre arbitre aussi bien pour la victime que pour le bourreau. Les drones antiterroristes et les programmes fureteurs sur Internet ob\u00e9issent aux m\u00eames algorithmes.<\/p>\n<p>La <a href=\"https:\/\/socio-anthropologie.revues.org\/1617\">th\u00e9orie du drone<\/a> d\u00e9crit cette violence \u00e0 distance, t\u00e9l\u00e9command\u00e9e, recomposant la notion de guerre en une \u00ab\u00a0chasse \u00e0 l&rsquo;homme pr\u00e9ventive\u00a0\u00bb. Pour tuer ou faire consommer, il faut d\u00e9terminer l\u2019intention avant que l\u2019acte soit commis en comparant votre comportement \u00e0 un sch\u00e9ma type. Votre pattern virtuel vous colle \u00e0 la peau de mani\u00e8re bien r\u00e9elle.<\/p>\n<p>Il s\u2019agit bien des m\u00eames m\u00e9thodes de sch\u00e9matisation qui gomment les asp\u00e9rit\u00e9s et les singularit\u00e9s individuelles pour dresser des cat\u00e9gories qui deviennent des \u00ab publics cibles \u00bb au profit d\u2019usages commerciaux ou s\u00e9curitaires.<\/p>\n<p>Les ouvrages et les films d\u2019anticipation ont \u00e9t\u00e9 les mieux \u00e0 m\u00eame de d\u00e9crire ce moment de suffocation o\u00f9 l\u2019on d\u00e9couvre que notre r\u00e9alit\u00e9 n\u2019est pas la r\u00e9alit\u00e9, mais une construction de la technologie du pouvoir. Un peu comme une cage de verre o\u00f9 l\u2019on pense \u00eatre libre tant qu\u2019on reste dans le p\u00e9rim\u00e8tre attribu\u00e9 et contre laquelle on se cogne d\u00e8s que l\u2019on exprime quelque vell\u00e9it\u00e9 d\u2019une autonomie du mouvement.<\/p>\n<p>Est-ce la radicalit\u00e9 qui nourrit le terrorisme ou au contraire une nouvelle forme de radicalit\u00e9 qui permettrait de le combattre en posant \u00e0 la fois une rupture et un enracinement. Elle peut rompre avec cette ph\u00e9nom\u00e9nologie du d\u00e9sespoir conduisant \u00e0 la tuerie suicidaire, se d\u00e9prendre du lien entre exploitation \u00e9conomique et syst\u00e8me de r\u00e9pression qui affaiblit le corps social. Quant \u00e0 l\u2019enracinement dans des territoires autonomes d\u2019exp\u00e9rimentation d\u2019une nouvelle gouvernance, il serait la meilleure r\u00e9ponse \u00e0 une virtualisation et une d\u00e9corporalisation de l\u2019individu \u00e9conomique globalis\u00e9 qu\u2019impose l\u2019ultralib\u00e9ralisme comme forme g\u00e9n\u00e9rale de la socialit\u00e9.<\/p>\n<h1><span class=\"ez-toc-section\" id=\"Contre-espaces\"><\/span><a name=\"_Toc457334151\"><\/a>Contre-espaces<span class=\"ez-toc-section-end\"><\/span><\/h1>\n<p>Les partis politiques traditionnels se montrent incapables de capter et d\u2019assimiler cette intelligence sociale des mouvements, intelligence qu\u2019ils pr\u00e9f\u00e8rent sous-trait\u00e9e aupr\u00e8s de think tanks d\u00e9fendant leurs propres int\u00e9r\u00eats de classe. Perdant leurs fonctions d\u2019encadrement et de programmation, ils sont devenus de simples coquilles vides, \u00e9curies \u00e0 candidat comme le d\u00e9nonce certains <a href=\"http:\/\/www.patriceprat.fr\/actualites\/evenements\/689-lettre-aux-militants-du-parti-socialiste.html\">d\u00e9missionnaires<\/a>.<\/p>\n<p>Le pourvoir politique devrait accepter le frottement rugueux de ces\u00a0<a href=\"http:\/\/revues.mshparisnord.org\/filigrane\/index.php?id=717\">contre-espaces<\/a>. Une g\u00e9n\u00e9ration dans une autoformation r\u00e9ciproque exp\u00e9rimente des modes de gouvernance qui participent \u00e0 une rel\u00e9gitimation de l\u2019action politique.<\/p>\n<p>Ces zones autonomes \u00e0 g\u00e9om\u00e9trie variable, enracin\u00e9es ou en rhizome, resserr\u00e9 ou en liens l\u00e2ches, empruntent aux modes d\u2019organisation et de propagation des r\u00e9seaux d\u00e9concentr\u00e9s horizontaux. Cette mani\u00e8re de faire archipel proc\u00e8de d\u2019une culture transfrontali\u00e8re. Pour cette raison ces acteurs sont les mieux arm\u00e9s pour r\u00e9pondre \u00e0 la d\u00e9structuration implosive de notre \u00e9poque dont se nourrissent aussi bien l\u2019id\u00e9ologie n\u00e9olib\u00e9rale que djihadiste. Pour cette raison \u00e9galement le logiciel nationaliste renvoie au pass\u00e9 et profite plus \u00e0 la logique r\u00e9actionnaire identitaire comme le d\u00e9montre le <a href=\"http:\/\/www.slate.fr\/story\/120089\/brexit-reaction-identitaire#xtor=RSS-2\">Brexit<\/a> qu\u2019\u00e0 la gauche radicale <a href=\"https:\/\/infokiosques.net\/lire.php?id_article=443\">citoyenniste<\/a> qui s\u2019en inspire, de M\u00e9lenchon \u00e0 Lordon. D\u2019autre part, la notion de \u00ab\u00a0peuple\u00a0\u00bb cher aux populistes reste une cat\u00e9gorie unificatrice du pouvoir.<\/p>\n<p>Ce sont dans les tous les cas des lignes de tension pour ne pas dire de fracture qui traversent les mouvements actuels. \u00c0 la mondialisation du capital et de la terreur ne peut r\u00e9pondre qu\u2019une forme \u00e0 la fois transnationale et locale. C&rsquo;est un d\u00e9passement des mouvements nationalistes et internationalistes du si\u00e8cle dernier puisqu\u2019il ne s\u2019agit plus de compiler ou de f\u00e9d\u00e9rer les cadres existants, mais d\u2019en construire de nouveaux entre globalisation de l\u2019individu et implication territoriale.<\/p>\n<p>La lutte des classes ne s\u2019estompe pas, elle \u00e9pouse de nouveaux contours. Ce qui se passe dans le monde num\u00e9rique est un bon observatoire de cette lutte entre <a href=\"https:\/\/halshs.archives-ouvertes.fr\/halshs-00226409\">capitalisme cognitif<\/a>, <a href=\"https:\/\/aligrefm.org\/programmes\/les-emissions\/liberte-sur-paroles\/emission-du-22-fevrier-2016.html\">nihilisme fasciste<\/a> et <a href=\"http:\/\/rue89.nouvelobs.com\/2011\/08\/18\/hackers-libertaires-notre-but-cest-partager-la-connaissance-218241#%21\">hacking libertaire<\/a>.<\/p>\n<p>On peut le transposer aux autres domaines de l\u2019exp\u00e9rience humaine pour essayer de d\u00e9finir ce que serait une \u00ab\u00a0politique de la multitude\u00a0\u00bb renouvelant les traditions communistes et anarcho-syndicaliste r\u00e9volutionariste. Les \u00ab <a href=\"http:\/\/www.regards.fr\/web\/article\/les-nouveaux-lanceurs-d-alerte\">lanceurs d\u2019alerte<\/a> \u00bb sont une autre expression moderne de cette dissidence. La r\u00e9surgence de la notion des \u00ab\u00a0<a href=\"http:\/\/www.sinemensuel.com\/dossier\/les-communs-une-nouvelle-voie-revolutionnaire\/\">communs\u00a0<\/a>\u00bb comme ressources partageables en acc\u00e8s libre entre l\u2019\u00e9conomie priv\u00e9e et publique selon un mod\u00e8le de gouvernance collective est aussi symptomatique de la recherche d\u2019alternative.<\/p>\n","protected":false},"excerpt":{"rendered":"<p>Combattre le feu par le feu Le renouvellement en quasi-simultan\u00e9it\u00e9 par le parlement de la proc\u00e9dure du 49.3 sur la loi travail et de l\u2019\u00e9tat d\u2019urgence sur une p\u00e9riode de 6 mois n\u2019est pas d\u00fb au simple t\u00e9lescopage d\u2019un calendrier dramatique, c\u2019est la nature m\u00eame de cette concomitance qui conduit \u00e0 &hellip; <\/p>\n","protected":false},"author":1,"featured_media":1612,"comment_status":"open","ping_status":"open","sticky":false,"template":"","format":"standard","meta":{"h5ap_radio_sources":[],"jetpack_post_was_ever_published":false,"_jetpack_newsletter_access":"","_jetpack_dont_email_post_to_subs":false,"_jetpack_newsletter_tier_id":0,"_jetpack_memberships_contains_paywalled_content":false,"_jetpack_memberships_contains_paid_content":false,"footnotes":"","jetpack_publicize_message":"","jetpack_publicize_feature_enabled":true,"jetpack_social_post_already_shared":true,"jetpack_social_options":{"image_generator_settings":{"template":"highway","default_image_id":0,"font":"","enabled":false},"version":2},"_links_to":"","_links_to_target":""},"categories":[2],"tags":[],"class_list":["post-1635","post","type-post","status-publish","format-standard","has-post-thumbnail","hentry","category-article"],"jetpack_publicize_connections":[],"jetpack_featured_media_url":"https:\/\/recherche-action.fr\/hugues-bazin\/wp-content\/uploads\/sites\/2\/2016\/07\/13495570_1021710951245407_7170852194447228113_o.jpg","jetpack_sharing_enabled":true,"jetpack_shortlink":"https:\/\/wp.me\/p2QGRI-qn","post_mailing_queue_ids":[],"_links":{"self":[{"href":"https:\/\/recherche-action.fr\/hugues-bazin\/wp-json\/wp\/v2\/posts\/1635","targetHints":{"allow":["GET"]}}],"collection":[{"href":"https:\/\/recherche-action.fr\/hugues-bazin\/wp-json\/wp\/v2\/posts"}],"about":[{"href":"https:\/\/recherche-action.fr\/hugues-bazin\/wp-json\/wp\/v2\/types\/post"}],"author":[{"embeddable":true,"href":"https:\/\/recherche-action.fr\/hugues-bazin\/wp-json\/wp\/v2\/users\/1"}],"replies":[{"embeddable":true,"href":"https:\/\/recherche-action.fr\/hugues-bazin\/wp-json\/wp\/v2\/comments?post=1635"}],"version-history":[{"count":8,"href":"https:\/\/recherche-action.fr\/hugues-bazin\/wp-json\/wp\/v2\/posts\/1635\/revisions"}],"predecessor-version":[{"id":1643,"href":"https:\/\/recherche-action.fr\/hugues-bazin\/wp-json\/wp\/v2\/posts\/1635\/revisions\/1643"}],"wp:featuredmedia":[{"embeddable":true,"href":"https:\/\/recherche-action.fr\/hugues-bazin\/wp-json\/wp\/v2\/media\/1612"}],"wp:attachment":[{"href":"https:\/\/recherche-action.fr\/hugues-bazin\/wp-json\/wp\/v2\/media?parent=1635"}],"wp:term":[{"taxonomy":"category","embeddable":true,"href":"https:\/\/recherche-action.fr\/hugues-bazin\/wp-json\/wp\/v2\/categories?post=1635"},{"taxonomy":"post_tag","embeddable":true,"href":"https:\/\/recherche-action.fr\/hugues-bazin\/wp-json\/wp\/v2\/tags?post=1635"}],"curies":[{"name":"wp","href":"https:\/\/api.w.org\/{rel}","templated":true}]}}