{"id":1758,"date":"2017-01-23T13:47:30","date_gmt":"2017-01-23T12:47:30","guid":{"rendered":"http:\/\/recherche-action.fr\/hugues-bazin\/?p=1758"},"modified":"2017-01-23T13:47:30","modified_gmt":"2017-01-23T12:47:30","slug":"sociologie-des-pratiques-urbaines-reims","status":"publish","type":"post","link":"https:\/\/recherche-action.fr\/hugues-bazin\/2017\/01\/23\/sociologie-des-pratiques-urbaines-reims\/","title":{"rendered":"Sociologie des pratiques urbaines (Reims)"},"content":{"rendered":"<p>Cette rencontre <strong>le jeudi 25 Janvier 2017de 13h \u00e0 19h, <\/strong><strong><a href=\"http:\/\/www.quartierlibre-reims.com\/\" target=\"_blank\" rel=\"noopener noreferrer nofollow\">Quartier Libre<\/a>&#8211; <em>Espace collectif et cr\u00e9atif<\/em>, 12 rue Filles Dieu, 5100 Reims,<\/strong> a pour but de pr\u00e9senter les donn\u00e9es r\u00e9colt\u00e9es lors de cette \u00e9tude\/recensement, nous permettra \u00e9galement d\u2019avoir un regard et une analyse historique et sociologique autour des pratiques urbaines par la pr\u00e9sence de Hugues Bazin (chercheur et fondateur du laboratoire d&rsquo;exp\u00e9rimentations sociale et culturelle recherche-action.fr) et Thomas Blondeau (journaliste aux Inrocks et sp\u00e9cialiste de la culture Hip Hop) et vous permettra de rencontrer des profils p\u00e9pites oeuvrant dans les cultures urbaines \u00e0 l\u2019\u00e9chelle de la r\u00e9gion.:<\/p>\n<ul>\n<li>Julien Colinet, MJC Calonne, Sedan<\/li>\n<li>Ismael Taggae, danseur, Reims<\/li>\n<li>RESFE, graphiste et arts visuels, Paris<\/li>\n<li>Raphael Chiquet, champion du monde de BMX flat 2009, Epernay<\/li>\n<li>Guillaume Bri\u00e8re, The Shoes, producteur, Reims<\/li>\n<li>IEMZA, street artist, Reims<\/li>\n<\/ul>\n<p><a href=\"https:\/\/recherche-action.fr\/hugues-bazin\/wp-content\/uploads\/sites\/2\/2017\/01\/ql.jpg\"><img fetchpriority=\"high\" decoding=\"async\" class=\"alignright size-large wp-image-1760\" src=\"https:\/\/recherche-action.fr\/hugues-bazin\/wp-content\/uploads\/sites\/2\/2017\/01\/ql-1024x390.jpg\" alt=\"\" width=\"600\" height=\"229\" srcset=\"https:\/\/recherche-action.fr\/hugues-bazin\/wp-content\/uploads\/sites\/2\/2017\/01\/ql-1024x390.jpg 1024w, https:\/\/recherche-action.fr\/hugues-bazin\/wp-content\/uploads\/sites\/2\/2017\/01\/ql-300x114.jpg 300w, https:\/\/recherche-action.fr\/hugues-bazin\/wp-content\/uploads\/sites\/2\/2017\/01\/ql-768x292.jpg 768w, https:\/\/recherche-action.fr\/hugues-bazin\/wp-content\/uploads\/sites\/2\/2017\/01\/ql-720x274.jpg 720w\" sizes=\"(max-width: 600px) 100vw, 600px\" \/><\/a><\/p>\n<p>Cet apr\u00e8s midi se d\u00e9roulera en plusieurs temps :<\/p>\n<ul>\n<li>Accueil<\/li>\n<li>Pr\u00e9sentation de Quartier Libre &#8211; espace collectif et cr\u00e9atif<\/li>\n<li>Pr\u00e9sentation des donn\u00e9es issues de l\u2019\u00e9tude\/recensement et les limites constat\u00e9es ;<\/li>\n<li>Intervention crois\u00e9es de Hugues Bazin et de Thomas Blondeau<\/li>\n<li>Speed meeting, rencontre des profils p\u00e9pites r\u00e9gionales oeuvrant dans les cultures urbaines<\/li>\n<li>Conclusion et prises de paroles officielles<\/li>\n<li>Temps de convivialit\u00e9<\/li>\n<\/ul>\n<p>L\u2019association Velours et ses partenaires, la Direction R\u00e9gionale de la Jeunesse, des Sports et de Coh\u00e9sion Sociale ainsi que la Direction R\u00e9gionale de Affaire Culturelles, vous invitent \u00e0 la rencontre autour de l\u2019\u00e9tude\/recensement des pratiques urbaines en r\u00e9gion Champagne Ardenne qui a d\u00e9but\u00e9 en 2015 et s&rsquo;est finalis\u00e9e au printemps 2016..<\/p>\n<p>&nbsp;<\/p>\n<p>&nbsp;<\/p>\n<p>Pour toutes questions contactez le : 06.31.76.57.75<\/p>\n<div id=\"s3gt_translate_tooltip\" class=\"s3gt_translate_tooltip\" style=\"position: absolute; left: 464px; top: 628px; opacity: 0;\">\n<div id=\"s3gt_translate_tooltip_mini_logo\" class=\"s3gt_translate_tooltip_mini\" title=\"Traduire le texte s\u00e9lectionn\u00e9\"><\/div>\n<div id=\"s3gt_translate_tooltip_mini_sound\" class=\"s3gt_translate_tooltip_mini\" title=\"Lecture\"><\/div>\n<div id=\"s3gt_translate_tooltip_mini_copy\" class=\"s3gt_translate_tooltip_mini\" title=\"Copier le texte dans le presse-papiers\"><\/div>\n<\/div>\n","protected":false},"excerpt":{"rendered":"<p>Cette rencontre le jeudi 25 Janvier 2017de 13h \u00e0 19h, Quartier Libre&#8211; Espace collectif et cr\u00e9atif, 12 rue Filles Dieu, 5100 Reims, a pour but de pr\u00e9senter les donn\u00e9es r\u00e9colt\u00e9es lors de cette \u00e9tude\/recensement, nous permettra \u00e9galement d\u2019avoir un regard et une analyse historique et sociologique autour des pratiques urbaines par &hellip; <\/p>\n","protected":false},"author":1,"featured_media":1760,"comment_status":"open","ping_status":"open","sticky":false,"template":"","format":"standard","meta":{"h5ap_radio_sources":[],"jetpack_post_was_ever_published":false,"_jetpack_newsletter_access":"","_jetpack_dont_email_post_to_subs":false,"_jetpack_newsletter_tier_id":0,"_jetpack_memberships_contains_paywalled_content":false,"_jetpack_memberships_contains_paid_content":false,"footnotes":"","jetpack_publicize_message":"","jetpack_publicize_feature_enabled":true,"jetpack_social_post_already_shared":true,"jetpack_social_options":{"image_generator_settings":{"template":"highway","default_image_id":0,"font":"","enabled":false},"version":2},"_links_to":"","_links_to_target":""},"categories":[3],"tags":[5,12,29,31,75,95],"class_list":["post-1758","post","type-post","status-publish","format-standard","has-post-thumbnail","hentry","category-intervention","tag-action-culturelle","tag-art-social","tag-cultures-urbaines","tag-developpement-culturel","tag-quartier","tag-ville"],"jetpack_publicize_connections":[],"jetpack_featured_media_url":"https:\/\/recherche-action.fr\/hugues-bazin\/wp-content\/uploads\/sites\/2\/2017\/01\/ql.jpg","jetpack_sharing_enabled":true,"jetpack_shortlink":"https:\/\/wp.me\/p2QGRI-sm","post_mailing_queue_ids":[],"_links":{"self":[{"href":"https:\/\/recherche-action.fr\/hugues-bazin\/wp-json\/wp\/v2\/posts\/1758","targetHints":{"allow":["GET"]}}],"collection":[{"href":"https:\/\/recherche-action.fr\/hugues-bazin\/wp-json\/wp\/v2\/posts"}],"about":[{"href":"https:\/\/recherche-action.fr\/hugues-bazin\/wp-json\/wp\/v2\/types\/post"}],"author":[{"embeddable":true,"href":"https:\/\/recherche-action.fr\/hugues-bazin\/wp-json\/wp\/v2\/users\/1"}],"replies":[{"embeddable":true,"href":"https:\/\/recherche-action.fr\/hugues-bazin\/wp-json\/wp\/v2\/comments?post=1758"}],"version-history":[{"count":2,"href":"https:\/\/recherche-action.fr\/hugues-bazin\/wp-json\/wp\/v2\/posts\/1758\/revisions"}],"predecessor-version":[{"id":1761,"href":"https:\/\/recherche-action.fr\/hugues-bazin\/wp-json\/wp\/v2\/posts\/1758\/revisions\/1761"}],"wp:featuredmedia":[{"embeddable":true,"href":"https:\/\/recherche-action.fr\/hugues-bazin\/wp-json\/wp\/v2\/media\/1760"}],"wp:attachment":[{"href":"https:\/\/recherche-action.fr\/hugues-bazin\/wp-json\/wp\/v2\/media?parent=1758"}],"wp:term":[{"taxonomy":"category","embeddable":true,"href":"https:\/\/recherche-action.fr\/hugues-bazin\/wp-json\/wp\/v2\/categories?post=1758"},{"taxonomy":"post_tag","embeddable":true,"href":"https:\/\/recherche-action.fr\/hugues-bazin\/wp-json\/wp\/v2\/tags?post=1758"}],"curies":[{"name":"wp","href":"https:\/\/api.w.org\/{rel}","templated":true}]}}