{"id":1846,"date":"2017-04-26T10:27:17","date_gmt":"2017-04-26T08:27:17","guid":{"rendered":"http:\/\/recherche-action.fr\/hugues-bazin\/?p=1846"},"modified":"2017-04-26T13:50:55","modified_gmt":"2017-04-26T11:50:55","slug":"rencontre-debat-sur-le-rapport-au-travail-qui-nous-travaille-paris","status":"publish","type":"post","link":"https:\/\/recherche-action.fr\/hugues-bazin\/2017\/04\/26\/rencontre-debat-sur-le-rapport-au-travail-qui-nous-travaille-paris\/","title":{"rendered":"Rencontre-d\u00e9bat sur \u00ab le rapport au travail qui nous travaille \u00bb (Paris)"},"content":{"rendered":"<p style=\"text-align: center;\">Rencontre-d\u00e9bat sur \u00ab le rapport au travail qui nous travaille \u00bb<br \/>\ndans le cadre des \u00e9changes du Centre de Ressources Interprofessionnel (CRI)*<\/p>\n<p style=\"text-align: center;\"><a href=\"https:\/\/recherche-action.fr\/hugues-bazin\/wp-content\/uploads\/sites\/2\/2017\/04\/Kyste2-1024x724.jpg\"><img fetchpriority=\"high\" decoding=\"async\" class=\"size-medium wp-image-1848 aligncenter\" src=\"https:\/\/recherche-action.fr\/hugues-bazin\/wp-content\/uploads\/sites\/2\/2017\/04\/Kyste2-1024x724-300x212.jpg\" alt=\"\" width=\"300\" height=\"212\" srcset=\"https:\/\/recherche-action.fr\/hugues-bazin\/wp-content\/uploads\/sites\/2\/2017\/04\/Kyste2-1024x724-300x212.jpg 300w, https:\/\/recherche-action.fr\/hugues-bazin\/wp-content\/uploads\/sites\/2\/2017\/04\/Kyste2-1024x724-768x543.jpg 768w, https:\/\/recherche-action.fr\/hugues-bazin\/wp-content\/uploads\/sites\/2\/2017\/04\/Kyste2-1024x724.jpg 1024w, https:\/\/recherche-action.fr\/hugues-bazin\/wp-content\/uploads\/sites\/2\/2017\/04\/Kyste2-1024x724-720x509.jpg 720w\" sizes=\"(max-width: 300px) 100vw, 300px\" \/><\/a>Jeudi 4 mai 18h30<br \/>\ndans les locaux de Culture et Libert\u00e9, 5 Rue Saint-Vincent de Paul, 75010 Paris &#8211; M\u00b0 Gare du Nord<\/p>\n<p style=\"text-align: center;\">Autour de l\u2019exp\u00e9rience d\u2019un atelier de recherche-action<br \/>\n\u00ab\u00a0A quoi sert le cycle travail ?\u00a0\u00bb conduit dans le Limousin.<\/p>\n<p style=\"text-align: left;\">Cet espace original par les situations abord\u00e9es, la diversit\u00e9 des acteurs concern\u00e9es, la d\u00e9marche collective suscit\u00e9e, la m\u00e9thodologie employ\u00e9e. Un espace d\u2019autoformation o\u00f9 l\u2019on met en r\u00e9sonance, en d\u00e9bat, nos v\u00e9cus du travail et nos recherches. C\u2019est un temps o\u00f9 l\u2019on s\u2019alimente, o\u00f9 l\u2019on s\u2019outille pour mieux comprendre ce qu\u2019il se joue dans nos entreprises, nos associations, nos collectivit\u00e9s, nos communaut\u00e9s\u2026 Tout l\u2019enjeu est de cr\u00e9er un espace hors du temps de travail pour mieux le transformer. Provoquer une rencontre entre des milieux qui ont un rapport au travail diff\u00e9rent (travailleurs, ch\u00f4meurs, retrait\u00e9s\u2026) et de les faire interagir, dans un autre lieu que celui de l\u2019entreprise.<\/p>\n<p>En pr\u00e9sence de Nicolas Guerrier et Hugues Bazin, co-fondateurs du Laboratoire d&rsquo;Innovation Sociale par la Recherche-Action<\/p>\n<p>Supports web en relation : <a href=\"http:\/\/autographie.org\/cycletravail\/\" target=\"_blank\" rel=\"noopener noreferrer\">http:\/\/autographie.org\/cycletravail\/<\/a> &#8211; <a href=\"http:\/\/recherche-action.fr\/parcours-bruts\/\" target=\"_blank\" rel=\"noopener noreferrer\">http:\/\/recherche-action.fr\/parcours-bruts\/<\/a> &#8211; <a href=\"http:\/\/recherche-action.fr\/labo-social\/\" target=\"_blank\" rel=\"noopener noreferrer\">http:\/\/recherche-action.fr\/labo-social\/<\/a><\/p>\n<p>* Le CRI se veut \u00eatre un outil dans le champ du travail qui associe militants syndicaux, de l&rsquo;\u00e9ducation populaire, de la recherche et de la culture ; un outil au service de la solidarit\u00e9, de la coop\u00e9ration, de l\u2019entraide, de l\u2019\u00e9mancipation, de pratiques alternatives, de la mutualisation par et pour l\u2019action collective. Le CRI est un projet utopiste et pragmatique dans la lign\u00e9e des Bourses du Travail, celles d\u2019hier, pas pour vivre dans le pass\u00e9 mais pour agir aujourd\u2019hui et dans l\u2019avenir.<\/p>\n<p>Information \/ inscription : Gilles SERT &lt;Gilles.Sert@cultureetliberte.org&gt; &#8211; 01.84.83.05.76<\/p>\n","protected":false},"excerpt":{"rendered":"<p>Rencontre-d\u00e9bat sur \u00ab le rapport au travail qui nous travaille \u00bb dans le cadre des \u00e9changes du Centre de Ressources Interprofessionnel (CRI)* Jeudi 4 mai 18h30 dans les locaux de Culture et Libert\u00e9, 5 Rue Saint-Vincent de Paul, 75010 Paris &#8211; M\u00b0 Gare du Nord Autour de l\u2019exp\u00e9rience d\u2019un atelier de &hellip; <\/p>\n","protected":false},"author":1,"featured_media":1848,"comment_status":"open","ping_status":"open","sticky":false,"template":"","format":"standard","meta":{"h5ap_radio_sources":[],"jetpack_post_was_ever_published":false,"_jetpack_newsletter_access":"","_jetpack_dont_email_post_to_subs":false,"_jetpack_newsletter_tier_id":0,"_jetpack_memberships_contains_paywalled_content":false,"_jetpack_memberships_contains_paid_content":false,"footnotes":"","jetpack_publicize_message":"","jetpack_publicize_feature_enabled":true,"jetpack_social_post_already_shared":true,"jetpack_social_options":{"image_generator_settings":{"template":"highway","default_image_id":0,"font":"","enabled":false},"version":2},"_links_to":"","_links_to_target":""},"categories":[3],"tags":[36,39,57,58,78,101],"class_list":["post-1846","post","type-post","status-publish","format-standard","has-post-thumbnail","hentry","category-intervention","tag-economie","tag-education-populaire","tag-laboratoire-social","tag-limousin","tag-recherche-action","tag-travail"],"jetpack_publicize_connections":[],"jetpack_featured_media_url":"https:\/\/recherche-action.fr\/hugues-bazin\/wp-content\/uploads\/sites\/2\/2017\/04\/Kyste2-1024x724.jpg","jetpack_sharing_enabled":true,"jetpack_shortlink":"https:\/\/wp.me\/p2QGRI-tM","post_mailing_queue_ids":[],"_links":{"self":[{"href":"https:\/\/recherche-action.fr\/hugues-bazin\/wp-json\/wp\/v2\/posts\/1846","targetHints":{"allow":["GET"]}}],"collection":[{"href":"https:\/\/recherche-action.fr\/hugues-bazin\/wp-json\/wp\/v2\/posts"}],"about":[{"href":"https:\/\/recherche-action.fr\/hugues-bazin\/wp-json\/wp\/v2\/types\/post"}],"author":[{"embeddable":true,"href":"https:\/\/recherche-action.fr\/hugues-bazin\/wp-json\/wp\/v2\/users\/1"}],"replies":[{"embeddable":true,"href":"https:\/\/recherche-action.fr\/hugues-bazin\/wp-json\/wp\/v2\/comments?post=1846"}],"version-history":[{"count":7,"href":"https:\/\/recherche-action.fr\/hugues-bazin\/wp-json\/wp\/v2\/posts\/1846\/revisions"}],"predecessor-version":[{"id":1854,"href":"https:\/\/recherche-action.fr\/hugues-bazin\/wp-json\/wp\/v2\/posts\/1846\/revisions\/1854"}],"wp:featuredmedia":[{"embeddable":true,"href":"https:\/\/recherche-action.fr\/hugues-bazin\/wp-json\/wp\/v2\/media\/1848"}],"wp:attachment":[{"href":"https:\/\/recherche-action.fr\/hugues-bazin\/wp-json\/wp\/v2\/media?parent=1846"}],"wp:term":[{"taxonomy":"category","embeddable":true,"href":"https:\/\/recherche-action.fr\/hugues-bazin\/wp-json\/wp\/v2\/categories?post=1846"},{"taxonomy":"post_tag","embeddable":true,"href":"https:\/\/recherche-action.fr\/hugues-bazin\/wp-json\/wp\/v2\/tags?post=1846"}],"curies":[{"name":"wp","href":"https:\/\/api.w.org\/{rel}","templated":true}]}}