{"id":1858,"date":"2017-05-01T10:19:22","date_gmt":"2017-05-01T08:19:22","guid":{"rendered":"http:\/\/recherche-action.fr\/hugues-bazin\/?p=1858"},"modified":"2017-05-01T10:19:22","modified_gmt":"2017-05-01T08:19:22","slug":"liberte-de-penser-penser-la-liberte-pour-la-creativite-des-territoires-poitiers","status":"publish","type":"post","link":"https:\/\/recherche-action.fr\/hugues-bazin\/2017\/05\/01\/liberte-de-penser-penser-la-liberte-pour-la-creativite-des-territoires-poitiers\/","title":{"rendered":"Libert\u00e9 de penser, penser la libert\u00e9 pour la cr\u00e9ativit\u00e9 des territoires (Poitiers)"},"content":{"rendered":"<p>Table ronde au parc des expositions de Poitiers, 24 Mai 2017 \u00e0 14 h 30<br \/>\nParc des expositions, 11 Rue Salvador Allende, 86000 Poitiers<\/p>\n<div>\n<p>Dans le cadre de la Foire-Exposition de Poitiers qui aura lieu du 20 au 28 mai 2017, l\u2019<a href=\"https:\/\/emf.fr\/25317\/liberte-de-penser-penser-la-liberte-pour-la-creativite-des-territoires-table-ronde-au-parc-des-expositions-de-poitiers\/\" target=\"_blank\" rel=\"noopener noreferrer\">Espace Mend\u00e8s France<\/a> organise une table-ronde Cr\u00e9ativit\u00e9 et Territoires. Elle traitera le th\u00e8me de la libert\u00e9 de penser, quelles sont les conditions n\u00e9cessaires \u00e0 l\u2019exercice indispensable de cette libert\u00e9 de nos jours ?<\/p>\n<p><a href=\"https:\/\/recherche-action.fr\/hugues-bazin\/wp-content\/uploads\/sites\/2\/2017\/05\/europe-1960.jpg\"><img fetchpriority=\"high\" decoding=\"async\" class=\"aligncenter wp-image-1859 size-full\" src=\"https:\/\/recherche-action.fr\/hugues-bazin\/wp-content\/uploads\/sites\/2\/2017\/05\/europe-1960.jpg\" alt=\"\" width=\"1000\" height=\"835\" srcset=\"https:\/\/recherche-action.fr\/hugues-bazin\/wp-content\/uploads\/sites\/2\/2017\/05\/europe-1960.jpg 1000w, https:\/\/recherche-action.fr\/hugues-bazin\/wp-content\/uploads\/sites\/2\/2017\/05\/europe-1960-300x251.jpg 300w, https:\/\/recherche-action.fr\/hugues-bazin\/wp-content\/uploads\/sites\/2\/2017\/05\/europe-1960-768x641.jpg 768w, https:\/\/recherche-action.fr\/hugues-bazin\/wp-content\/uploads\/sites\/2\/2017\/05\/europe-1960-720x601.jpg 720w\" sizes=\"(max-width: 1000px) 100vw, 1000px\" \/><\/a>Elle\u00a0mobilisera diff\u00e9rents intervenants philosophiques sur le th\u00e8me de la libert\u00e9, et, ayant des pratiques de \u00ab\u00a0vulgarisation philosophique\u00a0\u00bb dans des espaces novateurs : Rando-Philo, Philo \u00e0 l\u2019\u00e9cole, Philo dans l\u2019entreprise, Cin\u00e9-Philo, Philosophe en r\u00e9sidence, Rock and roll-Philo, origine antique de la philo\u2026<\/p>\n<p>Pour vous inscrire, remplissez <a href=\"https:\/\/creator.zoho.com\/emf_poitiers\/inscriptions\/form-perma\/Inscriptions\/ref=TableRondeLiberte\" target=\"_blank\" rel=\"noopener noreferrer\">le formulaire<\/a>.<\/p>\n<p>Cette table ronde sera anim\u00e9e par <strong>Pierre P\u00e9rot<\/strong>, sociologue urbaniste et conseiller scientifique \u00e0 l\u2019Espace Mend\u00e8s France.<\/p>\n<p>Avec l\u2019intervention de :<\/p>\n<ul>\n<li style=\"list-style-type: none;\">\n<ul>\n<li><strong>Daniel Ramir\u00e8z<\/strong>, philosophe, musicien, conf\u00e9rencier et \u00e9crivain, traitera du th\u00e8me \u00ab\u00a0les possibilit\u00e9s d\u2019une libert\u00e9 effective dans la soci\u00e9t\u00e9 d\u2019aujourd\u2019hui\u00a0\u00bb\u00a0;<\/li>\n<li><strong>Pierre L\u00e9outre<\/strong>, pr\u00e9sident de l\u2019<a href=\"http:\/\/pierre.leoutre.free.fr\/\" target=\"_blank\" rel=\"noopener noreferrer\">association culturelle \u00ab\u00a0Le 122\u00a0\u00bb<\/a>, interviendra sur \u00ab\u00a0Libert\u00e9 et \u00e9mancipation\u00a0\u00bb dans la pens\u00e9e de Michel Foucault ;<\/li>\n<li><strong>Jean-Pierre Bianchi<\/strong>, <a href=\"http:\/\/philolabasso.ning.com\/profile\/JeanPierreBIANCHI\" target=\"_blank\" rel=\"noopener noreferrer\">\u00e9crivain et pr\u00e9sident de PHILOLAB <\/a>;<\/li>\n<li><strong>Hugues Bazin<\/strong>,<a href=\"https:\/\/recherche-action.fr\/hugues-bazin\/presentation-de-lauteur\/\" target=\"_blank\" rel=\"noopener noreferrer\"> Chercheur ind\u00e9pendant en sciences sociales<\/a>, animateur du <a href=\"http:\/\/recherche-action.fr\/\" target=\"_blank\" rel=\"noopener noreferrer\">Laboratoire d\u2019Innovation Sociale par la Recherche-Action<\/a>, chercheur associ\u00e9 \u00e0 la <a href=\"http:\/\/www.mshparisnord.fr\/\" target=\"_blank\" rel=\"noopener noreferrer\">Maison des Sciences de l\u2019Homme Paris-Nord<\/a> traitera du th\u00e8me : \u00ab D\u00e9prendre de soi-m\u00eame et des territoires pour reprendre une libert\u00e9, constitution d\u2019un tiers espace par la recherche-action \u00bb;<\/li>\n<li><strong>Vincent Citot<\/strong>, <a href=\"https:\/\/vincentcitot.wordpress.com\/\" target=\"_blank\" rel=\"noopener noreferrer\">philosophe<\/a>, fondateur et directeur de la <a href=\"https:\/\/lephilosophoire.wordpress.com\/\" target=\"_blank\" rel=\"noopener noreferrer\">revue\u00a0<em>Le Philosophoire<\/em><\/a>, traitera du th\u00e8me de la \u00ab\u00a0cr\u00e9ativit\u00e9 philosophique et recherche universitaire\u00a0\u00bb.<\/li>\n<\/ul>\n<\/li>\n<\/ul>\n<p><strong>Pour tous renseignements :<\/strong><br \/>\nJacky Denieul, conseiller Cr\u00e9ativit\u00e9 et territoires<br \/>\nEspace Mend\u00e8s France \u2013 Poitiers, CCSTI Nouvelle-Aquitaine<br \/>\n1 pl. de la Cath\u00e9drale \u2013 CS80964 \u2013 86038 Poitiers<br \/>\n<a href=\"https:\/\/www.facebook.com\/creativiteterritoires\" target=\"_blank\" rel=\"noopener noreferrer\">http:\/\/creativite-et-territoires.org<br \/>\nhttps:\/\/www.facebook.com\/creativiteterritoires<\/a><\/p>\n<p>Tel : 05 49 11 96 81 \u2013 fax 05 49 41 38 56 \u2013 Port : 06 81 54 62 24 \u2013 jacky.denieul@emf.ccsti.eu<\/p>\n<\/div>\n","protected":false},"excerpt":{"rendered":"<p>Table ronde au parc des expositions de Poitiers, 24 Mai 2017 \u00e0 14 h 30 Parc des expositions, 11 Rue Salvador Allende, 86000 Poitiers Dans le cadre de la Foire-Exposition de Poitiers qui aura lieu du 20 au 28 mai 2017, l\u2019Espace Mend\u00e8s France organise une table-ronde Cr\u00e9ativit\u00e9 et Territoires. Elle &hellip; <\/p>\n","protected":false},"author":1,"featured_media":1859,"comment_status":"open","ping_status":"open","sticky":false,"template":"","format":"standard","meta":{"h5ap_radio_sources":[],"jetpack_post_was_ever_published":false,"_jetpack_newsletter_access":"","_jetpack_dont_email_post_to_subs":false,"_jetpack_newsletter_tier_id":0,"_jetpack_memberships_contains_paywalled_content":false,"_jetpack_memberships_contains_paid_content":false,"footnotes":"","jetpack_publicize_message":"","jetpack_publicize_feature_enabled":true,"jetpack_social_post_already_shared":true,"jetpack_social_options":{"image_generator_settings":{"template":"highway","default_image_id":0,"font":"","enabled":false},"version":2},"_links_to":"","_links_to_target":""},"categories":[3],"tags":[18,26,78,83,87,90],"class_list":["post-1858","post","type-post","status-publish","format-standard","has-post-thumbnail","hentry","category-intervention","tag-biens-communs-espace-public","tag-complexite","tag-recherche-action","tag-sciencces-sociales","tag-territoire","tag-tiers-espace"],"jetpack_publicize_connections":[],"jetpack_featured_media_url":"https:\/\/recherche-action.fr\/hugues-bazin\/wp-content\/uploads\/sites\/2\/2017\/05\/europe-1960.jpg","jetpack_sharing_enabled":true,"jetpack_shortlink":"https:\/\/wp.me\/p2QGRI-tY","post_mailing_queue_ids":[],"_links":{"self":[{"href":"https:\/\/recherche-action.fr\/hugues-bazin\/wp-json\/wp\/v2\/posts\/1858","targetHints":{"allow":["GET"]}}],"collection":[{"href":"https:\/\/recherche-action.fr\/hugues-bazin\/wp-json\/wp\/v2\/posts"}],"about":[{"href":"https:\/\/recherche-action.fr\/hugues-bazin\/wp-json\/wp\/v2\/types\/post"}],"author":[{"embeddable":true,"href":"https:\/\/recherche-action.fr\/hugues-bazin\/wp-json\/wp\/v2\/users\/1"}],"replies":[{"embeddable":true,"href":"https:\/\/recherche-action.fr\/hugues-bazin\/wp-json\/wp\/v2\/comments?post=1858"}],"version-history":[{"count":1,"href":"https:\/\/recherche-action.fr\/hugues-bazin\/wp-json\/wp\/v2\/posts\/1858\/revisions"}],"predecessor-version":[{"id":1860,"href":"https:\/\/recherche-action.fr\/hugues-bazin\/wp-json\/wp\/v2\/posts\/1858\/revisions\/1860"}],"wp:featuredmedia":[{"embeddable":true,"href":"https:\/\/recherche-action.fr\/hugues-bazin\/wp-json\/wp\/v2\/media\/1859"}],"wp:attachment":[{"href":"https:\/\/recherche-action.fr\/hugues-bazin\/wp-json\/wp\/v2\/media?parent=1858"}],"wp:term":[{"taxonomy":"category","embeddable":true,"href":"https:\/\/recherche-action.fr\/hugues-bazin\/wp-json\/wp\/v2\/categories?post=1858"},{"taxonomy":"post_tag","embeddable":true,"href":"https:\/\/recherche-action.fr\/hugues-bazin\/wp-json\/wp\/v2\/tags?post=1858"}],"curies":[{"name":"wp","href":"https:\/\/api.w.org\/{rel}","templated":true}]}}