{"id":1864,"date":"2017-05-02T16:07:19","date_gmt":"2017-05-02T14:07:19","guid":{"rendered":"http:\/\/recherche-action.fr\/hugues-bazin\/?p=1864"},"modified":"2017-05-02T16:26:52","modified_gmt":"2017-05-02T14:26:52","slug":"mediation-de-la-forme-et-de-loeuvre-entre-education-populaire-et-action-culturelle-metz","status":"publish","type":"post","link":"https:\/\/recherche-action.fr\/hugues-bazin\/2017\/05\/02\/mediation-de-la-forme-et-de-loeuvre-entre-education-populaire-et-action-culturelle-metz\/","title":{"rendered":"M\u00e9diation de la forme et de l\u2019\u0153uvre entre \u00e9ducation populaire et action culturelle (Metz)"},"content":{"rendered":"<div id=\"ez-toc-container\" class=\"ez-toc-v2_0_82_2 counter-hierarchy ez-toc-counter ez-toc-transparent ez-toc-container-direction\">\n<div class=\"ez-toc-title-container\">\n<p class=\"ez-toc-title\" style=\"cursor:inherit\">Sommaire<\/p>\n<span class=\"ez-toc-title-toggle\"><\/span><\/div>\n<nav><ul class='ez-toc-list ez-toc-list-level-1 ' ><li class='ez-toc-page-1 ez-toc-heading-level-2'><a class=\"ez-toc-link ez-toc-heading-1\" href=\"https:\/\/recherche-action.fr\/hugues-bazin\/2017\/05\/02\/mediation-de-la-forme-et-de-loeuvre-entre-education-populaire-et-action-culturelle-metz\/#MATINEE\" >MATIN\u00c9E<\/a><\/li><li class='ez-toc-page-1 ez-toc-heading-level-2'><a class=\"ez-toc-link ez-toc-heading-2\" href=\"https:\/\/recherche-action.fr\/hugues-bazin\/2017\/05\/02\/mediation-de-la-forme-et-de-loeuvre-entre-education-populaire-et-action-culturelle-metz\/#APRES-MIDI_Reservee_aux_professionels_de_la_mediation_et_concernes\" >APR\u00c8S-MIDI \/ R\u00e9serv\u00e9e aux professionels de la m\u00e9diation et concern\u00e9s<\/a><\/li><\/ul><\/nav><\/div>\n<p style=\"text-align: center;\">Conf\u00e9rence-d\u00e9bat dans le cadre des rencontres de la m\u00e9diations<br \/>\ndu Lorraine R\u00e9seau Art contemporain (LoRA)<\/p>\n<p style=\"text-align: center;\">vendredi 19 mai 2017 9h30<br \/>\n\u00e0 la Maison de la Culture et des Loisirs, 36 rue Saint-Marcel-57000 Metz<\/p>\n<h2><span class=\"ez-toc-section\" id=\"MATINEE\"><\/span>MATIN\u00c9E<span class=\"ez-toc-section-end\"><\/span><\/h2>\n<p>R\u00e9servation conseill\u00e9e (contact@lora.fr\/ 06 43 83 65 50)<\/p>\n<p><strong>9h30 &#8211; 10h : Accueil<\/strong><\/p>\n<p><strong>10h &#8211; 11h : Introduction et conf\u00e9rence <\/strong>Pierre Waerckerl\u00e9 &#8211; Directeur de la MCL<\/p>\n<p><strong>11h &#8211; 12h : Conf\u00e9rence et d\u00e9bat<\/strong><\/p>\n<p>Hugues Bazin &#8211; chercheur ind\u00e9pendant en sciences sociales, fondateur du Laboratoire d\u2019In\u00adnovation Sociale par la Recherche-Action, chercheur associ\u00e9 \u00e0 la Maison des Sciences de l\u2019Homme Paris-Nord<\/p>\n<p><strong>\u00ab Tiers espace dans la m\u00e9diation de la forme et de l\u2019\u0153uvre entre \u00e9ducation populaire et action culturelle. Quel est le rapport entre culture et art dans une d\u00e9marche d\u2019\u00e9mancipation et de transfor\u00admation ? Quels sont les espaces o\u00f9 s\u2019articulent action culturelle et \u00e9ducation populaire ? \u00bb<\/strong><\/p>\n<figure id=\"attachment_1863\" aria-describedby=\"caption-attachment-1863\" style=\"width: 1000px\" class=\"wp-caption aligncenter\"><a href=\"https:\/\/recherche-action.fr\/hugues-bazin\/wp-content\/uploads\/sites\/2\/2017\/05\/RV6K.jpg\"><img fetchpriority=\"high\" decoding=\"async\" class=\"size-full wp-image-1863\" src=\"https:\/\/recherche-action.fr\/hugues-bazin\/wp-content\/uploads\/sites\/2\/2017\/05\/RV6K.jpg\" alt=\"\" width=\"1000\" height=\"1500\" srcset=\"https:\/\/recherche-action.fr\/hugues-bazin\/wp-content\/uploads\/sites\/2\/2017\/05\/RV6K.jpg 1000w, https:\/\/recherche-action.fr\/hugues-bazin\/wp-content\/uploads\/sites\/2\/2017\/05\/RV6K-200x300.jpg 200w, https:\/\/recherche-action.fr\/hugues-bazin\/wp-content\/uploads\/sites\/2\/2017\/05\/RV6K-768x1152.jpg 768w, https:\/\/recherche-action.fr\/hugues-bazin\/wp-content\/uploads\/sites\/2\/2017\/05\/RV6K-683x1024.jpg 683w, https:\/\/recherche-action.fr\/hugues-bazin\/wp-content\/uploads\/sites\/2\/2017\/05\/RV6K-300x450.jpg 300w, https:\/\/recherche-action.fr\/hugues-bazin\/wp-content\/uploads\/sites\/2\/2017\/05\/RV6K-720x1080.jpg 720w\" sizes=\"(max-width: 1000px) 100vw, 1000px\" \/><\/a><figcaption id=\"caption-attachment-1863\" class=\"wp-caption-text\">Performance au Palais de Tokyo du chor\u00e9graphe Herv\u00e9 Sika<\/figcaption><\/figure>\n<p>L\u2019action culturelle rejoint l\u2019\u00e9ducation populaire dans son projet d\u2019\u00e9mancipation de la personne et de transfor\u00admation sociale par l\u2019exp\u00e9rience esth\u00e9tique et sensible. Si nous d\u00e9finissons la culture par la capacit\u00e9 de consti\u00adtuer une ressource, une transmission et une symbolisation, alors ce \u00ab travail de la culture \u00bb ne se r\u00e9sume pas dans la relation \u00e0 l\u2019objet d\u2019art.<\/p>\n<p>L\u2019art ne perd-il pas sa fonction m\u00e9diatrice quand justement le processus de cr\u00e9ation est r\u00e9sum\u00e9 \u00e0 un objet \u00e9valu\u00e9 selon des crit\u00e8res d\u2019excellence ? Qu\u2019en est-il alors de la socialisation de l\u2019art quand le champ artistique et le champ socioculturel se sont professionnalis\u00e9s et institutionnalis\u00e9s au risque de se couper des populations et des enjeux de soci\u00e9t\u00e9 ? Cela renvoie au d\u00e9bat entre d\u00e9mocratisation culturelle, d\u00e9mocratie culturelle et droit culturel.<\/p>\n<p>Quels sont les espaces o\u00f9 s\u2019exp\u00e9rimente autrement cette relation entre art, culture et soci\u00e9t\u00e9, entre m\u00e9diation de la forme (l\u2019exp\u00e9rience esth\u00e9tique) et m\u00e9diation de l\u2019\u0153uvre (l\u2019exp\u00e9rience artistique).<\/p>\n<p>Nous sommes int\u00e9ress\u00e9s \u00e0 des bricoleurs artistes et un art du bricolage qui privil\u00e9gient ce caract\u00e8re proces\u00adsuel de la cr\u00e9ation dans des espaces du commun o\u00f9 se croise une diversit\u00e9. Il s\u2019agit notamment des dispositifs d\u2019ateliers, en r\u00e9sidence dans des quartiers populaires, dans une mani\u00e8re de se confronter aux mat\u00e9riaux ou encore dans des formes d\u2019intervention dans l\u2019espace public redistribuant les r\u00f4les entre artistes et publics.<\/p>\n<h2><span class=\"ez-toc-section\" id=\"APRES-MIDI_Reservee_aux_professionels_de_la_mediation_et_concernes\"><\/span>APR\u00c8S-MIDI \/ R\u00e9serv\u00e9e aux professionels de la m\u00e9diation et concern\u00e9s<span class=\"ez-toc-section-end\"><\/span><\/h2>\n<p><strong>14h \u2013 18h : Ateliers<\/strong><\/p>\n<ul>\n<li>Formation : Le 33e Lieu. Outil de m\u00e9diation transversal LoRA<\/li>\n<li>Information : R\u00e9seau national des Professionels de la m\u00e9diation<\/li>\n<li>Pr\u00e9paration Rencontres de la m\u00e9diation<\/li>\n<li>Education Nationale : Partenariats et parcours DAAC<\/li>\n<\/ul>\n<p><a href=\"https:\/\/recherche-action.fr\/hugues-bazin\/wp-content\/uploads\/sites\/2\/2017\/05\/lora.jpg\"><img decoding=\"async\" class=\" wp-image-1865 alignleft\" src=\"https:\/\/recherche-action.fr\/hugues-bazin\/wp-content\/uploads\/sites\/2\/2017\/05\/lora-300x144.jpg\" alt=\"\" width=\"263\" height=\"130\" \/><\/a><\/p>\n<div>\n<div>\n<p>LoRA &#8211; Lorraine R\u00e9seau Art\u00a0contemporain<\/p>\n<div>14, avenue Foch, 57000 Metz<br \/>\n+33 (0)6 43 83 65 50<\/div>\n<div><a href=\"http:\/\/lora.fr\">contact@lora.fr<\/a><\/div>\n<div><a href=\"http:\/\/lora.fr\">http:\/\/lora.fr<\/a><\/div>\n<div><\/div>\n<div>Retrouvez le r\u00e9seau<\/div>\n<div>sur\u00a0<a href=\"https:\/\/www.facebook.com\/lorartcontemporain.fr\/\">facebook<\/a>\u00a0&amp;\u00a0<a href=\"https:\/\/www.instagram.com\/lora_artcontemporain\/\">instagram<\/a><\/div>\n<div><\/div>\n<div>.<\/div>\n<div><\/div>\n<div><\/div>\n<\/div>\n<\/div>\n<div><\/div>\n","protected":false},"excerpt":{"rendered":"<p>Conf\u00e9rence-d\u00e9bat dans le cadre des rencontres de la m\u00e9diations du Lorraine R\u00e9seau Art contemporain (LoRA) vendredi 19 mai 2017 9h30 \u00e0 la Maison de la Culture et des Loisirs, 36 rue Saint-Marcel-57000 Metz MATIN\u00c9E R\u00e9servation conseill\u00e9e (contact@lora.fr\/ 06 43 83 65 50) 9h30 &#8211; 10h : Accueil 10h &#8211; 11h : &hellip; <\/p>\n","protected":false},"author":1,"featured_media":1863,"comment_status":"open","ping_status":"open","sticky":false,"template":"","format":"standard","meta":{"h5ap_radio_sources":[],"jetpack_post_was_ever_published":false,"_jetpack_newsletter_access":"","_jetpack_dont_email_post_to_subs":false,"_jetpack_newsletter_tier_id":0,"_jetpack_memberships_contains_paywalled_content":false,"_jetpack_memberships_contains_paid_content":false,"footnotes":"","jetpack_publicize_message":"","jetpack_publicize_feature_enabled":true,"jetpack_social_post_already_shared":true,"jetpack_social_options":{"image_generator_settings":{"template":"highway","default_image_id":0,"font":"","enabled":false},"version":2},"_links_to":"","_links_to_target":""},"categories":[3],"tags":[5,12,31,39,44],"class_list":["post-1864","post","type-post","status-publish","format-standard","has-post-thumbnail","hentry","category-intervention","tag-action-culturelle","tag-art-social","tag-developpement-culturel","tag-education-populaire","tag-expression-artistique"],"jetpack_publicize_connections":[],"jetpack_featured_media_url":"https:\/\/recherche-action.fr\/hugues-bazin\/wp-content\/uploads\/sites\/2\/2017\/05\/RV6K.jpg","jetpack_sharing_enabled":true,"jetpack_shortlink":"https:\/\/wp.me\/p2QGRI-u4","post_mailing_queue_ids":[],"_links":{"self":[{"href":"https:\/\/recherche-action.fr\/hugues-bazin\/wp-json\/wp\/v2\/posts\/1864","targetHints":{"allow":["GET"]}}],"collection":[{"href":"https:\/\/recherche-action.fr\/hugues-bazin\/wp-json\/wp\/v2\/posts"}],"about":[{"href":"https:\/\/recherche-action.fr\/hugues-bazin\/wp-json\/wp\/v2\/types\/post"}],"author":[{"embeddable":true,"href":"https:\/\/recherche-action.fr\/hugues-bazin\/wp-json\/wp\/v2\/users\/1"}],"replies":[{"embeddable":true,"href":"https:\/\/recherche-action.fr\/hugues-bazin\/wp-json\/wp\/v2\/comments?post=1864"}],"version-history":[{"count":8,"href":"https:\/\/recherche-action.fr\/hugues-bazin\/wp-json\/wp\/v2\/posts\/1864\/revisions"}],"predecessor-version":[{"id":1873,"href":"https:\/\/recherche-action.fr\/hugues-bazin\/wp-json\/wp\/v2\/posts\/1864\/revisions\/1873"}],"wp:featuredmedia":[{"embeddable":true,"href":"https:\/\/recherche-action.fr\/hugues-bazin\/wp-json\/wp\/v2\/media\/1863"}],"wp:attachment":[{"href":"https:\/\/recherche-action.fr\/hugues-bazin\/wp-json\/wp\/v2\/media?parent=1864"}],"wp:term":[{"taxonomy":"category","embeddable":true,"href":"https:\/\/recherche-action.fr\/hugues-bazin\/wp-json\/wp\/v2\/categories?post=1864"},{"taxonomy":"post_tag","embeddable":true,"href":"https:\/\/recherche-action.fr\/hugues-bazin\/wp-json\/wp\/v2\/tags?post=1864"}],"curies":[{"name":"wp","href":"https:\/\/api.w.org\/{rel}","templated":true}]}}