{"id":1966,"date":"2017-07-20T00:02:25","date_gmt":"2017-07-19T22:02:25","guid":{"rendered":"http:\/\/recherche-action.fr\/hugues-bazin\/?p=1966"},"modified":"2017-12-13T22:11:07","modified_gmt":"2017-12-13T21:11:07","slug":"obsolescence-programmee-actualite-et-perspectives-paris","status":"publish","type":"post","link":"https:\/\/recherche-action.fr\/hugues-bazin\/2017\/07\/20\/obsolescence-programmee-actualite-et-perspectives-paris\/","title":{"rendered":"Obsolescence programm\u00e9e : actualit\u00e9 et perspectives (Paris)"},"content":{"rendered":"<div id=\"ez-toc-container\" class=\"ez-toc-v2_0_82_2 counter-hierarchy ez-toc-counter ez-toc-transparent ez-toc-container-direction\">\n<div class=\"ez-toc-title-container\">\n<p class=\"ez-toc-title\" style=\"cursor:inherit\">Sommaire<\/p>\n<span class=\"ez-toc-title-toggle\"><\/span><\/div>\n<nav><ul class='ez-toc-list ez-toc-list-level-1 ' ><li class='ez-toc-page-1 ez-toc-heading-level-2'><a class=\"ez-toc-link ez-toc-heading-1\" href=\"https:\/\/recherche-action.fr\/hugues-bazin\/2017\/07\/20\/obsolescence-programmee-actualite-et-perspectives-paris\/#Lieu_et_inscription\" >Lieu et inscription<\/a><\/li><li class='ez-toc-page-1 ez-toc-heading-level-2'><a class=\"ez-toc-link ez-toc-heading-2\" href=\"https:\/\/recherche-action.fr\/hugues-bazin\/2017\/07\/20\/obsolescence-programmee-actualite-et-perspectives-paris\/#Accueil\" >Accueil<\/a><\/li><li class='ez-toc-page-1 ez-toc-heading-level-2'><a class=\"ez-toc-link ez-toc-heading-3\" href=\"https:\/\/recherche-action.fr\/hugues-bazin\/2017\/07\/20\/obsolescence-programmee-actualite-et-perspectives-paris\/#Legiferer_et_proposer_Actualite_politique_de_lobsolescence_programmee\" >L\u00e9gif\u00e9rer et proposer. Actualit\u00e9 politique de l&rsquo;obsolescence programm\u00e9e<\/a><\/li><li class='ez-toc-page-1 ez-toc-heading-level-2'><a class=\"ez-toc-link ez-toc-heading-4\" href=\"https:\/\/recherche-action.fr\/hugues-bazin\/2017\/07\/20\/obsolescence-programmee-actualite-et-perspectives-paris\/#Concevoir_et_vendreNouveaux_modeles_economiques_de_la_durabilite\" >Concevoir et vendre.Nouveaux mod\u00e8les \u00e9conomiques de la durabilit\u00e9<\/a><\/li><li class='ez-toc-page-1 ez-toc-heading-level-2'><a class=\"ez-toc-link ez-toc-heading-5\" href=\"https:\/\/recherche-action.fr\/hugues-bazin\/2017\/07\/20\/obsolescence-programmee-actualite-et-perspectives-paris\/#Connecter_et_mettre_a_jour_Le_cas_des_produits_numeriques\" >Connecter et mettre \u00e0 jour. Le cas des produits num\u00e9riques<\/a><\/li><li class='ez-toc-page-1 ez-toc-heading-level-2'><a class=\"ez-toc-link ez-toc-heading-6\" href=\"https:\/\/recherche-action.fr\/hugues-bazin\/2017\/07\/20\/obsolescence-programmee-actualite-et-perspectives-paris\/#Consommer_et_produire_Les_citoyens_acteurs_de_leur_vie_economique\" >Consommer et produire. Les citoyens acteurs de leur vie \u00e9conomique<\/a><\/li><li class='ez-toc-page-1 ez-toc-heading-level-2'><a class=\"ez-toc-link ez-toc-heading-7\" href=\"https:\/\/recherche-action.fr\/hugues-bazin\/2017\/07\/20\/obsolescence-programmee-actualite-et-perspectives-paris\/#Conclusion\" >Conclusion<\/a><\/li><\/ul><\/nav><\/div>\n<p style=\"text-align: center;\">Colloque \u00ab\u00a0Mise \u00e0 jour sur l\u2019obsolescence programm\u00e9e : actualit\u00e9 et perspectives\u00a0\u00bb<\/p>\n<p>Quelles sont les avanc\u00e9es r\u00e9centes dans la lutte contre l\u2019obsolescence programm\u00e9e ? Quels nouveaux <a href=\"https:\/\/recherche-action.fr\/hugues-bazin\/wp-content\/uploads\/sites\/2\/2017\/07\/obsolescence.jpg\"><img fetchpriority=\"high\" decoding=\"async\" class=\"alignright size-medium wp-image-1967\" src=\"https:\/\/recherche-action.fr\/hugues-bazin\/wp-content\/uploads\/sites\/2\/2017\/07\/obsolescence-300x200.jpg\" alt=\"\" width=\"300\" height=\"200\" srcset=\"https:\/\/recherche-action.fr\/hugues-bazin\/wp-content\/uploads\/sites\/2\/2017\/07\/obsolescence-300x200.jpg 300w, https:\/\/recherche-action.fr\/hugues-bazin\/wp-content\/uploads\/sites\/2\/2017\/07\/obsolescence-768x511.jpg 768w, https:\/\/recherche-action.fr\/hugues-bazin\/wp-content\/uploads\/sites\/2\/2017\/07\/obsolescence-1024x682.jpg 1024w, https:\/\/recherche-action.fr\/hugues-bazin\/wp-content\/uploads\/sites\/2\/2017\/07\/obsolescence-720x480.jpg 720w, https:\/\/recherche-action.fr\/hugues-bazin\/wp-content\/uploads\/sites\/2\/2017\/07\/obsolescence.jpg 2000w\" sizes=\"(max-width: 300px) 100vw, 300px\" \/><\/a>enjeux aborder pour maintenir notre vigilance dans l\u2019avenir et ouvrir de nouvelles perspectives ? L\u2019association Halte \u00e0 l\u2019obsolescence programm\u00e9e (HOP) r\u00e9unit le 19 septembre au Palais du Luxembourg des acteur-rice-s et chercheur-se-s de ce domaine, pour dresser l\u2019\u00e9tat des lieux juridique, \u00e9conomique, militant du combat contre l\u2019obsolescence programm\u00e9e : o\u00f9 en est la l\u00e9gislation fran\u00e7aise et europ\u00e9enne ? Quels mod\u00e8les \u00e9conomiques et modes d\u2019action se mettent en place ? Quelles techniques \u00e9mergentes invitent \u00e0 repenser les pratiques de consommation et de production ? Ce colloque est gratuit et ouvert \u00e0 tous et \u00e0 toutes !<\/p>\n<h2><span class=\"ez-toc-section\" id=\"Lieu_et_inscription\"><\/span>Lieu et inscription<span class=\"ez-toc-section-end\"><\/span><\/h2>\n<p style=\"text-align: left;\">Mardi 19 septembre 2017 de 9h \u00e0 18h<\/p>\n<p style=\"text-align: left;\">Salle Monnerville, Palais du Luxembourg, 26 rue de Vaugirard, Paris 75006<br \/>\nAcc\u00e8s: RER B : Luxembourg \/ M\u00e9tro : Od\u00e9on, Mabillon, Saint-Suplice \/ Bus: 58, 84, 89 \/ V\u00e9lib: N\u00b06017, 34 rue cond\u00e9 75006<\/p>\n<p style=\"text-align: left;\">L&rsquo;<a href=\"https:\/\/www.helloasso.com\/associations\/halte-a-l-obsolescence-programmee-hop\/evenements\/colloque-mise-a-jour-sur-l-obsolescence-programmee\" target=\"_blank\" rel=\"noopener\">inscription <\/a>est gratuite mais strictement obligatoire pour entrer au Palais du Luxembourg (pi\u00e8ce d&rsquo;identit\u00e9 n\u00e9cessaire).<\/p>\n<ul>\n<li><a href=\"https:\/\/www.facebook.com\/events\/263724097446540\/?acontext=%7B%22ref%22%3A%2229%22%2C%22ref_notif_type%22%3A%22plan_user_associated%22%2C%22action_history%22%3A%22null%22%7D&amp;notif_t=plan_user_associated&amp;notif_id=1500320803627056\" target=\"_blank\" rel=\"noopener\">Facebook<\/a><\/li>\n<li>evenementhop@gmail.com<\/li>\n<li><a href=\"http:\/\/www.halteobsolescence.org\" target=\"_blank\" rel=\"noopener\">http:\/\/www.halteobsolescence.org<\/a><\/li>\n<\/ul>\n<h2><span class=\"ez-toc-section\" id=\"Accueil\"><\/span>Accueil<span class=\"ez-toc-section-end\"><\/span><\/h2>\n<p>Organis\u00e9 par le s\u00e9nateur Jean Desessard et l\u2019association Halte \u00e0 l\u2019Obsolescence Programm\u00e9e (HOP)<\/p>\n<p>9h00 Accueil des participants<\/p>\n<p>9h15 Ouverture &amp; introduction<\/p>\n<ul>\n<li>Jean Desessard, (S\u00e9nateur de Paris).<\/li>\n<li>Laetitia Vasseur (Co-fondatrice, D\u00e9l\u00e9gu\u00e9e g\u00e9n\u00e9rale, association Halte \u00e0 l\u2019Obsolescence Programm\u00e9e)<\/li>\n<li>Jeanne Guien (Philosophe, Centre d&rsquo;\u00e9tude des techniques, des connaissances et des pratiques).<\/li>\n<\/ul>\n<h2><span class=\"ez-toc-section\" id=\"Legiferer_et_proposer_Actualite_politique_de_lobsolescence_programmee\"><\/span>L\u00e9gif\u00e9rer et proposer. Actualit\u00e9 politique de l&rsquo;obsolescence programm\u00e9e<span class=\"ez-toc-section-end\"><\/span><\/h2>\n<p>9h45-11h15 Les politiques publiques pour lutter contre l\u2019obsolescence programm\u00e9e.<\/p>\n<ul>\n<li>Pascal Durand (D\u00e9put\u00e9 Europ\u00e9en), le rapport europ\u00e9en d&rsquo;initiative \u00ab\u00a0Une dur\u00e9e de vie plus longue des produits : avantages pour les consommateurs et les entreprises\u00a0\u00bb.<\/li>\n<li>Emmanuelle Font (Chef de produit Dur\u00e9e de vie, Laboratoire national de m\u00e9trologie et d&rsquo;essais), L\u2019affichage de la dur\u00e9e de vie des produits.<\/li>\n<li>Antoinette Guhl (Adjointe \u00e0 la Maire de Paris), Les politiques locales : le cas parisien.<\/li>\n<li>Bernard De Caevel (RDC environnement), L\u2019obsolescence programm\u00e9e :<br \/>\npolitiques et mesures belges de protection du consommateur.<\/li>\n<li>Baptiste Legay (Sous-directeur- DGPR\/SRSEDPD\/SDDEC), Les ambitions du Gouvernement fran\u00e7ais.<\/li>\n<li>Animateur : Thierry Libaert (Conseiller, Comit\u00e9 \u00c9conomique et Social Europ\u00e9en).<\/li>\n<\/ul>\n<h2><span class=\"ez-toc-section\" id=\"Concevoir_et_vendreNouveaux_modeles_economiques_de_la_durabilite\"><\/span>Concevoir et vendre.Nouveaux mod\u00e8les \u00e9conomiques de la durabilit\u00e9<span class=\"ez-toc-section-end\"><\/span><\/h2>\n<p>11h15-12h45 Les produits durables : conception, production, marketing et vente.<\/p>\n<ul>\n<li>Jean-Pierre Blanc (Pr\u00e9sident Directeur G\u00e9n\u00e9ral, Malongo), L\u2019\u00e9co-conception des produits.<\/li>\n<li>Benjamin Blanchard (Fondateur, Co-bble), L\u2019autonomie pour la r\u00e9paration d\u2019objet : Co-bble.<\/li>\n<li>Fabienne Goyeneche (Direction des affaires publiques, Michelin), L\u2019\u00e9conomie de la fonctionnalit\u00e9 et la durabilit\u00e9 dans les pneumatiques Michelin.<\/li>\n<li>Joel Tronchon (Directeur du D\u00e9veloppement Durable, Groupe SEB), La promesse de r\u00e9parabilit\u00e9 des produits.<\/li>\n<li>Philippe Fr\u00e9meaux (Pr\u00e9sident de l\u2019Institut Veblen), Produire et vendre autrement.<\/li>\n<li>Animatrice : Laetitia Vasseur (Co-fondatrice, D\u00e9l\u00e9gu\u00e9e g\u00e9n\u00e9rale, association Halte \u00e0 l\u2019Obsolescence Programm\u00e9e).<\/li>\n<\/ul>\n<p>12h45-14h Pause d\u00e9jeuner (buffet).<\/p>\n<h2><span class=\"ez-toc-section\" id=\"Connecter_et_mettre_a_jour_Le_cas_des_produits_numeriques\"><\/span>Connecter et mettre \u00e0 jour. Le cas des produits num\u00e9riques<span class=\"ez-toc-section-end\"><\/span><\/h2>\n<p>14h-15h30 L\u2019obsolescence num\u00e9rique : logiciels et mat\u00e9riels.<\/p>\n<ul>\n<li>Emile Meunier (Avocat, Meunier avocats), Le d\u00e9lit d\u2019obsolescence programm\u00e9e : le cas des imprimantes.<\/li>\n<li>M\u00e9lanie Cl\u00e9ment-Fontaine (Directrice du laboratoire droit des affaires num\u00e9riques et des nouvelles technologies, UVSQ), Les objets connect\u00e9s.<\/li>\n<li>Marie Duponchelle (Docteure en droit), L\u2019interop\u00e9rabilit\u00e9 et le consommateur.<\/li>\n<li>Pascal Carcaillon (D\u00e9l\u00e9gu\u00e9 G\u00e9n\u00e9ral, R\u00e9seau DUCRETET), Prospective sur les objets connect\u00e9s (\u00e9tude ADEME).<\/li>\n<li>Frederic Mande (ubuntu-fr), Le mod\u00e8le de l\u2019Open source.<\/li>\n<li>Animateur : Fr\u00e9d\u00e9ric Bordage (Green IT),<\/li>\n<\/ul>\n<h2><span class=\"ez-toc-section\" id=\"Consommer_et_produire_Les_citoyens_acteurs_de_leur_vie_economique\"><\/span>Consommer et produire. Les citoyens acteurs de leur vie \u00e9conomique<span class=\"ez-toc-section-end\"><\/span><\/h2>\n<p>15h30-17h La place des citoyens dans la lutte contre l\u2019obsolescence programm\u00e9e.<\/p>\n<ul>\n<li>Hugues Bazin (Chercheur associ\u00e9, Maison des Sciences de l\u2019Homme), L\u2019\u00e9conomie populaire<\/li>\n<li>Dominique Kreziak (Ma\u00eetre de Conf\u00e9rences, Universit\u00e9 Savoie Mont Blanc), L\u2019obsolescence per\u00e7ue : non \u00e0 l\u2019obsolescence subie, oui \u00e0 l\u2019obsolescence choisie.<\/li>\n<li>Anne Richez-Brassart (Chef de projet strat\u00e9gique Boulanger second Life), Guider les choix des consommateurs par la distribution &amp; retour d exp\u00e9riences.<\/li>\n<li>Hadrien Kreiss (Charg\u00e9 de projet Scolopendre), Le mouvement maker : produire par soi-m\u00eame.<\/li>\n<li>Renaud Fossart (Charg\u00e9 de mission, R\u00e9sistance \u00e0 l\u2019Agression Publicitaire), L\u2019influence de la publicit\u00e9 sur le libre arbitre.<\/li>\n<li>Animateur : William Arhip-Paterson (Politiste, Centre Europ\u00e9en de Sociologie et de Science Politique).<\/li>\n<\/ul>\n<h2><span class=\"ez-toc-section\" id=\"Conclusion\"><\/span>Conclusion<span class=\"ez-toc-section-end\"><\/span><\/h2>\n<p>17h-17h10 Samuel Sauvage (Pr\u00e9sident, Halte \u00e0 l\u2019Obsolescence Programm\u00e9e).<\/p>\n","protected":false},"excerpt":{"rendered":"<p>Colloque \u00ab\u00a0Mise \u00e0 jour sur l\u2019obsolescence programm\u00e9e : actualit\u00e9 et perspectives\u00a0\u00bb Quelles sont les avanc\u00e9es r\u00e9centes dans la lutte contre l\u2019obsolescence programm\u00e9e ? Quels nouveaux enjeux aborder pour maintenir notre vigilance dans l\u2019avenir et ouvrir de nouvelles perspectives ? L\u2019association Halte \u00e0 l\u2019obsolescence programm\u00e9e (HOP) r\u00e9unit le 19 septembre au Palais &hellip; <\/p>\n","protected":false},"author":1,"featured_media":1967,"comment_status":"open","ping_status":"open","sticky":false,"template":"","format":"standard","meta":{"h5ap_radio_sources":[],"jetpack_post_was_ever_published":false,"_jetpack_newsletter_access":"","_jetpack_dont_email_post_to_subs":false,"_jetpack_newsletter_tier_id":0,"_jetpack_memberships_contains_paywalled_content":false,"_jetpack_memberships_contains_paid_content":false,"footnotes":"","jetpack_publicize_message":"","jetpack_publicize_feature_enabled":true,"jetpack_social_post_already_shared":true,"jetpack_social_options":{"image_generator_settings":{"template":"highway","default_image_id":0,"font":"","enabled":false},"version":2},"_links_to":"","_links_to_target":""},"categories":[3],"tags":[18,35,36,37,79,92],"class_list":["post-1966","post","type-post","status-publish","format-standard","has-post-thumbnail","hentry","category-intervention","tag-biens-communs-espace-public","tag-ecologie","tag-economie","tag-economie-sociale","tag-recyclage","tag-transmission"],"jetpack_publicize_connections":[],"jetpack_featured_media_url":"https:\/\/recherche-action.fr\/hugues-bazin\/wp-content\/uploads\/sites\/2\/2017\/07\/obsolescence.jpg","jetpack_sharing_enabled":true,"jetpack_shortlink":"https:\/\/wp.me\/p2QGRI-vI","post_mailing_queue_ids":[],"_links":{"self":[{"href":"https:\/\/recherche-action.fr\/hugues-bazin\/wp-json\/wp\/v2\/posts\/1966","targetHints":{"allow":["GET"]}}],"collection":[{"href":"https:\/\/recherche-action.fr\/hugues-bazin\/wp-json\/wp\/v2\/posts"}],"about":[{"href":"https:\/\/recherche-action.fr\/hugues-bazin\/wp-json\/wp\/v2\/types\/post"}],"author":[{"embeddable":true,"href":"https:\/\/recherche-action.fr\/hugues-bazin\/wp-json\/wp\/v2\/users\/1"}],"replies":[{"embeddable":true,"href":"https:\/\/recherche-action.fr\/hugues-bazin\/wp-json\/wp\/v2\/comments?post=1966"}],"version-history":[{"count":3,"href":"https:\/\/recherche-action.fr\/hugues-bazin\/wp-json\/wp\/v2\/posts\/1966\/revisions"}],"predecessor-version":[{"id":1970,"href":"https:\/\/recherche-action.fr\/hugues-bazin\/wp-json\/wp\/v2\/posts\/1966\/revisions\/1970"}],"wp:featuredmedia":[{"embeddable":true,"href":"https:\/\/recherche-action.fr\/hugues-bazin\/wp-json\/wp\/v2\/media\/1967"}],"wp:attachment":[{"href":"https:\/\/recherche-action.fr\/hugues-bazin\/wp-json\/wp\/v2\/media?parent=1966"}],"wp:term":[{"taxonomy":"category","embeddable":true,"href":"https:\/\/recherche-action.fr\/hugues-bazin\/wp-json\/wp\/v2\/categories?post=1966"},{"taxonomy":"post_tag","embeddable":true,"href":"https:\/\/recherche-action.fr\/hugues-bazin\/wp-json\/wp\/v2\/tags?post=1966"}],"curies":[{"name":"wp","href":"https:\/\/api.w.org\/{rel}","templated":true}]}}