{"id":2498,"date":"2019-06-05T20:30:25","date_gmt":"2019-06-05T18:30:25","guid":{"rendered":"http:\/\/recherche-action.fr\/hugues-bazin\/?p=2498"},"modified":"2019-06-05T20:49:37","modified_gmt":"2019-06-05T18:49:37","slug":"rencontre-avec-la-manufacture-des-idees-et-nouvelles-experimentations","status":"publish","type":"post","link":"https:\/\/recherche-action.fr\/hugues-bazin\/2019\/06\/05\/rencontre-avec-la-manufacture-des-idees-et-nouvelles-experimentations\/","title":{"rendered":"Rencontre avec la \u00ab\u00a0Manufacture des Id\u00e9es et Nouvelles Exp\u00e9rimentations\u00a0\u00bb"},"content":{"rendered":"\n<figure class=\"wp-block-image\"><img fetchpriority=\"high\" decoding=\"async\" width=\"960\" height=\"678\" src=\"https:\/\/recherche-action.fr\/hugues-bazin\/wp-content\/uploads\/sites\/2\/2019\/06\/13232955_1076579982402467_4818252684149484193_n.jpg\" alt=\"\" class=\"wp-image-2502\" srcset=\"https:\/\/recherche-action.fr\/hugues-bazin\/wp-content\/uploads\/sites\/2\/2019\/06\/13232955_1076579982402467_4818252684149484193_n.jpg 960w, https:\/\/recherche-action.fr\/hugues-bazin\/wp-content\/uploads\/sites\/2\/2019\/06\/13232955_1076579982402467_4818252684149484193_n-300x212.jpg 300w, https:\/\/recherche-action.fr\/hugues-bazin\/wp-content\/uploads\/sites\/2\/2019\/06\/13232955_1076579982402467_4818252684149484193_n-768x542.jpg 768w, https:\/\/recherche-action.fr\/hugues-bazin\/wp-content\/uploads\/sites\/2\/2019\/06\/13232955_1076579982402467_4818252684149484193_n-720x509.jpg 720w\" sizes=\"(max-width: 960px) 100vw, 960px\" \/><\/figure>\n\n\n\n<p>Jeudi 6 juin de 10h \u00e0 16h rencontre avec les coop\u00e9rateurs de <a rel=\"noreferrer noopener\" aria-label=\"la MYNE (opens in a new tab)\" href=\"https:\/\/www.lamyne.org\/\" target=\"_blank\">la MYNE<\/a>  1 rue du Luizet,  69100 Villeurbanne<\/p>\n\n\n\n<p>Nous parlerons des pratiques de recherche-action sur la base notamment de l\u2019exp\u00e9rience du labo social (<a rel=\"noreferrer noopener\" aria-label=\"LISRA (opens in a new tab)\" href=\"http:\/\/recherche-action.fr\/labo-social\/\" target=\"_blank\">LISRA<\/a>). <\/p>\n\n\n\n<p>Pour suivre par \u00e9crit interpos\u00e9 la s\u00e9ance : <a rel=\"noreferrer noopener\" aria-label=\"https:\/\/pad.lamyne.org\/rencontre-hugues-bazin-lisra (opens in a new tab)\" href=\"https:\/\/pad.lamyne.org\/rencontre-hugues-bazin-lisra\" target=\"_blank\">https:\/\/pad.lamyne.org\/rencontre-hugues-bazin-lisra<\/a><\/p>\n\n\n\n<p>\u201cProgramme\u201d<\/p>\n\n\n\n<pre class=\"wp-block-code\"><code>10h-12h : inter-connaissance\n12h-14 : d\u00e9jeuner partag\u00e9\n14h-16h : pistes de synergie<\/code><\/pre>\n\n\n\n<p>\u00ab\u00a0Accueil &#8211; Animation\u00a0\u00bb<\/p>\n\n\n\n<pre class=\"wp-block-code\"><code>Benjamin et Connie\nRieul et Nicolas<\/code><\/pre>\n","protected":false},"excerpt":{"rendered":"<p>Jeudi 6 juin de 10h \u00e0 16h rencontre avec les coop\u00e9rateurs de la MYNE 1 rue du Luizet, 69100 Villeurbanne Nous parlerons des pratiques de recherche-action sur la base notamment de l\u2019exp\u00e9rience du labo social (LISRA). Pour suivre par \u00e9crit interpos\u00e9 la s\u00e9ance : https:\/\/pad.lamyne.org\/rencontre-hugues-bazin-lisra \u201cProgramme\u201d \u00ab\u00a0Accueil &#8211; Animation\u00a0\u00bb<\/p>\n","protected":false},"author":1,"featured_media":2502,"comment_status":"open","ping_status":"open","sticky":false,"template":"","format":"standard","meta":{"h5ap_radio_sources":[],"jetpack_post_was_ever_published":false,"_jetpack_newsletter_access":"","_jetpack_dont_email_post_to_subs":false,"_jetpack_newsletter_tier_id":0,"_jetpack_memberships_contains_paywalled_content":false,"_jetpack_memberships_contains_paid_content":false,"footnotes":"","jetpack_publicize_message":"","jetpack_publicize_feature_enabled":true,"jetpack_social_post_already_shared":true,"jetpack_social_options":{"image_generator_settings":{"template":"highway","default_image_id":0,"font":"","enabled":false},"version":2},"_links_to":"","_links_to_target":""},"categories":[3],"tags":[14,25,26,32,43,89,90,91,92],"class_list":["post-2498","post","type-post","status-publish","format-standard","has-post-thumbnail","hentry","category-intervention","tag-atelier-recherche-action","tag-citoyennete","tag-complexite","tag-developpement-social","tag-experimenation-sociale","tag-tiers-culture-numerique","tag-tiers-espace","tag-tiers-lieux","tag-transmission"],"jetpack_publicize_connections":[],"jetpack_featured_media_url":"https:\/\/recherche-action.fr\/hugues-bazin\/wp-content\/uploads\/sites\/2\/2019\/06\/13232955_1076579982402467_4818252684149484193_n.jpg","jetpack_sharing_enabled":true,"jetpack_shortlink":"https:\/\/wp.me\/p2QGRI-Ei","post_mailing_queue_ids":[],"_links":{"self":[{"href":"https:\/\/recherche-action.fr\/hugues-bazin\/wp-json\/wp\/v2\/posts\/2498","targetHints":{"allow":["GET"]}}],"collection":[{"href":"https:\/\/recherche-action.fr\/hugues-bazin\/wp-json\/wp\/v2\/posts"}],"about":[{"href":"https:\/\/recherche-action.fr\/hugues-bazin\/wp-json\/wp\/v2\/types\/post"}],"author":[{"embeddable":true,"href":"https:\/\/recherche-action.fr\/hugues-bazin\/wp-json\/wp\/v2\/users\/1"}],"replies":[{"embeddable":true,"href":"https:\/\/recherche-action.fr\/hugues-bazin\/wp-json\/wp\/v2\/comments?post=2498"}],"version-history":[{"count":3,"href":"https:\/\/recherche-action.fr\/hugues-bazin\/wp-json\/wp\/v2\/posts\/2498\/revisions"}],"predecessor-version":[{"id":2505,"href":"https:\/\/recherche-action.fr\/hugues-bazin\/wp-json\/wp\/v2\/posts\/2498\/revisions\/2505"}],"wp:featuredmedia":[{"embeddable":true,"href":"https:\/\/recherche-action.fr\/hugues-bazin\/wp-json\/wp\/v2\/media\/2502"}],"wp:attachment":[{"href":"https:\/\/recherche-action.fr\/hugues-bazin\/wp-json\/wp\/v2\/media?parent=2498"}],"wp:term":[{"taxonomy":"category","embeddable":true,"href":"https:\/\/recherche-action.fr\/hugues-bazin\/wp-json\/wp\/v2\/categories?post=2498"},{"taxonomy":"post_tag","embeddable":true,"href":"https:\/\/recherche-action.fr\/hugues-bazin\/wp-json\/wp\/v2\/tags?post=2498"}],"curies":[{"name":"wp","href":"https:\/\/api.w.org\/{rel}","templated":true}]}}