{"id":2518,"date":"2019-06-14T15:27:10","date_gmt":"2019-06-14T13:27:10","guid":{"rendered":"http:\/\/recherche-action.fr\/hugues-bazin\/?p=2518"},"modified":"2019-06-14T15:27:18","modified_gmt":"2019-06-14T13:27:18","slug":"les-metiers-de-la-recherche-aujourdhui","status":"publish","type":"post","link":"https:\/\/recherche-action.fr\/hugues-bazin\/2019\/06\/14\/les-metiers-de-la-recherche-aujourdhui\/","title":{"rendered":"Les m\u00e9tiers de la recherche aujourd\u2019hui"},"content":{"rendered":"\n<p style=\"text-align:center\">Journ\u00e9e th\u00e9matique <em>organis\u00e9e par le SCUIO-IP et la Coordination des \u00e9coles doctorales <br> Vendredi 21 juin 2019 de 9h \u00e0 17h<\/em>, <br><em>Amphith\u00e9\u00e2tre de la Maison de la Recherche &#8211;<\/em> Bat A \u2013 Universit\u00e9 Paris 8 Saint-Denis<\/p>\n\n\n\n<ul class=\"wp-block-gallery columns-1 is-cropped wp-block-gallery-1 is-layout-flex wp-block-gallery-is-layout-flex\"><li class=\"blocks-gallery-item\"><figure><img fetchpriority=\"high\" decoding=\"async\" width=\"600\" height=\"542\" src=\"https:\/\/recherche-action.fr\/hugues-bazin\/wp-content\/uploads\/sites\/2\/2019\/06\/DSC2674.jpg\" alt=\"\" data-id=\"2522\" data-link=\"https:\/\/recherche-action.fr\/hugues-bazin\/_dsc2674\/\" class=\"wp-image-2522\" srcset=\"https:\/\/recherche-action.fr\/hugues-bazin\/wp-content\/uploads\/sites\/2\/2019\/06\/DSC2674.jpg 600w, https:\/\/recherche-action.fr\/hugues-bazin\/wp-content\/uploads\/sites\/2\/2019\/06\/DSC2674-300x271.jpg 300w\" sizes=\"(max-width: 600px) 100vw, 600px\" \/><\/figure><\/li><\/ul>\n\n\n\n<p><strong>9h00 :&nbsp;&nbsp;&nbsp;&nbsp;&nbsp;&nbsp;&nbsp;&nbsp;&nbsp;&nbsp;&nbsp;&nbsp;&nbsp;&nbsp;&nbsp;&nbsp; Accueil du public<\/strong><\/p>\n\n\n\n<p><strong>9h15 \u2013 9h30 :\u00a0\u00a0 Introduction &amp; pr\u00e9sentation du programme de la journ\u00e9e<\/strong><\/p>\n\n\n\n<p>La situation professionnelle des docteurs de l\u2019Universit\u00e9 Paris 8, intervention d\u2019Adam a Sidiki Diourte, doctorant en sociologie<\/p>\n\n\n\n<p><strong>9h30 \u2013 11h00 :&nbsp;&nbsp;&nbsp;&nbsp;&nbsp; Les m\u00e9tiers de\nla recherche publique<\/strong><\/p>\n\n\n\n<p>Comment devient-on enseignant-chercheur ou chercheur dans un organisme public ? Intervenants :<\/p>\n\n\n\n<p><em>Anne Duhin, charg\u00e9e d&rsquo;orientation et d&rsquo;insertion professionnelle au SCUIO-\u00ad\u2010IP (mod\u00e9ratrice)<\/em><\/p>\n\n\n\n<ul class=\"wp-block-list\"><li>Marl\u00e8ne Monteiro De Castro, Responsable de la Coordination des \u00e9coles doctorales<\/li><li>Mathias Lavin, Ma\u00eetre de Conf\u00e9rence (HDR), en \u00e9tudes cin\u00e9matographiques \u00e0 l\u2019Universit\u00e9 Paris 8<\/li><li>T\u00e9moignages d\u2019anciens doctorants de l\u2019Universit\u00e9 Paris 8 :<\/li><li>Guillaume Sintes, Ma\u00eetre de conf\u00e9rence en Danse, Universit\u00e9 de Strasbourg<\/li><li>Samantha Ruvoletto, Ma\u00eetre de conf\u00e9rence en Sciences du langage, Universit\u00e9 de Lorraine<\/li><\/ul>\n\n\n\n<p>Pause<\/p>\n\n\n\n<p><strong>11h30 \u2013 13h00 :&nbsp;&nbsp;&nbsp; Les autres lieux\nde la recherche<\/strong><\/p>\n\n\n\n<p>Valoriser la dimension recherche dans son parcours professionnel &#8211; T\u00e9moignages de docteurs et de doctorants en poste. Intervenants :<\/p>\n\n\n\n<ul class=\"wp-block-list\"><li><em>Elodie Ros, Dr en Sc. politique, Charg\u00e9e de projet au SCUIO-IP (mod\u00e9ratrice)<\/em><\/li><li>Isabelle Hanifi, Dr en Socio-Anthropologie, Fondatrice de Ethno-\u00ad\u2010Data, soci\u00e9t\u00e9 d\u2019\u00e9tudes et de conseil<\/li><li>Abou Ndiaye, Sociologue, Directeur de l\u2019ARESS (atelier de recherches en sciences sociales)<\/li><li>Marion Gras Gentiletti, doctorante CIFRE en Ergonomie chez EDF<\/li><li>Sylvie Godefroy, Dr en sciences de la vie et de la sant\u00e9, Consultante R&amp;D, entrepreneure\u2011salari\u00e9e au sein de Coopetic recherche<\/li><\/ul>\n\n\n\n<p><strong>13h00 \u2013 14 h 15 :&nbsp;&nbsp;&nbsp;&nbsp;&nbsp; D\u00e9jeuner<\/strong><\/p>\n\n\n\n<p><strong>14h30 \u2013 16h00 :\u00a0\u00a0\u00a0 Atelier de r\u00e9flexion collective sur modalit\u00e9s de la recherche quand elle<\/strong> <strong>s\u2019ouvre aux acteurs<\/strong><\/p>\n\n\n\n<p>A partir des discussions de la matin\u00e9e et des questions et exp\u00e9riences des participants, il s\u2019agira de s\u2019interroger sur la posture et l\u2019\u00e9thique du chercheur mais aussi sur les enjeux de la recherche dans ces autres espaces et modalit\u00e9s<strong>.<\/strong> Facilitateurs\n: <\/p>\n\n\n\n<ul class=\"wp-block-list\"><li>Hugues Bazin, Chercheur ind\u00e9pendant en sciences sociales, membre du Laboratoire d\u2019innovation sociale par la recherche action (LISRA)<\/li><li>Sophia Lakhdar, Directrice de programmes &#8211; Solidarit\u00e9s territoriales et d\u00e9veloppement des Sociop\u00f4le de RESOLIS<\/li><\/ul>\n\n\n\n<p><strong>16h00-\u00ad\u201016h30\u00a0\u00a0\u00a0\u00a0\u00a0\u00a0\u00a0\u00a0\u00a0\u00a0\u00a0 <\/strong>Conclusion de la journ\u00e9e<\/p>\n\n\n\n<p><\/p>\n","protected":false},"excerpt":{"rendered":"<p>Journ\u00e9e th\u00e9matique organis\u00e9e par le SCUIO-IP et la Coordination des \u00e9coles doctorales Vendredi 21 juin 2019 de 9h \u00e0 17h, Amphith\u00e9\u00e2tre de la Maison de la Recherche &#8211; Bat A \u2013 Universit\u00e9 Paris 8 Saint-Denis 9h00 :&nbsp;&nbsp;&nbsp;&nbsp;&nbsp;&nbsp;&nbsp;&nbsp;&nbsp;&nbsp;&nbsp;&nbsp;&nbsp;&nbsp;&nbsp;&nbsp; Accueil du public 9h15 \u2013 9h30 :\u00a0\u00a0 Introduction &amp; pr\u00e9sentation du programme de la &hellip; <\/p>\n","protected":false},"author":1,"featured_media":2522,"comment_status":"open","ping_status":"open","sticky":false,"template":"","format":"standard","meta":{"h5ap_radio_sources":[],"jetpack_post_was_ever_published":false,"_jetpack_newsletter_access":"","_jetpack_dont_email_post_to_subs":false,"_jetpack_newsletter_tier_id":0,"_jetpack_memberships_contains_paywalled_content":false,"_jetpack_memberships_contains_paid_content":false,"footnotes":"","jetpack_publicize_message":"","jetpack_publicize_feature_enabled":true,"jetpack_social_post_already_shared":true,"jetpack_social_options":{"image_generator_settings":{"template":"highway","default_image_id":0,"font":"","enabled":false},"version":2},"_links_to":"","_links_to_target":""},"categories":[3],"tags":[],"class_list":["post-2518","post","type-post","status-publish","format-standard","has-post-thumbnail","hentry","category-intervention"],"jetpack_publicize_connections":[],"jetpack_featured_media_url":"https:\/\/recherche-action.fr\/hugues-bazin\/wp-content\/uploads\/sites\/2\/2019\/06\/DSC2674.jpg","jetpack_sharing_enabled":true,"jetpack_shortlink":"https:\/\/wp.me\/p2QGRI-EC","post_mailing_queue_ids":[],"_links":{"self":[{"href":"https:\/\/recherche-action.fr\/hugues-bazin\/wp-json\/wp\/v2\/posts\/2518","targetHints":{"allow":["GET"]}}],"collection":[{"href":"https:\/\/recherche-action.fr\/hugues-bazin\/wp-json\/wp\/v2\/posts"}],"about":[{"href":"https:\/\/recherche-action.fr\/hugues-bazin\/wp-json\/wp\/v2\/types\/post"}],"author":[{"embeddable":true,"href":"https:\/\/recherche-action.fr\/hugues-bazin\/wp-json\/wp\/v2\/users\/1"}],"replies":[{"embeddable":true,"href":"https:\/\/recherche-action.fr\/hugues-bazin\/wp-json\/wp\/v2\/comments?post=2518"}],"version-history":[{"count":3,"href":"https:\/\/recherche-action.fr\/hugues-bazin\/wp-json\/wp\/v2\/posts\/2518\/revisions"}],"predecessor-version":[{"id":2523,"href":"https:\/\/recherche-action.fr\/hugues-bazin\/wp-json\/wp\/v2\/posts\/2518\/revisions\/2523"}],"wp:featuredmedia":[{"embeddable":true,"href":"https:\/\/recherche-action.fr\/hugues-bazin\/wp-json\/wp\/v2\/media\/2522"}],"wp:attachment":[{"href":"https:\/\/recherche-action.fr\/hugues-bazin\/wp-json\/wp\/v2\/media?parent=2518"}],"wp:term":[{"taxonomy":"category","embeddable":true,"href":"https:\/\/recherche-action.fr\/hugues-bazin\/wp-json\/wp\/v2\/categories?post=2518"},{"taxonomy":"post_tag","embeddable":true,"href":"https:\/\/recherche-action.fr\/hugues-bazin\/wp-json\/wp\/v2\/tags?post=2518"}],"curies":[{"name":"wp","href":"https:\/\/api.w.org\/{rel}","templated":true}]}}