{"id":2552,"date":"2019-07-18T04:23:56","date_gmt":"2019-07-18T02:23:56","guid":{"rendered":"http:\/\/recherche-action.fr\/hugues-bazin\/?p=2552"},"modified":"2019-07-18T04:27:29","modified_gmt":"2019-07-18T02:27:29","slug":"la-recup-alimentaire-et-le-reemploi","status":"publish","type":"post","link":"https:\/\/recherche-action.fr\/hugues-bazin\/2019\/07\/18\/la-recup-alimentaire-et-le-reemploi\/","title":{"rendered":"La r\u00e9cup alimentaire et le r\u00e9emploi"},"content":{"rendered":"\n<p>D\u00e9bat avec Jeanne Guien et Hugues Bazin<\/p>\n\n\n\n<p>Le <a href=\"https:\/\/www.facebook.com\/events\/lieu-dit-le-pendu-03350-cerilly-auvergne-france\/le-silure-festival\/305737016802238\/\">Silure Festival,<\/a> Dimanche 21 juillet 14h, lieu dit le pendu 03350 Cerilly <\/p>\n\n\n\n<figure class=\"wp-block-image\"><img fetchpriority=\"high\" decoding=\"async\" width=\"1024\" height=\"390\" src=\"https:\/\/recherche-action.fr\/hugues-bazin\/wp-content\/uploads\/sites\/2\/2019\/07\/60172577_542293756303040_5159478366541185024_o-1024x390.jpg\" alt=\"\" class=\"wp-image-2553\" srcset=\"https:\/\/recherche-action.fr\/hugues-bazin\/wp-content\/uploads\/sites\/2\/2019\/07\/60172577_542293756303040_5159478366541185024_o-1024x390.jpg 1024w, https:\/\/recherche-action.fr\/hugues-bazin\/wp-content\/uploads\/sites\/2\/2019\/07\/60172577_542293756303040_5159478366541185024_o-300x114.jpg 300w, https:\/\/recherche-action.fr\/hugues-bazin\/wp-content\/uploads\/sites\/2\/2019\/07\/60172577_542293756303040_5159478366541185024_o-768x292.jpg 768w, https:\/\/recherche-action.fr\/hugues-bazin\/wp-content\/uploads\/sites\/2\/2019\/07\/60172577_542293756303040_5159478366541185024_o-720x274.jpg 720w\" sizes=\"(max-width: 1024px) 100vw, 1024px\" \/><\/figure>\n\n\n\n<p>Du 19 au 21 juillet, 3 jours \u00e0 la ferme : des ateliers de fabrication de masques, sortie en for\u00eat de Tron\u00e7ais, une expo photo, des projections de films, du th\u00e9\u00e2tre, du yoga, de l&rsquo;a\u00efkido, et de la musique. Beaucoup de musique. Au programme, des groupes locaux, et pas moins de douze DJ, en grande majorit\u00e9 d&rsquo;Allemagne, qui se relaieront jour et nuit.<\/p>\n\n\n\n<p><strong>Vendredi 19&nbsp;juillet<\/strong><\/p>\n\n\n\n<ul class=\"wp-block-list\"><li>16 heures\/18 heures :  fabrication de masques (Le Mazier, Bocage num\u00e9rique,  Bourbon-l\u2019Archambult), spectacle et atelier de danse (Aidan Shiels)<\/li><li>18 heures : fanfare Zibeline (Clermont-Fd)<\/li><li>19\u2009h\u200930 :&nbsp;vernissage de l\u2019exposition des artistes r\u00e9sidents (au lieu-dit Le Rutin)<\/li><li>A partir de 21\u2009h\u200930 :&nbsp;concerts de Buddy &amp;  Dookie (hip hop rock, Vieure), Rural Brutal (\u00e9lecro, live machines,  Venas), Dj set (de Berlin, Leibzig, Strasbourg, Allier).<\/li><\/ul>\n\n\n\n<p><strong>Samedi&nbsp;20 juillet<\/strong><\/p>\n\n\n\n<ul class=\"wp-block-list\"><li>10 heures : yoga (Marion, Marseille)&nbsp;; imprimate 3D en d\u00e9mo la journ\u00e9e (Bocage num\u00e9rique)<\/li><li>13\u2009h\u200945\/15\u2009h\u200930 :&nbsp;atelier th\u00e9\u00e2tre (Kim Aubert, Louroux-Hodement)<\/li><li>14\u2009h\u200930\/17 heures : fabrication de masques<\/li><li>17 heures : projection de Mares \u00e0 palabres (documentaire de Christian Weiss, Saint-Bonnet-Tron\u00e7ais)<\/li><li>18\u2009h\u200930&nbsp;: Derri\u00e8re les arbres, on regarde l\u2019aveugle (th\u00e9\u00e2tre, Cie Chien mange chien, Theneuille)<\/li><li>D\u00e8s 19 heures : concerts Middle plains (folk,  Bourbon-l\u2019Archambault), Nico Papapoulos (\u00e9lectro grecque orientale,  Marseille), La Reine Mab (rock \u00e9lecto analogique, C\u00e9rilly), Areva  (\u00e9lectro punk, chanson fran\u00e7aise, Paris), Dj set.<\/li><\/ul>\n\n\n\n<p><strong>Dimanche&nbsp;21 juillet<\/strong><\/p>\n\n\n\n<ul class=\"wp-block-list\"><li>7 heures :&nbsp;karaok\u00e9 de l\u2019amour<\/li><li>9 heures : excursion en for\u00eat (Christian Weiss)<\/li><li>14 heures :&nbsp;d\u00e9bat la r\u00e9cup alimentaire et le r\u00e9emploi (Jeanne Guien, Hugues Bazin).<\/li><\/ul>\n\n\n\n<p>R\u00e9servation&nbsp;: <a rel=\"noreferrer noopener\" href=\"https:\/\/www.helloasso.com\/associations\/polymorphe-corp\/evenements\/le-silure-festival\" target=\"_blank\">Helloasso &#8211; Silure festival<\/a>. Contacts&nbsp;: 06.83.86.58.08, 06.08.32.65.70. Buvette et restauration sur place. <\/p>\n\n\n\n<p>Organisation : <a href=\"https:\/\/www.facebook.com\/polymorphecorp\/\" target=\"_blank\" rel=\"noreferrer noopener\" aria-label=\"polymorphe corp (opens in a new tab)\">polymorphe corp<\/a><\/p>\n\n\n\n<p><\/p>\n","protected":false},"excerpt":{"rendered":"<p>D\u00e9bat avec Jeanne Guien et Hugues Bazin Le Silure Festival, Dimanche 21 juillet 14h, lieu dit le pendu 03350 Cerilly Du 19 au 21 juillet, 3 jours \u00e0 la ferme : des ateliers de fabrication de masques, sortie en for\u00eat de Tron\u00e7ais, une expo photo, des projections de films, du th\u00e9\u00e2tre, &hellip; <\/p>\n","protected":false},"author":1,"featured_media":2553,"comment_status":"open","ping_status":"open","sticky":false,"template":"","format":"standard","meta":{"h5ap_radio_sources":[],"jetpack_post_was_ever_published":false,"_jetpack_newsletter_access":"","_jetpack_dont_email_post_to_subs":false,"_jetpack_newsletter_tier_id":0,"_jetpack_memberships_contains_paywalled_content":false,"_jetpack_memberships_contains_paid_content":false,"footnotes":"","jetpack_publicize_message":"","jetpack_publicize_feature_enabled":true,"jetpack_social_post_already_shared":true,"jetpack_social_options":{"image_generator_settings":{"template":"highway","default_image_id":0,"font":"","enabled":false},"version":2},"_links_to":"","_links_to_target":""},"categories":[3],"tags":[19,104,37,105,79],"class_list":["post-2552","post","type-post","status-publish","format-standard","has-post-thumbnail","hentry","category-intervention","tag-biffins","tag-economie-populaire","tag-economie-sociale","tag-recuperateurs-vendeurs-developpement-social","tag-recyclage"],"jetpack_publicize_connections":[],"jetpack_featured_media_url":"https:\/\/recherche-action.fr\/hugues-bazin\/wp-content\/uploads\/sites\/2\/2019\/07\/60172577_542293756303040_5159478366541185024_o.jpg","jetpack_sharing_enabled":true,"jetpack_shortlink":"https:\/\/wp.me\/p2QGRI-Fa","post_mailing_queue_ids":[],"_links":{"self":[{"href":"https:\/\/recherche-action.fr\/hugues-bazin\/wp-json\/wp\/v2\/posts\/2552","targetHints":{"allow":["GET"]}}],"collection":[{"href":"https:\/\/recherche-action.fr\/hugues-bazin\/wp-json\/wp\/v2\/posts"}],"about":[{"href":"https:\/\/recherche-action.fr\/hugues-bazin\/wp-json\/wp\/v2\/types\/post"}],"author":[{"embeddable":true,"href":"https:\/\/recherche-action.fr\/hugues-bazin\/wp-json\/wp\/v2\/users\/1"}],"replies":[{"embeddable":true,"href":"https:\/\/recherche-action.fr\/hugues-bazin\/wp-json\/wp\/v2\/comments?post=2552"}],"version-history":[{"count":2,"href":"https:\/\/recherche-action.fr\/hugues-bazin\/wp-json\/wp\/v2\/posts\/2552\/revisions"}],"predecessor-version":[{"id":2555,"href":"https:\/\/recherche-action.fr\/hugues-bazin\/wp-json\/wp\/v2\/posts\/2552\/revisions\/2555"}],"wp:featuredmedia":[{"embeddable":true,"href":"https:\/\/recherche-action.fr\/hugues-bazin\/wp-json\/wp\/v2\/media\/2553"}],"wp:attachment":[{"href":"https:\/\/recherche-action.fr\/hugues-bazin\/wp-json\/wp\/v2\/media?parent=2552"}],"wp:term":[{"taxonomy":"category","embeddable":true,"href":"https:\/\/recherche-action.fr\/hugues-bazin\/wp-json\/wp\/v2\/categories?post=2552"},{"taxonomy":"post_tag","embeddable":true,"href":"https:\/\/recherche-action.fr\/hugues-bazin\/wp-json\/wp\/v2\/tags?post=2552"}],"curies":[{"name":"wp","href":"https:\/\/api.w.org\/{rel}","templated":true}]}}