{"id":2663,"date":"2020-01-02T19:32:20","date_gmt":"2020-01-02T18:32:20","guid":{"rendered":"http:\/\/recherche-action.fr\/hugues-bazin\/?p=2663"},"modified":"2020-01-07T21:28:05","modified_gmt":"2020-01-07T20:28:05","slug":"recherches-actions-tiers-espaces-autonomes-de-la-pensee-et-de-laction","status":"publish","type":"post","link":"https:\/\/recherche-action.fr\/hugues-bazin\/2020\/01\/02\/recherches-actions-tiers-espaces-autonomes-de-la-pensee-et-de-laction\/","title":{"rendered":"Recherches-actions, tiers espaces autonomes de la pens\u00e9e et de l\u2019action"},"content":{"rendered":"\n<p class=\"has-text-align-center\">Dans le cadre des <a href=\"https:\/\/www.facebook.com\/events\/iheal-creda\/doctoriheales-2020-s%C3%A9minaire-des-doctorants\/635123133645935\/\" target=\"_blank\" rel=\"noreferrer noopener\">journ\u00e9es d&rsquo;\u00e9tude des doctorants du CREDA<\/a> (Centre de\nRecherche et de Documentation sur les Am\u00e9riques).<\/p>\n\n\n\n<p>11h30 &#8211; 9 janvier 2020 &#8211; <a href=\"https:\/\/www.facebook.com\/IHEALCREDA\/\">IHEAL CREDA<\/a>&#8211; &nbsp;<a href=\"https:\/\/www.campus-condorcet.fr\/agenda\/les-doctoriheales-2020\" target=\"_blank\" rel=\"noreferrer noopener\">Campus Condorcet<\/a> Centre de colloques &#8211; Auditorium 150 &#8211; 5,\ncours des Humanit\u00e9s 93300 Aubervilliers \u2013 M Front Populaire<\/p>\n\n\n\n<h2 class=\"wp-block-heading\">L&rsquo;universit\u00e9 de demain et la place du chercheur en sciences\nsociales : quels enjeux ?<\/h2>\n\n\n\n<p>Avec en toile de fond l&rsquo;impact des r\u00e9formes n\u00e9olib\u00e9rales sur le monde universitaire, interventions libres sur les th\u00e8mes de la recherche-action et de la recherche-cr\u00e9ation, de l&rsquo;extension universitaire, des modes alternatifs de production et de restitution de la recherche.<\/p>\n\n\n\n<ul class=\"wp-block-list\"><li>Hugues BAZIN,  Chercheur associ\u00e9 au Laboratoire d&rsquo;Innovation Sociale par la Recherche-Action<\/li><li> Gilles MARTINET,  Doctorant en g\u00e9ographie Universit\u00e9 Paris 3 Sorbonne-Nouvelle, CREDA<\/li><li> Baptiste MONGIS,  Doctorant en sociologie \u00e0 l&rsquo;Universit\u00e9 Paris 3 Sorbonne-Nouvelle, CREDA<\/li><li> Louise ROUX,  Docteure en \u00e9tudes th\u00e9\u00e2trales, Universit\u00e9 Paris 8<\/li><\/ul>\n\n\n\n<p>Programme des deux journ\u00e9es&nbsp;:<\/p>\n\n\n\n<figure class=\"wp-block-image size-large\"><img fetchpriority=\"high\" decoding=\"async\" width=\"687\" height=\"1024\" src=\"https:\/\/recherche-action.fr\/hugues-bazin\/wp-content\/uploads\/sites\/2\/2020\/01\/Capture-687x1024.jpg\" alt=\"\" class=\"wp-image-2664\" srcset=\"https:\/\/recherche-action.fr\/hugues-bazin\/wp-content\/uploads\/sites\/2\/2020\/01\/Capture-687x1024.jpg 687w, https:\/\/recherche-action.fr\/hugues-bazin\/wp-content\/uploads\/sites\/2\/2020\/01\/Capture-201x300.jpg 201w, https:\/\/recherche-action.fr\/hugues-bazin\/wp-content\/uploads\/sites\/2\/2020\/01\/Capture-300x447.jpg 300w, https:\/\/recherche-action.fr\/hugues-bazin\/wp-content\/uploads\/sites\/2\/2020\/01\/Capture-720x1073.jpg 720w, https:\/\/recherche-action.fr\/hugues-bazin\/wp-content\/uploads\/sites\/2\/2020\/01\/Capture.jpg 736w\" sizes=\"(max-width: 687px) 100vw, 687px\" \/><\/figure>\n","protected":false},"excerpt":{"rendered":"<p>Dans le cadre des journ\u00e9es d&rsquo;\u00e9tude des doctorants du CREDA (Centre de Recherche et de Documentation sur les Am\u00e9riques). 11h30 &#8211; 9 janvier 2020 &#8211; IHEAL CREDA&#8211; &nbsp;Campus Condorcet Centre de colloques &#8211; Auditorium 150 &#8211; 5, cours des Humanit\u00e9s 93300 Aubervilliers \u2013 M Front Populaire L&rsquo;universit\u00e9 de demain et la &hellip; <\/p>\n","protected":false},"author":1,"featured_media":2664,"comment_status":"open","ping_status":"open","sticky":false,"template":"","format":"standard","meta":{"h5ap_radio_sources":[],"jetpack_post_was_ever_published":false,"_jetpack_newsletter_access":"","_jetpack_dont_email_post_to_subs":false,"_jetpack_newsletter_tier_id":0,"_jetpack_memberships_contains_paywalled_content":false,"_jetpack_memberships_contains_paid_content":false,"footnotes":"","jetpack_publicize_message":"","jetpack_publicize_feature_enabled":true,"jetpack_social_post_already_shared":true,"jetpack_social_options":{"image_generator_settings":{"template":"highway","default_image_id":0,"font":"","enabled":false},"version":2},"_links_to":"","_links_to_target":""},"categories":[3],"tags":[],"class_list":["post-2663","post","type-post","status-publish","format-standard","has-post-thumbnail","hentry","category-intervention"],"jetpack_publicize_connections":[],"jetpack_featured_media_url":"https:\/\/recherche-action.fr\/hugues-bazin\/wp-content\/uploads\/sites\/2\/2020\/01\/Capture.jpg","jetpack_sharing_enabled":true,"jetpack_shortlink":"https:\/\/wp.me\/p2QGRI-GX","post_mailing_queue_ids":[],"_links":{"self":[{"href":"https:\/\/recherche-action.fr\/hugues-bazin\/wp-json\/wp\/v2\/posts\/2663","targetHints":{"allow":["GET"]}}],"collection":[{"href":"https:\/\/recherche-action.fr\/hugues-bazin\/wp-json\/wp\/v2\/posts"}],"about":[{"href":"https:\/\/recherche-action.fr\/hugues-bazin\/wp-json\/wp\/v2\/types\/post"}],"author":[{"embeddable":true,"href":"https:\/\/recherche-action.fr\/hugues-bazin\/wp-json\/wp\/v2\/users\/1"}],"replies":[{"embeddable":true,"href":"https:\/\/recherche-action.fr\/hugues-bazin\/wp-json\/wp\/v2\/comments?post=2663"}],"version-history":[{"count":2,"href":"https:\/\/recherche-action.fr\/hugues-bazin\/wp-json\/wp\/v2\/posts\/2663\/revisions"}],"predecessor-version":[{"id":2668,"href":"https:\/\/recherche-action.fr\/hugues-bazin\/wp-json\/wp\/v2\/posts\/2663\/revisions\/2668"}],"wp:featuredmedia":[{"embeddable":true,"href":"https:\/\/recherche-action.fr\/hugues-bazin\/wp-json\/wp\/v2\/media\/2664"}],"wp:attachment":[{"href":"https:\/\/recherche-action.fr\/hugues-bazin\/wp-json\/wp\/v2\/media?parent=2663"}],"wp:term":[{"taxonomy":"category","embeddable":true,"href":"https:\/\/recherche-action.fr\/hugues-bazin\/wp-json\/wp\/v2\/categories?post=2663"},{"taxonomy":"post_tag","embeddable":true,"href":"https:\/\/recherche-action.fr\/hugues-bazin\/wp-json\/wp\/v2\/tags?post=2663"}],"curies":[{"name":"wp","href":"https:\/\/api.w.org\/{rel}","templated":true}]}}