{"id":2985,"date":"2021-09-30T22:37:02","date_gmt":"2021-09-30T20:37:02","guid":{"rendered":"http:\/\/recherche-action.fr\/hugues-bazin\/?p=2985"},"modified":"2021-09-30T22:37:08","modified_gmt":"2021-09-30T20:37:08","slug":"tiers-espaces-de-la-recherche-et-de-laction","status":"publish","type":"post","link":"https:\/\/recherche-action.fr\/hugues-bazin\/2021\/09\/30\/tiers-espaces-de-la-recherche-et-de-laction\/","title":{"rendered":"Tiers espaces de la recherche et de l\u2019action"},"content":{"rendered":"\n<figure class=\"wp-block-image size-large\"><img fetchpriority=\"high\" decoding=\"async\" width=\"1024\" height=\"768\" src=\"https:\/\/recherche-action.fr\/hugues-bazin\/wp-content\/uploads\/sites\/2\/2021\/09\/IMG_20191011_173654-1024x768.jpg\" alt=\"\" class=\"wp-image-2987\" srcset=\"https:\/\/recherche-action.fr\/hugues-bazin\/wp-content\/uploads\/sites\/2\/2021\/09\/IMG_20191011_173654-1024x768.jpg 1024w, https:\/\/recherche-action.fr\/hugues-bazin\/wp-content\/uploads\/sites\/2\/2021\/09\/IMG_20191011_173654-300x225.jpg 300w, https:\/\/recherche-action.fr\/hugues-bazin\/wp-content\/uploads\/sites\/2\/2021\/09\/IMG_20191011_173654-768x576.jpg 768w, https:\/\/recherche-action.fr\/hugues-bazin\/wp-content\/uploads\/sites\/2\/2021\/09\/IMG_20191011_173654-1536x1152.jpg 1536w, https:\/\/recherche-action.fr\/hugues-bazin\/wp-content\/uploads\/sites\/2\/2021\/09\/IMG_20191011_173654-720x540.jpg 720w, https:\/\/recherche-action.fr\/hugues-bazin\/wp-content\/uploads\/sites\/2\/2021\/09\/IMG_20191011_173654.jpg 1707w\" sizes=\"(max-width: 1024px) 100vw, 1024px\" \/><\/figure>\n\n\n\n<p>Cette s\u00e9ance ouverte au r\u00e9seau du laboratoire social (1) sera l\u2019occasion d\u2019effectuer un retour r\u00e9flexif sur la pratique des tiers espaces de la recherche et de l\u2019action et leurs diff\u00e9rentes d\u00e9clinaisons en mati\u00e8re d\u2019exp\u00e9rimentation.<\/p>\n\n\n\n<p>L\u2019atelier offre avant tout la possibilit\u00e9 d\u2019un \u00e9change r\u00e9ciproque des savoirs nourri pas les apports des acteurs-chercheurs provenant de diff\u00e9rentes r\u00e9gions et les strat\u00e9gies qu\u2019ils souhaiteraient d\u00e9velopper en coop\u00e9ration avec le LISRA.<\/p>\n\n\n\n<p>(1) adh\u00e9sion au manifeste sur le site du <a href=\"http:\/\/recherche-action.fr\/labo-social\/docs\/presentation-du-lisra\/manifeste\/\" target=\"_blank\" rel=\"noreferrer noopener\">labo social<\/a><\/p>\n\n\n\n<p>Confirmation de la participation \/ informations compl\u00e9mentaires : contact@recherche-action.fr<\/p>\n\n\n\n<p><\/p>\n\n\n\n<p>Vendredi 22 octobre 2021 de 14h \u00e0 18h<br>MSH Paris Nord- 20 Avenue George Sand, 93210 Saint-Denis <br>M\u00e9tro 12 : Front populaire (sortie n\u00b03 Maison des Sciences de l&rsquo;Homme)<\/p>\n","protected":false},"excerpt":{"rendered":"<p>Cette s\u00e9ance ouverte au r\u00e9seau du laboratoire social (1) sera l\u2019occasion d\u2019effectuer un retour r\u00e9flexif sur la pratique des tiers espaces de la recherche et de l\u2019action et leurs diff\u00e9rentes d\u00e9clinaisons en mati\u00e8re d\u2019exp\u00e9rimentation. L\u2019atelier offre avant tout la possibilit\u00e9 d\u2019un \u00e9change r\u00e9ciproque des savoirs nourri pas les apports des acteurs-chercheurs &hellip; <\/p>\n","protected":false},"author":1,"featured_media":2987,"comment_status":"open","ping_status":"open","sticky":false,"template":"","format":"standard","meta":{"h5ap_radio_sources":[],"jetpack_post_was_ever_published":false,"_jetpack_newsletter_access":"","_jetpack_dont_email_post_to_subs":false,"_jetpack_newsletter_tier_id":0,"_jetpack_memberships_contains_paywalled_content":false,"_jetpack_memberships_contains_paid_content":false,"footnotes":"","jetpack_publicize_message":"","jetpack_publicize_feature_enabled":true,"jetpack_social_post_already_shared":true,"jetpack_social_options":{"image_generator_settings":{"template":"highway","default_image_id":0,"font":"","enabled":false},"version":2},"_links_to":"","_links_to_target":""},"categories":[3],"tags":[53],"class_list":["post-2985","post","type-post","status-publish","format-standard","has-post-thumbnail","hentry","category-intervention","tag-innovation-sociale"],"jetpack_publicize_connections":[],"jetpack_featured_media_url":"https:\/\/recherche-action.fr\/hugues-bazin\/wp-content\/uploads\/sites\/2\/2021\/09\/IMG_20191011_173654.jpg","jetpack_sharing_enabled":true,"jetpack_shortlink":"https:\/\/wp.me\/p2QGRI-M9","post_mailing_queue_ids":[],"_links":{"self":[{"href":"https:\/\/recherche-action.fr\/hugues-bazin\/wp-json\/wp\/v2\/posts\/2985","targetHints":{"allow":["GET"]}}],"collection":[{"href":"https:\/\/recherche-action.fr\/hugues-bazin\/wp-json\/wp\/v2\/posts"}],"about":[{"href":"https:\/\/recherche-action.fr\/hugues-bazin\/wp-json\/wp\/v2\/types\/post"}],"author":[{"embeddable":true,"href":"https:\/\/recherche-action.fr\/hugues-bazin\/wp-json\/wp\/v2\/users\/1"}],"replies":[{"embeddable":true,"href":"https:\/\/recherche-action.fr\/hugues-bazin\/wp-json\/wp\/v2\/comments?post=2985"}],"version-history":[{"count":1,"href":"https:\/\/recherche-action.fr\/hugues-bazin\/wp-json\/wp\/v2\/posts\/2985\/revisions"}],"predecessor-version":[{"id":2988,"href":"https:\/\/recherche-action.fr\/hugues-bazin\/wp-json\/wp\/v2\/posts\/2985\/revisions\/2988"}],"wp:featuredmedia":[{"embeddable":true,"href":"https:\/\/recherche-action.fr\/hugues-bazin\/wp-json\/wp\/v2\/media\/2987"}],"wp:attachment":[{"href":"https:\/\/recherche-action.fr\/hugues-bazin\/wp-json\/wp\/v2\/media?parent=2985"}],"wp:term":[{"taxonomy":"category","embeddable":true,"href":"https:\/\/recherche-action.fr\/hugues-bazin\/wp-json\/wp\/v2\/categories?post=2985"},{"taxonomy":"post_tag","embeddable":true,"href":"https:\/\/recherche-action.fr\/hugues-bazin\/wp-json\/wp\/v2\/tags?post=2985"}],"curies":[{"name":"wp","href":"https:\/\/api.w.org\/{rel}","templated":true}]}}