{"id":313,"date":"2013-04-18T13:20:11","date_gmt":"2013-04-18T12:20:11","guid":{"rendered":"http:\/\/recherche-action.fr\/hugues-bazin\/?p=313"},"modified":"2013-04-18T13:20:11","modified_gmt":"2013-04-18T12:20:11","slug":"espaces-communs-pour-le-grand-paris-paris-18eme","status":"publish","type":"post","link":"https:\/\/recherche-action.fr\/hugues-bazin\/2013\/04\/18\/espaces-communs-pour-le-grand-paris-paris-18eme\/","title":{"rendered":"Espaces communs pour le \u00ab\u00a0Grand Paris\u00a0\u00bb (Paris 18eme)"},"content":{"rendered":"<div id=\"ez-toc-container\" class=\"ez-toc-v2_0_82_2 counter-hierarchy ez-toc-counter ez-toc-transparent ez-toc-container-direction\">\n<div class=\"ez-toc-title-container\">\n<p class=\"ez-toc-title\" style=\"cursor:inherit\">Sommaire<\/p>\n<span class=\"ez-toc-title-toggle\"><\/span><\/div>\n<nav><ul class='ez-toc-list ez-toc-list-level-1 ' ><li class='ez-toc-page-1 ez-toc-heading-level-2'><a class=\"ez-toc-link ez-toc-heading-1\" href=\"https:\/\/recherche-action.fr\/hugues-bazin\/2013\/04\/18\/espaces-communs-pour-le-grand-paris-paris-18eme\/#Trame\" >Trame<\/a><\/li><li class='ez-toc-page-1 ez-toc-heading-level-2'><a class=\"ez-toc-link ez-toc-heading-2\" href=\"https:\/\/recherche-action.fr\/hugues-bazin\/2013\/04\/18\/espaces-communs-pour-le-grand-paris-paris-18eme\/#Programme_detailles\" >Programme d\u00e9taill\u00e9s<\/a><\/li><\/ul><\/nav><\/div>\n<p>SAMEDI 20 AVRIL &#8211; DE 11h A 16h<a href=\"https:\/\/recherche-action.fr\/hugues-bazin\/files\/2013\/04\/GDParis.jpg\"><img fetchpriority=\"high\" decoding=\"async\" class=\"alignright size-medium wp-image-314\" alt=\"GDParis\" src=\"https:\/\/recherche-action.fr\/hugues-bazin\/files\/2013\/04\/GDParis-300x300.jpg\" width=\"300\" height=\"300\" \/><\/a><br \/>\nLocal PS 18e \u2013 7 bis rue de Tr\u00e9taigne \u2013 75018 Paris M\u00e9tro Jules Joffrin (ligne 12), bus 31 ou 60<\/p>\n<h2><span class=\"ez-toc-section\" id=\"Trame\"><\/span>Trame<span class=\"ez-toc-section-end\"><\/span><\/h2>\n<h3>11h -13h Un espace pour ses habitants : o\u00f9 loger, comment circuler, quelle gouvernance ?<\/h3>\n<p>Avec Gilles Catoire, maire de Clichy, Marie Pierre de la Gontrie, Premi\u00e8re vice-pr\u00e9sidente de la r\u00e9gion IDF, Fran\u00e7ois Kalfon, Pr\u00e9sident de la commission transport \u00e0 la r\u00e9gion IDF, Annick Lepetit, d\u00e9put\u00e9e de la 3e circonscription, Jean Yves Mano, adjoint au Maire de Paris charg\u00e9 du logement,<\/p>\n<h3>14h -16h Un espace commun \u00e0 ses habitants : cr\u00e9er de nouveaux liens.<\/h3>\n<p>Avec Hugues Bazin, sociologue ethnologue urbain, auteur de la culture Hip\u00acHop, Jean-Pierre Blazy, d\u00e9put\u00e9-maire de Gonesse, C215, street-artiste urbain, Hocquard, Secr\u00e9taire national PS \u00e0 la Culture, Pierre Kanuty, conseiller R\u00e9gional, Maud Le Floch, urbaniste, sc\u00e9nariste urbain, fondatrice du pOlau (pole des arts urbains)<\/p>\n<p>Plus d\u2019infos : www.ps-paris18gc.org \/ Contact : Mario Gonzalez 0612833036 Lucas Elalouf 0624552586<\/p>\n<h2><span class=\"ez-toc-section\" id=\"Programme_detailles\"><\/span>Programme d\u00e9taill\u00e9s<span class=\"ez-toc-section-end\"><\/span><\/h2>\n<p>Cette journ\u00e9e vise \u00e0 donner aux militants des outils sur le fonctionnement et les principaux enjeux du Grand Paris, revisit\u00e9 ces derni\u00e8res semaines par le gouvernement. Le sujet est en effet jug\u00e9 trop vague et trop technique et il est donc n\u00e9cessaire, 11 mois avant l&rsquo;\u00e9ch\u00e9ance d\u00e9cisive des prochaines municipales, d&rsquo;organiser un forum militant qui portera sur un des points majeurs des prochaines \u00e9lections de mars 2014.<\/p>\n<p><b>TABLE RONDE 1 &#8211; de 11h00 \u00e0 13h15<\/b><\/p>\n<p><b>Un espace pour ses habitants : o\u00f9 loger ? comment circuler ? quelle gouvernance ?<\/b><\/p>\n<p>Pr\u00e9sentation liminaire et synth\u00e9tique du Nouveau Grand Paris (10mn)<\/p>\n<p><b><span style=\"text-decoration: underline\">1\/ Priorit\u00e9 au logement <\/span><\/b><\/p>\n<ul>\n<li>O\u00f9 concentrer la construction de logement ? Pour quels types d\u2019habitat ?<\/li>\n<li>Cr\u00e9er de nouveaux centres ? La fin des villes dortoirs ? Cr\u00e9er de nouveaux bassins d\u2019emplois ?<\/li>\n<li>Quels moyens de contrainte contre les collectivit\u00e9s r\u00e9ticentes ? A quel \u00e9chelon ?<\/li>\n<\/ul>\n<p><b><span style=\"text-decoration: underline\">2\/ Les nouvelles mobilit\u00e9s du Grand Paris <\/span><\/b><\/p>\n<ul>\n<li>La fin de l\u2019hypercentre parisien ?<\/li>\n<li>Le Grand Paris express : un financement et un calendrier tenables ? CDG-express : l\u2019impasse ?<\/li>\n<li>Syndicat des transports d\u2019Ile-de-France et Soci\u00e9t\u00e9 du Grand Paris : quelles articulations ?<\/li>\n<\/ul>\n<p><b><span style=\"text-decoration: underline\">3\/ Un Grand Paris d\u00e9mocratique <\/span><\/b><\/p>\n<ul>\n<li>Soci\u00e9t\u00e9 du Grand Paris, M\u00e9tropole de Paris, Communes, Communaut\u00e9 de communes, Communaut\u00e9 d\u2019agglom\u00e9ration, contrat de d\u00e9veloppement territorial, R\u00e9gion, Etat : choc de simplification ?<\/li>\n<li>Quel avenir pour les politiques en place : GPRU \/ quartiers politique de la ville ?<\/li>\n<li>Quelle l\u00e9gitimit\u00e9 d\u00e9mocratique ? Election au suffrage direct des membres de la M\u00e9tropole de Paris ?<\/li>\n<\/ul>\n<p>&nbsp;<\/p>\n<p><b>TABLE RONDE n\u00b0 2 de 14h15 \u00e0 16h15<\/b><\/p>\n<p><b>Un espace commun \u00e0 ses habitants : cr\u00e9er de nouveaux liens<\/b><\/p>\n<p><b><span style=\"text-decoration: underline\">1\/ Les deux niveaux de liens, dans les villes et entre les villes <\/span><\/b><\/p>\n<ul>\n<li>Quel r\u00e9el \u00e9quilibre entre Paris et les autres villes ?<\/li>\n<li>Comment f\u00e9d\u00e9rer autour du Grand Paris, en faire un r\u00e9el espace commun ?<\/li>\n<li>Le Grand Paris, un projet pour plus d&rsquo;\u00e9quit\u00e9 entre villes?<\/li>\n<\/ul>\n<p><b><span style=\"text-decoration: underline\">2\/ Des outils au service du lien <\/span><\/b><\/p>\n<ul>\n<li>La culture : \u00e9l\u00e9ment cl\u00e9 pour cr\u00e9er du lien dans le cadre du Grand Paris ?<\/li>\n<li>D\u2019autres politiques publiques \u00e0 imaginer au niveau du Grand Paris : sport ? tourisme ?<\/li>\n<li>Quelles solutions urbaines pour une meilleure qualit\u00e9 de vie dans les villes du Grand Paris ?<\/li>\n<li>Bilan de ce qui existe d\u00e9j\u00e0 \u00e0 Paris (par ex. couverture du p\u00e9riph), \u00e0 l\u2019\u00e9tranger ?<\/li>\n<\/ul>\n<p><b><span style=\"text-decoration: underline\">3\/ les voies de la r\u00e9ussite <\/span><\/b><span style=\"text-decoration: underline\">: <\/span><b><span style=\"text-decoration: underline\">l\u2019implication des citoyens <\/span><\/b><\/p>\n<ul>\n<li>Quels sont les pi\u00e8ges qui pourraient affaiblir le projet ? Quels sont les atouts en place ou \u00e0 cultiver ?<\/li>\n<li>L&rsquo;information vers les citoyens est-elle suffisante aujourd&rsquo;hui ? Comment susciter leur mobilisation sur le sujet?<\/li>\n<li>Comment les citoyens peuvent-ils s\u2019approprier le projet du Grand Paris ? Quelles aspirations ?<\/li>\n<\/ul>\n","protected":false},"excerpt":{"rendered":"<p>SAMEDI 20 AVRIL &#8211; DE 11h A 16h Local PS 18e \u2013 7 bis rue de Tr\u00e9taigne \u2013 75018 Paris M\u00e9tro Jules Joffrin (ligne 12), bus 31 ou 60 Trame 11h -13h Un espace pour ses habitants : o\u00f9 loger, comment circuler, quelle gouvernance ? Avec Gilles Catoire, maire de Clichy, &hellip; <\/p>\n","protected":false},"author":1,"featured_media":314,"comment_status":"open","ping_status":"open","sticky":false,"template":"","format":"standard","meta":{"h5ap_radio_sources":[],"jetpack_post_was_ever_published":false,"_jetpack_newsletter_access":"","_jetpack_dont_email_post_to_subs":false,"_jetpack_newsletter_tier_id":0,"_jetpack_memberships_contains_paywalled_content":false,"_jetpack_memberships_contains_paid_content":false,"footnotes":"","jetpack_publicize_message":"","jetpack_publicize_feature_enabled":true,"jetpack_social_post_already_shared":true,"jetpack_social_options":{"image_generator_settings":{"template":"highway","default_image_id":0,"font":"","enabled":false},"version":2},"_links_to":"","_links_to_target":""},"categories":[3],"tags":[22,41,47,52,75,81,87,94,95],"class_list":["post-313","post","type-post","status-publish","format-standard","has-post-thumbnail","hentry","category-intervention","tag-centre","tag-espace-public","tag-gouvernace","tag-ile-de-france","tag-quartier","tag-rue","tag-territoire","tag-urbanisme","tag-ville"],"jetpack_publicize_connections":[],"jetpack_featured_media_url":"","jetpack_sharing_enabled":true,"jetpack_shortlink":"https:\/\/wp.me\/p2QGRI-53","post_mailing_queue_ids":[],"_links":{"self":[{"href":"https:\/\/recherche-action.fr\/hugues-bazin\/wp-json\/wp\/v2\/posts\/313","targetHints":{"allow":["GET"]}}],"collection":[{"href":"https:\/\/recherche-action.fr\/hugues-bazin\/wp-json\/wp\/v2\/posts"}],"about":[{"href":"https:\/\/recherche-action.fr\/hugues-bazin\/wp-json\/wp\/v2\/types\/post"}],"author":[{"embeddable":true,"href":"https:\/\/recherche-action.fr\/hugues-bazin\/wp-json\/wp\/v2\/users\/1"}],"replies":[{"embeddable":true,"href":"https:\/\/recherche-action.fr\/hugues-bazin\/wp-json\/wp\/v2\/comments?post=313"}],"version-history":[{"count":0,"href":"https:\/\/recherche-action.fr\/hugues-bazin\/wp-json\/wp\/v2\/posts\/313\/revisions"}],"wp:featuredmedia":[{"embeddable":true,"href":"https:\/\/recherche-action.fr\/hugues-bazin\/wp-json\/"}],"wp:attachment":[{"href":"https:\/\/recherche-action.fr\/hugues-bazin\/wp-json\/wp\/v2\/media?parent=313"}],"wp:term":[{"taxonomy":"category","embeddable":true,"href":"https:\/\/recherche-action.fr\/hugues-bazin\/wp-json\/wp\/v2\/categories?post=313"},{"taxonomy":"post_tag","embeddable":true,"href":"https:\/\/recherche-action.fr\/hugues-bazin\/wp-json\/wp\/v2\/tags?post=313"}],"curies":[{"name":"wp","href":"https:\/\/api.w.org\/{rel}","templated":true}]}}