{"id":34,"date":"2010-09-10T17:31:17","date_gmt":"1999-11-29T23:00:00","guid":{"rendered":"http:\/\/recherche-action.fr\/hugues-bazin\/2010\/09\/10\/rencontres-projeunesse-besancon-25\/"},"modified":"2010-09-10T17:31:17","modified_gmt":"1999-11-29T23:00:00","slug":"rencontres-projeunesse-besancon-25","status":"publish","type":"post","link":"https:\/\/recherche-action.fr\/hugues-bazin\/2010\/09\/10\/rencontres-projeunesse-besancon-25\/","title":{"rendered":"Rencontres Pro\u2019Jeunesse \u2013 Besan\u00e7on (25)"},"content":{"rendered":"<p>Dans le cadre de l\u2019\u00e9v\u00e9nement \u00ab \u00c9nergie jeune \u00bb, mettre en valeur positivement la jeunesse et les jeunes, la Ville de Besan\u00e7on, en collaboration avec le Centre R\u00e9gional d\u2019Information Jeunesse de Franche-Comt\u00e9, organise.<\/p>\n<p>Rencontre Cultures urbaines : g\u00e9n\u00e9ration(s) d\u2019acteurs-chercheurs, porteurs d\u2019exp\u00e9rimentations\u00a0 (parcours, enjeux et r\u00e9seaux) <\/p>\n<p>Coorganisateur : Attila (hip hop, cultures urbaines)<\/p>\n<p>S\u00e9minaire sous forme d\u2019\u00e9changes entre les acteurs locaux porteurs d\u2019un travail de r\u00e9flexion sur leurs pratiques, les participants \u00e0 la rencontre et les membres du LISRA (Laboratoire d\u2019Innovation Sociale par la Recherche-Action &#8211; http:\/\/labo.recherche-action.fr\/)<br \/>\n&#8211;\u00a0\u00a0 \u00a0Lieux de pratiques, d\u2019expression, de cr\u00e9ation, de formation, de r\u00e9seau \u00e0 Besan\u00e7on et ailleurs : de la libert\u00e9 de pratique \u00e0 la volont\u00e9 artistique, de la pratique amateur \u00e0 la reconnaissance professionnelle.<\/p>\n<p>En pr\u00e9sence d\u2019Hugues Bazin, chercheur en Sciences sociales<\/p>\n<p>Du 8 au 12 septembre 2010, ces journ\u00e9es ont pour objectif de cr\u00e9er un espace de rencontre entre les professionnels, les associations et les jeunes autour des questions relatives \u00e0 la jeunesse (acc\u00e8s aux loisirs, \u00e0 la culture et aux sports, pr\u00e9vention des risques, citoyennet\u00e9 et engagement, solidarit\u00e9s\u2026) mais aussi de valoriser les actions r\u00e9alis\u00e9es \u00e0 Besan\u00e7on et en Franche-Comt\u00e9 par ou pour des jeunes. Pour cette premi\u00e8re \u00e9dition, le th\u00e8me des \u00ab cultures urbaines \u00bb a \u00e9t\u00e9 retenu.<\/p>\n","protected":false},"excerpt":{"rendered":"<p>Dans le cadre de l\u2019\u00e9v\u00e9nement \u00ab \u00c9nergie jeune \u00bb, mettre en valeur positivement la jeunesse et les jeunes, la Ville de Besan\u00e7on, en collaboration avec le Centre R\u00e9gional d\u2019Information Jeunesse de Franche-Comt\u00e9, organise. Rencontre Cultures urbaines : g\u00e9n\u00e9ration(s) d\u2019acteurs-chercheurs, porteurs d\u2019exp\u00e9rimentations\u00a0 (parcours, enjeux et r\u00e9seaux) Coorganisateur : Attila (hip hop, cultures urbaines) S\u00e9minaire sous forme [&#8230;]<\/p>\n","protected":false},"author":1,"featured_media":0,"comment_status":"open","ping_status":"open","sticky":false,"template":"","format":"standard","meta":{"h5ap_radio_sources":[],"jetpack_post_was_ever_published":false,"_jetpack_newsletter_access":"","_jetpack_dont_email_post_to_subs":false,"_jetpack_newsletter_tier_id":0,"_jetpack_memberships_contains_paywalled_content":false,"_jetpack_memberships_contains_paid_content":false,"footnotes":"","jetpack_publicize_message":"","jetpack_publicize_feature_enabled":true,"jetpack_social_post_already_shared":false,"jetpack_social_options":{"image_generator_settings":{"template":"highway","default_image_id":0,"font":"","enabled":false},"version":2},"_links_to":"","_links_to_target":""},"categories":[3],"tags":[25,29,46,53,56,84,95],"class_list":["post-34","post","type-post","status-publish","format-standard","hentry","category-intervention","tag-citoyennete","tag-cultures-urbaines","tag-franche-comte","tag-innovation-sociale","tag-jeunesse","tag-sciences-sociales","tag-ville"],"jetpack_publicize_connections":[],"jetpack_featured_media_url":"","jetpack_sharing_enabled":true,"jetpack_shortlink":"https:\/\/wp.me\/p2QGRI-y","post_mailing_queue_ids":[],"_links":{"self":[{"href":"https:\/\/recherche-action.fr\/hugues-bazin\/wp-json\/wp\/v2\/posts\/34","targetHints":{"allow":["GET"]}}],"collection":[{"href":"https:\/\/recherche-action.fr\/hugues-bazin\/wp-json\/wp\/v2\/posts"}],"about":[{"href":"https:\/\/recherche-action.fr\/hugues-bazin\/wp-json\/wp\/v2\/types\/post"}],"author":[{"embeddable":true,"href":"https:\/\/recherche-action.fr\/hugues-bazin\/wp-json\/wp\/v2\/users\/1"}],"replies":[{"embeddable":true,"href":"https:\/\/recherche-action.fr\/hugues-bazin\/wp-json\/wp\/v2\/comments?post=34"}],"version-history":[{"count":0,"href":"https:\/\/recherche-action.fr\/hugues-bazin\/wp-json\/wp\/v2\/posts\/34\/revisions"}],"wp:attachment":[{"href":"https:\/\/recherche-action.fr\/hugues-bazin\/wp-json\/wp\/v2\/media?parent=34"}],"wp:term":[{"taxonomy":"category","embeddable":true,"href":"https:\/\/recherche-action.fr\/hugues-bazin\/wp-json\/wp\/v2\/categories?post=34"},{"taxonomy":"post_tag","embeddable":true,"href":"https:\/\/recherche-action.fr\/hugues-bazin\/wp-json\/wp\/v2\/tags?post=34"}],"curies":[{"name":"wp","href":"https:\/\/api.w.org\/{rel}","templated":true}]}}