{"id":3893,"date":"2023-06-14T14:27:43","date_gmt":"2023-06-14T12:27:43","guid":{"rendered":"https:\/\/recherche-action.fr\/hugues-bazin\/?p=3893"},"modified":"2023-06-14T14:27:44","modified_gmt":"2023-06-14T12:27:44","slug":"journee-detude-mediation-et-recherches-participatives","status":"publish","type":"post","link":"https:\/\/recherche-action.fr\/hugues-bazin\/2023\/06\/14\/journee-detude-mediation-et-recherches-participatives\/","title":{"rendered":"Journ\u00e9e d\u2019\u00e9tude \u00ab\u00a0M\u00e9diation et Recherches Participatives\u00a0\u00bb"},"content":{"rendered":"<div id=\"ez-toc-container\" class=\"ez-toc-v2_0_82_2 counter-hierarchy ez-toc-counter ez-toc-transparent ez-toc-container-direction\">\n<div class=\"ez-toc-title-container\">\n<p class=\"ez-toc-title\" style=\"cursor:inherit\">Sommaire<\/p>\n<span class=\"ez-toc-title-toggle\"><\/span><\/div>\n<nav><ul class='ez-toc-list ez-toc-list-level-1 ' ><li class='ez-toc-page-1 ez-toc-heading-level-2'><a class=\"ez-toc-link ez-toc-heading-1\" href=\"https:\/\/recherche-action.fr\/hugues-bazin\/2023\/06\/14\/journee-detude-mediation-et-recherches-participatives\/#9h30_Accueil\" >9h30 : Accueil<\/a><\/li><li class='ez-toc-page-1 ez-toc-heading-level-2'><a class=\"ez-toc-link ez-toc-heading-2\" href=\"https:\/\/recherche-action.fr\/hugues-bazin\/2023\/06\/14\/journee-detude-mediation-et-recherches-participatives\/#10h15_Ouverture_recherche_mediation_et_recherches_participatives\" >10h15 : Ouverture : recherche m\u00e9diation et recherches participatives<\/a><\/li><li class='ez-toc-page-1 ez-toc-heading-level-2'><a class=\"ez-toc-link ez-toc-heading-3\" href=\"https:\/\/recherche-action.fr\/hugues-bazin\/2023\/06\/14\/journee-detude-mediation-et-recherches-participatives\/#11h15_Table_ronde\" >11h15 Table ronde<\/a><\/li><li class='ez-toc-page-1 ez-toc-heading-level-2'><a class=\"ez-toc-link ez-toc-heading-4\" href=\"https:\/\/recherche-action.fr\/hugues-bazin\/2023\/06\/14\/journee-detude-mediation-et-recherches-participatives\/#14h_Conferences_Flash\" >14h Conf\u00e9rences Flash<\/a><\/li><li class='ez-toc-page-1 ez-toc-heading-level-2'><a class=\"ez-toc-link ez-toc-heading-5\" href=\"https:\/\/recherche-action.fr\/hugues-bazin\/2023\/06\/14\/journee-detude-mediation-et-recherches-participatives\/#14h45_Ateliers\" >14h45 Ateliers :<\/a><\/li><li class='ez-toc-page-1 ez-toc-heading-level-2'><a class=\"ez-toc-link ez-toc-heading-6\" href=\"https:\/\/recherche-action.fr\/hugues-bazin\/2023\/06\/14\/journee-detude-mediation-et-recherches-participatives\/#17h45_Cloture\" >17h45 : Cl\u00f4ture<\/a><\/li><\/ul><\/nav><\/div>\n\n<p>Quelle place pour la m\u00e9diation dans les formats de production collective des connaissances ?<\/p>\n\n\n\n<p><a href=\"https:\/\/www.estim-mediation.fr\/journee-mediation-scientifiques-recherches-participatives\/\" target=\"_blank\" rel=\"noreferrer noopener\">Journ\u00e9e d&rsquo;\u00e9tude<\/a> organis\u00e9e par l\u2019<a href=\"https:\/\/www.estim-mediation.fr\/\" target=\"_blank\" rel=\"noreferrer noopener\">\u00c9cole de la m\u00e9diation<\/a><\/p>\n\n\n\n<h2 class=\"wp-block-heading\"><span class=\"ez-toc-section\" id=\"9h30_Accueil\"><\/span>9h30 : Accueil<span class=\"ez-toc-section-end\"><\/span><\/h2>\n\n\n\n<p>David Chavalarias, directeur de l\u2019Institut des Syst\u00e8mes Complexes de Paris IdF (CNRS),<br>Matteo Merzagora, directeur de la DMSE (Universcience).<\/p>\n\n\n\n<h2 class=\"wp-block-heading\"><span class=\"ez-toc-section\" id=\"10h15_Ouverture_recherche_mediation_et_recherches_participatives\"><\/span>10h15 : Ouverture : recherche m\u00e9diation et recherches participatives<span class=\"ez-toc-section-end\"><\/span><\/h2>\n\n\n\n<p>Marie-France MIFUNE, cheffe de projet \u00e0 Mosaic, centre de comp\u00e9tences en sciences participatives (MNHN-SU).<\/p>\n\n\n\n<h2 class=\"wp-block-heading\"><span class=\"ez-toc-section\" id=\"11h15_Table_ronde\"><\/span>11h15 Table ronde<span class=\"ez-toc-section-end\"><\/span><\/h2>\n\n\n\n<p>Questionner les postures en sciences et recherches participatives : animateur.ices, m\u00e9diateur.ices, facilitateur.ices, tiers-veilleur.ses, interm\u00e9diateur.ices\u2026<\/p>\n\n\n\n<p>Intervenant\u00b7es : Evelyne LHOSTE (LISIS), Hugues BAZIN (LISRA), Cyril FIORINI (Association Science Citoyenne), Claudia AGUIRRE (Association Traces).<\/p>\n\n\n\n<h2 class=\"wp-block-heading\"><span class=\"ez-toc-section\" id=\"14h_Conferences_Flash\"><\/span>14h Conf\u00e9rences Flash <span class=\"ez-toc-section-end\"><\/span><\/h2>\n\n\n\n<p>Session 1 (14h00-14h30) :<\/p>\n\n\n\n<ul class=\"wp-block-list\">\n<li>Des interm\u00e9diations pour des transitions \u00e9cologiques et solidaires Evelyne Lhoste \u2013 INRAE<\/li>\n\n\n\n<li>Relations entre Sciences et Citoyens : R\u00e9flexions dans le cadre d\u2019une th\u00e8se Bastien Fayet \u2013 Universit\u00e9 d\u2019Angers<\/li>\n\n\n\n<li>Recherche participative en r\u00e9ponse \u00e0 la demande sociale : l\u2019exemple de la Boutique des sciences de l\u2019Universit\u00e9 de Lille Nathalie D\u00e9sir\u00e9e, Florence Ienna \u2013 Universit\u00e9 de Lille<\/li>\n\n\n\n<li>Revue de 10 ann\u00e9es d\u2019approche Living Lab au Carrefour num\u00e9rique Laurence Battais \u2013 Universcience<\/li>\n\n\n\n<li>De l\u2019acteur-chercheur au laboratoire social, l\u2019interm\u00e9diation d\u2019un tiers espace de la recherche-action et ses enjeux Hugues Bazin \u2013 LISRA<\/li>\n<\/ul>\n\n\n\n<p>Session 2 (14h30-15h00) :<\/p>\n\n\n\n<ul class=\"wp-block-list\">\n<li>Participants et Publics : quels croisements possibles? Alexandra Villarroel, Asma Steinhausser \u2013 MNHN<\/li>\n\n\n\n<li>Emergence de coop\u00e9rations chercheur\u00b7e\u00b7s-associations et l\u2019importance du soutien du tissu local. Ewa Zlotek-Zlotkiewicz \u2013 Klask! Docteur\u00b7e\u00b7s et innovation sociale<\/li>\n\n\n\n<li>Les enjeux et d\u00e9fis du d\u00e9bat collectif entre science et soci\u00e9t\u00e9. L\u2019exemple du projet NHNAI Laura di Rollo \u2013 Universit\u00e9 Catholique de Lyon<\/li>\n\n\n\n<li>\u00ab OP\u00c9RATION JARDIBIODIV \u00bb : un programme \u00e9ducatif pour les jeunes, au service de la biodiversit\u00e9 des sols et des sciences participatives. Manuelle Rovill\u00e9 \u2013 Les Petits D\u00e9brouillards<\/li>\n\n\n\n<li>La Boutique des Sciences de Lyon comme m\u00e9diateur d\u2019entr\u00e9e dans la recherche participative.<br>H\u00e9l\u00e8ne Chauveau \u2013 Boutique des Sciences Universit\u00e9 Lumi\u00e8re Lyon 2<\/li>\n<\/ul>\n\n\n\n<p> Session 3 (15h00-15h30) :<\/p>\n\n\n\n<ul class=\"wp-block-list\">\n<li>Renforcer les processus de recherche participative : mission du tiers-veilleur Cyril Fiorini \u2013 Association Sciences Citoyennes<\/li>\n\n\n\n<li>La Radioactivit\u00e9 sous filature : le projet OpenRadiation Alexia Maximin \u2013 Plan\u00e8tes Sciences<\/li>\n\n\n\n<li>La pertinence de la m\u00e9diation dans la cr\u00e9ation d\u2019un projet de sciences citoyennes Cl\u00e9a Montanari \u2013 Learning Planet Institute<\/li>\n\n\n\n<li>LITTERNATURE : la chasse aux esp\u00e8ces dans les livres est ouverte ! Thierry Brassac \u2013 Universit\u00e9 de Montpellier<\/li>\n\n\n\n<li>La Recherche Action et D\u00e9veloppement territoriale, une perspective collective de transformation sociale. Le cas du Centre d\u2019Innovations Sociales Clermont Auvergne (CISCA). Vanessa Iceri \u2013 CISCA<\/li>\n<\/ul>\n\n\n\n<h2 class=\"wp-block-heading\"><span class=\"ez-toc-section\" id=\"14h45_Ateliers\"><\/span>14h45 Ateliers : <span class=\"ez-toc-section-end\"><\/span><\/h2>\n\n\n\n<ul class=\"wp-block-list\">\n<li>Atelier 1 : valoriser et capitaliser sur l\u2019expertise des m\u00e9diateur.ices pour r\u00e9pondre aux besoins de la SRP,<\/li>\n\n\n\n<li>Atelier 2 : identifier les besoins pour d\u00e9velopper une offre de formation sur la m\u00e9diation et les SRP,<\/li>\n\n\n\n<li>Atelier 3 : d\u00e9velopper et s\u2019appuyer sur les nouveaux lieux de production collective de la connaissance,<\/li>\n\n\n\n<li>Atelier 4 : organiser la gouvernance, la mutualisation, la mise en r\u00e9seau et la valorisation des projets.<\/li>\n<\/ul>\n\n\n\n<p>17h15 : Restitutions<\/p>\n\n\n\n<h2 class=\"wp-block-heading\"><span class=\"ez-toc-section\" id=\"17h45_Cloture\"><\/span>17h45 : Cl\u00f4ture<span class=\"ez-toc-section-end\"><\/span><\/h2>\n\n\n\n<hr class=\"wp-block-separator has-alpha-channel-opacity\"\/>\n\n\n\n<p>Lien de la <a href=\"https:\/\/www.estim-mediation.fr\/journee-mediation-scientifiques-recherches-participatives\/\" data-type=\"URL\" data-id=\"https:\/\/www.estim-mediation.fr\/journee-mediation-scientifiques-recherches-participatives\/\" target=\"_blank\" rel=\"noreferrer noopener\">journ\u00e9e d&rsquo;\u00e9tude<\/a><\/p>\n\n\n\n<p>T\u00e9l\u00e9charger le programme :<\/p>\n","protected":false},"excerpt":{"rendered":"<p>Quelle place pour la m\u00e9diation dans les formats de production collective des connaissances ? Journ\u00e9e d&rsquo;\u00e9tude organis\u00e9e par l\u2019\u00c9cole de la m\u00e9diation 9h30 : Accueil David Chavalarias, directeur de l\u2019Institut des Syst\u00e8mes Complexes de Paris IdF (CNRS),Matteo Merzagora, directeur de la DMSE (Universcience). 10h15 : Ouverture : recherche m\u00e9diation et recherches &hellip; <\/p>\n","protected":false},"author":1,"featured_media":3895,"comment_status":"open","ping_status":"open","sticky":false,"template":"","format":"standard","meta":{"h5ap_radio_sources":[],"jetpack_post_was_ever_published":false,"_jetpack_newsletter_access":"","_jetpack_dont_email_post_to_subs":false,"_jetpack_newsletter_tier_id":0,"_jetpack_memberships_contains_paywalled_content":false,"_jetpack_memberships_contains_paid_content":false,"footnotes":"","jetpack_publicize_message":"","jetpack_publicize_feature_enabled":false,"jetpack_social_post_already_shared":false,"jetpack_social_options":{"image_generator_settings":{"template":"highway","default_image_id":0,"font":"","enabled":false},"version":2},"_links_to":"","_links_to_target":""},"categories":[3],"tags":[57,130,84],"class_list":["post-3893","post","type-post","status-publish","format-standard","has-post-thumbnail","hentry","category-intervention","tag-laboratoire-social","tag-mediation","tag-sciences-sociales"],"jetpack_publicize_connections":[],"jetpack_featured_media_url":"https:\/\/recherche-action.fr\/hugues-bazin\/wp-content\/uploads\/sites\/2\/2023\/06\/Capture-decran-2023-04-11-214510-1.jpg","jetpack_sharing_enabled":true,"jetpack_shortlink":"https:\/\/wp.me\/p2QGRI-10N","post_mailing_queue_ids":[],"_links":{"self":[{"href":"https:\/\/recherche-action.fr\/hugues-bazin\/wp-json\/wp\/v2\/posts\/3893","targetHints":{"allow":["GET"]}}],"collection":[{"href":"https:\/\/recherche-action.fr\/hugues-bazin\/wp-json\/wp\/v2\/posts"}],"about":[{"href":"https:\/\/recherche-action.fr\/hugues-bazin\/wp-json\/wp\/v2\/types\/post"}],"author":[{"embeddable":true,"href":"https:\/\/recherche-action.fr\/hugues-bazin\/wp-json\/wp\/v2\/users\/1"}],"replies":[{"embeddable":true,"href":"https:\/\/recherche-action.fr\/hugues-bazin\/wp-json\/wp\/v2\/comments?post=3893"}],"version-history":[{"count":2,"href":"https:\/\/recherche-action.fr\/hugues-bazin\/wp-json\/wp\/v2\/posts\/3893\/revisions"}],"predecessor-version":[{"id":3897,"href":"https:\/\/recherche-action.fr\/hugues-bazin\/wp-json\/wp\/v2\/posts\/3893\/revisions\/3897"}],"wp:featuredmedia":[{"embeddable":true,"href":"https:\/\/recherche-action.fr\/hugues-bazin\/wp-json\/wp\/v2\/media\/3895"}],"wp:attachment":[{"href":"https:\/\/recherche-action.fr\/hugues-bazin\/wp-json\/wp\/v2\/media?parent=3893"}],"wp:term":[{"taxonomy":"category","embeddable":true,"href":"https:\/\/recherche-action.fr\/hugues-bazin\/wp-json\/wp\/v2\/categories?post=3893"},{"taxonomy":"post_tag","embeddable":true,"href":"https:\/\/recherche-action.fr\/hugues-bazin\/wp-json\/wp\/v2\/tags?post=3893"}],"curies":[{"name":"wp","href":"https:\/\/api.w.org\/{rel}","templated":true}]}}